{"id":14615,"date":"2023-02-12T14:02:21","date_gmt":"2023-02-12T13:02:21","guid":{"rendered":"https:\/\/echta-derminga.de\/?p=14615"},"modified":"2023-02-12T14:08:43","modified_gmt":"2023-02-12T13:08:43","slug":"kappensitzung-des-kkv-die-faasebooze-dirmingen-besser-gehts-nicht-familiaer-gemuetlich-und-heimisch","status":"publish","type":"post","link":"https:\/\/echta-derminga.de\/?p=14615","title":{"rendered":"Kappensitzung des KKV &#8222;die Faasebooze&#8220; Dirmingen &#8211; Besser geht&#8217;s nicht: &#8222;famili\u00e4r, gem\u00fctlich und heimisch&#8220;"},"content":{"rendered":"\n<p class=\"has-medium-font-size wp-block-paragraph\"><strong>Bunt, vielf\u00e4ltig, innovativ und jedes Dorf auf seine Art und Weise. Gerade zur Fastnacht kann es nicht schaden, einmal einen Blick \u00fcber die Dorfgrenze zu werfen. In den letzten Wochen habe ich in unserer Gemeinde einige Kappensitzungen besucht. Dabei war vieles nach dem gleichen Schema aufgebaut und doch immer wieder irgendwie anders. Jeder Ort feiert auf seine ureigene Weise und begeistert in seinem bekannten Muster. Viele sch\u00f6ne Begegnungen, lustige Highlights und emotionale Momente. Die Karnevalsvereine in unserer Gemeinde zeigen ein gro\u00dfartiges Engagement. Schon Wochen vor der ersten Kappensitzung wird geh\u00e4mmert, geschraubt, organisiert, Pl\u00e4ne geschmieden und Ideen gesammelt.<\/strong><\/p>\n\n\n\n<p class=\"has-medium-font-size wp-block-paragraph\">Nach der pandemiebedingten Zwangspause wurde in diesem Jahr endlich wieder gro\u00dfes Programm aufgefahren. Dabei ist mir aufgefallen, dass sich die Karnevalsvereine in unserer Gemeinde keineswegs \u00fcber mangelnden Nachwuchs beschweren m\u00fcssen. \u00dcberall wurde verst\u00e4rkt auf die eigenen Kr\u00e4fte gesetzt und versucht der Jugend eine Chance zu geben. Wie immer spielte auch in diesem Jahr das Heimatgef\u00fchl eine wichtige Rolle. Das oft zitierte \u201eWir-Gef\u00fchl\u201c ist besonders bei der \u201eFaasend\u201c deutlich sp\u00fcrbar. Bekannte Lieder werden umgedichtet, Hymnen getr\u00e4llert und die Dorfprominenz ver\u00e4ppelt. Das Ganze in den Farben und unter dem Wappen des jeweiligen Karnevalsvereins.<\/p>\n\n\n\n<p class=\"has-medium-font-size wp-block-paragraph\"><strong>Unser B\u00fcrgermeister Dr. Andreas Feld brachte es nach der zweiten Kappensitzung unseres KKV Dirmingen auf den Punkt:\u201c Es war sch\u00f6n bei euch, hier ist alles so sch\u00f6n famili\u00e4r, gem\u00fctlich und heimisch\u201c. Besser kann man es nicht ausdr\u00fccken! Jeder Karnevalsverein aus unserer Gemeinde wird nach der schrecklichen fastnachtslosen Zeit mit sich selbst im Reinen sein. Ganz egal wo man sich umschaut: \u00dcberall fr\u00f6hliche Gesichter und Begeisterung. Dabei spielt es am Ende \u00fcberhaupt keine Rolle, wer es besser macht Wichtig ist, dass man es macht ! \u201eEndlich werra Faasend\u201c<\/strong><\/p>\n\n\n\n<div class=\"wp-block-columns is-layout-flex wp-container-core-columns-is-layout-8f761849 wp-block-columns-is-layout-flex\">\n<div class=\"wp-block-column is-layout-flow wp-block-column-is-layout-flow\">\n<figure class=\"wp-block-image size-large\"><img loading=\"lazy\" decoding=\"async\" width=\"700\" height=\"830\" src=\"https:\/\/echta-derminga.de\/wp-content\/uploads\/2023\/02\/329086126_1251320269100216_6214872812590350243_n-700x830.jpg\" alt=\"\" class=\"wp-image-14618\" srcset=\"https:\/\/echta-derminga.de\/wp-content\/uploads\/2023\/02\/329086126_1251320269100216_6214872812590350243_n-700x830.jpg 700w, https:\/\/echta-derminga.de\/wp-content\/uploads\/2023\/02\/329086126_1251320269100216_6214872812590350243_n-253x300.jpg 253w, https:\/\/echta-derminga.de\/wp-content\/uploads\/2023\/02\/329086126_1251320269100216_6214872812590350243_n-768x910.jpg 768w, https:\/\/echta-derminga.de\/wp-content\/uploads\/2023\/02\/329086126_1251320269100216_6214872812590350243_n.jpg 885w\" sizes=\"auto, (max-width: 700px) 100vw, 700px\" \/><\/figure>\n<\/div>\n\n\n\n<div class=\"wp-block-column is-layout-flow wp-block-column-is-layout-flow\">\n<figure class=\"wp-block-image size-large\"><img loading=\"lazy\" decoding=\"async\" width=\"700\" height=\"484\" src=\"https:\/\/echta-derminga.de\/wp-content\/uploads\/2023\/02\/325334296_3019519511675947_3476244302820224827_n-700x484.jpg\" alt=\"\" class=\"wp-image-14619\" srcset=\"https:\/\/echta-derminga.de\/wp-content\/uploads\/2023\/02\/325334296_3019519511675947_3476244302820224827_n-700x484.jpg 700w, https:\/\/echta-derminga.de\/wp-content\/uploads\/2023\/02\/325334296_3019519511675947_3476244302820224827_n-300x208.jpg 300w, https:\/\/echta-derminga.de\/wp-content\/uploads\/2023\/02\/325334296_3019519511675947_3476244302820224827_n-768x531.jpg 768w, https:\/\/echta-derminga.de\/wp-content\/uploads\/2023\/02\/325334296_3019519511675947_3476244302820224827_n.jpg 1440w\" sizes=\"auto, (max-width: 700px) 100vw, 700px\" \/><\/figure>\n<\/div>\n\n\n\n<div class=\"wp-block-column is-layout-flow wp-block-column-is-layout-flow\">\n<figure class=\"wp-block-image size-large\"><img loading=\"lazy\" decoding=\"async\" width=\"700\" height=\"825\" src=\"https:\/\/echta-derminga.de\/wp-content\/uploads\/2023\/02\/20230211_221723-700x825.jpg\" alt=\"\" class=\"wp-image-14620\" srcset=\"https:\/\/echta-derminga.de\/wp-content\/uploads\/2023\/02\/20230211_221723-700x825.jpg 700w, https:\/\/echta-derminga.de\/wp-content\/uploads\/2023\/02\/20230211_221723-255x300.jpg 255w, https:\/\/echta-derminga.de\/wp-content\/uploads\/2023\/02\/20230211_221723-768x905.jpg 768w, https:\/\/echta-derminga.de\/wp-content\/uploads\/2023\/02\/20230211_221723.jpg 1000w\" sizes=\"auto, (max-width: 700px) 100vw, 700px\" \/><\/figure>\n<\/div>\n<\/div>\n\n\n\n<p class=\"has-medium-font-size wp-block-paragraph\">Fastnacht ist Heimat und eigene Identit\u00e4t. Unsere Sprache, der eigene Dialekt spielt dabei eine  nicht unwichtige Rolle. Dabei darf und sollte man sich selbst nicht so ernst nehmen und auch mal \u00fcber die eigenen Fehler schmunzeln. Nat\u00fcrlich wurde auf den Kappensitzungen in unserer Gemeinde wieder mal kr\u00e4ftig ausgeteilt. Kommunalpolitiker, Kirchenleute und auch der ein oder andere Gesch\u00e4ftsmann bekam w\u00e4hrend so mancher B\u00fcttenrede sein Fett weg. Das muss man aushalten k\u00f6nnen ! Ein Narr sagte einmal: Diese H\u00e4me muss man sich verdienen!<\/p>\n\n\n\n<p class=\"has-medium-font-size wp-block-paragraph\"><strong>Singen, Tanzen und Lachen. Was kann es Sch\u00f6neres geben, als an einem Abend den Alltag und die Sorgen vergessen und das Leben zu genie\u00dfen. Die Protagonisten geben ihr letztes Hemd, um den G\u00e4sten in der Narrhalla einen sch\u00f6nen Abend zu bereiten. Der Elferrat puscht sich in Hochstimmung, die Garde fiebert ihrem Tanz entgegen und die B\u00fcttenredner proben bis kurz vor der B\u00fchne. Das alles f\u00fcr das Publikum und f\u00fcr eine sch\u00f6ne Fastnacht.<\/strong><\/p>\n\n\n\n<p class=\"has-medium-font-size wp-block-paragraph\">Die Kappensitzung in Dirmingen hat in diesem Jahr wieder mal alle Erwartungen \u00fcbertroffen. Nat\u00fcrlich waren wir uns nach der pandemiebedingten Pause unsicher und wussten nicht so genau was auf uns zukommt und wie das n\u00e4rrische Volk reagiert. Schon sehr fr\u00fch wurde klar, dass wir umsonst besorgt waren. Irgendwie war es wie immer und vielleicht auch noch einen Tick besser. Das feierw\u00fctige Volk war bereit endlich wieder durchzustarten und Fastnacht zu feiern.<\/p>\n\n\n\n<div class=\"wp-block-columns is-layout-flex wp-container-core-columns-is-layout-8f761849 wp-block-columns-is-layout-flex\">\n<div class=\"wp-block-column is-layout-flow wp-block-column-is-layout-flow\">\n<figure class=\"wp-block-image size-large\"><img loading=\"lazy\" decoding=\"async\" width=\"700\" height=\"796\" src=\"https:\/\/echta-derminga.de\/wp-content\/uploads\/2023\/02\/329148903_970660073918883_5777568976541571311_n-700x796.jpg\" alt=\"\" class=\"wp-image-14621\" srcset=\"https:\/\/echta-derminga.de\/wp-content\/uploads\/2023\/02\/329148903_970660073918883_5777568976541571311_n-700x796.jpg 700w, https:\/\/echta-derminga.de\/wp-content\/uploads\/2023\/02\/329148903_970660073918883_5777568976541571311_n-264x300.jpg 264w, https:\/\/echta-derminga.de\/wp-content\/uploads\/2023\/02\/329148903_970660073918883_5777568976541571311_n-768x873.jpg 768w, https:\/\/echta-derminga.de\/wp-content\/uploads\/2023\/02\/329148903_970660073918883_5777568976541571311_n.jpg 901w\" sizes=\"auto, (max-width: 700px) 100vw, 700px\" \/><\/figure>\n<\/div>\n\n\n\n<div class=\"wp-block-column is-layout-flow wp-block-column-is-layout-flow\">\n<figure class=\"wp-block-image size-large\"><img loading=\"lazy\" decoding=\"async\" width=\"700\" height=\"515\" src=\"https:\/\/echta-derminga.de\/wp-content\/uploads\/2023\/02\/329163104_717783913084891_2109207889523191356_n-700x515.jpg\" alt=\"\" class=\"wp-image-14622\" srcset=\"https:\/\/echta-derminga.de\/wp-content\/uploads\/2023\/02\/329163104_717783913084891_2109207889523191356_n-700x515.jpg 700w, https:\/\/echta-derminga.de\/wp-content\/uploads\/2023\/02\/329163104_717783913084891_2109207889523191356_n-300x221.jpg 300w, https:\/\/echta-derminga.de\/wp-content\/uploads\/2023\/02\/329163104_717783913084891_2109207889523191356_n-768x565.jpg 768w, https:\/\/echta-derminga.de\/wp-content\/uploads\/2023\/02\/329163104_717783913084891_2109207889523191356_n.jpg 1080w\" sizes=\"auto, (max-width: 700px) 100vw, 700px\" \/><\/figure>\n<\/div>\n\n\n\n<div class=\"wp-block-column is-layout-flow wp-block-column-is-layout-flow\">\n<figure class=\"wp-block-image size-large\"><img loading=\"lazy\" decoding=\"async\" width=\"700\" height=\"541\" src=\"https:\/\/echta-derminga.de\/wp-content\/uploads\/2023\/02\/329162746_2999539467018414_1706240926385856833_n-700x541.jpg\" alt=\"\" class=\"wp-image-14623\" srcset=\"https:\/\/echta-derminga.de\/wp-content\/uploads\/2023\/02\/329162746_2999539467018414_1706240926385856833_n-700x541.jpg 700w, https:\/\/echta-derminga.de\/wp-content\/uploads\/2023\/02\/329162746_2999539467018414_1706240926385856833_n-300x232.jpg 300w, https:\/\/echta-derminga.de\/wp-content\/uploads\/2023\/02\/329162746_2999539467018414_1706240926385856833_n-768x594.jpg 768w, https:\/\/echta-derminga.de\/wp-content\/uploads\/2023\/02\/329162746_2999539467018414_1706240926385856833_n.jpg 1080w\" sizes=\"auto, (max-width: 700px) 100vw, 700px\" \/><\/figure>\n<\/div>\n<\/div>\n\n\n\n<p class=\"has-medium-font-size wp-block-paragraph\"><strong>Fastnacht vereint die Menschen! Fastnacht braucht N\u00e4he, Harmonie, Miteinander, Umarmung und manchmal auch ein kleines K\u00fcsschen. Das alles wurde w\u00e4hrend der beiden Kappensitzungen unserer KKV Dirmingen in der Narrhalla Borrwiesa geboten. Ein fantastisches Programm, ein gut aufgelegter Elferrat, wundersch\u00f6ne Gardem\u00e4dchen, ein strammes M\u00e4nner- Ballett und herrliche B\u00fcttenreden. Alles, was ein Fastnachtsherz begehrt! Was haben wir bei \u201eHans und Franz\u201c, dem \u201eWeber und der Esmeralda\u201c, dem \u201eKarnevals-Jubilar Thomas Kuhn\u201c, dem Fernsehgraf, den Raumkosmetikerinnen und bei \u201ePeggy und Enrico Kowalski\u201c gelacht. Was haben wir bei unseren Marsch-Funken &#8211; oder Showgarden gestaunt. Auch Emotionen und gro\u00dfe Gef\u00fchle spielten eine gewichtige Rolle. Unsere langj\u00e4hrige Hausband \u201eKatzengrau\u201c und die fantastischen \u201eLazzegallies\u201c wurden unter tobenden Applaus verabschiedet.<\/strong><\/p>\n\n\n\n<p class=\"has-medium-font-size wp-block-paragraph\">Da kommt in Zukunft etwas auf uns zu! Der KKV-Nachwuchs bekam mal wieder seine verdiente Chance und \u00fcberzeugte auf ganzer Ebene. Die Band \u201eTrack im Ohr\u201c begeisterte ebenso wie unsere kleinen Tanzm\u00e4use oder unsere beiden Funkenmariechen. Es steckt so viel Potential im KKV Dirmingen. Der Nachwuchs ist in der Technik, im Service oder bei den Glamour Dancers oder bei den Dance Girls zu finden. Mit diesen Talenten steuert unser KKV einer goldenen Zukunft entgegen.<\/p>\n\n\n\n<div class=\"wp-block-columns is-layout-flex wp-container-core-columns-is-layout-8f761849 wp-block-columns-is-layout-flex\">\n<div class=\"wp-block-column is-layout-flow wp-block-column-is-layout-flow\">\n<figure class=\"wp-block-image size-large\"><img loading=\"lazy\" decoding=\"async\" width=\"700\" height=\"525\" src=\"https:\/\/echta-derminga.de\/wp-content\/uploads\/2023\/02\/329908468_1950726291933268_591478580599138794_n-700x525.jpg\" alt=\"\" class=\"wp-image-14624\" srcset=\"https:\/\/echta-derminga.de\/wp-content\/uploads\/2023\/02\/329908468_1950726291933268_591478580599138794_n-700x525.jpg 700w, https:\/\/echta-derminga.de\/wp-content\/uploads\/2023\/02\/329908468_1950726291933268_591478580599138794_n-300x225.jpg 300w, https:\/\/echta-derminga.de\/wp-content\/uploads\/2023\/02\/329908468_1950726291933268_591478580599138794_n-768x576.jpg 768w, https:\/\/echta-derminga.de\/wp-content\/uploads\/2023\/02\/329908468_1950726291933268_591478580599138794_n.jpg 1080w\" sizes=\"auto, (max-width: 700px) 100vw, 700px\" \/><\/figure>\n<\/div>\n\n\n\n<div class=\"wp-block-column is-layout-flow wp-block-column-is-layout-flow\">\n<figure class=\"wp-block-image size-large\"><img loading=\"lazy\" decoding=\"async\" width=\"700\" height=\"518\" src=\"https:\/\/echta-derminga.de\/wp-content\/uploads\/2023\/02\/330308138_577424734271165_1583854146200442965_n-700x518.jpg\" alt=\"\" class=\"wp-image-14625\" srcset=\"https:\/\/echta-derminga.de\/wp-content\/uploads\/2023\/02\/330308138_577424734271165_1583854146200442965_n-700x518.jpg 700w, https:\/\/echta-derminga.de\/wp-content\/uploads\/2023\/02\/330308138_577424734271165_1583854146200442965_n-300x222.jpg 300w, https:\/\/echta-derminga.de\/wp-content\/uploads\/2023\/02\/330308138_577424734271165_1583854146200442965_n-768x568.jpg 768w, https:\/\/echta-derminga.de\/wp-content\/uploads\/2023\/02\/330308138_577424734271165_1583854146200442965_n.jpg 1080w\" sizes=\"auto, (max-width: 700px) 100vw, 700px\" \/><\/figure>\n<\/div>\n\n\n\n<div class=\"wp-block-column is-layout-flow wp-block-column-is-layout-flow\">\n<figure class=\"wp-block-image size-large\"><img loading=\"lazy\" decoding=\"async\" width=\"700\" height=\"502\" src=\"https:\/\/echta-derminga.de\/wp-content\/uploads\/2023\/02\/329010862_475063921338752_6766223624382895988_n-700x502.jpg\" alt=\"\" class=\"wp-image-14626\" srcset=\"https:\/\/echta-derminga.de\/wp-content\/uploads\/2023\/02\/329010862_475063921338752_6766223624382895988_n-700x502.jpg 700w, https:\/\/echta-derminga.de\/wp-content\/uploads\/2023\/02\/329010862_475063921338752_6766223624382895988_n-300x215.jpg 300w, https:\/\/echta-derminga.de\/wp-content\/uploads\/2023\/02\/329010862_475063921338752_6766223624382895988_n-768x550.jpg 768w, https:\/\/echta-derminga.de\/wp-content\/uploads\/2023\/02\/329010862_475063921338752_6766223624382895988_n.jpg 1080w\" sizes=\"auto, (max-width: 700px) 100vw, 700px\" \/><\/figure>\n<\/div>\n<\/div>\n\n\n\n<p class=\"has-medium-font-size wp-block-paragraph\"><strong>In dieser Kappensitzung steckt so viel Herzblut! Ein Wahnsinns-Programm mit einem G\u00e4nsehaut-Finale. Unsere Garde \u00fcberzeugte auch in diesem Jahr mit einer gl\u00e4nzenden Performance. Der Auftritt gipfelte in einem riesengro\u00dfen gemeinsamen Tanzauftritt mit allen Akteuren. Damit hatten wohl die wenigsten G\u00e4ste gerechnet. Es war einfach wunderbar!<\/strong><\/p>\n\n\n\n<p class=\"has-medium-font-size wp-block-paragraph\">Dahinter steht ein hervorragendes Team! Ein Team, dass sich stetig weiterentwickelt und aufkommende Kritik in positive Energie umwandelt. Eine hervorragende Technik, ein super Organisationsleitung und ein tolles Serviceteam sind Garant f\u00fcr den Erfolg dieser beiden Kappensitzungen.<\/p>\n\n\n\n<div class=\"wp-block-columns is-layout-flex wp-container-core-columns-is-layout-8f761849 wp-block-columns-is-layout-flex\">\n<div class=\"wp-block-column is-layout-flow wp-block-column-is-layout-flow\">\n<figure class=\"wp-block-image size-large\"><img loading=\"lazy\" decoding=\"async\" width=\"700\" height=\"315\" src=\"https:\/\/echta-derminga.de\/wp-content\/uploads\/2023\/02\/328430761_1251042385490373_8670586930248404688_n-700x315.jpg\" alt=\"\" class=\"wp-image-14628\" srcset=\"https:\/\/echta-derminga.de\/wp-content\/uploads\/2023\/02\/328430761_1251042385490373_8670586930248404688_n-700x315.jpg 700w, https:\/\/echta-derminga.de\/wp-content\/uploads\/2023\/02\/328430761_1251042385490373_8670586930248404688_n-300x135.jpg 300w, https:\/\/echta-derminga.de\/wp-content\/uploads\/2023\/02\/328430761_1251042385490373_8670586930248404688_n-768x346.jpg 768w, https:\/\/echta-derminga.de\/wp-content\/uploads\/2023\/02\/328430761_1251042385490373_8670586930248404688_n.jpg 1000w\" sizes=\"auto, (max-width: 700px) 100vw, 700px\" \/><\/figure>\n<\/div>\n\n\n\n<div class=\"wp-block-column is-layout-flow wp-block-column-is-layout-flow\">\n<figure class=\"wp-block-image size-large\"><img loading=\"lazy\" decoding=\"async\" width=\"700\" height=\"315\" src=\"https:\/\/echta-derminga.de\/wp-content\/uploads\/2023\/02\/324187784_585510856443137_7732365542750629524_n-700x315.jpg\" alt=\"\" class=\"wp-image-14629\" srcset=\"https:\/\/echta-derminga.de\/wp-content\/uploads\/2023\/02\/324187784_585510856443137_7732365542750629524_n-700x315.jpg 700w, https:\/\/echta-derminga.de\/wp-content\/uploads\/2023\/02\/324187784_585510856443137_7732365542750629524_n-300x135.jpg 300w, https:\/\/echta-derminga.de\/wp-content\/uploads\/2023\/02\/324187784_585510856443137_7732365542750629524_n-768x346.jpg 768w, https:\/\/echta-derminga.de\/wp-content\/uploads\/2023\/02\/324187784_585510856443137_7732365542750629524_n-1536x692.jpg 1536w, https:\/\/echta-derminga.de\/wp-content\/uploads\/2023\/02\/324187784_585510856443137_7732365542750629524_n.jpg 2016w\" sizes=\"auto, (max-width: 700px) 100vw, 700px\" \/><\/figure>\n<\/div>\n<\/div>\n\n\n\n<p class=\"has-medium-font-size wp-block-paragraph\"><strong>Das alles bereitet mir gro\u00dfe Freude und macht mich ein St\u00fcckweit stolz. Ich bin gl\u00fccklich ein Teil dieses gro\u00dfartigen Vereins sein zu d\u00fcrfen. Fastnacht ist auch ein St\u00fcckweit Familie. Meine beiden T\u00f6chter sind seit fr\u00fchen Kindesjahren Gardem\u00e4dchen und nun haben sie in dieser Session erstmals ein Traineramt \u00fcbernommen. Ich bilde mir ein, dass die beiden ihren Job super gemacht haben und tats\u00e4chlich ihre Handschrift hinterlassen haben. Ja, es stimmt: Beim KKV Dirmingen ist alles ein wenig mehr &#8222;famili\u00e4rer, gem\u00fctlicher und heimischer\u201c Genau das macht \u201eFasend\u201c aus! Unsere Heimat, unsere Sprache und unsere Fasend. So, wie wir sie gerne feiern und zelebrieren. Darauf ein dreifaches Hoppla Hopp!<\/strong><\/p>\n\n\n\n<div class=\"wp-block-columns is-layout-flex wp-container-core-columns-is-layout-8f761849 wp-block-columns-is-layout-flex\">\n<div class=\"wp-block-column is-layout-flow wp-block-column-is-layout-flow\">\n<figure class=\"wp-block-image size-large\"><img loading=\"lazy\" decoding=\"async\" width=\"700\" height=\"980\" src=\"https:\/\/echta-derminga.de\/wp-content\/uploads\/2023\/02\/20230212_101624-700x980.jpg\" alt=\"\" class=\"wp-image-14630\" srcset=\"https:\/\/echta-derminga.de\/wp-content\/uploads\/2023\/02\/20230212_101624-700x980.jpg 700w, https:\/\/echta-derminga.de\/wp-content\/uploads\/2023\/02\/20230212_101624-214x300.jpg 214w, https:\/\/echta-derminga.de\/wp-content\/uploads\/2023\/02\/20230212_101624-768x1076.jpg 768w, https:\/\/echta-derminga.de\/wp-content\/uploads\/2023\/02\/20230212_101624-1097x1536.jpg 1097w, https:\/\/echta-derminga.de\/wp-content\/uploads\/2023\/02\/20230212_101624-1462x2048.jpg 1462w, https:\/\/echta-derminga.de\/wp-content\/uploads\/2023\/02\/20230212_101624-scaled.jpg 1828w\" sizes=\"auto, (max-width: 700px) 100vw, 700px\" \/><\/figure>\n<\/div>\n\n\n\n<div class=\"wp-block-column is-layout-flow wp-block-column-is-layout-flow\">\n<figure class=\"wp-block-image size-large\"><img loading=\"lazy\" decoding=\"async\" width=\"700\" height=\"875\" src=\"https:\/\/echta-derminga.de\/wp-content\/uploads\/2023\/02\/330342223_1330546701076760_8088660297563748323_n-700x875.jpg\" alt=\"\" class=\"wp-image-14631\" srcset=\"https:\/\/echta-derminga.de\/wp-content\/uploads\/2023\/02\/330342223_1330546701076760_8088660297563748323_n-700x875.jpg 700w, https:\/\/echta-derminga.de\/wp-content\/uploads\/2023\/02\/330342223_1330546701076760_8088660297563748323_n-240x300.jpg 240w, https:\/\/echta-derminga.de\/wp-content\/uploads\/2023\/02\/330342223_1330546701076760_8088660297563748323_n.jpg 768w\" sizes=\"auto, (max-width: 700px) 100vw, 700px\" \/><\/figure>\n<\/div>\n<\/div>\n","protected":false},"excerpt":{"rendered":"<p>Bunt, vielf\u00e4ltig, innovativ und jedes Dorf auf seine Art und Weise. Gerade zur Fastnacht kann es nicht schaden, einmal einen Blick \u00fcber die Dorfgrenze zu werfen. In den letzten Wochen habe ich in unserer Gemeinde einige Kappensitzungen besucht. Dabei war vieles nach dem gleichen Schema aufgebaut und doch immer wieder irgendwie anders. Jeder Ort feiert auf seine ureigene Weise und<\/p>\n","protected":false},"author":1,"featured_media":14617,"comment_status":"open","ping_status":"closed","sticky":false,"template":"","format":"standard","meta":{"_crdt_document":"","footnotes":""},"categories":[1,9,44],"tags":[5,1035,618,21,36,127,310],"class_list":["post-14615","post","type-post","status-publish","format-standard","has-post-thumbnail","hentry","category-allgemein","category-dorfgetratsche","category-meine-faasend","tag-dirmingen","tag-fastnacht-2023","tag-gemeinde-eppelborn","tag-kappensitzung-dirmingen","tag-kkv-dirmingen","tag-landkreis-neunkirchen","tag-saarland"],"_links":{"self":[{"href":"https:\/\/echta-derminga.de\/index.php?rest_route=\/wp\/v2\/posts\/14615","targetHints":{"allow":["GET"]}}],"collection":[{"href":"https:\/\/echta-derminga.de\/index.php?rest_route=\/wp\/v2\/posts"}],"about":[{"href":"https:\/\/echta-derminga.de\/index.php?rest_route=\/wp\/v2\/types\/post"}],"author":[{"embeddable":true,"href":"https:\/\/echta-derminga.de\/index.php?rest_route=\/wp\/v2\/users\/1"}],"replies":[{"embeddable":true,"href":"https:\/\/echta-derminga.de\/index.php?rest_route=%2Fwp%2Fv2%2Fcomments&post=14615"}],"version-history":[{"count":7,"href":"https:\/\/echta-derminga.de\/index.php?rest_route=\/wp\/v2\/posts\/14615\/revisions"}],"predecessor-version":[{"id":14639,"href":"https:\/\/echta-derminga.de\/index.php?rest_route=\/wp\/v2\/posts\/14615\/revisions\/14639"}],"wp:featuredmedia":[{"embeddable":true,"href":"https:\/\/echta-derminga.de\/index.php?rest_route=\/wp\/v2\/media\/14617"}],"wp:attachment":[{"href":"https:\/\/echta-derminga.de\/index.php?rest_route=%2Fwp%2Fv2%2Fmedia&parent=14615"}],"wp:term":[{"taxonomy":"category","embeddable":true,"href":"https:\/\/echta-derminga.de\/index.php?rest_route=%2Fwp%2Fv2%2Fcategories&post=14615"},{"taxonomy":"post_tag","embeddable":true,"href":"https:\/\/echta-derminga.de\/index.php?rest_route=%2Fwp%2Fv2%2Ftags&post=14615"}],"curies":[{"name":"wp","href":"https:\/\/api.w.org\/{rel}","templated":true}]}}