{"id":14691,"date":"2023-02-20T14:05:44","date_gmt":"2023-02-20T13:05:44","guid":{"rendered":"https:\/\/echta-derminga.de\/?p=14691"},"modified":"2023-02-20T14:09:25","modified_gmt":"2023-02-20T13:09:25","slug":"endlich-werra-faasend-ein-echt-gutes-gefuehl","status":"publish","type":"post","link":"https:\/\/echta-derminga.de\/?p=14691","title":{"rendered":"\u201eEndlich werra Faasend\u201c \u2013 Ein echt gutes Gef\u00fchl!"},"content":{"rendered":"\n<p class=\"has-medium-font-size wp-block-paragraph\"><strong>Die Fastnacht 2023 war nicht aufzuhalten ! Nichts, konnte die Narrenschar daran hindern, nach fast zweij\u00e4hriger Abstinenz, endlich wieder Fastnacht zu feiern. Alle Weltkrisen wurden f\u00fcr ein paar Tage einfach so zur Seite gekehrt. Nein, nicht vergessen, sondern vielmehr kurzzeitig verdr\u00e4ngt. Kein Krieg, keine Wirtschaftskrise, keine Katastrophen und schon gar keine Pandemie. Endlich wieder ausgelassen Fastnacht feiern und den lieben Gott einen guten Mann sein lassen. Der Karneval hat gottlob seine eigene Art mit den Problemen dieser Welt umzugehen. Fastnacht ist viel mehr als betrunkene Jecken, \u00fcberf\u00fcllte Hallen oder gro\u00dfartige B\u00fcttenreden. Nat\u00fcrlich mag es Menschen geben, die sich fragen, warum man in solchen Zeiten \u00fcberhaupt Karneval feiern muss. Dabei kann man gerade die Fastnacht als eine Art stillen Protest verstehen. Der Karneval kann Zeichen setzen, Menschen bewegen und auch motivieren. Wenn uns die Pandemie eines gelehrt hat, dann die Tatsache, dass der Mensch in seinem Leben auch die N\u00e4he, den Gemeinschaftssinn und besonders auch das Lachen ben\u00f6tigt. Gerade in diesen schwierigen und komplizierten Zeiten brauchen wir alle etwas mehr Freude, Spa\u00df, Harmonie und menschliches Miteinander.<\/strong><\/p>\n\n\n\n<p class=\"has-medium-font-size wp-block-paragraph\">Endlich wieder Hoppla Hopp, Allez Hopp, Helau und Alaaf. Endlich wieder Stra\u00dfen -Fastnacht mit herrlichen Umz\u00fcgen und vielen sch\u00f6nen emotionalen Momenten. Lachende Gesichter, ausgelassene Stimmung und Freude am Leben. In unserer Heimatgemeinde Eppelborn und den angrenzenden Ortschaften wurde am Fastnachtswochenende so einiges geboten. Mit Beginn des \u201eFetten Donnerstag\u201c herrschte vielerorts Ausnahmezustand. Die Sehnsucht der Menschen nach dem Karneval war \u00fcberall deutlich sp\u00fcrbar und kaum von der Hand zu weisen. Nach den vielen Kappensitzungen in unserer Gemeinde wurden nun auch die n\u00e4rrischen Lindw\u00fcrmer und Umz\u00fcge von tausenden Narren heimgesucht. Gro\u00dfer Andrang und Bombenstimmung bei dem Macherbacher Nachtumzug, dem Eppelborner Rathaussturm, den Fastnachtsumz\u00fcgen in Wiesbach, Bubach-Calmesweiler, Illingen oder f\u00fcr uns Dirminger wichtig in Berschweiler.<\/p>\n\n\n\n<div class=\"wp-block-columns is-layout-flex wp-container-core-columns-is-layout-8f761849 wp-block-columns-is-layout-flex\">\n<div class=\"wp-block-column is-layout-flow wp-block-column-is-layout-flow\">\n<figure class=\"wp-block-image size-large\"><img loading=\"lazy\" decoding=\"async\" width=\"700\" height=\"525\" src=\"https:\/\/echta-derminga.de\/wp-content\/uploads\/2023\/02\/20230218_150117-700x525.jpg\" alt=\"\" class=\"wp-image-14699\" srcset=\"https:\/\/echta-derminga.de\/wp-content\/uploads\/2023\/02\/20230218_150117-700x525.jpg 700w, https:\/\/echta-derminga.de\/wp-content\/uploads\/2023\/02\/20230218_150117-300x225.jpg 300w, https:\/\/echta-derminga.de\/wp-content\/uploads\/2023\/02\/20230218_150117-768x576.jpg 768w, https:\/\/echta-derminga.de\/wp-content\/uploads\/2023\/02\/20230218_150117-1536x1152.jpg 1536w, https:\/\/echta-derminga.de\/wp-content\/uploads\/2023\/02\/20230218_150117-2048x1536.jpg 2048w\" sizes=\"auto, (max-width: 700px) 100vw, 700px\" \/><\/figure>\n<\/div>\n\n\n\n<div class=\"wp-block-column is-layout-flow wp-block-column-is-layout-flow\">\n<figure class=\"wp-block-image size-large\"><img loading=\"lazy\" decoding=\"async\" width=\"700\" height=\"525\" src=\"https:\/\/echta-derminga.de\/wp-content\/uploads\/2023\/02\/20230218_151051-700x525.jpg\" alt=\"\" class=\"wp-image-14696\" srcset=\"https:\/\/echta-derminga.de\/wp-content\/uploads\/2023\/02\/20230218_151051-700x525.jpg 700w, https:\/\/echta-derminga.de\/wp-content\/uploads\/2023\/02\/20230218_151051-300x225.jpg 300w, https:\/\/echta-derminga.de\/wp-content\/uploads\/2023\/02\/20230218_151051-768x576.jpg 768w, https:\/\/echta-derminga.de\/wp-content\/uploads\/2023\/02\/20230218_151051-1536x1152.jpg 1536w, https:\/\/echta-derminga.de\/wp-content\/uploads\/2023\/02\/20230218_151051-2048x1536.jpg 2048w\" sizes=\"auto, (max-width: 700px) 100vw, 700px\" \/><\/figure>\n<\/div>\n<\/div>\n\n\n\n<p class=\"has-medium-font-size wp-block-paragraph\"><strong>Mittendrin unser KKV Dirmingen und etliche \u201eFaasebooze\u201c aus unserem sch\u00f6nen D\u00f6rfchen. Unsere Landsleute pilgerten von Umzug zu Umzug und von einer n\u00e4rrischen Veranstaltung zur N\u00e4chsten. Man kann zurecht stolz auf das Engagement der \u201eDerminga Faasebooze\u201c sein. Ich habe es an dieser Stelle schon \u00f6fters erw\u00e4hnt und werde auch nicht m\u00fcde es wieder zu tun: Fastnacht hat sehr viel mit Heimat, Familie und der eigenen Identit\u00e4t zu tun. Ein gewisser \u201en\u00e4rrische Patriotismus\u201c sollte durchaus erlaubt sein. Es hat etwas erhebendes mit den eigenen Leuten in den gleichen Farben durch die D\u00f6rfer zu tingeln und friedlich miteinander zu feiern. Daran ist nichts Verwerfliches und auch nichts Geschmackloses zu finden.<\/strong><\/p>\n\n\n\n<div class=\"wp-block-columns is-layout-flex wp-container-core-columns-is-layout-8f761849 wp-block-columns-is-layout-flex\">\n<div class=\"wp-block-column is-layout-flow wp-block-column-is-layout-flow\">\n<figure class=\"wp-block-image size-large\"><img loading=\"lazy\" decoding=\"async\" width=\"700\" height=\"525\" src=\"https:\/\/echta-derminga.de\/wp-content\/uploads\/2023\/02\/IMG-20230218-WA0061-700x525.jpg\" alt=\"\" class=\"wp-image-14693\" srcset=\"https:\/\/echta-derminga.de\/wp-content\/uploads\/2023\/02\/IMG-20230218-WA0061-700x525.jpg 700w, https:\/\/echta-derminga.de\/wp-content\/uploads\/2023\/02\/IMG-20230218-WA0061-300x225.jpg 300w, https:\/\/echta-derminga.de\/wp-content\/uploads\/2023\/02\/IMG-20230218-WA0061-768x576.jpg 768w, https:\/\/echta-derminga.de\/wp-content\/uploads\/2023\/02\/IMG-20230218-WA0061.jpg 1024w\" sizes=\"auto, (max-width: 700px) 100vw, 700px\" \/><\/figure>\n<\/div>\n\n\n\n<div class=\"wp-block-column is-layout-flow wp-block-column-is-layout-flow\">\n<figure class=\"wp-block-image size-large\"><img loading=\"lazy\" decoding=\"async\" width=\"700\" height=\"525\" src=\"https:\/\/echta-derminga.de\/wp-content\/uploads\/2023\/02\/FB_IMG_1676798245604-700x525.jpg\" alt=\"\" class=\"wp-image-14706\" srcset=\"https:\/\/echta-derminga.de\/wp-content\/uploads\/2023\/02\/FB_IMG_1676798245604-700x525.jpg 700w, https:\/\/echta-derminga.de\/wp-content\/uploads\/2023\/02\/FB_IMG_1676798245604-300x225.jpg 300w, https:\/\/echta-derminga.de\/wp-content\/uploads\/2023\/02\/FB_IMG_1676798245604-768x576.jpg 768w, https:\/\/echta-derminga.de\/wp-content\/uploads\/2023\/02\/FB_IMG_1676798245604.jpg 1080w\" sizes=\"auto, (max-width: 700px) 100vw, 700px\" \/><\/figure>\n<\/div>\n<\/div>\n\n\n\n<p class=\"has-medium-font-size wp-block-paragraph\">Ein Verein, eine Liebe, ein Dorf! Fastnacht kann verbinden und gl\u00fccklich machen. Fastnacht kann Freundschaften kn\u00fcpfen. Fastnacht kann aufbauen und Freiraum schaffen. Fastnacht kann ein gutes Gef\u00fchl vermitteln. Nat\u00fcrlich darf man bei aller Ausgelassenheit nicht die Probleme dieser Welt vergessen. Was ist jedoch schlimm daran, einmal kurz durchzuatmen und sich an seinem Leben zu erfreuen. Wir helfen der Welt nicht damit wenn wir die \u201ewei\u00dfe Fahne\u201c hissen und das Lachen einstellen. Wo gelacht und gefeiert wird, findet man in der Regel auch Liebe und Frieden.<\/p>\n\n\n\n<div class=\"wp-block-columns is-layout-flex wp-container-core-columns-is-layout-8f761849 wp-block-columns-is-layout-flex\">\n<div class=\"wp-block-column is-layout-flow wp-block-column-is-layout-flow\">\n<figure class=\"wp-block-image size-large\"><img loading=\"lazy\" decoding=\"async\" width=\"700\" height=\"527\" src=\"https:\/\/echta-derminga.de\/wp-content\/uploads\/2023\/02\/panzi-700x527.webp\" alt=\"\" class=\"wp-image-14708\" srcset=\"https:\/\/echta-derminga.de\/wp-content\/uploads\/2023\/02\/panzi-700x527.webp 700w, https:\/\/echta-derminga.de\/wp-content\/uploads\/2023\/02\/panzi-300x226.webp 300w, https:\/\/echta-derminga.de\/wp-content\/uploads\/2023\/02\/panzi-768x578.webp 768w, https:\/\/echta-derminga.de\/wp-content\/uploads\/2023\/02\/panzi.webp 1440w\" sizes=\"auto, (max-width: 700px) 100vw, 700px\" \/><\/figure>\n<\/div>\n\n\n\n<div class=\"wp-block-column is-layout-flow wp-block-column-is-layout-flow\">\n<figure class=\"wp-block-image size-large\"><img loading=\"lazy\" decoding=\"async\" width=\"700\" height=\"401\" src=\"https:\/\/echta-derminga.de\/wp-content\/uploads\/2023\/02\/20230218_153236-1-700x401.jpg\" alt=\"\" class=\"wp-image-14698\" srcset=\"https:\/\/echta-derminga.de\/wp-content\/uploads\/2023\/02\/20230218_153236-1-700x401.jpg 700w, https:\/\/echta-derminga.de\/wp-content\/uploads\/2023\/02\/20230218_153236-1-300x172.jpg 300w, https:\/\/echta-derminga.de\/wp-content\/uploads\/2023\/02\/20230218_153236-1-768x440.jpg 768w, https:\/\/echta-derminga.de\/wp-content\/uploads\/2023\/02\/20230218_153236-1.jpg 1000w\" sizes=\"auto, (max-width: 700px) 100vw, 700px\" \/><\/figure>\n<\/div>\n<\/div>\n\n\n\n<p class=\"has-medium-font-size wp-block-paragraph\">Die Fastnacht 2023 hat \u00fcberall f\u00fcr gro\u00dfe Begeisterung gesorgt. Noch ein Jahr ohne Fastnacht h\u00e4tten viele der tausenden Karnevalsvereine nicht \u00fcberlebt. Bei einem weiteren Verzicht auf das n\u00e4rrischen Treiben w\u00e4re ein St\u00fcck Kulturgut verloren gegangen. Aus meiner Sicht der Dinge, hat sich der Karneval in diesem Jahr auf irgendeine Weise selbst gerettet. Es ist keine Schande im Anbetracht der Probleme dieser Welt das eigene Leben zu feiern. Fastnacht kann eine andere Form des Protestes darstellen und Menschen bewegen. Wenn wir zum Lachen in den Keller gehen, ist keinem damit geholfen. Ich pers\u00f6nlich kann sehr gut verstehen, dass die Menschen in diesen stressigen Zeit auch mal etwas Spa\u00df und Abwechslung haben m\u00f6chten. Unsere Welt verf\u00e4llt in eine gewisse Depression. Der Spa\u00df am Leben, die Freude und besonders der Karneval helfen uns durch diese Krisen.<\/p>\n\n\n\n<div class=\"wp-block-columns is-layout-flex wp-container-core-columns-is-layout-8f761849 wp-block-columns-is-layout-flex\">\n<div class=\"wp-block-column is-layout-flow wp-block-column-is-layout-flow\">\n<figure class=\"wp-block-image size-large\"><img loading=\"lazy\" decoding=\"async\" width=\"700\" height=\"467\" src=\"https:\/\/echta-derminga.de\/wp-content\/uploads\/2023\/02\/FB_IMG_1676756685821-700x467.jpg\" alt=\"\" class=\"wp-image-14701\" srcset=\"https:\/\/echta-derminga.de\/wp-content\/uploads\/2023\/02\/FB_IMG_1676756685821-700x467.jpg 700w, https:\/\/echta-derminga.de\/wp-content\/uploads\/2023\/02\/FB_IMG_1676756685821-300x200.jpg 300w, https:\/\/echta-derminga.de\/wp-content\/uploads\/2023\/02\/FB_IMG_1676756685821-768x512.jpg 768w, https:\/\/echta-derminga.de\/wp-content\/uploads\/2023\/02\/FB_IMG_1676756685821.jpg 1079w\" sizes=\"auto, (max-width: 700px) 100vw, 700px\" \/><\/figure>\n<\/div>\n\n\n\n<div class=\"wp-block-column is-layout-flow wp-block-column-is-layout-flow\">\n<figure class=\"wp-block-image size-large\"><img loading=\"lazy\" decoding=\"async\" width=\"700\" height=\"466\" src=\"https:\/\/echta-derminga.de\/wp-content\/uploads\/2023\/02\/IMG-20230219-WA0000-700x466.jpg\" alt=\"\" class=\"wp-image-14702\" srcset=\"https:\/\/echta-derminga.de\/wp-content\/uploads\/2023\/02\/IMG-20230219-WA0000-700x466.jpg 700w, https:\/\/echta-derminga.de\/wp-content\/uploads\/2023\/02\/IMG-20230219-WA0000-300x200.jpg 300w, https:\/\/echta-derminga.de\/wp-content\/uploads\/2023\/02\/IMG-20230219-WA0000-768x511.jpg 768w, https:\/\/echta-derminga.de\/wp-content\/uploads\/2023\/02\/IMG-20230219-WA0000.jpg 1080w\" sizes=\"auto, (max-width: 700px) 100vw, 700px\" \/><\/figure>\n<\/div>\n<\/div>\n\n\n\n<p class=\"has-medium-font-size wp-block-paragraph\"><strong>Unser KKV Dirmingen blickt auf eine ereignisreiche und emotionale Session. Auf zwei wunderbaren Kappensitzungen folgte eine herrliche Stra\u00dfen-Fastnacht mit vielen sch\u00f6nen Momenten. Vor dieser Session wussten viele in unserem Verein nicht genau, wo sie standen und ob sie wieder an die Zeit vor der Pandemie ankn\u00fcpfen k\u00f6nnen. Die Sorge war unbegr\u00fcndet und wurde schnell ad acta gelegt: Unsere Akteure, unsere wunderbaren Garden und unsere B\u00fcttenredner haben \u00fcberhaupt nichts verlernt. Talent, Zusammenhalt, Gemeinschaftssinn und Heimatgef\u00fchl machten auch &#8222;unsere&#8220; Fastnacht zu einer ganz besonderen Jahreszeit. Genau darauf k\u00f6nnen, d\u00fcrfen und m\u00fcssen wir &#8222;Derminga Faasebooze&#8220; zurecht stolz sein. Unsere Fastnachtsbotschaft lautet: Lebt euer Leben als w\u00e4re es der letzter Tag und genie\u00dft eure Zeit &#8211; die Uhr tickt und ihr habt nur ein Leben ! Jetzt \u201eerschd recht on graad se l\u00e4\u00e4ds\u201c ! Darauf ein dreifaches Hoppla Hopp!!<\/strong><\/p>\n\n\n\n<div class=\"wp-block-columns is-layout-flex wp-container-core-columns-is-layout-8f761849 wp-block-columns-is-layout-flex\">\n<div class=\"wp-block-column is-layout-flow wp-block-column-is-layout-flow\">\n<figure class=\"wp-block-image size-large\"><img loading=\"lazy\" decoding=\"async\" width=\"700\" height=\"933\" src=\"https:\/\/echta-derminga.de\/wp-content\/uploads\/2023\/02\/20230218_154704-700x933.jpg\" alt=\"\" class=\"wp-image-14703\" srcset=\"https:\/\/echta-derminga.de\/wp-content\/uploads\/2023\/02\/20230218_154704-700x933.jpg 700w, https:\/\/echta-derminga.de\/wp-content\/uploads\/2023\/02\/20230218_154704-225x300.jpg 225w, https:\/\/echta-derminga.de\/wp-content\/uploads\/2023\/02\/20230218_154704-768x1024.jpg 768w, https:\/\/echta-derminga.de\/wp-content\/uploads\/2023\/02\/20230218_154704.jpg 1000w\" sizes=\"auto, (max-width: 700px) 100vw, 700px\" \/><\/figure>\n<\/div>\n\n\n\n<div class=\"wp-block-column is-layout-flow wp-block-column-is-layout-flow\">\n<figure class=\"wp-block-image size-large\"><img loading=\"lazy\" decoding=\"async\" width=\"700\" height=\"933\" src=\"https:\/\/echta-derminga.de\/wp-content\/uploads\/2023\/02\/20230218_160731-700x933.jpg\" alt=\"\" class=\"wp-image-14704\" srcset=\"https:\/\/echta-derminga.de\/wp-content\/uploads\/2023\/02\/20230218_160731-700x933.jpg 700w, https:\/\/echta-derminga.de\/wp-content\/uploads\/2023\/02\/20230218_160731-225x300.jpg 225w, https:\/\/echta-derminga.de\/wp-content\/uploads\/2023\/02\/20230218_160731-768x1024.jpg 768w, https:\/\/echta-derminga.de\/wp-content\/uploads\/2023\/02\/20230218_160731-1152x1536.jpg 1152w, https:\/\/echta-derminga.de\/wp-content\/uploads\/2023\/02\/20230218_160731-1536x2048.jpg 1536w, https:\/\/echta-derminga.de\/wp-content\/uploads\/2023\/02\/20230218_160731-scaled.jpg 1920w\" sizes=\"auto, (max-width: 700px) 100vw, 700px\" \/><\/figure>\n<\/div>\n<\/div>\n","protected":false},"excerpt":{"rendered":"<p>Die Fastnacht 2023 war nicht aufzuhalten ! Nichts, konnte die Narrenschar daran hindern, nach fast zweij\u00e4hriger Abstinenz, endlich wieder Fastnacht zu feiern. Alle Weltkrisen wurden f\u00fcr ein paar Tage einfach so zur Seite gekehrt. Nein, nicht vergessen, sondern vielmehr kurzzeitig verdr\u00e4ngt. Kein Krieg, keine Wirtschaftskrise, keine Katastrophen und schon gar keine Pandemie. Endlich wieder ausgelassen Fastnacht feiern und den lieben<\/p>\n","protected":false},"author":1,"featured_media":14694,"comment_status":"open","ping_status":"closed","sticky":false,"template":"","format":"standard","meta":{"_crdt_document":"","footnotes":""},"categories":[1,44],"tags":[5,1035,618,36,127,310],"class_list":["post-14691","post","type-post","status-publish","format-standard","has-post-thumbnail","hentry","category-allgemein","category-meine-faasend","tag-dirmingen","tag-fastnacht-2023","tag-gemeinde-eppelborn","tag-kkv-dirmingen","tag-landkreis-neunkirchen","tag-saarland"],"_links":{"self":[{"href":"https:\/\/echta-derminga.de\/index.php?rest_route=\/wp\/v2\/posts\/14691","targetHints":{"allow":["GET"]}}],"collection":[{"href":"https:\/\/echta-derminga.de\/index.php?rest_route=\/wp\/v2\/posts"}],"about":[{"href":"https:\/\/echta-derminga.de\/index.php?rest_route=\/wp\/v2\/types\/post"}],"author":[{"embeddable":true,"href":"https:\/\/echta-derminga.de\/index.php?rest_route=\/wp\/v2\/users\/1"}],"replies":[{"embeddable":true,"href":"https:\/\/echta-derminga.de\/index.php?rest_route=%2Fwp%2Fv2%2Fcomments&post=14691"}],"version-history":[{"count":5,"href":"https:\/\/echta-derminga.de\/index.php?rest_route=\/wp\/v2\/posts\/14691\/revisions"}],"predecessor-version":[{"id":14712,"href":"https:\/\/echta-derminga.de\/index.php?rest_route=\/wp\/v2\/posts\/14691\/revisions\/14712"}],"wp:featuredmedia":[{"embeddable":true,"href":"https:\/\/echta-derminga.de\/index.php?rest_route=\/wp\/v2\/media\/14694"}],"wp:attachment":[{"href":"https:\/\/echta-derminga.de\/index.php?rest_route=%2Fwp%2Fv2%2Fmedia&parent=14691"}],"wp:term":[{"taxonomy":"category","embeddable":true,"href":"https:\/\/echta-derminga.de\/index.php?rest_route=%2Fwp%2Fv2%2Fcategories&post=14691"},{"taxonomy":"post_tag","embeddable":true,"href":"https:\/\/echta-derminga.de\/index.php?rest_route=%2Fwp%2Fv2%2Ftags&post=14691"}],"curies":[{"name":"wp","href":"https:\/\/api.w.org\/{rel}","templated":true}]}}