{"id":14731,"date":"2023-02-25T18:11:10","date_gmt":"2023-02-25T17:11:10","guid":{"rendered":"https:\/\/echta-derminga.de\/?p=14731"},"modified":"2023-02-25T18:11:13","modified_gmt":"2023-02-25T17:11:13","slug":"in-sachen-ortsvorsteher-von-einer-tollen-naerrischen-session-einem-schoenen-bruehlpark-und-einem-tollen-winter-cafe","status":"publish","type":"post","link":"https:\/\/echta-derminga.de\/?p=14731","title":{"rendered":"In Sachen Ortsvorsteher: Von einer tollen n\u00e4rrischen Session, einem sch\u00f6nen Br\u00fchlpark und einem tollen Winter Caf\u00e9"},"content":{"rendered":"\n<p class=\"has-medium-font-size wp-block-paragraph\"><strong>Was bitte war das f\u00fcr ein wundervolles, n\u00e4rrisches Fastnachtswochenende ? Nach einer pandemiebedingten Zwangspause durften die Narren in unserer Gemeinde endlich wieder ausgiebig Fastnacht feiern. Man konnte durchaus den Eindruck gewinnen, dass die Menschen sich nach dieser Fastnacht gesehnt hatten. \u00dcberall freundliche Gesichter, emotionale Momente und gutgelaunte &#8222;Faasebooze&#8220;. Der KKV Dirmingen durfte sich \u00fcber zwei ausverkaufte Kappensitzungen in der Borrwieshalle freuen. Ich m\u00f6chte dem KKV &#8222;die Faasebooze&#8220; Dirmingen ganz herzlich f\u00fcr ihr ehrenamtliches Engagement zum Wohle des Fastnachtsbrauchtum danken.<\/strong> <strong>Der Verein hat, nach der Pandemie, eindrucksvoll bewiesen, dass er nichts verlernt hat.<\/strong><\/p>\n\n\n\n<p class=\"has-medium-font-size wp-block-paragraph\"><strong>Erfolgreiche Fastnacht-Kampagne der Ortsvorsteher&nbsp;unserer Heimatgemeinde&nbsp;<\/strong><\/p>\n\n\n\n<p class=\"has-medium-font-size wp-block-paragraph\">Die&nbsp;Ortsvorsteher unserer Gemeinde&nbsp;beteiligten sich in diesem Jahr mit einem eigenen Umzugswagen an den&nbsp;Fastnachtsumzug&nbsp;in Macherbach und dem Rathaussturm in Eppelborn. Zudem besuchten die&nbsp;Ortsvorsteher&nbsp;gemeinsam den Fastnachtsumzug in Bubach-Calmesweiler. Gerade in Zeiten, in denen es Politiker nicht besonders leicht gemacht wird, ist es partei\u00fcbergreifend gelungen&nbsp;ein sch\u00f6nes solidarisches Zeichen zu setzen. Ich habe mich sehr \u00fcber das kameradschaftliche Miteinander unter allen Ortsvorstehern gefreut. Unsere Fastnachtskampagne kam bei der Bev\u00f6lkerung recht gut an.  Ich denke wir sollten diese Aktion zur n\u00e4chsten Fastnacht unbedingt wiederholen.<\/p>\n\n\n\n<div class=\"wp-block-columns is-layout-flex wp-container-core-columns-is-layout-8f761849 wp-block-columns-is-layout-flex\">\n<div class=\"wp-block-column is-layout-flow wp-block-column-is-layout-flow\">\n<figure class=\"wp-block-image size-large\"><img loading=\"lazy\" decoding=\"async\" width=\"700\" height=\"527\" src=\"https:\/\/echta-derminga.de\/wp-content\/uploads\/2023\/02\/IMG-20230219-WA0002-700x527.jpg\" alt=\"\" class=\"wp-image-14754\" srcset=\"https:\/\/echta-derminga.de\/wp-content\/uploads\/2023\/02\/IMG-20230219-WA0002-700x527.jpg 700w, https:\/\/echta-derminga.de\/wp-content\/uploads\/2023\/02\/IMG-20230219-WA0002-300x226.jpg 300w, https:\/\/echta-derminga.de\/wp-content\/uploads\/2023\/02\/IMG-20230219-WA0002-768x578.jpg 768w, https:\/\/echta-derminga.de\/wp-content\/uploads\/2023\/02\/IMG-20230219-WA0002-1536x1156.jpg 1536w, https:\/\/echta-derminga.de\/wp-content\/uploads\/2023\/02\/IMG-20230219-WA0002.jpg 1600w\" sizes=\"auto, (max-width: 700px) 100vw, 700px\" \/><\/figure>\n<\/div>\n\n\n\n<div class=\"wp-block-column is-layout-flow wp-block-column-is-layout-flow\">\n<figure class=\"wp-block-image size-large\"><img loading=\"lazy\" decoding=\"async\" width=\"700\" height=\"525\" src=\"https:\/\/echta-derminga.de\/wp-content\/uploads\/2023\/02\/IMG-20230218-WA0064-700x525.jpg\" alt=\"\" class=\"wp-image-14692\" srcset=\"https:\/\/echta-derminga.de\/wp-content\/uploads\/2023\/02\/IMG-20230218-WA0064-700x525.jpg 700w, https:\/\/echta-derminga.de\/wp-content\/uploads\/2023\/02\/IMG-20230218-WA0064-300x225.jpg 300w, https:\/\/echta-derminga.de\/wp-content\/uploads\/2023\/02\/IMG-20230218-WA0064-768x576.jpg 768w, https:\/\/echta-derminga.de\/wp-content\/uploads\/2023\/02\/IMG-20230218-WA0064.jpg 1024w\" sizes=\"auto, (max-width: 700px) 100vw, 700px\" \/><\/figure>\n<\/div>\n<\/div>\n\n\n\n<p class=\"has-medium-font-size wp-block-paragraph\"><strong>Umgestaltungsarbeiten des Dirminger Br\u00fchlparks abgeschlossen&nbsp;&nbsp;<\/strong><\/p>\n\n\n\n<p class=\"has-medium-font-size wp-block-paragraph\">Die Umgestaltungsarbeiten im Dirminger Br\u00fchlpark wurden in der vergangenen Woche erfolgreich abgeschlossen. Die Aufwertung des Br\u00fchlparks war ein\u00a0langersehnter Wunsch vieler Dirmingerinnen und Dirminger. Gemeinsam mit B\u00fcrgermeister Dr. Andreas Feld durfte ich mir ein abschlie\u00dfendes Bild der umfangreichen Arbeiten machen. Mit diesen\u00a0Ma\u00dfnahmen\u00a0wurde unser Br\u00fchlpark deutlich aufgewertet. Dabei wurde ein Bouleplatz hergerichtet, eine Tischtennisanlage aufgebaut, neue B\u00e4nke und Tische aufgestellt sowie eine neue Strom- und Wasserversorgung f\u00fcr festliche Aktivit\u00e4ten eingerichtet.\u00a0Der Br\u00fchlpark wird zu einem genialen Treffpunkt aller Generationen. Mit der Aufstellung\u00a0von f\u00fcnf neuen\u00a0Lichtmasten wird der Park zuk\u00fcnftig\u00a0ausreichend\u00a0beleuchtet werden. Ein neuer Festplatzverteilerschrank f\u00fcr Strom und Wasser wird zuk\u00fcnftig das Feiern im Br\u00fchlpark erleichtern. Mit dem Abschluss dieser Arbeiten schlie\u00dft sich f\u00fcr unseren Heimatort und ehrlichgesagt auch f\u00fcr mich pers\u00f6nlich der Kreis. Gleichzeitig dient die Sanierung des Br\u00fchlparks als perfektes Beispiel kommunaler Zusammenarbeit. Was die Dorfgemeinschaft mit einem Arbeitseinsatz und einem \u201eBrainstorming\u201c auf den Weg brachte, wurde von der Kommunalpolitik und der Verwaltung umgesetzt. Ich danke B\u00fcrgermeister Dr. Andreas Feld\u00a0der f\u00fcr unser Anliegen ein offenes Ohr hatte und mir damals seine Unterst\u00fctzung zusicherte. Immerhin waren auch hier\u00a0im Laufe der Planungen die Kosten rapide gestiegen. Ich bin sehr dankbar dar\u00fcber, dass die Verwaltung an den Pl\u00e4nen festgehalten und zu ihrem Wort gestanden hat. Mein Dank geht an alle Mitarbeiter der Verwaltung und des Baubetriebshofes sowie an die beauftragten Firmen.\u00a0<\/p>\n\n\n\n<div class=\"wp-block-columns is-layout-flex wp-container-core-columns-is-layout-8f761849 wp-block-columns-is-layout-flex\">\n<div class=\"wp-block-column is-layout-flow wp-block-column-is-layout-flow\">\n<figure class=\"wp-block-image size-large\"><img loading=\"lazy\" decoding=\"async\" width=\"700\" height=\"442\" src=\"https:\/\/echta-derminga.de\/wp-content\/uploads\/2023\/02\/Seite-3BILD-1024x646-1-700x442.jpg\" alt=\"\" class=\"wp-image-14737\" srcset=\"https:\/\/echta-derminga.de\/wp-content\/uploads\/2023\/02\/Seite-3BILD-1024x646-1-700x442.jpg 700w, https:\/\/echta-derminga.de\/wp-content\/uploads\/2023\/02\/Seite-3BILD-1024x646-1-300x189.jpg 300w, https:\/\/echta-derminga.de\/wp-content\/uploads\/2023\/02\/Seite-3BILD-1024x646-1-768x485.jpg 768w, https:\/\/echta-derminga.de\/wp-content\/uploads\/2023\/02\/Seite-3BILD-1024x646-1.jpg 1024w\" sizes=\"auto, (max-width: 700px) 100vw, 700px\" \/><\/figure>\n<\/div>\n\n\n\n<div class=\"wp-block-column is-layout-flow wp-block-column-is-layout-flow\">\n<figure class=\"wp-block-image size-large\"><img loading=\"lazy\" decoding=\"async\" width=\"700\" height=\"441\" src=\"https:\/\/echta-derminga.de\/wp-content\/uploads\/2023\/02\/20230223_154201-700x441.jpg\" alt=\"\" class=\"wp-image-14740\" srcset=\"https:\/\/echta-derminga.de\/wp-content\/uploads\/2023\/02\/20230223_154201-700x441.jpg 700w, https:\/\/echta-derminga.de\/wp-content\/uploads\/2023\/02\/20230223_154201-300x189.jpg 300w, https:\/\/echta-derminga.de\/wp-content\/uploads\/2023\/02\/20230223_154201-768x484.jpg 768w, https:\/\/echta-derminga.de\/wp-content\/uploads\/2023\/02\/20230223_154201-1536x967.jpg 1536w, https:\/\/echta-derminga.de\/wp-content\/uploads\/2023\/02\/20230223_154201-2048x1289.jpg 2048w\" sizes=\"auto, (max-width: 700px) 100vw, 700px\" \/><\/figure>\n<\/div>\n<\/div>\n\n\n\n<div class=\"wp-block-columns is-layout-flex wp-container-core-columns-is-layout-8f761849 wp-block-columns-is-layout-flex\">\n<div class=\"wp-block-column is-layout-flow wp-block-column-is-layout-flow\">\n<figure class=\"wp-block-image size-large\"><img loading=\"lazy\" decoding=\"async\" width=\"700\" height=\"323\" src=\"https:\/\/echta-derminga.de\/wp-content\/uploads\/2023\/02\/20230223_154448-700x323.jpg\" alt=\"\" class=\"wp-image-14741\" srcset=\"https:\/\/echta-derminga.de\/wp-content\/uploads\/2023\/02\/20230223_154448-700x323.jpg 700w, https:\/\/echta-derminga.de\/wp-content\/uploads\/2023\/02\/20230223_154448-300x139.jpg 300w, https:\/\/echta-derminga.de\/wp-content\/uploads\/2023\/02\/20230223_154448-768x355.jpg 768w, https:\/\/echta-derminga.de\/wp-content\/uploads\/2023\/02\/20230223_154448-1536x710.jpg 1536w, https:\/\/echta-derminga.de\/wp-content\/uploads\/2023\/02\/20230223_154448-2048x946.jpg 2048w\" sizes=\"auto, (max-width: 700px) 100vw, 700px\" \/><\/figure>\n<\/div>\n\n\n\n<div class=\"wp-block-column is-layout-flow wp-block-column-is-layout-flow\">\n<figure class=\"wp-block-image size-large\"><img loading=\"lazy\" decoding=\"async\" width=\"700\" height=\"323\" src=\"https:\/\/echta-derminga.de\/wp-content\/uploads\/2023\/02\/20230223_154751-700x323.jpg\" alt=\"\" class=\"wp-image-14742\" srcset=\"https:\/\/echta-derminga.de\/wp-content\/uploads\/2023\/02\/20230223_154751-700x323.jpg 700w, https:\/\/echta-derminga.de\/wp-content\/uploads\/2023\/02\/20230223_154751-300x139.jpg 300w, https:\/\/echta-derminga.de\/wp-content\/uploads\/2023\/02\/20230223_154751-768x355.jpg 768w, https:\/\/echta-derminga.de\/wp-content\/uploads\/2023\/02\/20230223_154751-1536x710.jpg 1536w, https:\/\/echta-derminga.de\/wp-content\/uploads\/2023\/02\/20230223_154751-2048x946.jpg 2048w\" sizes=\"auto, (max-width: 700px) 100vw, 700px\" \/><\/figure>\n<\/div>\n<\/div>\n\n\n\n<p class=\"has-medium-font-size wp-block-paragraph\"><strong>Mittagstisch im Dirminger Wintercafe <\/strong><\/p>\n\n\n\n<p class=\"has-medium-font-size wp-block-paragraph\">Am Samstag, 25. Februar 2023 fand das zweite Winter Caf\u00e9 im evangelischen Gemeindehaus Dirmingen statt. Erneut nahmen zahlreiche Menschen aus unserem Dorf die Einladung dankend an. Diesmal wurde den G\u00e4sten eine leckere Suppe, knuspriges Brot und anschlie\u00dfend auch noch Kaffee und Kuchen angeboten. Zahlreiche Helferinnen und Helfer k\u00fcmmerten sich um das Wohlergehen der G\u00e4ste. Ich glaube, wir sind mit der Er\u00f6ffnung dieses Winter Caf\u00e9s auf einem guten Weg. Die Dorfgemeinschaft r\u00fcckt in kalten Wintertagen ein St\u00fcckweit enger zusammen und genie\u00dft gemeinsam eine sch\u00f6ne Zeit. Sch\u00f6n, dass wir auch immer wieder Menschen erreichen, die etwas am Rande stehen und sich \u00fcber ein paar nette gemeinsame Stunden erfreuen. Ich m\u00f6chte an dieser Stelle nochmals verdeutlichen, dass jeder herzlich zu unserem Winter Caf\u00e9 eingeladen ist. Vielen Dank an den Helferkreis sowie an alle Spender und Sponsoren. Ein besonderer Dank geht an Bjorn Krabbe vom Gasthaus &#8222;Schuhhannesse&#8220;, f\u00fcr die Zubereitung einer leckeren Suppe. Ein weiterer Dank geht an die evangelische Kirchengemeinde Dirmingen f\u00fcr die Bereitstellung des Gemeindehauses.<\/p>\n\n\n<div class=\"wp-block-image\">\n<figure class=\"aligncenter size-large\"><img loading=\"lazy\" decoding=\"async\" width=\"700\" height=\"432\" src=\"https:\/\/echta-derminga.de\/wp-content\/uploads\/2023\/02\/20230225_134042-700x432.jpg\" alt=\"\" class=\"wp-image-14757\" srcset=\"https:\/\/echta-derminga.de\/wp-content\/uploads\/2023\/02\/20230225_134042-700x432.jpg 700w, https:\/\/echta-derminga.de\/wp-content\/uploads\/2023\/02\/20230225_134042-300x185.jpg 300w, https:\/\/echta-derminga.de\/wp-content\/uploads\/2023\/02\/20230225_134042-768x474.jpg 768w, https:\/\/echta-derminga.de\/wp-content\/uploads\/2023\/02\/20230225_134042.jpg 1000w\" sizes=\"auto, (max-width: 700px) 100vw, 700px\" \/><\/figure>\n<\/div>\n\n\n<div class=\"wp-block-columns is-layout-flex wp-container-core-columns-is-layout-8f761849 wp-block-columns-is-layout-flex\">\n<div class=\"wp-block-column is-layout-flow wp-block-column-is-layout-flow\">\n<figure class=\"wp-block-image size-large\"><img loading=\"lazy\" decoding=\"async\" width=\"700\" height=\"570\" src=\"https:\/\/echta-derminga.de\/wp-content\/uploads\/2023\/02\/IMG_20230225_145936_230-700x570.png\" alt=\"\" class=\"wp-image-14758\" srcset=\"https:\/\/echta-derminga.de\/wp-content\/uploads\/2023\/02\/IMG_20230225_145936_230-700x570.png 700w, https:\/\/echta-derminga.de\/wp-content\/uploads\/2023\/02\/IMG_20230225_145936_230-300x244.png 300w, https:\/\/echta-derminga.de\/wp-content\/uploads\/2023\/02\/IMG_20230225_145936_230-768x625.png 768w, https:\/\/echta-derminga.de\/wp-content\/uploads\/2023\/02\/IMG_20230225_145936_230.png 1431w\" sizes=\"auto, (max-width: 700px) 100vw, 700px\" \/><figcaption class=\"wp-element-caption\">Volles Haus beim Winter Caf\u00e9 <\/figcaption><\/figure>\n<\/div>\n\n\n\n<div class=\"wp-block-column is-layout-flow wp-block-column-is-layout-flow\">\n<figure class=\"wp-block-image size-large\"><img loading=\"lazy\" decoding=\"async\" width=\"700\" height=\"700\" src=\"https:\/\/echta-derminga.de\/wp-content\/uploads\/2023\/02\/IMG_20230225_145936_025-700x700.webp\" alt=\"\" class=\"wp-image-14759\" srcset=\"https:\/\/echta-derminga.de\/wp-content\/uploads\/2023\/02\/IMG_20230225_145936_025-700x700.webp 700w, https:\/\/echta-derminga.de\/wp-content\/uploads\/2023\/02\/IMG_20230225_145936_025-300x300.webp 300w, https:\/\/echta-derminga.de\/wp-content\/uploads\/2023\/02\/IMG_20230225_145936_025-150x150.webp 150w, https:\/\/echta-derminga.de\/wp-content\/uploads\/2023\/02\/IMG_20230225_145936_025-768x768.webp 768w, https:\/\/echta-derminga.de\/wp-content\/uploads\/2023\/02\/IMG_20230225_145936_025-90x90.webp 90w, https:\/\/echta-derminga.de\/wp-content\/uploads\/2023\/02\/IMG_20230225_145936_025-75x75.webp 75w, https:\/\/echta-derminga.de\/wp-content\/uploads\/2023\/02\/IMG_20230225_145936_025.webp 1440w\" sizes=\"auto, (max-width: 700px) 100vw, 700px\" \/><\/figure>\n<\/div>\n<\/div>\n\n\n\n<p class=\"has-medium-font-size wp-block-paragraph\"><strong>Bahnstationen Eppelborn, Bubach und Dirmingen wurde offiziell \u00fcbergeben!<\/strong><\/p>\n\n\n\n<p class=\"has-medium-font-size wp-block-paragraph\">Am Ende hat der barrierefreie Ausbau der drei DB-Stationen in der Gemeinde Eppelborn neun Millionen Euro gekostet. Zahlreiche Vertreter aus der Bundes- Landes und Kommunalpolitik sowie der Deutschen Bahn AG fanden sich am Donnerstag,23. Februar am Stellwerk in Eppelborn ein um die Bahnstation offiziell zu \u00fcbergeben. In Vertretung f\u00fcr den Eppelborner B\u00fcrgermeister Andreas Feld begr\u00fc\u00dfte der Erste Beigeordnete Christian Ney die zahlreichen G\u00e4ste am Eppelborner Bahnhof. F\u00fcr den Beigeordneten ist die Barrierefreiheit f\u00fcr alle B\u00fcrgerinnen und B\u00fcrger mit und ohne Handicap ein hohes Gut. Laut Gemeindeverwaltung nehmen in Bubach, Eppelborn und Dirmingen t\u00e4glich rund 730 Personen die Bahn, Die saarl\u00e4ndische Ministerin f\u00fcr Umwelt, Klima, Mobilit\u00e4t, Agrar und Verbraucherschutz Petra Berg merkte an, dass die Barrierefreiheit auch zuk\u00fcnftig eine wichtige Aufgabe bleibt. Auch parlamentarischer Staatssekret\u00e4r  im Bundesministerium f\u00fcr Digitales und Verkehr Oliver Luksic lobte den neuen Bahnstationen, Unter den G\u00e4sten waren auch der Bundestagsabgeordnete Christian Petry und die beiden Landtagsabgeordneten Alwin Theobald und Stefan L\u00f6w. Auch f\u00fcr unseren Heimatort war die Sanierung des Bahnhofs eine wichtige Errungenschaft.<\/p>\n\n\n<div class=\"wp-block-image\">\n<figure class=\"aligncenter size-large\"><img loading=\"lazy\" decoding=\"async\" width=\"700\" height=\"526\" src=\"https:\/\/echta-derminga.de\/wp-content\/uploads\/2023\/02\/332196596_3420788511469234_2954885046180403142_n-700x526.jpg\" alt=\"\" class=\"wp-image-14744\" srcset=\"https:\/\/echta-derminga.de\/wp-content\/uploads\/2023\/02\/332196596_3420788511469234_2954885046180403142_n-700x526.jpg 700w, https:\/\/echta-derminga.de\/wp-content\/uploads\/2023\/02\/332196596_3420788511469234_2954885046180403142_n-300x226.jpg 300w, https:\/\/echta-derminga.de\/wp-content\/uploads\/2023\/02\/332196596_3420788511469234_2954885046180403142_n-768x578.jpg 768w, https:\/\/echta-derminga.de\/wp-content\/uploads\/2023\/02\/332196596_3420788511469234_2954885046180403142_n-1536x1155.jpg 1536w, https:\/\/echta-derminga.de\/wp-content\/uploads\/2023\/02\/332196596_3420788511469234_2954885046180403142_n.jpg 2048w\" sizes=\"auto, (max-width: 700px) 100vw, 700px\" \/><\/figure>\n<\/div>\n\n\n<h3 class=\"wp-block-heading has-medium-font-size\">Saarland &#8211; Picobello- M\u00fcllsammelaktion 2023<\/h3>\n\n\n\n<p class=\"has-medium-font-size wp-block-paragraph\">Am 17. und 18. M\u00e4rz ist es wieder so weit: Das Saarland soll picobello werden! Der Entsorgungsverband Saar (EVS) l\u00e4dt erneut alle Menschen im Saarland ein, sich am landesweiten \u201eFr\u00fchjahrsputz f\u00fcr die Umwelt\u201c im Rahmen der Kampagne \u201esaarland picobello\u201c zu beteiligen. Die M\u00fcll-Sammelaktion lebt davon, dass Menschen jeden Alters und aus allen gesellschaftlichen Bereichen gemeinsam anpacken. Daher sind auch in diesem Jahr KiTas und Schulen, Vereine und Verb\u00e4nde, Unternehmen, Dorfgemeinschaften und Nachbarschaften, Familien und Einzelpersonen aufgerufen, mitzumachen. So k\u00f6nnen z.B. KiTa-Au\u00dfenanlagen, Schulh\u00f6fe und -wege, Stra\u00dfenr\u00e4nder, \u00f6ffentliche Gr\u00fcnfl\u00e4chen und Spielpl\u00e4tze sowie Waldwege und Gew\u00e4sserr\u00e4nder von \u201ewildem M\u00fcll\u201c befreit werden. Der Ortsrat Dirmingen wird auch in diesem Jahr eine Sammelgruppe f\u00fcr Dirmingen melden. Interessierte Mitb\u00fcrgerinnen und Mitb\u00fcrger k\u00f6nnen sich gerne bei mir melden.<\/p>\n\n\n\n<p class=\"has-medium-font-size wp-block-paragraph\"><strong>DRK Eppelborn l\u00e4dt ein zum Burgeressen<\/strong><\/p>\n\n\n\n<p class=\"has-medium-font-size wp-block-paragraph\">Das Jugendrotkreuz (JRK) Eppelborn bietet am Samstag, 04. M\u00e4rz 2023 im Zeitraum von 12:00 \u2013 21:00 Uhr wieder den bekannten und beliebten Burger-Lieferservice an. Die Burger werden frisch in den R\u00e4umlichkeiten des DRK-Ortsverein Eppelborn e.V. zubereitet und in der Gro\u00dfgemeinde Eppelborn sowie den angrenzenden Gemeinden kostenfrei ausgeliefert, oder k\u00f6nnen am DRK-Heim in Eppelborn abgeholt werden. <strong>B\u00fcrgermeister der Gemeinde Eppelborn, Dr. Andreas Feld, hat die Schirmherrschaft f\u00fcr diese Veranstaltung \u00fcbernommen<\/strong>. Im Angebot sind zwei Burger; einmal der JRK-Beef-Burger sowie einmal der JRK-Veggie-Burger. Beide Burgervarianten k\u00f6nnen mit zus\u00e4tzlichen Zutaten (z.B. Bacon, Zwiebeln) verfeinert werden. Als Beilage werden Pommes Frites oder Curly Fries angeboten. Zus\u00e4tzlich im Angebot: Chicken Nuggets sowie selbstgemachte Sour-Cream. Eine Vorbestellung ist zwingend notwendig und bis Donnerstag, 2. M\u00e4rz 2023 m\u00f6glich. Bei der Vorbestellung kann dann der gew\u00fcnschte Zeitpunkt angegeben werden, zu welchem die Burger geliefert werden oder zur Abholung bereitstehen sollen. Vorbestellungen sind m\u00f6glich: per Telefon\/ WhatsApp\/ SMS (0170-5447177) per E-Mail (<a href=\"mailto:burger@jrkkvnk.de\">burger@jrkkvnk.de<\/a>),sowie online unter <a href=\"http:\/\/burger.jrkkvnk.de\">http:\/\/burger.jrkkvnk.de<\/a>. Eine sch\u00f6ne Idee, deren Bewerbung ich hiermit gerne unterst\u00fctzen m\u00f6chte. Der Erl\u00f6s kommt der ehrenamtlichen Kinder- und Jugendarbeit des Jugendrotkreuzes im DRK-Ortsverein Eppelborn e.V. zugute. <\/p>\n\n\n\n<p class=\"has-medium-font-size wp-block-paragraph\"><strong>Rettet die Mundart  &#8211; Podcast soll helfen !<\/strong><\/p>\n\n\n\n<p class=\"has-medium-font-size wp-block-paragraph\">Seit einiger Zeit mache ich mir Sorgen um unsere Mundart. Immer weniger Menschen sprechen unseren Dorfdialekt. Dirmingen liegt bekanntlich in der &#8222;das-dat-Schleife&#8220;. Das ist ein Grenz Bereich, in dem die moselfr\u00e4nkische auf die rheinfr\u00e4nkische Mundart trifft. In unserem L\u00e4ndchen gibt es keinen eigenen saarl\u00e4ndischen Dialekt. Das Saarland verf\u00fcgt \u00fcber viele verschiedene Dorfdialekte mit einem Mosel- oder rheinfr\u00e4nkischen Einfluss. Mir geht es nun darum, unsere Mundart zu retten. aus diesem Grunde werden wir demn\u00e4chst einen eigenen Podcast vorstellen. In regelm\u00e4\u00dfigen Abst\u00e4nden k\u00f6nnen Sie auf einem eingerichteten YouTube Kanal viele Infos \u00fcber unsere Mundart erhalten. Dabei werden auch Gedichte oder Geschichten im Dialekt vorgelesen. Wenn wir unsere Sprache sprechen, wird sie uns erhalten bleiben. N\u00e4here Informationen demn\u00e4chst ! <\/p>\n\n\n\n<p class=\"has-medium-font-size wp-block-paragraph\"><strong>Liebe Mitb\u00fcrgerinnen und Mitb\u00fcrger,<\/strong> <strong>Nach einem sch\u00f6nen n\u00e4rrischen Wochenende mit vielen wunderbaren Begegnungen und herrlichen Momenten hat uns nun die Fastenzeit erreicht. Vielleicht haben auch Sie sich etwas besonders f\u00fcr diese Zeit vorgenommen ?<\/strong> <strong>Auf was wollen Sie zuk\u00fcnftig verzichten ? Wollen Sie \u00fcberhaupt auf irgendwas verzichten ?<\/strong> <strong>Auf gar keinen Fall sollten wir auf unsere Dorfgemeinschaft verzichten. Ich lade Sie wieder mal herzlich ein mitzumachen und sich einzubringen. Vielleicht m\u00f6chten Sie mich einmal in meinem OV- B\u00fcro auf eine Tasse Kaffee besuchen.<\/strong> <strong>Ich bin gespannt auf ihre Ideen und freue mich auf ihre Impulse.<\/strong> <strong>Bitte denken Sie immer daran, es \u00e4ndert sich auch in unserem Dorf nur etwas, wenn wir es gemeinsam \u00e4ndern&#8230;..in diesem Sinne, bis bald !<\/strong><\/p>\n\n\n\n<p class=\"has-medium-font-size wp-block-paragraph\">Ihr Ortsvorsteher<\/p>\n\n\n\n<p class=\"has-medium-font-size wp-block-paragraph\"><strong>Frank klein<\/strong><\/p>\n\n\n\n<div class=\"wp-block-columns is-layout-flex wp-container-core-columns-is-layout-8f761849 wp-block-columns-is-layout-flex\">\n<div class=\"wp-block-column is-layout-flow wp-block-column-is-layout-flow\">\n<figure class=\"wp-block-image size-full\"><img loading=\"lazy\" decoding=\"async\" width=\"575\" height=\"808\" src=\"https:\/\/echta-derminga.de\/wp-content\/uploads\/2023\/01\/csm_EVS_Plakat_picobello_2023_-_A4_89d9988ad6.png\" alt=\"\" class=\"wp-image-14529\" srcset=\"https:\/\/echta-derminga.de\/wp-content\/uploads\/2023\/01\/csm_EVS_Plakat_picobello_2023_-_A4_89d9988ad6.png 575w, https:\/\/echta-derminga.de\/wp-content\/uploads\/2023\/01\/csm_EVS_Plakat_picobello_2023_-_A4_89d9988ad6-213x300.png 213w\" sizes=\"auto, (max-width: 575px) 100vw, 575px\" \/><\/figure>\n<\/div>\n\n\n\n<div class=\"wp-block-column is-layout-flow wp-block-column-is-layout-flow\">\n<figure class=\"wp-block-image size-large\"><img loading=\"lazy\" decoding=\"async\" width=\"700\" height=\"866\" src=\"https:\/\/echta-derminga.de\/wp-content\/uploads\/2023\/02\/Burger-DRK-700x866.png\" alt=\"\" class=\"wp-image-14747\" srcset=\"https:\/\/echta-derminga.de\/wp-content\/uploads\/2023\/02\/Burger-DRK-700x866.png 700w, https:\/\/echta-derminga.de\/wp-content\/uploads\/2023\/02\/Burger-DRK-243x300.png 243w, https:\/\/echta-derminga.de\/wp-content\/uploads\/2023\/02\/Burger-DRK.png 748w\" sizes=\"auto, (max-width: 700px) 100vw, 700px\" \/><\/figure>\n<\/div>\n<\/div>\n","protected":false},"excerpt":{"rendered":"<p>Was bitte war das f\u00fcr ein wundervolles, n\u00e4rrisches Fastnachtswochenende ? Nach einer pandemiebedingten Zwangspause durften die Narren in unserer Gemeinde endlich wieder ausgiebig Fastnacht feiern. Man konnte durchaus den Eindruck gewinnen, dass die Menschen sich nach dieser Fastnacht gesehnt hatten. \u00dcberall freundliche Gesichter, emotionale Momente und gutgelaunte &#8222;Faasebooze&#8220;. Der KKV Dirmingen durfte sich \u00fcber zwei ausverkaufte Kappensitzungen in der Borrwieshalle<\/p>\n","protected":false},"author":1,"featured_media":14735,"comment_status":"closed","ping_status":"closed","sticky":false,"template":"","format":"standard","meta":{"_crdt_document":"","footnotes":""},"categories":[1,812],"tags":[5,618,127,795,310,1037],"class_list":["post-14731","post","type-post","status-publish","format-standard","has-post-thumbnail","hentry","category-allgemein","category-ortsvorsteher-dirmingen","tag-dirmingen","tag-gemeinde-eppelborn","tag-landkreis-neunkirchen","tag-ortsvorsteher-dirmingen","tag-saarland","tag-wintercafe-2023"],"_links":{"self":[{"href":"https:\/\/echta-derminga.de\/index.php?rest_route=\/wp\/v2\/posts\/14731","targetHints":{"allow":["GET"]}}],"collection":[{"href":"https:\/\/echta-derminga.de\/index.php?rest_route=\/wp\/v2\/posts"}],"about":[{"href":"https:\/\/echta-derminga.de\/index.php?rest_route=\/wp\/v2\/types\/post"}],"author":[{"embeddable":true,"href":"https:\/\/echta-derminga.de\/index.php?rest_route=\/wp\/v2\/users\/1"}],"replies":[{"embeddable":true,"href":"https:\/\/echta-derminga.de\/index.php?rest_route=%2Fwp%2Fv2%2Fcomments&post=14731"}],"version-history":[{"count":19,"href":"https:\/\/echta-derminga.de\/index.php?rest_route=\/wp\/v2\/posts\/14731\/revisions"}],"predecessor-version":[{"id":14763,"href":"https:\/\/echta-derminga.de\/index.php?rest_route=\/wp\/v2\/posts\/14731\/revisions\/14763"}],"wp:featuredmedia":[{"embeddable":true,"href":"https:\/\/echta-derminga.de\/index.php?rest_route=\/wp\/v2\/media\/14735"}],"wp:attachment":[{"href":"https:\/\/echta-derminga.de\/index.php?rest_route=%2Fwp%2Fv2%2Fmedia&parent=14731"}],"wp:term":[{"taxonomy":"category","embeddable":true,"href":"https:\/\/echta-derminga.de\/index.php?rest_route=%2Fwp%2Fv2%2Fcategories&post=14731"},{"taxonomy":"post_tag","embeddable":true,"href":"https:\/\/echta-derminga.de\/index.php?rest_route=%2Fwp%2Fv2%2Ftags&post=14731"}],"curies":[{"name":"wp","href":"https:\/\/api.w.org\/{rel}","templated":true}]}}