{"id":14766,"date":"2023-03-04T12:41:04","date_gmt":"2023-03-04T11:41:04","guid":{"rendered":"https:\/\/echta-derminga.de\/?p=14766"},"modified":"2023-03-05T12:35:02","modified_gmt":"2023-03-05T11:35:02","slug":"endlose-diskussion-um-ansiedlung-eines-nahversorgers-in-dirmingen-und-eppelborn-was-hat-der-netto-markt-mit-dem-hierscheider-graben-zu-tun","status":"publish","type":"post","link":"https:\/\/echta-derminga.de\/?p=14766","title":{"rendered":"Endlose Diskussion um Ansiedlung eines Nahversorgers in Dirmingen und Eppelborn &#8211; Was hat der Dirminger NETTO- Markt mit dem &#8222;Hierscheider Graben&#8220; zu tun ?"},"content":{"rendered":"\n<p class=\"has-medium-font-size wp-block-paragraph\"><strong>Grundgesetz f\u00fcr die Bundesrepublik Deutschland<\/strong><\/p>\n\n\n\n<p class=\"has-medium-font-size wp-block-paragraph\"><strong>Art 5<\/strong><\/p>\n\n\n\n<ul class=\"wp-block-list\">\n<li class=\"has-medium-font-size\"><strong>Jeder hat das Recht, seine Meinung in Wort, Schrift und Bild frei zu \u00e4u\u00dfern und zu verbreiten und sich aus allgemein zug\u00e4nglichen Quellen ungehindert zu unterrichten.<\/strong><\/li>\n<\/ul>\n\n\n\n<p class=\"has-medium-font-size wp-block-paragraph\"><strong>Ich bin ein gro\u00dfer Freund unseres Grundgesetzes und bilde mir ein, dass unsere Verfassung zu den st\u00e4rksten dieses Planeten geh\u00f6rt. Jeder sollte das Recht haben seine Meinung kundzutun und diese auch auf allen Kan\u00e4len zu \u00e4u\u00dfern. Was w\u00e4re unsere Demokratie ohne Meinungsfreiheit? Eine Diskussion, wie sie zum Beispiel seit einigen Monaten bez\u00fcglich des \u201eHierscheider Graben\u201c oder unseres geplanten NETTO-Marktes l\u00e4uft, bringt uns alle voran und schafft au\u00dferdem Transparenz.<\/strong><\/p>\n\n\n\n<p class=\"has-medium-font-size wp-block-paragraph\">Dennoch frage ich mich manchmal, ob jeder mit seiner Macht des \u201efreien Wortes\u201c umgehen kann. Das \u00c4u\u00dfern der eigenen Meinung wird dann kritisch, wenn man andere diffamiert, beleidigt oder seine Meinung koste es, was es wolle, durchsetzen m\u00f6chte. Gef\u00e4hrlich wird es au\u00dferdem, wenn man Thesen verdreht oder so darstellt, dass sie pl\u00f6tzlich in einem anderen Licht gesehen werden. Aus einem \u201e.es k\u00f6nnte sein\u201c wird so sehr ganz schnell ein \u201ees ist vorbei\u201c.<\/p>\n\n\n\n<p class=\"has-medium-font-size wp-block-paragraph\"><strong>Gerade als Politiker sollte man jede Form von Kritik, sei sie noch so hart annehmen, abw\u00e4gen, einordnen und damit umgehen. \u00dcberheblichkeit und Besserwisserei hat noch niemanden gutgetan, schon gar nicht einem Politiker. Nicht jeder der seine Meinung frei \u00e4u\u00dfert ist ein Querdenker, Querulant oder gar Ausl\u00e4nderfeind. Zuh\u00f6ren und Leute mitnehmen geh\u00f6rt zu den wichtigsten Aufgaben eines Politikers.<\/strong><\/p>\n\n\n\n<p class=\"has-medium-font-size wp-block-paragraph\">Auf der anderen Seite bekomme ich es beim Lesen so mancher Kommentare mit der Angst zu tun. Es wird gedroht, diffamiert, beleidigt und gep\u00f6belt ja sogar Schl\u00e4ge bekommt man als Politiker gerne einmal angedroht. Manche Leute glauben mit ihrem Kreuz auf dem Wahlzettel das Recht gew\u00e4hlt zu haben, Menschen niederzumachen oder zu dem\u00fctigen.<\/p>\n\n\n\n<p class=\"has-medium-font-size wp-block-paragraph\"><strong>Manche Zeitgenossen vergessen bei ihrer Wut allzu oft, dass die meisten Kommunalpolitiker ein Ehrenamt betreiben. Ich kann mir nicht vorstellen, dass ein Mitglied des Gemeinderates irgendeine Entscheidung trifft, nur um jemanden damit zu ver\u00e4rgern. Ich bilde mir ein, dass die Leute im Gemeinderat sich sehr viel M\u00fche geben und ihre Entscheidungen wohl abw\u00e4gen. Genauso wird es auch bei der Entscheidung bez\u00fcglich des geplanten Einkaufszentrums \u201eHierscheider Graben\u201c sein.<\/strong> <strong>Im Gemeinderat befinden sich ausschlie\u00dflich Menschen die ebenfalls in dieser Gemeinde Zuhause sind. Welches Recht wiegt mehr ?<\/strong> <strong>Seit einigen Monaten verfolge ich die Debatte um das Einkaufsmekka \u201eHierscheider Graben\u201c und wundere mich \u00fcber den scharfen Ton. Grunds\u00e4tzlich m\u00f6chte doch jeder das Beste f\u00fcr unsere Gemeinde. Mir fehlt es in dieser Debatte an einem fairen Umgang und gegenseitigem Verst\u00e4ndnis.<\/strong><\/p>\n\n\n\n<p class=\"has-medium-font-size wp-block-paragraph\">Einige Stunden habe ich damit verbracht, die Fachgutachten zum Hierscheider Graben zu studieren. Ja, es stimmt. Als Laie ist man kaum im Stande alles zu verstehen. Die Gutachten \u00fcber L\u00e4rm, Hydrologie, Verkehr, Auswirkungsanalyse, Umwelt &#8211; und Machbarkeitsgutachten fassen allesamt \u00fcber 400 Seiten mit vielen Infos auf vollgedrucktem Papier. &nbsp;<\/p>\n\n\n\n<p class=\"has-medium-font-size wp-block-paragraph\"><strong>Auf der Tagesordnung der n\u00e4chsten Gemeinderatssitzung findet man unter Punkt 8 : \u201eVorhaben bezogener Bebauungsplan \u201eHierscheider Graben\u201c mit paralleler Teil\u00e4nderung des Fl\u00e4chennutzungsplans &#8211; Vorstellung der erforderlichen Fachgutachten\u201c. Der Rat wird sich in dieser Sitzung mit dem Gutachten und dem weiteren Verfahren besch\u00e4ftigen. Dabei geht es allein um einen weiteren Meilenstein. Nicht mehr und nicht weniger. Kein Grund jetzt schon die Nerven zu verlieren.<\/strong> <strong>Bis zum Spatenstich ist es noch ein langer Weg.<\/strong><\/p>\n\n\n<div class=\"wp-block-image\">\n<figure class=\"aligncenter size-large\"><img loading=\"lazy\" decoding=\"async\" width=\"700\" height=\"493\" src=\"https:\/\/echta-derminga.de\/wp-content\/uploads\/2023\/03\/dirmingen1298-700x493.jpg\" alt=\"\" class=\"wp-image-14779\" srcset=\"https:\/\/echta-derminga.de\/wp-content\/uploads\/2023\/03\/dirmingen1298-700x493.jpg 700w, https:\/\/echta-derminga.de\/wp-content\/uploads\/2023\/03\/dirmingen1298-300x211.jpg 300w, https:\/\/echta-derminga.de\/wp-content\/uploads\/2023\/03\/dirmingen1298-768x541.jpg 768w, https:\/\/echta-derminga.de\/wp-content\/uploads\/2023\/03\/dirmingen1298.jpg 1000w\" sizes=\"auto, (max-width: 700px) 100vw, 700px\" \/><figcaption class=\"wp-element-caption\">Das waren noch Zeiten.<\/figcaption><\/figure>\n<\/div>\n\n\n<p class=\"has-medium-font-size wp-block-paragraph\">Nat\u00fcrlich habe auch ich mich mit der Debatte um das Einkaufszentrum befasst und mir eine eigene Meinung gebildet. Dabei w\u00fcrde auch ich einen zentralen Standort in der Ortsmitte favorisieren. Was aber, wenn man keinen geeigneten Standort in g\u00fcnstiger Lage findet? Genau das wird in den vorliegenden Gutachten verdeutlich. M\u00f6gliche Standorte wurden in Augenschein genommen und f\u00fcr nicht gut befunden. Ich finde es nicht gut, wenn man jetzt dem Gutachten seine Richtigkeit abspricht und behauptet es w\u00e4re f\u00fcr teures Geld gekauft.<\/p>\n\n\n\n<p class=\"has-medium-font-size wp-block-paragraph\"><strong>Nat\u00fcrlich kenne auch ich die Diskussionsinhalte rund um den geplanten Neubau: Verkehrsprobleme in der Schlossstra\u00dfe, Versieglung einer Fl\u00e4che, Verlust f\u00fcr die Landwirtschaft, der Einschnitt in die Natur, Verlust der Lebensqualit\u00e4t. Das alles ist mir bekannt. Wir sollten die Belange und Sorgen der Menschen und insbesondere der B\u00fcrgerinitiative ernst nehmen. Auf der anderen Seite gibt es aber auch viele Menschen die sich nach genau diesem Einkaufszentrum sehnen. Debatten sollten immer auf Augenh\u00f6he und fair ausgetragen werden.<\/strong><\/p>\n\n\n\n<p class=\"has-medium-font-size wp-block-paragraph\">Ich kann nicht erkennen, dass die Verwaltung hier mit falschen Karten spielt. Die Bem\u00fchungen der Rathausspitze um die Ansiedlung eines Einkaufszentrums in unserer Gemeinde sind aller Ehren wert. Wenn man auch nicht mit dem geplanten Standort einverstanden ist, so sollte man zumindest diese Tatsache fair anerkennen. Hier wird versucht, effektiv an der Zukunft der Gemeinde zu arbeiten.<\/p>\n\n\n\n<p class=\"has-medium-font-size wp-block-paragraph\"><strong>In unserer Heimatgemeinde muss bez\u00fcglich Nahversorgung und Einkaufsm\u00f6glichkeiten unbedingt etwas passieren. Es ist f\u00fcnf vor zw\u00f6lf. Wenn wir jetzt nicht liefern, wird es am Ende wom\u00f6glich zu sp\u00e4t sein. Man kann sich das Optimale nie aus den Fingern zaubern. Gerade in der Politik ist man oftmals gezwungen Kompromisse einzugehen. Kein Gemeinderatsmitglied trifft leichtfertig irgendeine Entscheidung. In der laufenden Debatte fehlt mir mal wieder die gesunde Mitte. Wenn du nicht daf\u00fcr bist, dann eben dagegen. Ist das der richtige Weg?<\/strong><\/p>\n\n\n\n<p class=\"has-medium-font-size wp-block-paragraph\">Ich pers\u00f6nlich bin nicht bereit mich von irgendeiner Seite einnehmen zu lassen. Ich m\u00f6chte mich auch keinem \u00e4u\u00dferen Einfluss beugen m\u00fcssen. Am Ende m\u00fcssen die besten Argumente und die Vernunft \u00fcberwiegen. Wenn ich mich bem\u00fche, kann ich alle Seiten gut verstehen. Unsere Ortsmitten bluten aus. Immer mehr Leerst\u00e4nde oder ehemalige verrottete Ladenr\u00e4ume zieren unsere D\u00f6rfer. Nat\u00fcrlich sollten wir mit aller Macht versuchen, die Ortsmitten wieder aufzuwerten und dem Ladensterben entgegenzuwirken. Daf\u00fcr braucht es jedoch Investoren und Gesch\u00e4ftsleute, die gerne ein Gesch\u00e4ft er\u00f6ffnen m\u00f6chten. Au\u00dferdem m\u00fcssen wir uns als Kunde hinterfragen. Der \u201eonline-Kauf\u201c l\u00e4sst gr\u00fc\u00dfen und viele Bewohner unserer Gemeinde fahren lieber in die Stadt oder die Gemeinde nebenan. Warum? Weil sie dort alles finden, was sie brauchen. Findet den Fehler! Wir befinden uns in einem Teufelskreis. Wir kommen hier nur raus, wenn wir bereit sind ein Risiko einzugehen. Gesch\u00e4ftlicher Erfolg entsteht einzig und allein aus Innovation und Risiko Bereitschaft.<\/p>\n\n\n\n<p class=\"has-medium-font-size wp-block-paragraph\"><strong>In den letzten Tagen wird der \u201eHierscheider Graben\u201c immer \u00f6fter mit dem geplanten Neubau eines Nahversorgers in der Dirminger Ortsmitte in Verbindung gebracht. Es wird behauptet, dass der Bau des \u201eHierscheider Grabens\u201c negative Folgen f\u00fcr unseren NETTO-Markt h\u00e4tte. &nbsp;Ich kann nicht erkennen, dass nach dem Bau des Einkaufszentrums \u201eHierscheider Graben\u201c gro\u00dfartige Kundenstr\u00f6men aus Dirmingen nach Eppelborn zu erwarten sind. Dabei ist es im Moment gar nicht so schlecht um den Bau unseres Nahversorger bestellt. Die Verwirklichung unseres Wunsches nach einem Einkaufsmarkt k\u00f6nnte bald Realit\u00e4t werden. Die gr\u00f6\u00dften H\u00fcrden sind genommen und die Tr\u00e4ger \u00f6ffentlicher Belange bewerteten das Bauvorhaben positiv. Eine Retentionsfl\u00e4che wurde bereits gekauft und auch die Eigentumsverh\u00e4ltnisse stehen einem Bau des Nahversorgers nicht im Wege. Es muss nur endlich losgehen!<\/strong><\/p>\n\n\n\n<p class=\"has-medium-font-size wp-block-paragraph\">Es stimmt schon, bis hierher mussten wir viel Geduld aufbringen. Die Erstellung eines Fachgutachten ist immer ein langwieriger Prozess. Hinzu kam die Pandemie und eine l\u00e4ngere Pr\u00fcfungszeit des LfS f\u00fcr die Lage des Plangebiets im Kreuzungsbereich der beiden Landstra\u00dfen. Schon allein die Suche nach einer geeigneten Retentionsfl\u00e4che war alles andere als einfach. Mit der Vorlage der Baugenehmigung k\u00f6nnten die Bauarbeiten eigentlich beginnen. Zuvor m\u00fcssen jedoch die vorhandenen Geb\u00e4ude abgebrochen werden. Wie lange die Errichtung des Marktes in Anspruch nehmen wird, entzieht sich meiner Kenntnis.<\/p>\n\n\n<div class=\"wp-block-image\">\n<figure class=\"aligncenter size-large\"><img loading=\"lazy\" decoding=\"async\" width=\"700\" height=\"396\" src=\"https:\/\/echta-derminga.de\/wp-content\/uploads\/2023\/03\/19_Netto-4-1024x580-1-700x396.jpg\" alt=\"\" class=\"wp-image-14780\" srcset=\"https:\/\/echta-derminga.de\/wp-content\/uploads\/2023\/03\/19_Netto-4-1024x580-1-700x396.jpg 700w, https:\/\/echta-derminga.de\/wp-content\/uploads\/2023\/03\/19_Netto-4-1024x580-1-300x170.jpg 300w, https:\/\/echta-derminga.de\/wp-content\/uploads\/2023\/03\/19_Netto-4-1024x580-1-768x435.jpg 768w, https:\/\/echta-derminga.de\/wp-content\/uploads\/2023\/03\/19_Netto-4-1024x580-1.jpg 1024w\" sizes=\"auto, (max-width: 700px) 100vw, 700px\" \/><figcaption class=\"wp-element-caption\">Platz f\u00fcr den NETTO-Markt Dirmingen (Quelle Gemeinde Eppelborn)<\/figcaption><\/figure>\n<\/div>\n\n\n<p class=\"has-medium-font-size wp-block-paragraph\"><strong>Ich stehe im engen Austausch mit unserem B\u00fcrgermeister Dr. Andreas Feld und kann versichern, dass wir alles Erdenkliche tun, um das Projekt schnellstm\u00f6glich umzusetzen. Ich werde alles, was in meiner bescheidenen Macht steht, einsetzen, um unseren gemeinsamen Wunsch zu realisieren. Leider sind meine M\u00f6glichkeiten als Ortsvorsteher begrenzt. Politisch ist alles getan. Der Ortsrat sowie der Gemeinderat haben partei\u00fcbergreifend zusammengearbeitet. Der Ball liegt nun bei dem Investor. <\/strong><\/p>\n\n\n\n<p class=\"has-medium-font-size wp-block-paragraph\">In den letzten Monaten ist leider ein neues Problem aufgetreten. Die Wirtschaftlichkeit des Bauvorhabens wurde vom Investor unl\u00e4ngst aufgrund der aktuell hohen Baukosten in Frage gestellt. Durch die weltweit schlechte, wirtschaftlichen Lage sind die Bau- und Materialkosten enorm gestiegen und zwingen den Investor zu einem zur\u00fcckhaltenden Verhalten. Wir leben in schwierigen Zeiten und jeder der im Moment mit dem Gedanken spielt zu bauen, wird diese defensive Haltung nachvollziehen k\u00f6nnen. Wichtig ist jedoch, dass der Investor an seinem Bauvorhaben festh\u00e4lt. In unserem letzten Gespr\u00e4ch wurde dies noch einmal unterstrichen und hervorgehoben. Gemeinsam mit der Verwaltungsspitze suchen wir nach M\u00f6glichkeiten den Investor bei seinem Vorhaben zu unterst\u00fctzen. Wir sind und bleiben dran !<\/p>\n\n\n\n<p class=\"has-medium-font-size wp-block-paragraph\"><strong>Ich kann also nicht erkennen, dass das Bauvorhaben am \u201eHierscheider Graben\u201c negative Auswirkungen auf den geplanten Neubau eines Nahversorger in Dirmingen h\u00e4tte. Vielmehr wurde mir in diversen Gespr\u00e4chen verdeutlicht, dass ein vorliegendes Einzelhandelsgutachten offenbart, dass auch der Bau des Einkaufsmekkas \u201eHierscheider Graben\u201c keineswegs ausreicht, um der Nahversorgung der Einwohner in unserer Heimatgemeinde gerecht zu werden. Zudem sollen mit dem Nahversorger in Dirmingen auch die Menschen in Berschweiler und Wustweiler eine Anlaufstelle finden. Immerhin wurde Seitens des Investors schon viel Geld in das Projekt Nahversorger Dirmingen investiert. Ich kann mir nicht vorstellen, dass der Projektleiter nun einfach das ausgegebene Geld in den Sand setzt und das Weite sucht. Ja, ich glaube weiterhin fest an den Neubau eines Nahversorgers in Dirmingen.<\/strong><\/p>\n\n\n\n<p class=\"has-medium-font-size wp-block-paragraph\">Dennoch, zugegebenerma\u00dfen verliere auch ich ganz oft die Geduld. Ja, ich gebe es zu: Es schmerzt mich schon, wenn Landsleute in den sozialen Medien den Bau unseres Marktes in Frage stellen und den Glauben daran verloren haben. Es nutzt alles nichts! Wir m\u00fcssen den Kurs halten und alle Kr\u00e4fte b\u00fcndeln. Das gilt f\u00fcr die Debatte rund um das Einkaufszentrum in Eppelborn genauso wie f\u00fcr unseren geplanten NETTO- Markt.<\/p>\n\n\n\n<p class=\"has-medium-font-size wp-block-paragraph\"><strong>Ja, Transparenz und b\u00fcrgern\u00e4he sind wichtig und w\u00fcnschenswert. Auf der anderen Seite sollte man jedoch auch fair mit den Menschen umgehen, die sich dazu bereit erkl\u00e4rt haben, ein kommunales Ehrenamt auszu\u00fcben. Irgendjemand muss Verantwortung \u00fcbernehmen und Entscheidungen herbeif\u00fchren. Nat\u00fcrlich kann man es dabei nie allen Leuten recht machen. Immerhin m\u00fcssen auch die gr\u00f6\u00dften Kritiker des Bauvorhabens eingestehen, dass sich in unserer Gemeinde etwas bewegt. Nun ist die Zeit das bisher Geschehene zu reflektieren und einmal tief durchzuatmen. Ich w\u00fcnsche mir mehr Gelassenheit, Vertrauen, Fairness und Zuversicht. Wir alle wollen doch nur das Beste f\u00fcr unsere Gemeinde oder unseren Heimatort. Das vorliegende Gutachten zum &#8222;Hierscheider Graben&#8220; empfiehlt in seinem Fazit den Bau eines eines Einkaufszentrums im Bereich &#8222;Hierscheider Graben&#8220;. Dies gilt es nun zur Kenntnis zu nehmen. Nicht mehr und nicht weniger !<\/strong><\/p>\n\n\n\n<p class=\"has-medium-font-size wp-block-paragraph\">Wann wird der &#8222;Netto-Markt&#8220; in Dirmingen endlich gebaut und wird er \u00fcberhaupt kommen ? Ehrlich gesagt: Ich wei\u00df es nicht ! Ich sehe jedoch gro\u00dfe Bem\u00fchungen und habe in vielen Gespr\u00e4chen mit B\u00fcrgermeister Dr. Feld, der Verwaltung und dem Investor gute Signale und Zeichen wahrgenommen. Ich bin nicht bereit den Glauben zu verlieren und die &#8222;wei\u00dfe Fahne&#8220; zu hissen. Ich bin \u00fcberzeugt davon, dass am Ende alles gut wird. Wie sagt ein Sprichwort: &#8222;Vertraue. Die steinigsten Wege f\u00fchren zu den sch\u00f6nsten Orten&#8220;.<\/p>\n\n\n\n<p class=\"has-medium-font-size wp-block-paragraph\"><strong>Am Mittwoch, den 08. M\u00e4rz 2023 um 19:30 Uhr sind alle interessierten B\u00fcrgerinnen und B\u00fcrger zu einer Informationsveranstaltung in der Hirschberghalle in Bubach-Calmesweiler eingeladen.<\/strong> <strong>An diesem Abend wird es um die vorliegenden Gutachten bez\u00fcglich des geplanten Baus eines Einkaufszentrums am &#8222;Hierscheider Graben&#8220; gehen. <\/strong><\/p>\n\n\n<div class=\"wp-block-image\">\n<figure class=\"aligncenter size-large\"><img loading=\"lazy\" decoding=\"async\" width=\"700\" height=\"405\" src=\"https:\/\/echta-derminga.de\/wp-content\/uploads\/2023\/03\/19_Netto-5-1024x593-1-700x405.jpg\" alt=\"\" class=\"wp-image-14771\" srcset=\"https:\/\/echta-derminga.de\/wp-content\/uploads\/2023\/03\/19_Netto-5-1024x593-1-700x405.jpg 700w, https:\/\/echta-derminga.de\/wp-content\/uploads\/2023\/03\/19_Netto-5-1024x593-1-300x174.jpg 300w, https:\/\/echta-derminga.de\/wp-content\/uploads\/2023\/03\/19_Netto-5-1024x593-1-768x445.jpg 768w, https:\/\/echta-derminga.de\/wp-content\/uploads\/2023\/03\/19_Netto-5-1024x593-1.jpg 1024w\" sizes=\"auto, (max-width: 700px) 100vw, 700px\" \/><figcaption class=\"wp-element-caption\">Quelle Gemeinde Eppelborn<\/figcaption><\/figure>\n<\/div>","protected":false},"excerpt":{"rendered":"<p>Grundgesetz f\u00fcr die Bundesrepublik Deutschland Art 5 Ich bin ein gro\u00dfer Freund unseres Grundgesetzes und bilde mir ein, dass unsere Verfassung zu den st\u00e4rksten dieses Planeten geh\u00f6rt. Jeder sollte das Recht haben seine Meinung kundzutun und diese auch auf allen Kan\u00e4len zu \u00e4u\u00dfern. Was w\u00e4re unsere Demokratie ohne Meinungsfreiheit? Eine Diskussion, wie sie zum Beispiel seit einigen Monaten bez\u00fcglich des<\/p>\n","protected":false},"author":1,"featured_media":14771,"comment_status":"open","ping_status":"closed","sticky":false,"template":"","format":"standard","meta":{"_crdt_document":"","footnotes":""},"categories":[1,9],"tags":[5,618,1040,127,1039,1038,634,310],"class_list":["post-14766","post","type-post","status-publish","format-standard","has-post-thumbnail","hentry","category-allgemein","category-dorfgetratsche","tag-dirmingen","tag-gemeinde-eppelborn","tag-hierscheider-graben","tag-landkreis-neunkirchen","tag-nahversorger","tag-netto-markt-dirmingen","tag-ortsvorsteher","tag-saarland"],"_links":{"self":[{"href":"https:\/\/echta-derminga.de\/index.php?rest_route=\/wp\/v2\/posts\/14766","targetHints":{"allow":["GET"]}}],"collection":[{"href":"https:\/\/echta-derminga.de\/index.php?rest_route=\/wp\/v2\/posts"}],"about":[{"href":"https:\/\/echta-derminga.de\/index.php?rest_route=\/wp\/v2\/types\/post"}],"author":[{"embeddable":true,"href":"https:\/\/echta-derminga.de\/index.php?rest_route=\/wp\/v2\/users\/1"}],"replies":[{"embeddable":true,"href":"https:\/\/echta-derminga.de\/index.php?rest_route=%2Fwp%2Fv2%2Fcomments&post=14766"}],"version-history":[{"count":20,"href":"https:\/\/echta-derminga.de\/index.php?rest_route=\/wp\/v2\/posts\/14766\/revisions"}],"predecessor-version":[{"id":14791,"href":"https:\/\/echta-derminga.de\/index.php?rest_route=\/wp\/v2\/posts\/14766\/revisions\/14791"}],"wp:featuredmedia":[{"embeddable":true,"href":"https:\/\/echta-derminga.de\/index.php?rest_route=\/wp\/v2\/media\/14771"}],"wp:attachment":[{"href":"https:\/\/echta-derminga.de\/index.php?rest_route=%2Fwp%2Fv2%2Fmedia&parent=14766"}],"wp:term":[{"taxonomy":"category","embeddable":true,"href":"https:\/\/echta-derminga.de\/index.php?rest_route=%2Fwp%2Fv2%2Fcategories&post=14766"},{"taxonomy":"post_tag","embeddable":true,"href":"https:\/\/echta-derminga.de\/index.php?rest_route=%2Fwp%2Fv2%2Ftags&post=14766"}],"curies":[{"name":"wp","href":"https:\/\/api.w.org\/{rel}","templated":true}]}}