{"id":14794,"date":"2023-03-12T14:50:44","date_gmt":"2023-03-12T13:50:44","guid":{"rendered":"https:\/\/echta-derminga.de\/?p=14794"},"modified":"2023-03-12T14:58:03","modified_gmt":"2023-03-12T13:58:03","slug":"in-sachen-ortsvorsteher-von-dem-warten-auf-den-nahversorger-der-suche-nach-schoeffen-und-schiedsmann-und-vorbildlichem-ehrenamtlichen-engagement","status":"publish","type":"post","link":"https:\/\/echta-derminga.de\/?p=14794","title":{"rendered":"In Sachen Ortsvorsteher: Vom endlosen Warten auf den Nahversorger, der Suche nach Sch\u00f6ffen und Schiedsmann und vorbildlichem ehrenamtlichen Engagement"},"content":{"rendered":"\n<p class=\"has-medium-font-size wp-block-paragraph\">Die vergangenen Wochen wurden von den Diskussionen rund um den Neubau eines Einkaufszentrums am \u201eHierscheider Graben\u201c in Eppelborn gepr\u00e4gt. Dabei wurde der Bau dieses Einkaufsmekkas immer wieder mit dem geplanten Neubau eines NETTO-Marktes in der Dirminger Ortsmitte in Verbindung gebracht. Ich m\u00f6chte an dieser Stelle erneut festhalten, dass diese beiden Projekte nichts miteinander zu tun haben. Fakt ist, dass der Projektleiter des Bauvorhabens in Dirmingen im Moment mit einer enormen Kostensteigerung zu tun hat. Die Baukosten f\u00fcr den geplanten Nahversorger haben sich auf bis zu 40% erh\u00f6ht. Von daher werden im Moment weitere Schritte mit potentiellen Gesch\u00e4ftspartnern gepr\u00fcft. Der Investor h\u00e4lt jedoch an seinem Bauvorhaben fest und m\u00f6chte den Neubau in unserer Ortsmitte verwirklichen. Wie bereits mehrfach erw\u00e4hnt liegt es nun nicht mehr in den H\u00e4nden der Verwaltung oder der Politik. Dennoch wird im Moment Seitens unserer Verwaltung alles versucht um den Neubau zeitnah umzusetzen. Wir befinden uns im st\u00e4ndigen Gespr\u00e4ch und im Meinungsaustausch mit dem Investor. Ich bin mir v\u00f6llig im Klaren dar\u00fcber, dass die Geduld unserer Bev\u00f6lkerung langsam ihre Grenzen erreicht. Der Verdacht, dass der Bau eines NETTO- Marktes vom Tisch sei und nicht realisiert wird, entzieht sich jedoch jeglicher Grundlage. Wir leben in einer globalen Krise mit vielen wirtschaftlichen Problemen. Diese wirken sich eben auch vor unserer Haust\u00fcr oder in diesem Fall in unserer Ortsmitte aus. Ich m\u00f6chte Sie an dieser Stelle bitten zuversichtlich zu bleiben.<\/p>\n\n\n\n<p class=\"has-medium-font-size wp-block-paragraph\"><strong>Neuwahl eines Schiedsmanns oder Schiedsfrau in Dirmingen<\/strong><\/p>\n\n\n\n<p class=\"has-medium-font-size wp-block-paragraph\">Die Amtszeit der Schiedsperson von Dirmingen, Herrn Stephan Br\u00fcck l\u00e4uft im Juni 2023 aus. Ebenfalls endet die Amtszeit von Herrn Michael Polotzek, stellvertretende Schiedsperson im August 2023. Die Amtsgesch\u00e4fte werden bis zur Bestellung der Schiedspersonen weitergef\u00fchrt. Die Wahlen erfolgen durch den Ortsrat Dirmingen. Jede\/r interessierte\/r B\u00fcrger\/in, hat die M\u00f6glichkeit, sofern die entsprechenden Voraussetzungen vorliegen, sich f\u00fcr die genannten Ehren\u00e4mter zu bewerben. Die bisherigen Amtsinhaber stehen f\u00fcr eine Wiederwahl nicht zur Verf\u00fcgung. Es sind folgende Voraussetzungen f\u00fcr die Berufung in das Amt der Schiedsperson bzw. deren Stellvertretung zu erf\u00fcllen: Es k\u00f6nnen nur Personen in das Amt berufen werden, die nach ihrer Pers\u00f6nlichkeit und ihren F\u00e4higkeiten f\u00fcr das Amt geeignet sind. Das Amt kann nicht bekleiden, wer die F\u00e4higkeit zur Bekleidung \u00f6ffentlicher \u00c4mter nicht besitzt (ggfls. muss ein Auszug aus dem Bundeszentralregister vorgelegt werden), \u2013 wer wegen geistiger oder k\u00f6rperlicher Gebrechen f\u00fcr das Amt nicht geeignet ist. In das Amt soll nicht berufen werden, wer das 25. Lebensjahr nicht vollendet hat, wer nicht in dem Schiedsbezirk wohnt, wer durch sonstige gerichtliche Anordnungen in der Verf\u00fcgung \u00fcber sein Verm\u00f6gen beschr\u00e4nkt ist. Die Amtszeit betr\u00e4gt 5 Jahre. Bewerbungen k\u00f6nnen bis zum 06.04.2023 bei der Gemeinde Eppelborn, Fachgebiet 1.04 eingereicht werden. Zu weiteren Ausk\u00fcnften steht Ihnen Frau Salm, Tel.: 06881-969123 gerne zur Verf\u00fcgung.<\/p>\n\n\n\n<p class=\"has-medium-font-size wp-block-paragraph\"><strong>Dirminger Eisauto bis auf weiteres Geschichte<\/strong><\/p>\n\n\n\n<p class=\"has-medium-font-size wp-block-paragraph\">Das Eisauto von Antonio Candela in der Dirminger Ortsmitte hat im vergangenen Jahr viele begeistert. Unsere Ortsmitte wurde durch dieses Verkaufsmodel ordentlich aufgewertet. Leider mussten wir in Absprache mit Antonio Candela die Zusammenarbeit beendigen. Am Ende waren es private Umst\u00e4nde die dazu f\u00fchrten, dass Projekt auf Eis zu legen. Ich befinde mich im Moment im Dialog mit einigen neuen Gesch\u00e4ftspartnern. Es gibt tats\u00e4chlich die M\u00f6glichkeit, dass wir im Sommer trotz alledem zu unserem leckeren Eis kommen. Bis zur Verk\u00fcndigung dieser Neuigkeit m\u00fcssen jedoch noch einige Bretter gebohrt werden. Ich halte Sie auf dem Laufenden und bin guten Mutes, dass wir auch in diesem Sommer ein sch\u00f6nes Eis verzehren d\u00fcrfen.<\/p>\n\n\n<div class=\"wp-block-image\">\n<figure class=\"aligncenter size-large\"><img loading=\"lazy\" decoding=\"async\" width=\"700\" height=\"386\" src=\"https:\/\/echta-derminga.de\/wp-content\/uploads\/2022\/04\/0000-700x386.jpg\" alt=\"\" class=\"wp-image-12583\" srcset=\"https:\/\/echta-derminga.de\/wp-content\/uploads\/2022\/04\/0000-700x386.jpg 700w, https:\/\/echta-derminga.de\/wp-content\/uploads\/2022\/04\/0000-300x165.jpg 300w, https:\/\/echta-derminga.de\/wp-content\/uploads\/2022\/04\/0000-768x423.jpg 768w, https:\/\/echta-derminga.de\/wp-content\/uploads\/2022\/04\/0000.jpg 1000w\" sizes=\"auto, (max-width: 700px) 100vw, 700px\" \/><\/figure>\n<\/div>\n\n\n<p class=\"has-medium-font-size wp-block-paragraph\"><strong>Dirminger Vorschlagsliste f\u00fcr die Sch\u00f6ffenwahl 2024- 2028<\/strong><\/p>\n\n\n\n<p class=\"has-medium-font-size wp-block-paragraph\">Der Dirminger Ortsrat Dirmingen befasste sich in seiner letzten Sitzung mit der Vorschlagsliste f\u00fcr die Sch\u00f6ffenwahl im Zeitraum 2024- 2028 f\u00fcr unseren Heimatort Dirmingen. Das Gremium verabschiedete die vorliegende Vorschlagsliste und empfahl somit alle Bewerber\/innen f\u00fcr die Wahl eines Sch\u00f6ffen einstimmig. Der Gemeinderat Eppelborn hat die Vorschlagsliste unseres Ortsrates zur Kenntnis genommen und ebenfalls einstimmig verabschiedet. Die Bewerber\/innen werden nun gegebenenfalls vom Kreis- oder Landgericht \u00fcber das weitere Verfahren und die damit verbundene Entscheidung in Kenntnis gesetzt. Vermutlich k\u00f6nnte bei der Vielzahl der Bewerbungen das Los entscheiden. Wir w\u00fcnschen viel Gl\u00fcck im Ehrenamt.<\/p>\n\n\n\n<p class=\"has-medium-font-size wp-block-paragraph\"><strong>Derminga Winter Caf\u00e9 schreibt Erfolgsgeschichte<\/strong><\/p>\n\n\n\n<p class=\"has-medium-font-size wp-block-paragraph\">Am Samstag, 11. M\u00e4rz fand das nunmehr 3- Winter Caf\u00e9 im evangelischen Gemeindehaus statt. Wir befinden uns auf einem guten Weg. Erneut folgten zahlreiche Menschen aus unserem Heimatort unserer Einladung. Das gute Essen Mittagessen wurde diesmal von Stefan Schneble zubereitet. Viele leckere Kuchen wurden B\u00fcrgerinnen und B\u00fcrgern gespendet. Zu den Ehreng\u00e4sten geh\u00f6rten der Landtagsabgeordnete Stefan L\u00f6w, der Bundestagsabgeordnete Chris Petry und der Seniorenbeauftragte der Gemeinde Benno Fries. Auch unser B\u00fcrgermeister Andreas Feld \u00fcbermittelte seine Gr\u00fc\u00dfe und freut sich beim n\u00e4chsten Mal zu Gast sein zu d\u00fcrfen. Dirmingen r\u00fcckt in kalten und schwierigen Zeiten ein St\u00fcck n\u00e4her zusammen. Mein Dank an unseren gro\u00dfartigen Helferkreis mit vielen engagierten Helferinnen und Helfern. Es ist sch\u00f6n zu sehen, dass hier etwas gro\u00dfartiges heranw\u00e4chst. Im \u201eDerminga Winter Caf\u00e9\u201c wird Dorfgemeinschaft gelebt. Vielen Dank an alle G\u00f6nner, Sponsoren und Unterst\u00fctzer. Gut f\u00fcr Dirmingen!<\/p>\n\n\n\n<div class=\"wp-block-columns is-layout-flex wp-container-core-columns-is-layout-8f761849 wp-block-columns-is-layout-flex\">\n<div class=\"wp-block-column is-layout-flow wp-block-column-is-layout-flow\">\n<figure class=\"wp-block-image size-large\"><img loading=\"lazy\" decoding=\"async\" width=\"700\" height=\"534\" src=\"https:\/\/echta-derminga.de\/wp-content\/uploads\/2023\/03\/334828434_202510409044995_3548262939939697200_n-700x534.jpg\" alt=\"\" class=\"wp-image-14817\" srcset=\"https:\/\/echta-derminga.de\/wp-content\/uploads\/2023\/03\/334828434_202510409044995_3548262939939697200_n-700x534.jpg 700w, https:\/\/echta-derminga.de\/wp-content\/uploads\/2023\/03\/334828434_202510409044995_3548262939939697200_n-300x229.jpg 300w, https:\/\/echta-derminga.de\/wp-content\/uploads\/2023\/03\/334828434_202510409044995_3548262939939697200_n-768x585.jpg 768w, https:\/\/echta-derminga.de\/wp-content\/uploads\/2023\/03\/334828434_202510409044995_3548262939939697200_n-1536x1171.jpg 1536w, https:\/\/echta-derminga.de\/wp-content\/uploads\/2023\/03\/334828434_202510409044995_3548262939939697200_n.jpg 2048w\" sizes=\"auto, (max-width: 700px) 100vw, 700px\" \/><\/figure>\n<\/div>\n\n\n\n<div class=\"wp-block-column is-layout-flow wp-block-column-is-layout-flow\">\n<figure class=\"wp-block-image size-large\"><img loading=\"lazy\" decoding=\"async\" width=\"700\" height=\"490\" src=\"https:\/\/echta-derminga.de\/wp-content\/uploads\/2023\/03\/335498662_549031323998532_1305223490113312948_n-700x490.jpg\" alt=\"\" class=\"wp-image-14800\" srcset=\"https:\/\/echta-derminga.de\/wp-content\/uploads\/2023\/03\/335498662_549031323998532_1305223490113312948_n-700x490.jpg 700w, https:\/\/echta-derminga.de\/wp-content\/uploads\/2023\/03\/335498662_549031323998532_1305223490113312948_n-300x210.jpg 300w, https:\/\/echta-derminga.de\/wp-content\/uploads\/2023\/03\/335498662_549031323998532_1305223490113312948_n-768x538.jpg 768w, https:\/\/echta-derminga.de\/wp-content\/uploads\/2023\/03\/335498662_549031323998532_1305223490113312948_n-1536x1076.jpg 1536w, https:\/\/echta-derminga.de\/wp-content\/uploads\/2023\/03\/335498662_549031323998532_1305223490113312948_n.jpg 2048w\" sizes=\"auto, (max-width: 700px) 100vw, 700px\" \/><\/figure>\n<\/div>\n<\/div>\n\n\n\n<div class=\"wp-block-columns is-layout-flex wp-container-core-columns-is-layout-8f761849 wp-block-columns-is-layout-flex\">\n<div class=\"wp-block-column is-layout-flow wp-block-column-is-layout-flow\">\n<figure class=\"wp-block-image size-large\"><img loading=\"lazy\" decoding=\"async\" width=\"700\" height=\"323\" src=\"https:\/\/echta-derminga.de\/wp-content\/uploads\/2023\/03\/334965766_1245441836048582_1131771048048740766_n-700x323.jpg\" alt=\"\" class=\"wp-image-14802\" srcset=\"https:\/\/echta-derminga.de\/wp-content\/uploads\/2023\/03\/334965766_1245441836048582_1131771048048740766_n-700x323.jpg 700w, https:\/\/echta-derminga.de\/wp-content\/uploads\/2023\/03\/334965766_1245441836048582_1131771048048740766_n-300x139.jpg 300w, https:\/\/echta-derminga.de\/wp-content\/uploads\/2023\/03\/334965766_1245441836048582_1131771048048740766_n-768x355.jpg 768w, https:\/\/echta-derminga.de\/wp-content\/uploads\/2023\/03\/334965766_1245441836048582_1131771048048740766_n-1536x710.jpg 1536w, https:\/\/echta-derminga.de\/wp-content\/uploads\/2023\/03\/334965766_1245441836048582_1131771048048740766_n.jpg 2048w\" sizes=\"auto, (max-width: 700px) 100vw, 700px\" \/><\/figure>\n<\/div>\n\n\n\n<div class=\"wp-block-column is-layout-flow wp-block-column-is-layout-flow\">\n<figure class=\"wp-block-image size-large\"><img loading=\"lazy\" decoding=\"async\" width=\"700\" height=\"323\" src=\"https:\/\/echta-derminga.de\/wp-content\/uploads\/2023\/03\/335054188_1201041460778467_8742484143966131625_n-700x323.jpg\" alt=\"\" class=\"wp-image-14803\" srcset=\"https:\/\/echta-derminga.de\/wp-content\/uploads\/2023\/03\/335054188_1201041460778467_8742484143966131625_n-700x323.jpg 700w, https:\/\/echta-derminga.de\/wp-content\/uploads\/2023\/03\/335054188_1201041460778467_8742484143966131625_n-300x139.jpg 300w, https:\/\/echta-derminga.de\/wp-content\/uploads\/2023\/03\/335054188_1201041460778467_8742484143966131625_n-768x355.jpg 768w, https:\/\/echta-derminga.de\/wp-content\/uploads\/2023\/03\/335054188_1201041460778467_8742484143966131625_n-1536x710.jpg 1536w, https:\/\/echta-derminga.de\/wp-content\/uploads\/2023\/03\/335054188_1201041460778467_8742484143966131625_n.jpg 2048w\" sizes=\"auto, (max-width: 700px) 100vw, 700px\" \/><\/figure>\n<\/div>\n<\/div>\n\n\n\n<div class=\"wp-block-columns is-layout-flex wp-container-core-columns-is-layout-8f761849 wp-block-columns-is-layout-flex\">\n<div class=\"wp-block-column is-layout-flow wp-block-column-is-layout-flow\">\n<figure class=\"wp-block-image size-large\"><img loading=\"lazy\" decoding=\"async\" width=\"700\" height=\"445\" src=\"https:\/\/echta-derminga.de\/wp-content\/uploads\/2023\/03\/335021941_223020693529948_6642522705234742096_n-1-700x445.jpg\" alt=\"\" class=\"wp-image-14804\" srcset=\"https:\/\/echta-derminga.de\/wp-content\/uploads\/2023\/03\/335021941_223020693529948_6642522705234742096_n-1-700x445.jpg 700w, https:\/\/echta-derminga.de\/wp-content\/uploads\/2023\/03\/335021941_223020693529948_6642522705234742096_n-1-300x191.jpg 300w, https:\/\/echta-derminga.de\/wp-content\/uploads\/2023\/03\/335021941_223020693529948_6642522705234742096_n-1-768x488.jpg 768w, https:\/\/echta-derminga.de\/wp-content\/uploads\/2023\/03\/335021941_223020693529948_6642522705234742096_n-1-1536x977.jpg 1536w, https:\/\/echta-derminga.de\/wp-content\/uploads\/2023\/03\/335021941_223020693529948_6642522705234742096_n-1.jpg 2048w\" sizes=\"auto, (max-width: 700px) 100vw, 700px\" \/><\/figure>\n<\/div>\n\n\n\n<div class=\"wp-block-column is-layout-flow wp-block-column-is-layout-flow\">\n<figure class=\"wp-block-image size-large\"><img loading=\"lazy\" decoding=\"async\" width=\"700\" height=\"525\" src=\"https:\/\/echta-derminga.de\/wp-content\/uploads\/2023\/03\/IMG-20230311-WA0057-700x525.jpg\" alt=\"\" class=\"wp-image-14805\" srcset=\"https:\/\/echta-derminga.de\/wp-content\/uploads\/2023\/03\/IMG-20230311-WA0057-700x525.jpg 700w, https:\/\/echta-derminga.de\/wp-content\/uploads\/2023\/03\/IMG-20230311-WA0057-300x225.jpg 300w, https:\/\/echta-derminga.de\/wp-content\/uploads\/2023\/03\/IMG-20230311-WA0057-768x576.jpg 768w, https:\/\/echta-derminga.de\/wp-content\/uploads\/2023\/03\/IMG-20230311-WA0057-1536x1152.jpg 1536w, https:\/\/echta-derminga.de\/wp-content\/uploads\/2023\/03\/IMG-20230311-WA0057.jpg 2000w\" sizes=\"auto, (max-width: 700px) 100vw, 700px\" \/><\/figure>\n<\/div>\n<\/div>\n\n\n\n<p class=\"has-medium-font-size wp-block-paragraph\"><strong>Dirminger Arzt Hani Hweidi mit Bundesverdienstkreuz ausgezeichnet<\/strong><\/p>\n\n\n\n<p class=\"has-medium-font-size wp-block-paragraph\">Der Dirminger Arzt im Ruhestand Hani Hweidi wurde am Donnerstag, 09. M\u00e4rz in V\u00f6lklingen von Bundespr\u00e4sidenten Frank Walter Steinmeier mit dem Bundesverdienstkreuz ausgezeichnet. Ich m\u00f6chte Dr. Hani Hweidi ganz herzlich zu dieser verdienten Auszeichnung gratulieren. Seit vielen Jahrzehnten engagiert sich Dr. Hani Hweidi ehrenamtlich f\u00fcr unsere Gesellschaft. Der Ehrungstext des Bundespr\u00e4sidenten Frank Walter Steinmeier besagt folgendes:<\/p>\n\n\n\n<p class=\"has-medium-font-size wp-block-paragraph\"><strong>Hani Hweidi, Eppelborn -Verdienstkreuz am Bande<\/strong><\/p>\n\n\n\n<p class=\"has-medium-font-size wp-block-paragraph\"><strong><em>Wo immer Hani Hweidi anderen helfen kann, ist er zur Stelle, sei es an seinem Wohnort oder in den benachbarten Landkreisen. Als Arzt engagiert er sich seit \u00fcber 30 Jahren ehrenamtlich beim Deutschen Roten Kreuz. Seit vielen Jahren \u00fcbernimmt er auch die medizinische Versorgung in der Aufnahmestelle f\u00fcr Gefl\u00fcchtete in Lebach. Als in seiner Nachbargemeinde ein Zentrum f\u00fcr unbegleitete Jugendliche eingerichtet wurde, hat er sich mit vollem Einsatz dort engagiert. W\u00e4hrend der Corona-Pandemie war Hani Hweidi f\u00fcr das saarl\u00e4ndische Gesundheitsministerium als Impfarzt und Leiter des Impfzentrums Neunkirchen ein ebenso wichtiger wie verl\u00e4sslicher Partner. Hani Hweidi ist in der ganzen Region bekannt f\u00fcr sein b\u00fcrgerschaftliches Engagement, bei dem ihm Integration ein ganz besonderes Anliegen ist. Zudem ist er seit Jahrzehnten aktiver Feuerwehrmann und f\u00f6rdert die Jugendfeuerwehr, die ihm ganz besonders am Herzen liegt.<\/em><\/strong>  (Presserkl\u00e4rung des Bundespr\u00e4sidenten -Homepage des Bundespr\u00e4sidenten)<\/p>\n\n\n\n<p class=\"has-medium-font-size wp-block-paragraph\">Ich m\u00f6chte Dr. Hani Hweidi ganz herzlich an dieser Stelle gratulieren. Selbstverst\u00e4ndlich werde ich eine pers\u00f6nliche Gratulation so bald wie m\u00f6glich folgen lassen.<\/p>\n\n\n\n<div class=\"wp-block-columns is-layout-flex wp-container-core-columns-is-layout-8f761849 wp-block-columns-is-layout-flex\">\n<div class=\"wp-block-column is-layout-flow wp-block-column-is-layout-flow\">\n<figure class=\"wp-block-image size-large\"><img loading=\"lazy\" decoding=\"async\" width=\"700\" height=\"565\" src=\"https:\/\/echta-derminga.de\/wp-content\/uploads\/2023\/03\/IMG-20230311-WA0004-700x565.jpg\" alt=\"\" class=\"wp-image-14807\" srcset=\"https:\/\/echta-derminga.de\/wp-content\/uploads\/2023\/03\/IMG-20230311-WA0004-700x565.jpg 700w, https:\/\/echta-derminga.de\/wp-content\/uploads\/2023\/03\/IMG-20230311-WA0004-300x242.jpg 300w, https:\/\/echta-derminga.de\/wp-content\/uploads\/2023\/03\/IMG-20230311-WA0004-768x620.jpg 768w, https:\/\/echta-derminga.de\/wp-content\/uploads\/2023\/03\/IMG-20230311-WA0004.jpg 1404w\" sizes=\"auto, (max-width: 700px) 100vw, 700px\" \/><\/figure>\n<\/div>\n\n\n\n<div class=\"wp-block-column is-layout-flow wp-block-column-is-layout-flow\">\n<figure class=\"wp-block-image size-large\"><img loading=\"lazy\" decoding=\"async\" width=\"700\" height=\"466\" src=\"https:\/\/echta-derminga.de\/wp-content\/uploads\/2023\/03\/230307-09-Ortszeit-Voelklingen-11-Ordensverleihung-700x466.jpg\" alt=\"\" class=\"wp-image-14809\" srcset=\"https:\/\/echta-derminga.de\/wp-content\/uploads\/2023\/03\/230307-09-Ortszeit-Voelklingen-11-Ordensverleihung-700x466.jpg 700w, https:\/\/echta-derminga.de\/wp-content\/uploads\/2023\/03\/230307-09-Ortszeit-Voelklingen-11-Ordensverleihung-300x200.jpg 300w, https:\/\/echta-derminga.de\/wp-content\/uploads\/2023\/03\/230307-09-Ortszeit-Voelklingen-11-Ordensverleihung-768x512.jpg 768w, https:\/\/echta-derminga.de\/wp-content\/uploads\/2023\/03\/230307-09-Ortszeit-Voelklingen-11-Ordensverleihung.jpg 980w\" sizes=\"auto, (max-width: 700px) 100vw, 700px\" \/><figcaption class=\"wp-element-caption\">Quelle: Saarl\u00e4ndischer Rundfunk, Pressestelle Bundespr\u00e4sidenten.<\/figcaption><\/figure>\n<\/div>\n<\/div>\n\n\n\n<p class=\"has-medium-font-size wp-block-paragraph\"><strong>Saarland-Picobello \u2013 M\u00fcllsammelaktion \u2013 Wir halten unser Dorf sauber!<\/strong><\/p>\n\n\n\n<p class=\"has-medium-font-size wp-block-paragraph\">Am 17. und 18. M\u00e4rz ist es wieder so weit: Das Saarland soll picobello werden! Der Entsorgungsverband Saar (EVS) l\u00e4dt erneut alle Menschen im Saarland ein, sich am landesweiten \u201eFr\u00fchjahrsputz f\u00fcr die Umwelt\u201c im Rahmen der Kampagne \u201esaarland picobello\u201c zu beteiligen. <strong>In Dirmingen treffen wir uns am Samstag, 18. M\u00e4rz 2023 um 09:30 Uhr auf dem Festplatz im Br\u00fchlpark. Im Anschluss an die M\u00fcllsammelaktion ist jeder Teilnehmer\/in zu einem kleinen Imbiss eingeladen.<\/strong> <strong>Zur Planung des kleinen Imbisses bitte ich diesmal um telefonische Anmeldung. <\/strong>Die M\u00fcll-Sammelaktion lebt davon, dass Menschen jeden Alters und aus allen gesellschaftlichen Bereichen gemeinsam anpacken. Daher sind auch in diesem Jahr KiTas und Schulen, Vereine und Verb\u00e4nde, Unternehmen, Dorfgemeinschaften und Nachbarschaften, Familien und Einzelpersonen aufgerufen, mitzumachen. So k\u00f6nnen z.B. KiTa-Au\u00dfenanlagen, Schulh\u00f6fe und -wege, Stra\u00dfenr\u00e4nder, \u00f6ffentliche Gr\u00fcnfl\u00e4chen und Spielpl\u00e4tze sowie Waldwege und Gew\u00e4sserr\u00e4nder von \u201ewildem M\u00fcll\u201c befreit werden. Der Ortsrat Dirmingen hat auch in diesem Jahr die Initiative ergriffen und eine Sammelgruppe gemeldet. Unsere Dorfgemeinschaft setzt ein weiteres aktives Zeichen f\u00fcr unseren Heimatort.<\/p>\n\n\n<div class=\"wp-block-image\">\n<figure class=\"aligncenter size-large\"><img loading=\"lazy\" decoding=\"async\" width=\"700\" height=\"394\" src=\"https:\/\/echta-derminga.de\/wp-content\/uploads\/2023\/03\/20180327_154122-700x394.jpg\" alt=\"\" class=\"wp-image-14811\" srcset=\"https:\/\/echta-derminga.de\/wp-content\/uploads\/2023\/03\/20180327_154122-700x394.jpg 700w, https:\/\/echta-derminga.de\/wp-content\/uploads\/2023\/03\/20180327_154122-300x169.jpg 300w, https:\/\/echta-derminga.de\/wp-content\/uploads\/2023\/03\/20180327_154122-768x432.jpg 768w, https:\/\/echta-derminga.de\/wp-content\/uploads\/2023\/03\/20180327_154122-1536x864.jpg 1536w, https:\/\/echta-derminga.de\/wp-content\/uploads\/2023\/03\/20180327_154122-2048x1152.jpg 2048w\" sizes=\"auto, (max-width: 700px) 100vw, 700px\" \/><\/figure>\n<\/div>\n\n\n<p class=\"has-medium-font-size wp-block-paragraph\"><strong>Einweihung des Br\u00fchlparks Dirmingen<\/strong><\/p>\n\n\n\n<p class=\"has-medium-font-size wp-block-paragraph\">Nach der Fertigstellung der Umbauarbeiten wird der Dirminger Br\u00fchlpark am Samstag, 20. Mai feierlich eingeweiht. Gemeinsam mit B\u00fcrgermeister Dr. Andreas Feld, Dirminger Vereinen wollen wir gemeinsam auf unseren Park ansto\u00dfen. Herzliche Einladung an alle B\u00fcrgerinnen und B\u00fcrger. Der genaue Ablaufplan und die Anfangszeiten werden noch rechtzeitig bekannt gegeben.<\/p>\n\n\n\n<p class=\"has-medium-font-size wp-block-paragraph\"><strong>Dirminger Josef Wilhelm alias \u201eSchuhhannesse Sepp\u201c mit gro\u00dfem ehrenamtlichem Engagement<\/strong><\/p>\n\n\n\n<p class=\"has-medium-font-size wp-block-paragraph\">Der Dirminger Bankpate Josef Wilhelm alias \u201eSchuhhannesse-Sepp\u201c leistet seit vielen Jahren wichtiges Ehrenamt f\u00fcr unsere Gesellschaft und unsere Dorfgemeinschaft. \u00dcberall dort Hilfe ben\u00f6tigt wird packt der r\u00fcstige Pension\u00e4r eifrig mit an und hilft somit unser Dorf lebensw\u00fcrdiger zu gestalten. Neben seiner T\u00e4tigkeit als Bankpate engagiert sich Josef Wilhelm auch in der Fl\u00fcchtlingshilfe und in vielen anderen sozialen Bereichen. Ich m\u00f6chte die Gelegenheit einmal nutzen, um mich ganz herzlich bei unserem Mitb\u00fcrger Josef Wilhelm zu bedanken. Keine Arbeit ist dem Dirminger zu viel und keine Anstrengung zu m\u00fchselig. Es sind Menschen wie Josef Wilhelm die unser Dorf zu etwas besonderem machen. Danke f\u00fcr das Ehrenamt!<\/p>\n\n\n\n<div class=\"wp-block-columns is-layout-flex wp-container-core-columns-is-layout-8f761849 wp-block-columns-is-layout-flex\">\n<div class=\"wp-block-column is-layout-flow wp-block-column-is-layout-flow\">\n<figure class=\"wp-block-image size-large\"><img loading=\"lazy\" decoding=\"async\" width=\"700\" height=\"774\" src=\"https:\/\/echta-derminga.de\/wp-content\/uploads\/2023\/03\/IMG-20230311-WA0062-1-700x774.jpg\" alt=\"\" class=\"wp-image-14816\" srcset=\"https:\/\/echta-derminga.de\/wp-content\/uploads\/2023\/03\/IMG-20230311-WA0062-1-700x774.jpg 700w, https:\/\/echta-derminga.de\/wp-content\/uploads\/2023\/03\/IMG-20230311-WA0062-1-271x300.jpg 271w, https:\/\/echta-derminga.de\/wp-content\/uploads\/2023\/03\/IMG-20230311-WA0062-1-768x849.jpg 768w, https:\/\/echta-derminga.de\/wp-content\/uploads\/2023\/03\/IMG-20230311-WA0062-1.jpg 779w\" sizes=\"auto, (max-width: 700px) 100vw, 700px\" \/><\/figure>\n<\/div>\n\n\n\n<div class=\"wp-block-column is-layout-flow wp-block-column-is-layout-flow\">\n<figure class=\"wp-block-image size-large\"><img loading=\"lazy\" decoding=\"async\" width=\"700\" height=\"700\" src=\"https:\/\/echta-derminga.de\/wp-content\/uploads\/2022\/05\/283551001_5117776274983723_4619307273331880246_n-700x700.jpg\" alt=\"\" class=\"wp-image-12817\" srcset=\"https:\/\/echta-derminga.de\/wp-content\/uploads\/2022\/05\/283551001_5117776274983723_4619307273331880246_n-700x700.jpg 700w, https:\/\/echta-derminga.de\/wp-content\/uploads\/2022\/05\/283551001_5117776274983723_4619307273331880246_n-300x300.jpg 300w, https:\/\/echta-derminga.de\/wp-content\/uploads\/2022\/05\/283551001_5117776274983723_4619307273331880246_n-150x150.jpg 150w, https:\/\/echta-derminga.de\/wp-content\/uploads\/2022\/05\/283551001_5117776274983723_4619307273331880246_n-768x768.jpg 768w, https:\/\/echta-derminga.de\/wp-content\/uploads\/2022\/05\/283551001_5117776274983723_4619307273331880246_n-90x90.jpg 90w, https:\/\/echta-derminga.de\/wp-content\/uploads\/2022\/05\/283551001_5117776274983723_4619307273331880246_n-75x75.jpg 75w, https:\/\/echta-derminga.de\/wp-content\/uploads\/2022\/05\/283551001_5117776274983723_4619307273331880246_n.jpg 1200w\" sizes=\"auto, (max-width: 700px) 100vw, 700px\" \/><figcaption class=\"wp-element-caption\">Ehrenamtler Josef Wilhelm<\/figcaption><\/figure>\n<\/div>\n<\/div>\n\n\n\n<p class=\"has-medium-font-size wp-block-paragraph\"><strong>Liebe Mitb\u00fcrger\/innen, der Winter neigt sich dem Ende zu und wir alle sehnen uns nach dem Fr\u00fchling. Jetzt beginnt die Zeit, in der man s\u00e4t und vorbereitet. Genauso sollten wir uns um unsere eigene Zukunft k\u00fcmmern. Helfen Sie aktiv mit und bringen sie sich ein ! Wir freuen uns \u00fcber jede helfende Hand. Vielleicht sehen wir uns am Samstag, 18. M\u00e4rz um 09:30 Uhr zum diesj\u00e4hrigen Picobello-Tag 2023. Ich w\u00fcrde mich freuen!<\/strong><\/p>\n\n\n\n<p class=\"has-medium-font-size wp-block-paragraph\">Lassen Sie uns gemeisam die Zukunft unseres Dorfes gestalten:<\/p>\n\n\n\n<blockquote class=\"wp-block-quote has-medium-font-size is-layout-flow wp-block-quote-is-layout-flow\">\n<p class=\"has-medium-font-size wp-block-paragraph\"><strong>\u201eDie Zukunft hat viele Namen: F\u00fcr Schwache ist sie das Unerreichbare, f\u00fcr die Furchtsamen das Unbekannte, f\u00fcr die Mutigen die Chance.\u201c <\/strong><\/p>\n<cite><strong>Victor Hugo<\/strong><\/cite><\/blockquote>\n\n\n\n<p class=\"has-medium-font-size wp-block-paragraph\">Ihr Ortsvorsteher<\/p>\n\n\n\n<p class=\"has-medium-font-size wp-block-paragraph\">Frank Klein<\/p>\n\n\n\n<div class=\"wp-block-columns is-layout-flex wp-container-core-columns-is-layout-8f761849 wp-block-columns-is-layout-flex\">\n<div class=\"wp-block-column is-layout-flow wp-block-column-is-layout-flow\">\n<figure class=\"wp-block-image size-full\"><img loading=\"lazy\" decoding=\"async\" width=\"508\" height=\"720\" src=\"https:\/\/echta-derminga.de\/wp-content\/uploads\/2023\/03\/330379942_756386962481245_5488978816960663939_n.jpg\" alt=\"\" class=\"wp-image-14821\" srcset=\"https:\/\/echta-derminga.de\/wp-content\/uploads\/2023\/03\/330379942_756386962481245_5488978816960663939_n.jpg 508w, https:\/\/echta-derminga.de\/wp-content\/uploads\/2023\/03\/330379942_756386962481245_5488978816960663939_n-212x300.jpg 212w\" sizes=\"auto, (max-width: 508px) 100vw, 508px\" \/><\/figure>\n<\/div>\n\n\n\n<div class=\"wp-block-column is-layout-flow wp-block-column-is-layout-flow\">\n<figure class=\"wp-block-image size-full\"><img loading=\"lazy\" decoding=\"async\" width=\"509\" height=\"720\" src=\"https:\/\/echta-derminga.de\/wp-content\/uploads\/2023\/03\/332273353_905360740583650_7465437580797042423_n.jpg\" alt=\"\" class=\"wp-image-14823\" srcset=\"https:\/\/echta-derminga.de\/wp-content\/uploads\/2023\/03\/332273353_905360740583650_7465437580797042423_n.jpg 509w, https:\/\/echta-derminga.de\/wp-content\/uploads\/2023\/03\/332273353_905360740583650_7465437580797042423_n-212x300.jpg 212w\" sizes=\"auto, (max-width: 509px) 100vw, 509px\" \/><\/figure>\n<\/div>\n<\/div>\n","protected":false},"excerpt":{"rendered":"<p>Die vergangenen Wochen wurden von den Diskussionen rund um den Neubau eines Einkaufszentrums am \u201eHierscheider Graben\u201c in Eppelborn gepr\u00e4gt. Dabei wurde der Bau dieses Einkaufsmekkas immer wieder mit dem geplanten Neubau eines NETTO-Marktes in der Dirminger Ortsmitte in Verbindung gebracht. Ich m\u00f6chte an dieser Stelle erneut festhalten, dass diese beiden Projekte nichts miteinander zu tun haben. Fakt ist, dass der<\/p>\n","protected":false},"author":1,"featured_media":14797,"comment_status":"open","ping_status":"closed","sticky":false,"template":"","format":"standard","meta":{"_crdt_document":"","footnotes":""},"categories":[1,812],"tags":[5,618,127,634,795,310,1030],"class_list":["post-14794","post","type-post","status-publish","format-standard","has-post-thumbnail","hentry","category-allgemein","category-ortsvorsteher-dirmingen","tag-dirmingen","tag-gemeinde-eppelborn","tag-landkreis-neunkirchen","tag-ortsvorsteher","tag-ortsvorsteher-dirmingen","tag-saarland","tag-wintercafe-dirmingen"],"_links":{"self":[{"href":"https:\/\/echta-derminga.de\/index.php?rest_route=\/wp\/v2\/posts\/14794","targetHints":{"allow":["GET"]}}],"collection":[{"href":"https:\/\/echta-derminga.de\/index.php?rest_route=\/wp\/v2\/posts"}],"about":[{"href":"https:\/\/echta-derminga.de\/index.php?rest_route=\/wp\/v2\/types\/post"}],"author":[{"embeddable":true,"href":"https:\/\/echta-derminga.de\/index.php?rest_route=\/wp\/v2\/users\/1"}],"replies":[{"embeddable":true,"href":"https:\/\/echta-derminga.de\/index.php?rest_route=%2Fwp%2Fv2%2Fcomments&post=14794"}],"version-history":[{"count":12,"href":"https:\/\/echta-derminga.de\/index.php?rest_route=\/wp\/v2\/posts\/14794\/revisions"}],"predecessor-version":[{"id":14824,"href":"https:\/\/echta-derminga.de\/index.php?rest_route=\/wp\/v2\/posts\/14794\/revisions\/14824"}],"wp:featuredmedia":[{"embeddable":true,"href":"https:\/\/echta-derminga.de\/index.php?rest_route=\/wp\/v2\/media\/14797"}],"wp:attachment":[{"href":"https:\/\/echta-derminga.de\/index.php?rest_route=%2Fwp%2Fv2%2Fmedia&parent=14794"}],"wp:term":[{"taxonomy":"category","embeddable":true,"href":"https:\/\/echta-derminga.de\/index.php?rest_route=%2Fwp%2Fv2%2Fcategories&post=14794"},{"taxonomy":"post_tag","embeddable":true,"href":"https:\/\/echta-derminga.de\/index.php?rest_route=%2Fwp%2Fv2%2Ftags&post=14794"}],"curies":[{"name":"wp","href":"https:\/\/api.w.org\/{rel}","templated":true}]}}