{"id":1484,"date":"2018-06-10T11:41:42","date_gmt":"2018-06-10T10:41:42","guid":{"rendered":"http:\/\/echta-derminga.de\/?p=1484"},"modified":"2018-06-10T11:41:45","modified_gmt":"2018-06-10T10:41:45","slug":"die-fussball-wm-im-visier-wunsch-nach-einem-gesunden-dorf-patriotismus-kann-echte-heimatliebe-falsch-sein","status":"publish","type":"post","link":"https:\/\/echta-derminga.de\/?p=1484","title":{"rendered":"Die Fu\u00dfball WM im Visier &#8211; Wunsch nach einem gesunden \u201eDorf-Patriotismus\u201c \u2013 Kann echte Heimatliebe falsch sein?"},"content":{"rendered":"<p><strong>\u201eWo am Render stand die Brauerei, wo man gerne trank das feine Sch\u00e4fer Br\u00e4u, wo man zog die halben in zwei Z\u00fcgen aus, da ist meine Heimat, da bin ich Zuhaus\u2018\u201c<\/strong><\/p>\n<p><img loading=\"lazy\" decoding=\"async\" class=\"alignleft wp-image-1487\" src=\"https:\/\/echta-derminga.de\/wp-content\/uploads\/2018\/06\/20180326_111617-300x169.jpg\" alt=\"\" width=\"350\" height=\"197\" srcset=\"https:\/\/echta-derminga.de\/wp-content\/uploads\/2018\/06\/20180326_111617-300x169.jpg 300w, https:\/\/echta-derminga.de\/wp-content\/uploads\/2018\/06\/20180326_111617-768x432.jpg 768w, https:\/\/echta-derminga.de\/wp-content\/uploads\/2018\/06\/20180326_111617-644x362.jpg 644w, https:\/\/echta-derminga.de\/wp-content\/uploads\/2018\/06\/20180326_111617.jpg 800w\" sizes=\"auto, (max-width: 350px) 100vw, 350px\" \/>Als ich ein kleiner Junge war, schlenderte ich durch unser Dorf. Neben dem Anwesen \u201eJohne\u201c wurde gerade die Mauer neu betoniert. Ich ging zu der Mauer hin und ritzte meinen Namen, mit meinen Fingern, in den frischen Beton ein. Keiner hat was davon bemerkt. Wenn ich heute den gleichen Weg nehme und an meinem Werk vorbei gehe muss ich immer wieder schmunzeln. Der Schriftzug ist, obwohl zwar schon arg verblasst, immer noch gut zu sehen. Irgendwas bleibt immer! Irgendwie kann jeder Mensch in seiner Heimat seine eigene Geschichte schreiben.<\/p>\n<p><strong>In der kommenden Woche beginnt die Fu\u00dfball-Weltmeisterschaft in Russland. Gerade w\u00e4hrend dieses sportlichen Gro\u00dfereignisses w\u00e4chst bei vielen Landsleuten ein Gef\u00fchl der Zugeh\u00f6rigkeit und Verbundenheit mit der Nation. Bestimmt werden auch diesmal in Deutschland schwarz-rot-goldene Fahnen das Stra\u00dfenbild und die \u00f6ffentlichen Pl\u00e4tze beherrschen. Ich glaube, dass unser Land inzwischen grunds\u00e4tzlich ein entspanntes Verh\u00e4ltnis zur eigenen Nation entwickelt hat. Noch in den 70-ger und 80-ger Jahren war diese ausgelassene Stimmung nicht denkbar. Dennoch beschleicht mich irgendwie das Gef\u00fchl, dass uns unsere eigene Vergangenheit nach wie vor den Weg zu einem \u201egesunden&#8220; Patriotismus versperrt.<\/strong><\/p>\n<p><strong>Wir leben in unruhigen Zeiten und ganz schnell werden Menschen, die ihre Heimat lieben und dies auch \u00e4u\u00dfern, verurteilt. Nicht jeder der einen kritischen Satz \u00fcber die derzeitige Einwanderungspolitik \u00e4u\u00dfert ist gleichzeitig ein Nazi. Auf der anderen Seite sinkt, gerade in den sozialen Netzwerken, die Hemmschwelle f\u00fcr \u00f6ffentliche \u00c4u\u00dferung braunen Gedankengutes.\u00a0<\/strong><strong>Die Schweigeminute der AFD-Bundestagsfraktion, zu Ehren eines Gewaltopfers, w\u00e4hrend einer parlamentarischen Sitzung hat mich irritiert. Ich werde das Gef\u00fchl nicht los, dass man hier das Opfer f\u00fcr politische Zwecke missbraucht hat. \u00dcberhaupt bin ich der Meinung, dass die AFD dem gesunden Patriotismus in unserem Land schadet.\u00a0<\/strong><strong>Ein schlauer Mann sagte einmal:\u201c Die Angst vor Fremden ist nichts anders als die eigene Verunsicherung, die Suche nach Identit\u00e4t durch R\u00fcckzug in die eigenen vier W\u00e4nde\u201c.<\/strong><\/p>\n<p>Mit Heimat verbinden die meisten, den Ort wo man aufw\u00e4chst, Wurzeln schl\u00e4gt und sich immer noch irgendwie zugeh\u00f6rig f\u00fchlt. Mit Heimat verbindet man Familie und Freunde. F\u00fcr mich pers\u00f6nlich ist Heimat ein Gef\u00fchl. Darf man heute bedenkenlos Stolz auf seine Heimat sein? Kann man \u00fcberhaupt Stolz auf etwas sein, dass man nicht zu verantworten hat? Man kann sich den Ort, in den man geboren wird nicht aussuchen. Das ist entweder Gl\u00fcck oder Ungl\u00fcck.<\/p>\n<p>Bin ich also, wenn ich \u00fcber eine ausgepr\u00e4gte Heimatliebe verf\u00fcge, ein Patriot oder vielleicht sogar ein verkappter Nationalsozialist? Was ist ein Patriot und warum wird er vielerorts so kritisch gesehen? <strong>Wikipedia sagt:\u201c Als Patriotismus wird eine emotionale Verbundenheit mit der eigenen Nation bezeichnet. Im Deutschen wird anstelle des Lehnwortes auch der Begriff \u201eVaterlandsliebe\u201c synonym verwendet.\u201c<\/strong> Ist das jetzt gut oder schlecht?<\/p>\n<p><img loading=\"lazy\" decoding=\"async\" class=\"alignleft wp-image-1489\" src=\"https:\/\/echta-derminga.de\/wp-content\/uploads\/2018\/06\/12314347_978450258860020_4331032790999516967_o-300x209.jpg\" alt=\"\" width=\"350\" height=\"244\" srcset=\"https:\/\/echta-derminga.de\/wp-content\/uploads\/2018\/06\/12314347_978450258860020_4331032790999516967_o-300x209.jpg 300w, https:\/\/echta-derminga.de\/wp-content\/uploads\/2018\/06\/12314347_978450258860020_4331032790999516967_o-768x536.jpg 768w, https:\/\/echta-derminga.de\/wp-content\/uploads\/2018\/06\/12314347_978450258860020_4331032790999516967_o-644x449.jpg 644w, https:\/\/echta-derminga.de\/wp-content\/uploads\/2018\/06\/12314347_978450258860020_4331032790999516967_o.jpg 797w\" sizes=\"auto, (max-width: 350px) 100vw, 350px\" \/>Ich selbst verstehe mich als \u201eDorf-Patriot\u201c und lebe sehr gerne in meiner geliebten Heimat. Ich ertappe mich immer wieder dabei, dass ich beim Bier (mit Augenzwinkern) gerne \u00fcber andere D\u00f6rfer spotte oder mich lustig mache. Ich erinnere mich an meine Kindheit und an die vielen Streitigkeiten mit den Jungs aus den Nachbard\u00f6rfern. Schon damals haben wir, im kindlichen Spiel, die Ehre unserer Heimat verteidigt. Irgendwie hat das was von dem Stammes-verhalten alter Germanen. Vielleicht wurde uns schon als Kind ein wenig Patriotismus mit in die Wiege gelegt.\u00a0 Ich k\u00f6nnte mir heute nicht vorstellen woanders zu leben und bin auch irgendwie Stolz auf unser D\u00f6rfchen Dirmingen. Habe ich das Recht, auf etwas Stolz zu sein, was nicht mein Eigentum ist?<\/p>\n<p><strong>Erst wenn man die Heimat mit der eigenen pers\u00f6nlichen Geschichte verbindet, wird meistens ein Schuh daraus! Man muss einfach sein eigenes Ding daraus machen und schon entwickelt sich eine urpers\u00f6nliche Bindung zu dem Dorf. In Dirmingen lebten meine Vorfahren, hier lernte ich Laufen und sprechen, hier werden meine Kinder erwachsen und ich hoffe hier endet es auch irgendwann f\u00fcr mich. Wie weit darf Heimatliebe oder Patriotismus gehen? Ehrlich gesagt finde ich darauf keine passende Antwort. Aus dem Bauch heraus w\u00fcrde ich sagen, dass der eigene Patriotismus dort enden sollte, wo andere verletzt werden. <\/strong><\/p>\n<p>Ich habe das Gef\u00fchl, dass in unserem Land derzeit vieles in die falsche Richtung l\u00e4uft. Aus der eigenen Unzufriedenheit entsteht vielerorts Fremdenhass. Das Ganze ist nicht neu und gerade in unserem Land bekannt. Das schlimme ist jedoch, dass es wieder politische Str\u00f6mungen gibt, die wissen wie man die Zeichen der Zeit ausnutzt. \u00a0Wenn man sich viele Kommentare auf sozialen Netzwerken ansieht, kann man es leicht mit der Angst zu tun bekommen. Die Hemmschwelle sinkt in bedenklicher Art und Weise. Ich m\u00f6chte als selbsternannter \u201eDorf-Patriot\u201c nicht falsch verstanden werden. Heimatliebe ist keineswegs verwerflich und hat nichts mit Nationalsozialismus zu tun. Wenn man durch die Stra\u00dfen unseres Heimatdorfes geht, versteht man leicht was ich wirklich meine.<\/p>\n<p><strong><img loading=\"lazy\" decoding=\"async\" class=\"alignleft wp-image-1490\" src=\"https:\/\/echta-derminga.de\/wp-content\/uploads\/2018\/06\/kuguivi-300x169.jpg\" alt=\"\" width=\"350\" height=\"197\" srcset=\"https:\/\/echta-derminga.de\/wp-content\/uploads\/2018\/06\/kuguivi-300x169.jpg 300w, https:\/\/echta-derminga.de\/wp-content\/uploads\/2018\/06\/kuguivi-768x432.jpg 768w, https:\/\/echta-derminga.de\/wp-content\/uploads\/2018\/06\/kuguivi-644x362.jpg 644w, https:\/\/echta-derminga.de\/wp-content\/uploads\/2018\/06\/kuguivi.jpg 800w\" sizes=\"auto, (max-width: 350px) 100vw, 350px\" \/>In unserem Dorf sind viele Menschen mit Migrationshintergrund l\u00e4ngst zu ECHTEN DERMINGA geworden. Da gibt es italienische Einwanderer, die mitgeholfen haben Deutschland wiederaufzubauen und deren Pizzen, ganz nebenbei, im ganzen Illtal bekannt sind. Wir freuen uns \u00fcber Dirmingens Supertalent mit italienischen Wurzeln und reden mit T\u00fcrken die das \u201eDerminga Platt\u201c besser als ihre eigene Heimatsprache verstehen. Wir jubeln \u00fcber die Tore von Dirminger Fu\u00dfballern die ihre Wurzeln im Kosovo liegen haben und wir kaufen unsere Getr\u00e4nke bei einem echten \u201eDerminga\u201c aus Sri Lanka. In Dirmingen kann man trotz Migrationshintergrund alles werden, sogar Arzt. Es spielt keine Rolle woher man kommt. Was ist also falsch an der vielzitierten Willkommenskultur? Ich finde: Nichts!<\/strong><\/p>\n<p><strong>Wenn man sich mit der Geschichte unseres Landes befasst, wird man schnell feststellen, dass wir alle nicht vorn hier sind! Im Laufe der Jahrhunderte gab es st\u00e4ndig ein Kommen und Gehen. Ein gro\u00dfes deutsches Institut hat mit Versuchspersonen einen bundesweiten Gentest durchgef\u00fchrt. Das Ergebnis ist verbl\u00fcffend. Die wenigsten Deutschen haben ihre tats\u00e4chlichen Wurzeln in ihrer heutigen Heimat. Sind wir nicht alle irgendwann einmal auf der Flucht gewesen? Mein Revier ist letztlich auch dein Revier! \u00a0In Dirmingen gibt es seit dem Jahre 2016 ein gut funktionierendes und engagiertes Fl\u00fcchtlingsnetzwerk. Das Netzwerk leistet eine vorbildliche Arbeit. Dennoch haben auch wir, in unserem Heimatdorf, schon schlechte Erfahrungen mit Fl\u00fcchtlingen gemacht. Es gibt aber auch zahlreiche positive Beispiele! Genau das ist der Punkt: Wir sollten uns davor in Acht nehmen alles zu pauschalisieren. Vorurteile bringen keinem etwas!<\/strong><\/p>\n<p>Als ich an diesem Wochenende am evangelischen Gemeindehaus Dirmingen vorbeiging, sah ich wie ehrenamtliche Dirmingerinnen mit syrischen M\u00e4dchen malten. Ich ging ins Gemeindehaus und sah mir die Kunstwerke aus der N\u00e4he an. Ich sah in die Gesichter der M\u00e4dchen und sah ihre Dankbarkeit und die Freude an der Sache. <strong>Unsere Willkommenskultur kann nicht schlecht sein. Hier wird den Kindern eine echte Chance gegeben !\u00a0<\/strong>Wir alle haben unser Gl\u00fcck selbst in der Hand und k\u00f6nnen das Leben in unserem Dorf mitgestalten. Dabei spielt es keine Rolle von welcher Nation wir abstammen. Der Pass sagt nichts \u00fcber die Wertigkeit eines Menschen aus. Wir alle k\u00f6nnen bleiben, ein Zuhause finden und Zeichen setzen. <strong>Dies kann durch kleine Kinderfinger, noble Gesten oder gro\u00dfen Tatendrang entstehen.<\/strong><\/p>\n<p><strong><img loading=\"lazy\" decoding=\"async\" class=\"alignleft wp-image-1069\" src=\"https:\/\/echta-derminga.de\/wp-content\/uploads\/2018\/04\/CIMG0001-300x225.jpg\" alt=\"\" width=\"350\" height=\"263\" srcset=\"https:\/\/echta-derminga.de\/wp-content\/uploads\/2018\/04\/CIMG0001-300x225.jpg 300w, https:\/\/echta-derminga.de\/wp-content\/uploads\/2018\/04\/CIMG0001-768x576.jpg 768w, https:\/\/echta-derminga.de\/wp-content\/uploads\/2018\/04\/CIMG0001-644x483.jpg 644w, https:\/\/echta-derminga.de\/wp-content\/uploads\/2018\/04\/CIMG0001.jpg 800w\" sizes=\"auto, (max-width: 350px) 100vw, 350px\" \/>P\u00fcnktlich zur Fu\u00dfball-Weltmeisterschaft ist das Thema Integration auch in unserer Nationalmannschaft angekommen. Es stimmt, die Herren \u00d6zil und G\u00fcndogan haben sich mit ihrem Verhalten nicht gerade \u00fcberall Freunde gemacht. Vielmehr spaltet der Fall \u00d6zil\/G\u00fcndogan kurz vor dem ersten Gruppenspiel der deutschen Elf die Fu\u00dfball-Nation. <\/strong><\/p>\n<p><strong>Muss man wirklich, wie geschehen, die beiden Nationalspieler auspfeifen? Immerhin leben wir in einem freien Land und jeder muss wissen was er macht. Irgendwie spiegelt dieser Fall die derzeitige Situation in unserem Land.<\/strong><\/p>\n<p><strong>Ich w\u00fcnsche mir, dass die Fu\u00dfball-Weltmeisterschaft 2018 wieder zu einem Fest der Freundschaft wird. Ich w\u00fcnsche mir viele schwarz-rot-goldene Fahnen und einen Schuss sympathischen und gesunden Patriotismus.<\/strong><\/p>\n<p><strong>Nat\u00fcrlich w\u00fcnsche ich mir auch das unsere &#8222;Elf&#8220; den Titel verteidigt !<\/strong><\/p>\n<p>&nbsp;<\/p>\n","protected":false},"excerpt":{"rendered":"<p>\u201eWo am Render stand die Brauerei, wo man gerne trank das feine Sch\u00e4fer Br\u00e4u, wo man zog die halben in zwei Z\u00fcgen aus, da ist meine Heimat, da bin ich Zuhaus\u2018\u201c Als ich ein kleiner Junge war, schlenderte ich durch unser Dorf. Neben dem Anwesen \u201eJohne\u201c wurde gerade die Mauer neu betoniert. Ich ging zu der Mauer hin und ritzte<\/p>\n","protected":false},"author":1,"featured_media":1486,"comment_status":"closed","ping_status":"closed","sticky":false,"template":"","format":"standard","meta":{"_crdt_document":"","footnotes":""},"categories":[1,9,45],"tags":[5,300,301,297,298,299],"class_list":["post-1484","post","type-post","status-publish","format-standard","has-post-thumbnail","hentry","category-allgemein","category-dorfgetratsche","category-mein-fussball","tag-dirmingen","tag-dorf-patriot","tag-fluechtlinge","tag-fussball-wm-2018","tag-heimatliebe","tag-patriot"],"_links":{"self":[{"href":"https:\/\/echta-derminga.de\/index.php?rest_route=\/wp\/v2\/posts\/1484","targetHints":{"allow":["GET"]}}],"collection":[{"href":"https:\/\/echta-derminga.de\/index.php?rest_route=\/wp\/v2\/posts"}],"about":[{"href":"https:\/\/echta-derminga.de\/index.php?rest_route=\/wp\/v2\/types\/post"}],"author":[{"embeddable":true,"href":"https:\/\/echta-derminga.de\/index.php?rest_route=\/wp\/v2\/users\/1"}],"replies":[{"embeddable":true,"href":"https:\/\/echta-derminga.de\/index.php?rest_route=%2Fwp%2Fv2%2Fcomments&post=1484"}],"version-history":[{"count":5,"href":"https:\/\/echta-derminga.de\/index.php?rest_route=\/wp\/v2\/posts\/1484\/revisions"}],"predecessor-version":[{"id":1493,"href":"https:\/\/echta-derminga.de\/index.php?rest_route=\/wp\/v2\/posts\/1484\/revisions\/1493"}],"wp:featuredmedia":[{"embeddable":true,"href":"https:\/\/echta-derminga.de\/index.php?rest_route=\/wp\/v2\/media\/1486"}],"wp:attachment":[{"href":"https:\/\/echta-derminga.de\/index.php?rest_route=%2Fwp%2Fv2%2Fmedia&parent=1484"}],"wp:term":[{"taxonomy":"category","embeddable":true,"href":"https:\/\/echta-derminga.de\/index.php?rest_route=%2Fwp%2Fv2%2Fcategories&post=1484"},{"taxonomy":"post_tag","embeddable":true,"href":"https:\/\/echta-derminga.de\/index.php?rest_route=%2Fwp%2Fv2%2Ftags&post=1484"}],"curies":[{"name":"wp","href":"https:\/\/api.w.org\/{rel}","templated":true}]}}