{"id":14882,"date":"2023-03-26T12:28:51","date_gmt":"2023-03-26T11:28:51","guid":{"rendered":"https:\/\/echta-derminga.de\/?p=14882"},"modified":"2023-03-26T12:34:14","modified_gmt":"2023-03-26T11:34:14","slug":"in-sachen-ortsvorsteher-von-einer-aufbruchstimmung-einer-babbelschness-und-grossartigem-ehrenamtlichen-engagement","status":"publish","type":"post","link":"https:\/\/echta-derminga.de\/?p=14882","title":{"rendered":"In Sachen Ortsvorsteher: Von einer Aufbruchstimmung, einer &#8222;Babbelschness&#8220; und gro\u00dfartigem ehrenamtlichen Engagement"},"content":{"rendered":"\n<p class=\"has-medium-font-size wp-block-paragraph\"><strong>Liebe Mitb\u00fcrgerinnen und Mitb\u00fcrger, der Fr\u00fchling kommt nur schwerlich in Schwung. Wir alle sehnen uns nach angenehmeren Temperaturen, Sonne und frische Luft. Dies ist die Zeit, in der wir ans\u00e4en, was wir sp\u00e4ter ernten werden. Unsere Vereine sind mit den Planungen und Durchf\u00fchrungen der ersten festlichen Aktivit\u00e4ten besch\u00e4ftigt. In unserer Gemeinde finden die ersten Gro\u00dfveranstaltungen statt. Das 32. Figurentheater in Eppelborn hat auch zahlreiche Menschen aus unserem Heimatort begeistert. Der Kulturverein Dirmingen, der als Dachorganisation unserer Vereinslandschaft fungiert, hatte zu seine Vereinswanderung eingeladen. Beim Wandern durch unsere sch\u00f6ne Landschaft wurden Pl\u00e4ne geschmiedet, Probleme diskutiert und Zusammenhalt gepflegt. W\u00e4hrenddessen fand in Dirmingen die erste Fr\u00fchlingswanderung des Vereins IlltalerLand statt.<\/strong> <strong>Ich werde das Gef\u00fchl nicht los, dass uns alle eine gewisse Aufbruchstimmung ergreift.<\/strong><\/p>\n\n\n\n<p class=\"has-medium-font-size wp-block-paragraph\"><strong>FR\u00dcHLING auf FINKENRECH &#8211; TICKETS in meinem OV -B\u00fcro!<\/strong><\/p>\n\n\n\n<p class=\"has-medium-font-size wp-block-paragraph\">Gro\u00dfe Saisoner\u00f6ffnung am 22. und 23. April 2023! Rund 65 H\u00e4ndler bieten samstags und sonntags zwischen 11.00 und 18.00 Uhr auf dem gro\u00dfen Fr\u00fchlingsmarkt alles rund um den Garten, aber auch Handwerkskunst und lokale Spezialit\u00e4ten an. Au\u00dferdem wird mit zahlreichen kulinarischen Leckereien aus der Region bestens f\u00fcr Ihr leibliches Wohl gesorgt. Am Samstag finden Live-Auftritte der Bands &#8222;Blade\u00b4s Inn&#8220; und &#8222;Mr.B&amp;Me&#8220; auf der Festplatz-B\u00fchne statt. Der sonnt\u00e4gliche Fr\u00fchschoppen beginnt mit dem &#8222;Musikverein Bubach-Calmesweiler&#8220;, bevor am Nachmittag die Band &#8222;SoLexx&#8220; f\u00fcr gute Stimmung sorgt. Auch f\u00fcr die &#8222;kleinen Besucher&#8220; gibt es mit einem Bastel-Programm, Kinderschminken, dem barrierefreien Spielplatz mit Barfu\u00dfpfad und dem ge\u00f6ffneten Tiergehege einiges zu erleben. Tickets sind zum Preis von 4 \u20ac erh\u00e4ltlich und \u00fcber den kompletten Veranstaltungstag g\u00fcltig. F\u00fcr Kinder bis 12 Jahre kann ein kostenfreies Ticket gebucht werden. F\u00fcr alle, die keine M\u00f6glichkeit haben, online zu buchen, gibt es eine Vorverkaufsstelle im Ortsvorsteherb\u00fcro in Dirmingen bei Frank Klein, immer mittwochs von 18.00 bis 19.30 Uhr. Anschrift Ortsvorsteherb\u00fcro: Marktplatz 8, Dirmingen (im evangelischen Gemeindehaus)<\/p>\n\n\n<div class=\"wp-block-image\">\n<figure class=\"aligncenter size-full\"><img loading=\"lazy\" decoding=\"async\" width=\"680\" height=\"510\" src=\"https:\/\/echta-derminga.de\/wp-content\/uploads\/2023\/03\/337080027_1217562755569050_8536809804098390770_n.jpg\" alt=\"\" class=\"wp-image-14901\" srcset=\"https:\/\/echta-derminga.de\/wp-content\/uploads\/2023\/03\/337080027_1217562755569050_8536809804098390770_n.jpg 680w, https:\/\/echta-derminga.de\/wp-content\/uploads\/2023\/03\/337080027_1217562755569050_8536809804098390770_n-300x225.jpg 300w\" sizes=\"auto, (max-width: 680px) 100vw, 680px\" \/><\/figure>\n<\/div>\n\n\n<p class=\"has-medium-font-size wp-block-paragraph\"><strong>Danke f\u00fcr das Ehrenamt \u2013 Gl\u00fcckwunsch und Danksagung in der DRK-Begegnungsst\u00e4tte<\/strong><\/p>\n\n\n\n<p class=\"has-medium-font-size wp-block-paragraph\">In der vergangenen Woche folgte ich gerne der Einladung der DRK-Begegnungsst\u00e4tte in den Nebenraum der Borrwieshalle. Mit Christa Kraus und Dr. Hani Hweidi wurden zwei verdiente Ehrenamtler des DRK Dirmingen geehrt. Christa Kraus \u00fcbergab nach 15- j\u00e4hriger T\u00e4tigkeit die Leitung des Seniorentreffs an Marianne Schaly, Gabi Ballof und Benno Fries. Liebe Christa, vielen Dank f\u00fcr das Ehrenamt. Dr. Hani Hweidi wurde am 09. M\u00e4rz von Bundespr\u00e4sident Frank Walter Steinmeier mit dem Bundesverdienstkreuz ausgezeichnet. Lieber Dr. Hani Hweidi, vielen Dank f\u00fcr das Ehrenamt und herzlichen Gl\u00fcckwunsch zu dieser verdienten Auszeichnung. Christa Kraus und Hani Hweidi haben viel f\u00fcr das Ehrenamt und die Menschen in unserer Heimat geleistet. Bei meinem Besuch \u00fcberbrachte ich neben meinen pers\u00f6nlichen Gl\u00fcckw\u00fcnschen auch die Gr\u00fc\u00dfe des B\u00fcrgermeisters Dr. Andreas Feld des Ortsrates. Unser B\u00fcrgermeister Dr. Andreas Feld und Landrat S\u00f6ren Meng werden in K\u00fcrze ihre pers\u00f6nlichen Gratulationen an Dr. Hani Hweidi folgen lassen. Die DRK-Begegnungsst\u00e4tte bildet einmal im Monat eine wichtige Anlaufstelle f\u00fcr Seniorinnen und Senioren. Ich w\u00fcnsche den drei neuen Verantwortlichen Marianne Schaly, Gabi Ballof und Benno Fries alles erdenklich Gute und viel Gl\u00fcck. F\u00fcr den Dirminger Benno Fries ist es neben seiner T\u00e4tigkeit als Seniorenbeauftragter der Gemeinde Eppelborn ein weiteres wichtiges Ehrenamt.<\/p>\n\n\n<div class=\"wp-block-image\">\n<figure class=\"aligncenter size-large\"><img loading=\"lazy\" decoding=\"async\" width=\"700\" height=\"411\" src=\"https:\/\/echta-derminga.de\/wp-content\/uploads\/2023\/03\/336881603_915996552883438_1500757796681848970_n-700x411.jpg\" alt=\"\" class=\"wp-image-14899\" srcset=\"https:\/\/echta-derminga.de\/wp-content\/uploads\/2023\/03\/336881603_915996552883438_1500757796681848970_n-700x411.jpg 700w, https:\/\/echta-derminga.de\/wp-content\/uploads\/2023\/03\/336881603_915996552883438_1500757796681848970_n-300x176.jpg 300w, https:\/\/echta-derminga.de\/wp-content\/uploads\/2023\/03\/336881603_915996552883438_1500757796681848970_n-768x451.jpg 768w, https:\/\/echta-derminga.de\/wp-content\/uploads\/2023\/03\/336881603_915996552883438_1500757796681848970_n.jpg 1531w\" sizes=\"auto, (max-width: 700px) 100vw, 700px\" \/><\/figure>\n<\/div>\n\n\n<p class=\"has-medium-font-size wp-block-paragraph\"><strong>32. Figurentheater in Eppelborn begeistert auch Menschen aus Dirmingen<\/strong><\/p>\n\n\n\n<p class=\"has-medium-font-size wp-block-paragraph\">Mit der gro\u00dfartigen Er\u00f6ffnungsveranstaltung des &#8222;marotte \u2013 Figurentheater Karlsruhe&#8220; und ihrer Version des Romans von Karl Mays Winnetou \u2013 Der Schatz im Silbersee startete die Festivalwoche zu den 32. Eppelborner Figurentheater-Tagen. Im Laufe der Festwoche wurden die Zuschauer von weitere gro\u00dfartigen Veranstaltungen begeistert. Am Samstag, dem 25. M\u00e4rz 2023 endete die Festwoche mit der gro\u00dfen Abschlussveranstaltung im \u201ebig Eppel\u201c. Den Freunden des Figurentheaters wurde auch in diesem Jahr ein abwechslungsreiches und interessantes Programm angeboten. Das Kulturamt der Gemeinde Eppelborn leistete eine sehr gute Vorarbeit. B\u00fcrgermeister Andreas Feld freute sich bei der Auftaktveranstaltung im big Eppel, \u00fcber den Besuch von zahlreichen Zuschauerinnen und Zuschauern, Frau B\u00fcrgermeisterin a.D., Birgit M\u00fcller-Closset und den Ortsvorstehern aus der Gemeinde Eppelborn. Nat\u00fcrlich bin ich gerne der Einladung der Gemeindeverwaltung gefolgt. Insgesamt wurden 16 Auff\u00fchrungen, darunter auch eine in der Dirminger Borrwieshalle, dem Publikum angeboten. B\u00fcrgermeister Feld bedankte sich bei den engagierten F\u00f6rderern und Sponsoren des Festivals, die seit vielen Jahren das Festival unterst\u00fctzen. Ohne deren Unterst\u00fctzung sei ein solches Event nicht durchzuf\u00fchren, betonte der Verwaltungschef abschlie\u00dfend.<\/p>\n\n\n\n<div class=\"wp-block-columns is-layout-flex wp-container-core-columns-is-layout-8f761849 wp-block-columns-is-layout-flex\">\n<div class=\"wp-block-column is-layout-flow wp-block-column-is-layout-flow\">\n<figure class=\"wp-block-image size-full\"><img loading=\"lazy\" decoding=\"async\" width=\"585\" height=\"439\" src=\"https:\/\/echta-derminga.de\/wp-content\/uploads\/2023\/03\/Figurentheatertage-3.jpg\" alt=\"\" class=\"wp-image-14895\" srcset=\"https:\/\/echta-derminga.de\/wp-content\/uploads\/2023\/03\/Figurentheatertage-3.jpg 585w, https:\/\/echta-derminga.de\/wp-content\/uploads\/2023\/03\/Figurentheatertage-3-300x225.jpg 300w\" sizes=\"auto, (max-width: 585px) 100vw, 585px\" \/><\/figure>\n<\/div>\n\n\n\n<div class=\"wp-block-column is-layout-flow wp-block-column-is-layout-flow\">\n<figure class=\"wp-block-image size-full\"><img loading=\"lazy\" decoding=\"async\" width=\"565\" height=\"424\" src=\"https:\/\/echta-derminga.de\/wp-content\/uploads\/2023\/03\/Figurentheatertage-1.jpg\" alt=\"\" class=\"wp-image-14896\" srcset=\"https:\/\/echta-derminga.de\/wp-content\/uploads\/2023\/03\/Figurentheatertage-1.jpg 565w, https:\/\/echta-derminga.de\/wp-content\/uploads\/2023\/03\/Figurentheatertage-1-300x225.jpg 300w\" sizes=\"auto, (max-width: 565px) 100vw, 565px\" \/><\/figure>\n<\/div>\n<\/div>\n\n\n\n<p class=\"has-medium-font-size wp-block-paragraph\"><strong>Ostereiersuchen im Br\u00fchlpark<\/strong><\/p>\n\n\n\n<p class=\"has-medium-font-size wp-block-paragraph\">Nach dem gro\u00dfartigen Erfolg des letzten Jahres, werden wir auch zu diesem Osterfest das Ostereiersuchen im Br\u00fchlpark durchf\u00fchren. An meiner Seite steht der Kulturverein Dirmingen und die SPD Dirmingen. Gemeinsam werden wir am Ostersamstag, 08. April um 14:00 Uhr eine Suchaktion im neugestalteten Br\u00fchlpark f\u00fcr alle Kinder und Familien durchf\u00fchren. Die Teilnahme an dieser Veranstaltung ist kostenlos. F\u00fcr Essen und Trinken wird bestens gesorgt sein. Freuen Sie sich auf einen gem\u00fctlichen Familiennachmittag im Dirminger Br\u00fchlpark.<\/p>\n\n\n\n<p class=\"has-medium-font-size wp-block-paragraph\"><strong>IlltalerLand wanderte durch Dirmingen<\/strong><\/p>\n\n\n\n<p class=\"has-medium-font-size wp-block-paragraph\">Der Verein IlltalerLand wertet seit Jahren durch seine kulturellen Veranstaltungen und Wanderungen unsere Gemeinde enorm auf. Am Samstag, 25. M\u00e4rz fand eine weitere Fr\u00fchlingswanderung, vom Dirminger Kleinfeld beginnend, durch Dirmingen statt. Anschlie\u00dfend wurde den Wanderern eine saftige, leckere Suppe serviert. Unser TV 04 Dirmingen stellt dankenswerterweise das Kleinspielfeld zur Verf\u00fcgung und unterst\u00fctze bei den Auf -und Abbauarbeiten. B\u00fcrgermeister Andreas Feld begr\u00fc\u00dfte die Wanderer und dankte dem Verein IlltalerLand f\u00fcr sein Engagement. Ich pers\u00f6nlich habe den Mitgliedern des IlltalerLand erneut meine Unterst\u00fctzung zugesagt. Eine enge Zusammenarbeit bringt beiden Seiten viel Nutzen. Immerhin verf\u00fcgt Dirmingen \u00fcber die gr\u00f6\u00dfte Gemarkung unserer Gemeinde Eppelborn und somit auch \u00fcber viel Wanderfl\u00e4che. Von daher ist eine enge Zusammenarbeit mit dem IlltalerLand nicht nur w\u00fcnschenswert, sondern auch dringend notwendig. Ich danke dem Verein und den Machern f\u00fcr die vielen individuellen Ideen, von denen wir am Ende alle profitieren.<\/p>\n\n\n\n<div class=\"wp-block-columns is-layout-flex wp-container-core-columns-is-layout-8f761849 wp-block-columns-is-layout-flex\">\n<div class=\"wp-block-column is-layout-flow wp-block-column-is-layout-flow\">\n<figure class=\"wp-block-image size-large\"><img loading=\"lazy\" decoding=\"async\" width=\"700\" height=\"635\" src=\"https:\/\/echta-derminga.de\/wp-content\/uploads\/2023\/03\/337043380_5934531393269163_4247836480679605517_n-700x635.jpg\" alt=\"\" class=\"wp-image-14892\" srcset=\"https:\/\/echta-derminga.de\/wp-content\/uploads\/2023\/03\/337043380_5934531393269163_4247836480679605517_n-700x635.jpg 700w, https:\/\/echta-derminga.de\/wp-content\/uploads\/2023\/03\/337043380_5934531393269163_4247836480679605517_n-300x272.jpg 300w, https:\/\/echta-derminga.de\/wp-content\/uploads\/2023\/03\/337043380_5934531393269163_4247836480679605517_n-768x696.jpg 768w, https:\/\/echta-derminga.de\/wp-content\/uploads\/2023\/03\/337043380_5934531393269163_4247836480679605517_n.jpg 826w\" sizes=\"auto, (max-width: 700px) 100vw, 700px\" \/><\/figure>\n<\/div>\n\n\n\n<div class=\"wp-block-column is-layout-flow wp-block-column-is-layout-flow\">\n<figure class=\"wp-block-image size-large\"><img loading=\"lazy\" decoding=\"async\" width=\"700\" height=\"510\" src=\"https:\/\/echta-derminga.de\/wp-content\/uploads\/2023\/03\/337137047_3537720346456144_4630652637674170075_n-700x510.jpg\" alt=\"\" class=\"wp-image-14893\" srcset=\"https:\/\/echta-derminga.de\/wp-content\/uploads\/2023\/03\/337137047_3537720346456144_4630652637674170075_n-700x510.jpg 700w, https:\/\/echta-derminga.de\/wp-content\/uploads\/2023\/03\/337137047_3537720346456144_4630652637674170075_n-300x219.jpg 300w, https:\/\/echta-derminga.de\/wp-content\/uploads\/2023\/03\/337137047_3537720346456144_4630652637674170075_n-768x560.jpg 768w, https:\/\/echta-derminga.de\/wp-content\/uploads\/2023\/03\/337137047_3537720346456144_4630652637674170075_n.jpg 960w\" sizes=\"auto, (max-width: 700px) 100vw, 700px\" \/><\/figure>\n<\/div>\n<\/div>\n\n\n\n<p class=\"has-medium-font-size wp-block-paragraph\"><strong>Vereinswanderung des Kulturvereins st\u00e4rkt Dorfgemeinschaft<\/strong><\/p>\n\n\n\n<p class=\"has-medium-font-size wp-block-paragraph\">Der Kulturverein Dirmingen ist als Dachorganisation unserer Vereinslandschaft wichtiges Bindeglied zwischen Vereinen, B\u00fcrgerinnen und B\u00fcrgern und der Kommunalpolitik. Der Vorsitzende Reimund Klein geht seit seiner Wahl einen transparenten Weg. Dabei ist es dem Vereinsvorsitzenden wichtig alle mitzunehmen und ein Zusammengeh\u00f6rigkeitsgef\u00fchl zu vermitteln. Genau darin liegt auch die Aufgabe eines Ortsvorstehers. Die diesj\u00e4hrige Vereinswanderung diente dem Zusammengeh\u00f6rigkeitsgef\u00fchl und der St\u00e4rkung des Vereins und der Dorfgemeinschaft. W\u00e4hrend der fast dreist\u00fcndigen Wanderung \u00fcber den \u201egro\u00dfen Elmersberg\u201c samt \u201eWanderkapelle\u201c und \u201eSteenrutsch\u201c wurden Pl\u00e4ne geschmiedet und Probleme gew\u00e4lzt. Abschlie\u00dfend wurde nach alter saarl\u00e4ndischer Tradition \u201eguud gess\u201c und gefeiert. Ich m\u00f6chte dem Verein und insbesondere seinem Vorstand ganz herzlich f\u00fcr die Aufwertung unseres Dorfes danken.<\/p>\n\n\n\n<div class=\"wp-block-columns is-layout-flex wp-container-core-columns-is-layout-8f761849 wp-block-columns-is-layout-flex\">\n<div class=\"wp-block-column is-layout-flow wp-block-column-is-layout-flow\">\n<figure class=\"wp-block-image size-large\"><img loading=\"lazy\" decoding=\"async\" width=\"700\" height=\"448\" src=\"https:\/\/echta-derminga.de\/wp-content\/uploads\/2023\/03\/337245267_579239710821149_1304884104172319670_n-700x448.jpg\" alt=\"\" class=\"wp-image-14885\" srcset=\"https:\/\/echta-derminga.de\/wp-content\/uploads\/2023\/03\/337245267_579239710821149_1304884104172319670_n-700x448.jpg 700w, https:\/\/echta-derminga.de\/wp-content\/uploads\/2023\/03\/337245267_579239710821149_1304884104172319670_n-300x192.jpg 300w, https:\/\/echta-derminga.de\/wp-content\/uploads\/2023\/03\/337245267_579239710821149_1304884104172319670_n-768x491.jpg 768w, https:\/\/echta-derminga.de\/wp-content\/uploads\/2023\/03\/337245267_579239710821149_1304884104172319670_n.jpg 1440w\" sizes=\"auto, (max-width: 700px) 100vw, 700px\" \/><\/figure>\n<\/div>\n\n\n\n<div class=\"wp-block-column is-layout-flow wp-block-column-is-layout-flow\">\n<figure class=\"wp-block-image size-large\"><img loading=\"lazy\" decoding=\"async\" width=\"700\" height=\"467\" src=\"https:\/\/echta-derminga.de\/wp-content\/uploads\/2023\/03\/337266600_239764151860456_2808391547809956964_n-1-1-700x467.jpg\" alt=\"\" class=\"wp-image-14890\" srcset=\"https:\/\/echta-derminga.de\/wp-content\/uploads\/2023\/03\/337266600_239764151860456_2808391547809956964_n-1-1-700x467.jpg 700w, https:\/\/echta-derminga.de\/wp-content\/uploads\/2023\/03\/337266600_239764151860456_2808391547809956964_n-1-1-300x200.jpg 300w, https:\/\/echta-derminga.de\/wp-content\/uploads\/2023\/03\/337266600_239764151860456_2808391547809956964_n-1-1-768x512.jpg 768w, https:\/\/echta-derminga.de\/wp-content\/uploads\/2023\/03\/337266600_239764151860456_2808391547809956964_n-1-1.jpg 960w\" sizes=\"auto, (max-width: 700px) 100vw, 700px\" \/><\/figure>\n<\/div>\n<\/div>\n\n\n<div class=\"wp-block-image\">\n<figure class=\"aligncenter size-large\"><img loading=\"lazy\" decoding=\"async\" width=\"700\" height=\"482\" src=\"https:\/\/echta-derminga.de\/wp-content\/uploads\/2023\/03\/337858827_127769450133693_2930298834619564330_n-700x482.jpg\" alt=\"\" class=\"wp-image-14888\" srcset=\"https:\/\/echta-derminga.de\/wp-content\/uploads\/2023\/03\/337858827_127769450133693_2930298834619564330_n-700x482.jpg 700w, https:\/\/echta-derminga.de\/wp-content\/uploads\/2023\/03\/337858827_127769450133693_2930298834619564330_n-300x207.jpg 300w, https:\/\/echta-derminga.de\/wp-content\/uploads\/2023\/03\/337858827_127769450133693_2930298834619564330_n-768x529.jpg 768w, https:\/\/echta-derminga.de\/wp-content\/uploads\/2023\/03\/337858827_127769450133693_2930298834619564330_n.jpg 1323w\" sizes=\"auto, (max-width: 700px) 100vw, 700px\" \/><\/figure>\n<\/div>\n\n\n<p class=\"has-medium-font-size wp-block-paragraph\"><strong>B\u00dcRGER es ist auch DEIN M\u00dcLL &#8211; &#8222;saarland-picobello&#8220; 2023 erfolgreich durchgef\u00fchrt<\/strong><\/p>\n\n\n\n<p class=\"has-medium-font-size wp-block-paragraph\">Vielen Dank an alle Helferinnen und Helfer, alle B\u00fcrgerinnen und B\u00fcrger, die Firma SYKO GmbH, die Jugendwehr des L\u00f6schbezirks Dirmingen, Mitglieder des Ortsrates, unsere KITA-Pusteblume, unsere Grundschule Wiesbach-Dirmingen und alle heimlichen Helferinnen und Helfer die gerne im Hintergrund agieren. Danke an die teilnehmenden Vereine. Am Ende beteiligten sich \u00fcber 30 Personen an der diesj\u00e4hrigen Sammelaktion in Dirmingen. Ja, es stimmt, in den letzten Jahren ist ein R\u00fcckgang bei den Teilnehmerzahlen erkennbar. Schade! Dennoch sind wir in Dirmingen mit unserem ehrenamtlichen Engagement zufrieden. Nach der Sammelaktion habe ich alle Helferinnen und Helfer zu einer Currywurst und k\u00fchlen Getr\u00e4nken eingeladen. Vielen Dank an die Familie Stefan Schneble f\u00fcr die Unterst\u00fctzung. Die Kosten f\u00fcr den Imbiss wurden gerne von mir \u00fcbernommen. Dabei bekamen wir f\u00fcr jeden Teilnehmer\/in von der Gemeinde Eppelborn einen Zuschuss!<\/p>\n\n\n\n<div class=\"wp-block-columns is-layout-flex wp-container-core-columns-is-layout-8f761849 wp-block-columns-is-layout-flex\">\n<div class=\"wp-block-column is-layout-flow wp-block-column-is-layout-flow\">\n<figure class=\"wp-block-image size-large\"><img loading=\"lazy\" decoding=\"async\" width=\"700\" height=\"405\" src=\"https:\/\/echta-derminga.de\/wp-content\/uploads\/2023\/03\/20230318_094045-700x405.jpg\" alt=\"\" class=\"wp-image-14842\" srcset=\"https:\/\/echta-derminga.de\/wp-content\/uploads\/2023\/03\/20230318_094045-700x405.jpg 700w, https:\/\/echta-derminga.de\/wp-content\/uploads\/2023\/03\/20230318_094045-300x174.jpg 300w, https:\/\/echta-derminga.de\/wp-content\/uploads\/2023\/03\/20230318_094045-768x444.jpg 768w, https:\/\/echta-derminga.de\/wp-content\/uploads\/2023\/03\/20230318_094045.jpg 1500w\" sizes=\"auto, (max-width: 700px) 100vw, 700px\" \/><\/figure>\n<\/div>\n\n\n\n<div class=\"wp-block-column is-layout-flow wp-block-column-is-layout-flow\">\n<figure class=\"wp-block-image size-large\"><img loading=\"lazy\" decoding=\"async\" width=\"700\" height=\"423\" src=\"https:\/\/echta-derminga.de\/wp-content\/uploads\/2023\/03\/20230317_151855-700x423.jpg\" alt=\"\" class=\"wp-image-14841\" srcset=\"https:\/\/echta-derminga.de\/wp-content\/uploads\/2023\/03\/20230317_151855-700x423.jpg 700w, https:\/\/echta-derminga.de\/wp-content\/uploads\/2023\/03\/20230317_151855-300x181.jpg 300w, https:\/\/echta-derminga.de\/wp-content\/uploads\/2023\/03\/20230317_151855-768x464.jpg 768w, https:\/\/echta-derminga.de\/wp-content\/uploads\/2023\/03\/20230317_151855.jpg 1400w\" sizes=\"auto, (max-width: 700px) 100vw, 700px\" \/><\/figure>\n<\/div>\n<\/div>\n\n\n\n<p class=\"has-medium-font-size wp-block-paragraph\"><strong>Einweihung des Dirminger Br\u00fchlparks<\/strong><\/p>\n\n\n\n<p class=\"has-medium-font-size wp-block-paragraph\">Am Samstag, 20. Mai 2023 findet die offizielle Einweihungsfeier des neugestalteten Br\u00fchlparks statt. Die Einweihungsfeier wird durch ein Bouleturnier und Live-Musik aufgewertet. W\u00e4hrend einer kleinen Feststunde wird der Park feierlich er\u00f6ffnet. Zu den Ehreng\u00e4ste geh\u00f6ren neben B\u00fcrgermeister Dr. Andreas Feld auch die G\u00f6nner und Sponsoren dieses Projekts. Der Bouleverein Dirmingen hat dankenswerterweise seine Unterst\u00fctzung zugesagt. Die Veranstaltung beginnt um 11:00 Uhr morgens. F\u00fcr gutes Essen und Trinken wird der Kulturverein Dirmingen sorgen. Herzliche Einladung an alle B\u00fcrgerinnen und B\u00fcrger.<\/p>\n\n\n\n<p class=\"has-medium-font-size wp-block-paragraph\"><strong>Liebe Mitb\u00fcrgerinnen und Mitb\u00fcrger, das Osterfest r\u00fcckt immer n\u00e4her und mit diesem Fest ein verl\u00e4ngertes, freies Wochenende. Ich m\u00f6chte Sie abschlie\u00dfend auf ein neues Projekt aufmerksam machen. An Ostern wird erstmals die &#8222;Derminga Babbelschness&#8220; online gehen. Neben meiner Wenigkeit werden die Dirminger Hans-Peter Hoffmann und der Vorsitzende des Heimat-und Verkehrsvereins Rainer Kiefer zum Erhalt der eigenen Mundart beitragen. Anhand Geschichte, Gedichten und Anekdoten im Dirminger Dialekt werden wir daf\u00fcr Sorge tragen, dass unsere Mundart nicht verloren geht. Ich m\u00f6chte ihnen dieses Format ans Herz legen. Die Videos sind auf dem YouTube Kanal &#8222;Echta Derminga&#8220; oder der Hompeage &#8222;Echta Derminga&#8220; zu finden. Viel Spa\u00df damit !<\/strong><\/p>\n\n\n\n<p class=\"has-medium-font-size wp-block-paragraph\">Ihr Ortsvorsteher<\/p>\n\n\n\n<p class=\"has-medium-font-size wp-block-paragraph\">Frank Klein <\/p>\n","protected":false},"excerpt":{"rendered":"<p>Liebe Mitb\u00fcrgerinnen und Mitb\u00fcrger, der Fr\u00fchling kommt nur schwerlich in Schwung. Wir alle sehnen uns nach angenehmeren Temperaturen, Sonne und frische Luft. Dies ist die Zeit, in der wir ans\u00e4en, was wir sp\u00e4ter ernten werden. Unsere Vereine sind mit den Planungen und Durchf\u00fchrungen der ersten festlichen Aktivit\u00e4ten besch\u00e4ftigt. In unserer Gemeinde finden die ersten Gro\u00dfveranstaltungen statt. Das 32. Figurentheater in<\/p>\n","protected":false},"author":1,"featured_media":14888,"comment_status":"open","ping_status":"closed","sticky":false,"template":"","format":"standard","meta":{"_crdt_document":"","footnotes":""},"categories":[1,812],"tags":[5,618,127,634,795,310],"class_list":["post-14882","post","type-post","status-publish","format-standard","has-post-thumbnail","hentry","category-allgemein","category-ortsvorsteher-dirmingen","tag-dirmingen","tag-gemeinde-eppelborn","tag-landkreis-neunkirchen","tag-ortsvorsteher","tag-ortsvorsteher-dirmingen","tag-saarland"],"_links":{"self":[{"href":"https:\/\/echta-derminga.de\/index.php?rest_route=\/wp\/v2\/posts\/14882","targetHints":{"allow":["GET"]}}],"collection":[{"href":"https:\/\/echta-derminga.de\/index.php?rest_route=\/wp\/v2\/posts"}],"about":[{"href":"https:\/\/echta-derminga.de\/index.php?rest_route=\/wp\/v2\/types\/post"}],"author":[{"embeddable":true,"href":"https:\/\/echta-derminga.de\/index.php?rest_route=\/wp\/v2\/users\/1"}],"replies":[{"embeddable":true,"href":"https:\/\/echta-derminga.de\/index.php?rest_route=%2Fwp%2Fv2%2Fcomments&post=14882"}],"version-history":[{"count":9,"href":"https:\/\/echta-derminga.de\/index.php?rest_route=\/wp\/v2\/posts\/14882\/revisions"}],"predecessor-version":[{"id":14904,"href":"https:\/\/echta-derminga.de\/index.php?rest_route=\/wp\/v2\/posts\/14882\/revisions\/14904"}],"wp:featuredmedia":[{"embeddable":true,"href":"https:\/\/echta-derminga.de\/index.php?rest_route=\/wp\/v2\/media\/14888"}],"wp:attachment":[{"href":"https:\/\/echta-derminga.de\/index.php?rest_route=%2Fwp%2Fv2%2Fmedia&parent=14882"}],"wp:term":[{"taxonomy":"category","embeddable":true,"href":"https:\/\/echta-derminga.de\/index.php?rest_route=%2Fwp%2Fv2%2Fcategories&post=14882"},{"taxonomy":"post_tag","embeddable":true,"href":"https:\/\/echta-derminga.de\/index.php?rest_route=%2Fwp%2Fv2%2Ftags&post=14882"}],"curies":[{"name":"wp","href":"https:\/\/api.w.org\/{rel}","templated":true}]}}