{"id":14905,"date":"2023-03-26T13:24:34","date_gmt":"2023-03-26T12:24:34","guid":{"rendered":"https:\/\/echta-derminga.de\/?p=14905"},"modified":"2023-03-26T13:34:12","modified_gmt":"2023-03-26T12:34:12","slug":"am-beispiel-dirmingen-in-den-beiden-weltkriegen-was-macht-der-krieg-in-europa-mit-uns","status":"publish","type":"post","link":"https:\/\/echta-derminga.de\/?p=14905","title":{"rendered":"Am Beispiel &#8222;Dirmingen in den beiden Weltkriegen&#8220; &#8211; Was macht der Krieg in Europa mit uns ?"},"content":{"rendered":"\n<p class=\"has-medium-font-size wp-block-paragraph\"><strong>Seit \u00fcber einem Jahr tobt die kriegerische Auseinandersetzung in der Ukraine. Ich habe mir einmal die Frage gestellt, was dieser Krieg mit uns macht. Was bewirkt er in uns und wie gehen wir damit um? Viele von uns verbinden mit dem Kriegsbeginn in der Ukraine die oft zitierte Zeitenwende. Dabei ist der Konflikt in der Ukraine nicht der einzige Krieg, der auf dieser Welt gef\u00fchrt wird. Neben dem Krieg in der Ukraine finden beispielsweise auch im S\u00fcdsudan, in Syrien oder auch im Jemen kriegerische Handlungen statt.<\/strong> <strong>Jeder geht auf seine ureigeneweise mit diesem Krieg um. W\u00e4hrend die kriegerischen Auseinandersetzungen mitten in Europa den einen Angst bereiten, schieben Andere ihre Sorgen einfach beiseite.<\/strong><\/p>\n\n\n\n<p class=\"has-medium-font-size wp-block-paragraph\">Wir leben in Zeiten in denen sich ein gewisser Weltschmerz ausbreitet. Gen\u00e4hrt wird dieser Schmerz von einer Wirtschaft -und Energiekrise. &nbsp;Wir f\u00fchlen uns machtlos, w\u00fctend und nat\u00fcrlich haben wir auch Angst vor einer nuklearen Katastrophe. Dabei ist dieser Krieg in erster Linie ein Angriff auf die Menschen in der Ukraine. Ganz gleich wer Recht oder auch Unrecht hat, derjenige der Gewalt als Mittel w\u00e4hlt, hat aus meiner Sicht immer verloren. In Europa herrschte fast 80 Jahre lang Frieden. Das ist nun vorbei! Was macht das mit uns und wie gehen wir mit dieser Angst um? Wir alle verfallen in einen gewissen Pessimismus. Beim genaueren Blick auf die Dinge sehen wir nur noch schwarz oder wei\u00df. Die gesunde Mitte haben wir l\u00e4ngst aus den Augen verloren. Wir f\u00fchlen uns ohnm\u00e4chtig und sind verzweifelt. In unserer Not f\u00fchlen wir uns verlassen und im Stich gelassen.<\/p>\n\n\n\n<p class=\"has-medium-font-size wp-block-paragraph\"><strong>Eigentlich gab es auf diesem Planeten nie einen weltweiten Frieden. Irgendwo wurde immer gek\u00e4mpft. Dabei ging es wie immer um Politik, Macht oder Glauben und Religion. Die Dinge haben sich kaum ver\u00e4ndert, sondern bestenfalls verschoben. Krieg ist Krieg. Am Ende leidet immer die Bev\u00f6lkerung. Zivilisten sterben und Millionen von Eltern verlieren ihre S\u00f6hne. Das Ganze nur um die Eitelkeiten irgendwelcher machtgierigen Menschen zu stillen. Was w\u00fcrden wir tun, wenn es heute in unserem Land losginge ? W\u00fcrdet wir unser Heimatland nach einem Angriff verteidigen? W\u00fcrdet ihr fliehen? Was w\u00fcrdet ihr tun?<\/strong><\/p>\n\n\n<div class=\"wp-block-image\">\n<figure class=\"aligncenter size-large\"><img loading=\"lazy\" decoding=\"async\" width=\"700\" height=\"393\" src=\"https:\/\/echta-derminga.de\/wp-content\/uploads\/2023\/03\/Krieg-700x393.jpg\" alt=\"\" class=\"wp-image-14911\" srcset=\"https:\/\/echta-derminga.de\/wp-content\/uploads\/2023\/03\/Krieg-700x393.jpg 700w, https:\/\/echta-derminga.de\/wp-content\/uploads\/2023\/03\/Krieg-300x169.jpg 300w, https:\/\/echta-derminga.de\/wp-content\/uploads\/2023\/03\/Krieg-768x432.jpg 768w, https:\/\/echta-derminga.de\/wp-content\/uploads\/2023\/03\/Krieg.jpg 1000w\" sizes=\"auto, (max-width: 700px) 100vw, 700px\" \/><figcaption class=\"wp-element-caption\">80 Jahre nach dem 2. Weltkrieg- letzte sichtbare Zeichen der Kriegswirren in Dirmingen<\/figcaption><\/figure>\n<\/div>\n\n\n<p class=\"has-medium-font-size wp-block-paragraph\"><strong>Krieg ist etwas Furchtbares. Krieg ist immer anders und wird auf viele Arten gef\u00fchrt. Die Menschen in unserem Heimatort Dirmingen haben in den beiden Weltkriegen schreckliches erlebt. Die Ereignisse in Dirmingen vor \u00fcber 80 Jahren mit den Geschehnissen in der Ukraine aufzuwiegen oder zu vergleichen ist unm\u00f6glich. Dennoch k\u00f6nnte uns ein Blick auf die eigene Vergangenheit helfen zu verstehen.<\/strong><\/p>\n\n\n\n<p class=\"has-medium-font-size wp-block-paragraph\"><strong>Zeitensprung:<\/strong> In den beiden Weltkriegen war es f\u00fcr die Soldaten eine Ehrensache f\u00fcr das eigene Vaterland zu sterben. Stimmt das? Wer verliert schon gerne sein Leben f\u00fcr eine Fahne oder ein Land. Patriotismus wurde in den beiden vorherigen Weltkriegen gro\u00dfgeschrieben. Heute verteidigen die Menschen in der Ukraine ihr Heimatland und sterben auch f\u00fcr ihre Familien. Am Ende ist es jedoch immer das Gleiche. Wir ziehen in den Krieg f\u00fcr unser Vaterland. Wer nicht mit uns ist, ist gegen uns.<\/p>\n\n\n\n<p class=\"has-medium-font-size wp-block-paragraph\"><strong>Dirmingen z\u00e4hlt heute fast 3000 Einwohnern. Im zweiten Weltkrieg lebten ca. 2400 Menschen in unseren Dorf. Dabei waren dies zur H\u00e4lfte Katholiken und Protestanten. Unser Heimatort hat im Verlaufe des 2. Weltkrieges mehr als die meisten anderen Landgemeinden im ehemaligen Kreis Ottweiler gelitten. Am Ende war unser Dorf die schwerbesch\u00e4digste Landgemeinde unserer Region. Wie viele Verluste an Menschen, H\u00e4user und Material innerhalb der Kriegsjahre tats\u00e4chlich entstanden, ist nur schwierig zu rekonstruieren. Eine vorliegende Statistik beruht auf pers\u00f6nlichen Recherchen und verschiedener Zeugenaussagen oder Tagebuchaufzeichnungen. Vom ersten feindlichen \u00dcberflug im Juni 1942 bis zum Einzug der amerikanischen Truppen am 18. M\u00e4rz 1945 fanden insgesamt 23 Fliegerangriffe auf Dirmingen statt. Dabei sind alle Angriffe auf Dirminger Bann, Flur und bewohnte Bereiche einbegriffen. Wenn man sich vor Augen f\u00fchrt, dass Dirmingen aus milit\u00e4rischer und strategischer Sicht eine eher untergeordnete Rolle spielte, sind das verdammt viele Luftangriffe. W\u00e4hrend dieser 23 Luftangriffen wurden insgesamt 33 Menschen get\u00f6tet, davon 16 Dirminger B\u00fcrger\/innen und 17 Menschen die zum Teil nach Dirmingen evakuiert wurden oder gerade den im Ort befindlichen Truppen angeh\u00f6rten. Am Ende wurden 15 Geb\u00e4ude zerst\u00f6rt, 18 Geb\u00e4ude wurden bis zu 50- 80 % massiv besch\u00e4digt und etwa 200 Geb\u00e4ude von ca.10- 30 Prozent in Mitleidenschaft gezogen. Das Dorf z\u00e4hlte vor Beginn des 2. Weltkrieges etwa 400 Wohnh\u00e4user, ohne die vorhandenen Scheunen, Stallungen Getreideschuppen und \u00d6konomiegeb\u00e4uden. Insgesamt fielen in unserem Heimatort, im zweiten Weltkrieg, 90 Mann und 50 vermisste M\u00e4nner (Soldaten) dem Krieg zum Opfer. Schwerverwundete mit einer Besch\u00e4digung von mehr als 50 Prozent hat Dirmingen 9 M\u00e4nner. Insgesamt haben 92 Kinder ihren Vater verloren und gelten demnach als Halbwaise. Dabei kommen zu diesen Zahlen noch die Opfer der Fliegerangriffe auf Dirmingen.<\/strong><\/p>\n\n\n\n<p class=\"has-medium-font-size wp-block-paragraph\"><strong>Der 11.Mai.1944 war ein Donnerstag. An diesem Tag brachte die \u201cOperation No. 351\u2033 unserer Dorfgemeinschaft gro\u00dfes Leid. Ziel der \u201eOperation No. 351\u201c war die Bombardierung der Verschiebebahnh\u00f6fe in Br\u00fcssel, L\u00fcttich, Konz-Karthaus, Luxemburg, V\u00f6lklingen \u2013 und Saarbr\u00fccken. Insgesamt 608 viermotorige Bomber vom Typ B-17 \u00bbFlying Fortress\u00ab starten zwischen 15.00 Uhr und 15.45 Uhr von ihren Flugpl\u00e4tzen in Ost- und S\u00fcdostengland. Die damaligen Kriegsberichterstatter berichtet: \u201e\u2026 zunehmend schlechter werdende Sichtverh\u00e4ltnisse \u00fcber der Stadt, stellenweiser Bodendunst und die Saarbr\u00fccker Flak erschweren den einfliegenden B-17 jedoch die genaue Zielerfassung.\u201c Die Alliierten hatten es schwer und am Ende waren sie nur noch mit 21 Maschinen \u00fcber Saarbr\u00fccken pr\u00e4sent. Nach Abbruch der\u201c Operation No. 351\u201c werfen 16 Flieger ihre Bombenlast \u00fcber V\u00f6lklingen ab, die \u00fcbrigen B-17 lassen ihre Bomben sp\u00e4ter irgendwo auf dem R\u00fcckflug fallen.<\/strong> <strong>Sp\u00e4ter irgendwo auf dem R\u00fcckflug fallen! Irgendwo, war an diesem Tag auch in Dirmingen. An diesem Schicksalstag mussten 11 Bewohner ihr Leben lassen. Unter den Opfern befand sich damals auch ein 2-j\u00e4hriges Kleinkind.<\/strong><\/p>\n\n\n\n<div class=\"wp-block-columns is-layout-flex wp-container-core-columns-is-layout-8f761849 wp-block-columns-is-layout-flex\">\n<div class=\"wp-block-column is-layout-flow wp-block-column-is-layout-flow\">\n<figure class=\"wp-block-image size-full\"><img loading=\"lazy\" decoding=\"async\" width=\"597\" height=\"521\" src=\"https:\/\/echta-derminga.de\/wp-content\/uploads\/2020\/05\/dirmingen1444.jpg\" alt=\"\" class=\"wp-image-6113\" srcset=\"https:\/\/echta-derminga.de\/wp-content\/uploads\/2020\/05\/dirmingen1444.jpg 597w, https:\/\/echta-derminga.de\/wp-content\/uploads\/2020\/05\/dirmingen1444-300x262.jpg 300w\" sizes=\"auto, (max-width: 597px) 100vw, 597px\" \/><\/figure>\n<\/div>\n\n\n\n<div class=\"wp-block-column is-layout-flow wp-block-column-is-layout-flow\">\n<figure class=\"wp-block-image size-full\"><img loading=\"lazy\" decoding=\"async\" width=\"623\" height=\"403\" src=\"https:\/\/echta-derminga.de\/wp-content\/uploads\/2020\/05\/1-1.jpg\" alt=\"\" class=\"wp-image-6112\" srcset=\"https:\/\/echta-derminga.de\/wp-content\/uploads\/2020\/05\/1-1.jpg 623w, https:\/\/echta-derminga.de\/wp-content\/uploads\/2020\/05\/1-1-300x194.jpg 300w\" sizes=\"auto, (max-width: 623px) 100vw, 623px\" \/><figcaption class=\"wp-element-caption\">2. Weltkrieg in Dirmingen &#8211; Bilder nach den Luftangriffen.<\/figcaption><\/figure>\n<\/div>\n<\/div>\n\n\n\n<p class=\"has-medium-font-size wp-block-paragraph\"><strong>Unsere Dorfchronik berichtet vom 18. M\u00e4rz 1945:<\/strong><\/p>\n\n\n\n<blockquote class=\"wp-block-quote is-layout-flow wp-block-quote-is-layout-flow\">\n<p class=\"wp-block-paragraph\"><strong>\u201eDie Nacht vom 17.zum 18.03. schlief niemand, Dauerschie\u00dfen von Artillerie. Den ganzen Tag im Stollen. Um 14:00 Uhr wird der Volkssturm alarmiert. Panzersperre schlie\u00dfen. Volkssturm kommt nicht dazu. 15:00 Uhr: Die H\u00f6lle ist los. Dirmingen bekommt die n\u00e4chsten Treffer. Um halb 16:00 Uhr wurde das Gemeindehaus (Feuerwehrger\u00e4tehaus brennt) lichterloh getroffen, ebenfalls das Anwesen von Heinrich Heintz (Landwirt) brennt. Um 16:30 Uhr einzelne deutsche Truppen auf Autos kommen vom Westen und ziehen nach Osten ab. 17:00 Uhr: amerikanische Truppen ziehen in Dirmingen ein. Auf die zur\u00fcckziehenden deutschen Truppen wird geschossen, einige werden t\u00f6dlich getroffen. Ein Dirminger B\u00fcrger wird ebenfalls erschossen\u201c.<\/strong><\/p>\n<cite>Dorfchronik<\/cite><\/blockquote>\n\n\n\n<p class=\"has-medium-font-size wp-block-paragraph\"><strong>Diese schmerzlichen Verluste und Sch\u00e4den waren f\u00fcr die Dorfbev\u00f6lkerung verheerend. Geh\u00f6rt es sich \u00fcberhaupt, diese historischen Ereignisse mit den aktuellen Kriegshandlungen in der Ukraine zu vergleichen ? Welches Leid wiegt mehr ? Ich glaube schon, dass man den Finger in diese historische Wunde legen und dazu mahnenden Worte finden sollte. Warum aber traf es eigentlich so oft Dirmingen? Wahrscheinlich hatte es mit der Bahnverbindung und der milit\u00e4rischen Versorgung der eigenen Truppen zu tun. Nachweislich standen auf dem Bonhof auch verschiedene Flaggs, die in regelm\u00e4\u00dfigen Abst\u00e4nden auf der Bahnstrecke verschoben wurden. Aufgrund seiner Lage verliefen viele Liefer- und Fluchtwege der Nationssozialisten durch unseren Heimatort.<\/strong><\/p>\n\n\n\n<p class=\"has-medium-font-size wp-block-paragraph\">\u00dcbrigens, auch der 1. Weltkrieg riss tiefe Wunden in unser Dorf. Mit Kriegsbeginn im Jahre 1914 bis zum Ende des Krieges im Jahre 1918 hatte Dirmingen 42 Gefallene zu beklagen. Dazu kamen 7 Vermisste so das am Ende der Kriegswirren 49 Mann nicht mehr nachhause zur\u00fcckkehrten. Dieser Krieg fand \u00fcberwiegend an der Front statt. Habt ihr den Oscarnominierten Film &#8222;im Westen nichts Neues&#8220; gesehen ? Habt ihr schonmal die Schlachtfelder von Verdun besucht ? Das sollte man beides schon einmal gemacht haben. Auf eindrucksvolle Art und Weise wird das Kriegsgeschehene und die Grausamkeit des 1 Weltkrieges gezeigt. Gerade f\u00fcr die j\u00fcngere Generation sollten diese historischen Erinnerungspfeiler zu Eckpunkten der Erziehung geh\u00f6ren. Am Ende des 1. Weltkrieges waren  in der Zivilbev\u00f6lkerung erheblich weniger Menschenopfer zu beklagen.<\/p>\n\n\n\n<p class=\"has-medium-font-size wp-block-paragraph\"><strong>Unsere M\u00fctter und V\u00e4ter, unsere Vorfahren und Landsleute haben in beiden Weltkriegen f\u00fcrchterliches erlebt. Kann und sollte man das Leid gegeneinander aufwiegen ? Nein ! Ein Vergleich kann jedoch helfen zu verstehen und aufzuzeigen was ein Krieg am Ende bedeuten kann. Meine Familie hat die beiden Weltkriege teuer bezahlt. Meine Ur-Gro\u00dfvater fiel im ersten Weltkrieg in Russland, mein Gro\u00dfvater fiel im zweiten Weltkrieg in Tschechien und meine Gro\u00dftante fiel am 11. Mai 1944 w\u00e4hrend eines Bombenangriffs auf Dirmingen. Bestimmt erging es vielen Dirmingerinnen und Dirmingern ganz \u00e4hnlich.<\/strong> <strong>Ich f\u00fcr meinen Teil bin nicht bereit mein Kinder oder Enkelkinder auf den Schlachtfeldern dieser Welt zu opfern.<\/strong> &#8222;<strong>Nein, meine S\u00f6hne gebe ich nicht&#8230;..<\/strong>&#8222;<\/p>\n","protected":false},"excerpt":{"rendered":"<p>Seit \u00fcber einem Jahr tobt die kriegerische Auseinandersetzung in der Ukraine. Ich habe mir einmal die Frage gestellt, was dieser Krieg mit uns macht. Was bewirkt er in uns und wie gehen wir damit um? Viele von uns verbinden mit dem Kriegsbeginn in der Ukraine die oft zitierte Zeitenwende. Dabei ist der Konflikt in der Ukraine nicht der einzige Krieg,<\/p>\n","protected":false},"author":1,"featured_media":14910,"comment_status":"closed","ping_status":"closed","sticky":false,"template":"","format":"standard","meta":{"_crdt_document":"","footnotes":""},"categories":[1,902,318],"tags":[5,618,127,310,1044],"class_list":["post-14905","post","type-post","status-publish","format-standard","has-post-thumbnail","hentry","category-allgemein","category-meine-meinung","category-uff-da-schnerr","tag-dirmingen","tag-gemeinde-eppelborn","tag-landkreis-neunkirchen","tag-saarland","tag-ukraine-krieg"],"_links":{"self":[{"href":"https:\/\/echta-derminga.de\/index.php?rest_route=\/wp\/v2\/posts\/14905","targetHints":{"allow":["GET"]}}],"collection":[{"href":"https:\/\/echta-derminga.de\/index.php?rest_route=\/wp\/v2\/posts"}],"about":[{"href":"https:\/\/echta-derminga.de\/index.php?rest_route=\/wp\/v2\/types\/post"}],"author":[{"embeddable":true,"href":"https:\/\/echta-derminga.de\/index.php?rest_route=\/wp\/v2\/users\/1"}],"replies":[{"embeddable":true,"href":"https:\/\/echta-derminga.de\/index.php?rest_route=%2Fwp%2Fv2%2Fcomments&post=14905"}],"version-history":[{"count":13,"href":"https:\/\/echta-derminga.de\/index.php?rest_route=\/wp\/v2\/posts\/14905\/revisions"}],"predecessor-version":[{"id":14926,"href":"https:\/\/echta-derminga.de\/index.php?rest_route=\/wp\/v2\/posts\/14905\/revisions\/14926"}],"wp:featuredmedia":[{"embeddable":true,"href":"https:\/\/echta-derminga.de\/index.php?rest_route=\/wp\/v2\/media\/14910"}],"wp:attachment":[{"href":"https:\/\/echta-derminga.de\/index.php?rest_route=%2Fwp%2Fv2%2Fmedia&parent=14905"}],"wp:term":[{"taxonomy":"category","embeddable":true,"href":"https:\/\/echta-derminga.de\/index.php?rest_route=%2Fwp%2Fv2%2Fcategories&post=14905"},{"taxonomy":"post_tag","embeddable":true,"href":"https:\/\/echta-derminga.de\/index.php?rest_route=%2Fwp%2Fv2%2Ftags&post=14905"}],"curies":[{"name":"wp","href":"https:\/\/api.w.org\/{rel}","templated":true}]}}