{"id":14927,"date":"2023-04-01T12:56:40","date_gmt":"2023-04-01T11:56:40","guid":{"rendered":"https:\/\/echta-derminga.de\/?p=14927"},"modified":"2023-04-01T12:56:42","modified_gmt":"2023-04-01T11:56:42","slug":"derminga-babbelschniss-gedd-online-wenn-ma-se-schwaetze-gett-se-net-verlor","status":"publish","type":"post","link":"https:\/\/echta-derminga.de\/?p=14927","title":{"rendered":"&#8222;Derminga Babbelschniss gedd online&#8220; &#8211; &#8222;Wenn ma se schw\u00e4tze gett se net verlor !\u201d"},"content":{"rendered":"\n<blockquote class=\"wp-block-quote has-medium-font-size is-layout-flow wp-block-quote-is-layout-flow\">\n<p class=\"has-medium-font-size wp-block-paragraph\"><strong>\u201c\u2026..und ist auch unsre Sprache mal etwas kompliziert, wir sprechen mit dem Herzen, was jeder gleich kapiert\u201d. <\/strong><\/p>\n<cite><strong>Liedzeile: \u201cMir l\u00e4we gerre an der Saar \u2013 Rastlos<\/strong><\/cite><\/blockquote>\n\n\n\n<p class=\"has-medium-font-size wp-block-paragraph\"><strong>Eines vorneweg: Es gibt keinen reinen saarl\u00e4ndischen Dialekt. Vielmehr gibt es ein breites Spektrum an Dialektvariet\u00e4ten. In unserem L\u00e4ndchen werden sowohl der rheinfr\u00e4nkische als auch der moselfr\u00e4nkische Dialekt gesprochen. Au\u00dferdem nehmen die Menschen unserer Landeshauptstadt Saarbr\u00fccken f\u00fcr sich das \u201cSaarbricka Platt\u201d in Anspruch. Viele saarl\u00e4ndische D\u00f6rfer haben im Laufe der Jahrhunderte ihre ureigene Mundart entwickelt.\u00a0 Wir befinden uns leider in einer Zeit, in der die Mundart vom Aussterben bedroht ist.<\/strong> <strong>Ein Blick auf die Erziehung unserer Kinder verdeutlicht, dass wir im Begriff sind unsere eigenen sprachlichen Wurzeln zu verlieren. Was tun ? Schlie\u00dflich ist nichts verwerfliches dabei hochdeutsch zu lernen und damit zu kommunizieren.<\/strong><\/p>\n\n\n\n<p class=\"has-medium-font-size wp-block-paragraph\">In Dirmingen wird rheinfr\u00e4nkisch \u201cgeschw\u00e4tz\u201d wobei auch in unserem Dorf ein gewisser \u201cDerminga Slang\u201d entstanden\u00a0ist. Die Mundart entsteht auf der Stra\u00dfe und wird in der Regel in der Familie von Generation zu Generation weitergereicht. \u201cEt es wie et es\u201d.<\/p>\n\n\n\n<p class=\"has-medium-font-size wp-block-paragraph\"><strong>Dirmingen befindet sich in der sogenannten &#8222;Das-Dat-Linie\u201d, die im Grunde quer durch das sch\u00f6nste Bundesland der Welt f\u00fchrt. W\u00e4hrend im moselfr\u00e4nkischen das \u201cDat\u201d vorkommt, wird im rheinfr\u00e4nkischen das \u201cDas\u201d ausgesprochen. Die beiden Dialektformen kann man sehr gut an der Aussprache der F\u00fcrw\u00f6rter: das, was , es erkennen. W\u00e4hrend man im moselfr\u00e4nkischen \u201cdat, wat, et\u201d sagt, kommt man im rheinfr\u00e4nkischen im \u201cdas, was , es\u201d daher. In vielen saarl\u00e4ndischen Ortschaft ist es im Laufe der Jahrhunderte zu einer Vermischung der beiden vorhandenen Mundarten gekommen. <\/strong><\/p>\n\n\n\n<figure class=\"wp-block-embed is-type-video is-provider-youtube wp-block-embed-youtube wp-embed-aspect-16-9 wp-has-aspect-ratio\"><div class=\"wp-block-embed__wrapper\">\n<iframe loading=\"lazy\" title=\"Derminga Babbelschniss - Die Erste\" width=\"860\" height=\"484\" src=\"https:\/\/www.youtube.com\/embed\/gNiEqCtfdeo?start=19&#038;feature=oembed\" frameborder=\"0\" allow=\"accelerometer; autoplay; clipboard-write; encrypted-media; gyroscope; picture-in-picture; web-share\" allowfullscreen><\/iframe>\n<\/div><\/figure>\n\n\n\n<p class=\"has-medium-font-size wp-block-paragraph\">Dirmingen geh\u00f6rt mit Sicherheit zu den saarl\u00e4ndischen Ortschaften die im Laufe der Jahre einen eigenen speziellen Dialekt entwickelt haben. In unserer Mundart werden, obwohl wir eigentlich rheinfr\u00e4nkisch \u201cschw\u00e4tze\u201d, zahlreiche moselfr\u00e4nkische W\u00f6rter \u00fcbernommen: Zum Beispiel : moselfr\u00e4nkische :\u201d Lu mo lo\u201d oder rheinfr\u00e4nkische \u201cgu mol do\u201d. Diese beiden Varianten haben sich im \u201cDerminga Platt vermischt. Im Dorf sagt man: \u201cLu mo do\u201d.\u00a0 Wobei die Form der Aussprache auch wieder mal von der Elternstube abh\u00e4ngig ist. Der Dirminger Dialekt ist gepr\u00e4gt durch das \u201crr\u201d sprechen. Hier sagt man z.B : \u201d Werra\u201d ( Wetter) oder \u201cOrra\u201d (Oder). Am Beispiel unserer Gemeinde Eppelborn kann man sehr gut die verschiedenen Dialektvarianten erkennen. Wenn man von Dirmingen in Richtung Bubach\/Calmesweiler wandert, stellt man fest, dass sich der Dialekt von Ortschaft zu Ortschaft ver\u00e4ndert. Die Menschen in Bubach\/Calmesweiler z.B sprechen schon vielmehr das moselfr\u00e4nkische. Fr\u00fcher war die Dialektgrenze noch deutlicher sp\u00fcrbar. Die Alten konnten noch, am Dialekt, einen Eppelborner von einem Dirminger unterscheiden. Dies ist in der heutigen Zeit ein St\u00fcckweit schwieriger geworden. Dennoch gibt es auch heute noch merkbare Unterschiede.<\/p>\n\n\n\n<p class=\"has-medium-font-size wp-block-paragraph\"><strong>Unser Dorf hat sich im Laufe der Jahre ver\u00e4ndert. Dabei meine ich nicht nur unser Ortsbild, sondern auch die Menschen in unserem Dorf. Viele sind im Laufe der Jahre verstorben oder umgezogen. Die &#8222;neuen&#8220; Mitb\u00fcrger brachten ihren eigene Dialekt mit in unser Dorf. In der Schule wird ohnehin \u00fcberwiegend hochdeutsch geredet. Ganz langsam begann der Anfang vom Ende unseres Dialekts. <\/strong><\/p>\n\n\n\n<figure class=\"wp-block-embed is-type-video is-provider-youtube wp-block-embed-youtube wp-embed-aspect-16-9 wp-has-aspect-ratio\"><div class=\"wp-block-embed__wrapper\">\n<iframe loading=\"lazy\" title=\"Derminga Babbelschniss - Die Zweite\" width=\"860\" height=\"484\" src=\"https:\/\/www.youtube.com\/embed\/itu73NtjtYo?feature=oembed\" frameborder=\"0\" allow=\"accelerometer; autoplay; clipboard-write; encrypted-media; gyroscope; picture-in-picture; web-share\" allowfullscreen><\/iframe>\n<\/div><\/figure>\n\n\n\n<p class=\"has-medium-font-size wp-block-paragraph\">Wie retten wir unsere Mundart ? <strong>&#8222;Wenn ma se schw\u00e4tze gett se net verlor !\u201d<\/strong> Gem\u00e4\u00df diesem Motto habe ich mich auf die Suche nach Verst\u00e4rkung gemacht. Mit den beiden &#8222;echte Derminga&#8220; Reiner Kiefer und Hans-Peter Hoffmann fand ich die dringend notwendige Unterst\u00fctzung f\u00fcr mein Vorhaben. W\u00e4hrend unseres ersten Treffens besch\u00e4ftigten wir uns mit der Frage, wie wir am besten die Menschen erreichen. Mit Hilfe der Gruppe &#8222;Perlregen&#8220; aus Dirmingen haben wir uns schlie\u00dflich f\u00fcr einen eigenen YouTube-Kanal entschieden. Mit tatkr\u00e4ftiger Unterst\u00fctzung mit Martina Schlaucher und Thomas Lapp wurde unser Kanal &#8222;Derminga Babbelschniss&#8220; ins Leben gerufen.<\/p>\n\n\n\n<p class=\"has-medium-font-size wp-block-paragraph\"><strong>Auf meinen Blog &#8222;Echta Derminga&#8220; und dem YouTube Kanal &#8222;Echta Derminga&#8220; unter der Rubrik &#8222;Derminga Babbelschniss&#8220; wird man zuk\u00fcnftig, in regelm\u00e4\u00dfigen Abst\u00e4nden, Geschichten, Anekdoten, Gedichte oder auch Lieder in unserer Mundart finden. Dabei freuen wir uns \u00fcber eure R\u00fcckmeldungen, Kritiken oder Vorschl\u00e4ge.<\/strong> <strong>&#8222;Die Babbelschniss gedd nur gudd, wenn ma gudd die Schnissschwade&#8220;<\/strong>.<\/p>\n\n\n\n<figure class=\"wp-block-embed is-type-video is-provider-youtube wp-block-embed-youtube wp-embed-aspect-16-9 wp-has-aspect-ratio\"><div class=\"wp-block-embed__wrapper\">\n<iframe loading=\"lazy\" title=\"Derminga Babbelschniss - Die Dritte\" width=\"860\" height=\"484\" src=\"https:\/\/www.youtube.com\/embed\/8mYOeuOPXis?feature=oembed\" frameborder=\"0\" allow=\"accelerometer; autoplay; clipboard-write; encrypted-media; gyroscope; picture-in-picture; web-share\" allowfullscreen><\/iframe>\n<\/div><\/figure>\n","protected":false},"excerpt":{"rendered":"<p>\u201c\u2026..und ist auch unsre Sprache mal etwas kompliziert, wir sprechen mit dem Herzen, was jeder gleich kapiert\u201d. Liedzeile: \u201cMir l\u00e4we gerre an der Saar \u2013 Rastlos Eines vorneweg: Es gibt keinen reinen saarl\u00e4ndischen Dialekt. Vielmehr gibt es ein breites Spektrum an Dialektvariet\u00e4ten. In unserem L\u00e4ndchen werden sowohl der rheinfr\u00e4nkische als auch der moselfr\u00e4nkische Dialekt gesprochen. Au\u00dferdem nehmen die Menschen unserer<\/p>\n","protected":false},"author":1,"featured_media":228,"comment_status":"closed","ping_status":"closed","sticky":false,"template":"","format":"standard","meta":{"_crdt_document":"","footnotes":""},"categories":[1,9,213,8],"tags":[1045,5,727,618,127,634],"class_list":["post-14927","post","type-post","status-publish","format-standard","has-post-thumbnail","hentry","category-allgemein","category-dorfgetratsche","category-meine-mundart","category-sellemols-und-awweile","tag-derminga-babbelschniss","tag-dirmingen","tag-echta-derminga","tag-gemeinde-eppelborn","tag-landkreis-neunkirchen","tag-ortsvorsteher"],"_links":{"self":[{"href":"https:\/\/echta-derminga.de\/index.php?rest_route=\/wp\/v2\/posts\/14927","targetHints":{"allow":["GET"]}}],"collection":[{"href":"https:\/\/echta-derminga.de\/index.php?rest_route=\/wp\/v2\/posts"}],"about":[{"href":"https:\/\/echta-derminga.de\/index.php?rest_route=\/wp\/v2\/types\/post"}],"author":[{"embeddable":true,"href":"https:\/\/echta-derminga.de\/index.php?rest_route=\/wp\/v2\/users\/1"}],"replies":[{"embeddable":true,"href":"https:\/\/echta-derminga.de\/index.php?rest_route=%2Fwp%2Fv2%2Fcomments&post=14927"}],"version-history":[{"count":13,"href":"https:\/\/echta-derminga.de\/index.php?rest_route=\/wp\/v2\/posts\/14927\/revisions"}],"predecessor-version":[{"id":14943,"href":"https:\/\/echta-derminga.de\/index.php?rest_route=\/wp\/v2\/posts\/14927\/revisions\/14943"}],"wp:featuredmedia":[{"embeddable":true,"href":"https:\/\/echta-derminga.de\/index.php?rest_route=\/wp\/v2\/media\/228"}],"wp:attachment":[{"href":"https:\/\/echta-derminga.de\/index.php?rest_route=%2Fwp%2Fv2%2Fmedia&parent=14927"}],"wp:term":[{"taxonomy":"category","embeddable":true,"href":"https:\/\/echta-derminga.de\/index.php?rest_route=%2Fwp%2Fv2%2Fcategories&post=14927"},{"taxonomy":"post_tag","embeddable":true,"href":"https:\/\/echta-derminga.de\/index.php?rest_route=%2Fwp%2Fv2%2Ftags&post=14927"}],"curies":[{"name":"wp","href":"https:\/\/api.w.org\/{rel}","templated":true}]}}