{"id":15008,"date":"2023-04-16T13:03:26","date_gmt":"2023-04-16T12:03:26","guid":{"rendered":"https:\/\/echta-derminga.de\/?p=15008"},"modified":"2023-04-16T13:11:33","modified_gmt":"2023-04-16T12:11:33","slug":"mit-der-industrialisierung-kamen-auch-mord-und-totschlag-nach-dirmingen","status":"publish","type":"post","link":"https:\/\/echta-derminga.de\/?p=15008","title":{"rendered":"Mit der Industrialisierung kamen auch Mord und Totschlag nach Dirmingen"},"content":{"rendered":"\n<p class=\"has-medium-font-size wp-block-paragraph\"><strong>Beim Bau der Bahnstrecke mussten im 19. Jahrhundert auch in Dirmingen zahlreiche Geb\u00e4ude abgebrochen werden. Die Bahn ben\u00f6tigte zum Ausbau der Strecke viel Platz. Altes musste weichen damit neues erschaffen wurde. Durch den Bahnbau ver\u00e4nderte sich unser Ortsbild. Alte H\u00e4user verschwanden, neue Stra\u00dfen und Wege entstanden, Br\u00fccken wurden errichtet und B\u00e4che wurden begradigt oder verlegt. Auch das Elternhaus meines Gro\u00dfvaters v\u00e4terlicherseits, dass Anwesen \u201cZimmermichels\u201d, stand dem Fortschritt im Wege. Meine Familie bekam einen neuen Bauplatz und eine Entsch\u00e4digung zugesprochen. Daf\u00fcr musste die Familie ihr altes Bauernhaus in der heutigen \u201cHumeserstrasse\u201d verlassen und in der Ortsmitte neu anfangen.<\/strong><\/p>\n\n\n\n<p class=\"has-medium-font-size wp-block-paragraph\">Dirmingens \u00e4lteste Eisenbahnbr\u00fccken erinnern uns noch heute an die Zeit des Aufbruchs und Industrialisierung. Schon in einer Petition vom 10. November 1883, an die K\u00f6nigliche Eisenbahndirektion, forderte die damalige B\u00fcrgermeisterei Eppelborn-Dirmingen die Einf\u00fchrung einer neuen Bahnstrecke. Bevor der Bau zu der sogenannten Ill-Bahn jedoch vorangetrieben wurde, mussten sich die Menschen in unserem Heimatort m\u00e4chtig strecken. Schlie\u00dflich wurde die neue Strecke Lebach-Wemmetsweiler nach vielen Anstrengungen am Samstag, 15. Mai 1897 feierlich eingeweiht und er\u00f6ffnet.<\/p>\n\n\n\n<p class=\"has-medium-font-size wp-block-paragraph\"><strong>Heute im Jahr 2023 steht die historische Eisenbahnbr\u00fccke in der &#8222;Humeserstrasse&#8220; vor dem Abbruch. Das Bauwerk ist im Laufe der Jahre stark in Mitleidenschaft geraten und ist nicht mehr zu retten. Auf die Bewohner der &#8222;Humeserstrasse&#8220; oder &#8222;An der Haardt&#8220; warten einige umst\u00e4ndliche Jahre bis hin zum Neubau einer Br\u00fccke. <\/strong><\/p>\n\n\n<div class=\"wp-block-image\">\n<figure class=\"aligncenter size-large\"><img loading=\"lazy\" decoding=\"async\" width=\"700\" height=\"463\" src=\"https:\/\/echta-derminga.de\/wp-content\/uploads\/2022\/01\/dirmingen886-700x463.jpg\" alt=\"\" class=\"wp-image-11733\" srcset=\"https:\/\/echta-derminga.de\/wp-content\/uploads\/2022\/01\/dirmingen886-700x463.jpg 700w, https:\/\/echta-derminga.de\/wp-content\/uploads\/2022\/01\/dirmingen886-300x199.jpg 300w, https:\/\/echta-derminga.de\/wp-content\/uploads\/2022\/01\/dirmingen886-768x508.jpg 768w, https:\/\/echta-derminga.de\/wp-content\/uploads\/2022\/01\/dirmingen886.jpg 1000w\" sizes=\"auto, (max-width: 700px) 100vw, 700px\" \/><\/figure>\n<\/div>\n\n\n<p class=\"has-medium-font-size wp-block-paragraph\">Der industrielle Aufschwung im 19. Jahrhundert verschaffte den Menschen in unserem Dorf Arbeitspl\u00e4tze und Wohlstand. Der Bau der k\u00f6niglichen Eisenbahndirektion K\u00f6ln bzw. St. Johann \u2013 Saarbr\u00fccken machte auch dem Arbeitsmarkt an der Saar zu schaffen. Die Arbeiten gerieten aufgrund mangelnder Arbeitskr\u00e4fte immer wieder ins Stocken. Deshalb heuerten die ausf\u00fchrenden Bauunternehmer immer mehr Serben, Slowaken, Kroaten und vor allen Dingen Italiener an. Die Gastarbeiter wurden meist in Baracken au\u00dferhalb der Ortschaften untergebracht. Die Geburtenregister der Standes\u00e4mter belegen, dass zu dieser Zeit viele italienische Kinder im Saargebiet geboren wurden. Das ist grunds\u00e4tzlich schonmal nicht schlecht. Immerhin werteten die neuen Mitb\u00fcrger mit ihren kulinarischen K\u00f6stlichkeiten unsere deutsch-b\u00fcrgerliche K\u00fcche auf.<\/p>\n\n\n<div class=\"wp-block-image\">\n<figure class=\"aligncenter size-large\"><img loading=\"lazy\" decoding=\"async\" width=\"700\" height=\"458\" src=\"https:\/\/echta-derminga.de\/wp-content\/uploads\/2023\/04\/Bild-1-700x458.jpg\" alt=\"\" class=\"wp-image-15013\" srcset=\"https:\/\/echta-derminga.de\/wp-content\/uploads\/2023\/04\/Bild-1-700x458.jpg 700w, https:\/\/echta-derminga.de\/wp-content\/uploads\/2023\/04\/Bild-1-300x196.jpg 300w, https:\/\/echta-derminga.de\/wp-content\/uploads\/2023\/04\/Bild-1-768x502.jpg 768w, https:\/\/echta-derminga.de\/wp-content\/uploads\/2023\/04\/Bild-1-1536x1005.jpg 1536w, https:\/\/echta-derminga.de\/wp-content\/uploads\/2023\/04\/Bild-1-2048x1339.jpg 2048w\" sizes=\"auto, (max-width: 700px) 100vw, 700px\" \/><\/figure>\n<\/div>\n\n\n<p class=\"has-medium-font-size wp-block-paragraph\"><strong>Auf der anderen Seite entstand der offizielle Beruf des Eisenbahnarbeiters oder Gleisbauers. In den 1890-er Jahren wurde im Illtal massiv an der Fertigstellung der Eisenbahnstrecke gearbeitet. Die M\u00e4nner mussten f\u00fcr hartes Geld von fr\u00fch bis sp\u00e4t arbeiten. Viele Arbeiter aus s\u00fcdost Europa suchten damals ihr Gl\u00fcck in unserem Tal.  Bei der Vielfalt der Nationalit\u00e4ten mit ihren unterschiedlichen Mentalit\u00e4ten kam es immer wieder zu Streitigkeiten, Schl\u00e4gereien und Messerstechereien. Die Gewaltdelikte zwischen den Gastarbeitern nahmen stetig zu und so kam es auch zu Spannungen zwischen der Bev\u00f6lkerung und den Gastarbeitern. Unmittelbar vor der Fertigstellung der Bahnlinie im Jahre 1897 wurde ein Dirminger B\u00fcrger Opfer eines \u00dcberfalls. Beim Versuch, sich vor den mit Messern bewaffneten Fremden in Sicherheit zu bringen, ist der Mann gegen\u00fcber der Apotheke vor der geschlossenen Haust\u00fcr von \u201eBeegels\u201c Wohnhaus von seinen Verfolgern niedergestochen worden. Das Opfer verstarb noch am Tatort.<\/strong><\/p>\n\n\n<div class=\"wp-block-image\">\n<figure class=\"aligncenter size-large\"><img loading=\"lazy\" decoding=\"async\" width=\"700\" height=\"465\" src=\"https:\/\/echta-derminga.de\/wp-content\/uploads\/2023\/04\/Bild-2-700x465.jpg\" alt=\"\" class=\"wp-image-15014\" srcset=\"https:\/\/echta-derminga.de\/wp-content\/uploads\/2023\/04\/Bild-2-700x465.jpg 700w, https:\/\/echta-derminga.de\/wp-content\/uploads\/2023\/04\/Bild-2-300x200.jpg 300w, https:\/\/echta-derminga.de\/wp-content\/uploads\/2023\/04\/Bild-2-768x510.jpg 768w, https:\/\/echta-derminga.de\/wp-content\/uploads\/2023\/04\/Bild-2.jpg 1000w\" sizes=\"auto, (max-width: 700px) 100vw, 700px\" \/><\/figure>\n<\/div>\n\n\n<p class=\"has-medium-font-size wp-block-paragraph\">Ich halte mich hier streng an die historischen Niederschriften und bewerte diese Tat nicht aufgrund irgendeiner Herkunft oder Nationalit\u00e4t. Nat\u00fcrlich entscheidet die pers\u00f6nliche Herkunft eines Menschen nicht \u00fcber dessen Wesen und Verhalten. \u00dcberall auf der Welt gibt es gute und weniger gute Leute.<\/p>\n\n\n\n<p class=\"has-medium-font-size wp-block-paragraph\"><strong>Ob der Mord an dem Dirminger B\u00fcrger letztendlich aufgekl\u00e4rt und die T\u00e4ter zur Rechenschaft gezogen wurden, entzieht sich meiner Kenntnis. Am Ende bilden jedoch auch diese Geschehnissen ein Teil unserer Geschichte.<\/strong><\/p>\n","protected":false},"excerpt":{"rendered":"<p>Beim Bau der Bahnstrecke mussten im 19. Jahrhundert auch in Dirmingen zahlreiche Geb\u00e4ude abgebrochen werden. Die Bahn ben\u00f6tigte zum Ausbau der Strecke viel Platz. Altes musste weichen damit neues erschaffen wurde. Durch den Bahnbau ver\u00e4nderte sich unser Ortsbild. Alte H\u00e4user verschwanden, neue Stra\u00dfen und Wege entstanden, Br\u00fccken wurden errichtet und B\u00e4che wurden begradigt oder verlegt. Auch das Elternhaus meines Gro\u00dfvaters<\/p>\n","protected":false},"author":1,"featured_media":11742,"comment_status":"open","ping_status":"closed","sticky":false,"template":"","format":"standard","meta":{"_crdt_document":"","footnotes":""},"categories":[1,8],"tags":[5,1050,618,1049,127,310],"class_list":["post-15008","post","type-post","status-publish","format-standard","has-post-thumbnail","hentry","category-allgemein","category-sellemols-und-awweile","tag-dirmingen","tag-eisenbahn-illtal","tag-gemeinde-eppelborn","tag-illbahn","tag-landkreis-neunkirchen","tag-saarland"],"_links":{"self":[{"href":"https:\/\/echta-derminga.de\/index.php?rest_route=\/wp\/v2\/posts\/15008","targetHints":{"allow":["GET"]}}],"collection":[{"href":"https:\/\/echta-derminga.de\/index.php?rest_route=\/wp\/v2\/posts"}],"about":[{"href":"https:\/\/echta-derminga.de\/index.php?rest_route=\/wp\/v2\/types\/post"}],"author":[{"embeddable":true,"href":"https:\/\/echta-derminga.de\/index.php?rest_route=\/wp\/v2\/users\/1"}],"replies":[{"embeddable":true,"href":"https:\/\/echta-derminga.de\/index.php?rest_route=%2Fwp%2Fv2%2Fcomments&post=15008"}],"version-history":[{"count":13,"href":"https:\/\/echta-derminga.de\/index.php?rest_route=\/wp\/v2\/posts\/15008\/revisions"}],"predecessor-version":[{"id":15026,"href":"https:\/\/echta-derminga.de\/index.php?rest_route=\/wp\/v2\/posts\/15008\/revisions\/15026"}],"wp:featuredmedia":[{"embeddable":true,"href":"https:\/\/echta-derminga.de\/index.php?rest_route=\/wp\/v2\/media\/11742"}],"wp:attachment":[{"href":"https:\/\/echta-derminga.de\/index.php?rest_route=%2Fwp%2Fv2%2Fmedia&parent=15008"}],"wp:term":[{"taxonomy":"category","embeddable":true,"href":"https:\/\/echta-derminga.de\/index.php?rest_route=%2Fwp%2Fv2%2Fcategories&post=15008"},{"taxonomy":"post_tag","embeddable":true,"href":"https:\/\/echta-derminga.de\/index.php?rest_route=%2Fwp%2Fv2%2Ftags&post=15008"}],"curies":[{"name":"wp","href":"https:\/\/api.w.org\/{rel}","templated":true}]}}