{"id":15028,"date":"2023-04-26T15:47:33","date_gmt":"2023-04-26T14:47:33","guid":{"rendered":"https:\/\/echta-derminga.de\/?p=15028"},"modified":"2023-04-26T15:58:17","modified_gmt":"2023-04-26T14:58:17","slug":"jetzt-bist-du-da-wunderbar-meine-erste-begegnung-mit-meinem-enkelsohn","status":"publish","type":"post","link":"https:\/\/echta-derminga.de\/?p=15028","title":{"rendered":"Jetzt bist du da, wunderbar &#8211; Meine erste Begegnung mit meinem Enkelsohn"},"content":{"rendered":"\n<p class=\"has-medium-font-size wp-block-paragraph\"><strong>Nun ist er also auf dieser Welt: Leon<\/strong><\/p>\n\n\n\n<p class=\"has-medium-font-size wp-block-paragraph\"><strong>Mein erster Enkelsohn erblickte am 22.04.23 das Licht dieser Erde.<\/strong><\/p>\n\n\n\n<p class=\"has-medium-font-size wp-block-paragraph\"><strong>Nur einen Tag nach seiner Geburt nahmen wir sehr gerne die einst\u00fcndige Fahrt auf uns, um den kleinen Mann pers\u00f6nlich zu begr\u00fc\u00dfen. Im Krankenhaus angekommen, war meine steigende Nervosit\u00e4t kaum noch zu verbergen. Als wir endlich ins Zimmer durften und den frisch gebackenen Eltern gratulierten, ging mein Blick bereits suchend zum Bettchen.<\/strong><\/p>\n\n\n\n<p class=\"has-medium-font-size wp-block-paragraph\"><strong>Da lag er! 3030 Gramm leicht und 51 cm gro\u00df.<\/strong><\/p>\n\n\n\n<p class=\"has-medium-font-size wp-block-paragraph\"><strong>Wunderwerk: Mensch !<\/strong><\/p>\n\n\n\n<p class=\"has-medium-font-size wp-block-paragraph\"><strong>In diesem Moment wurde mir klar, dass sich f\u00fcr mich ein neues Kapitel ge\u00f6ffnet hat. Mit der Geburt dieses kleinen Mannes bin ich endg\u00fcltig in der zweiten Halbzeit meines Lebens angekommen.<\/strong> <strong>War&#8217;s das jetzt ? Ich hoffe nicht !<\/strong><\/p>\n\n\n\n<p class=\"has-medium-font-size wp-block-paragraph\">Immer wieder wanderte mein Blick zu dem kleinen Menschen in seinem Wochenbett. Es war schwer meine Augen von ihm abzuwenden. Da bist du also ! Ich wurde augenblicklich ruhig und tiefenentspannt. Ein Gef\u00fchl des Ankommens erfasste mein Gem\u00fct. <\/p>\n\n\n\n<p class=\"has-medium-font-size wp-block-paragraph\"><strong>Nun bin ich also Gro\u00dfvater. Seltsam, wo sind all die Jahre hin? Wenn ich zur\u00fcckblicke und mich an meinen Gro\u00dfvater erinnere, ist das schon ein seltsames Gef\u00fchl. Ich beginne damit, mich mit anderen Gro\u00dfv\u00e4tern zu vergleichen. Nein, der Titel: Opa oder Gro\u00dfvater st\u00f6rt mich nicht. Vielmehr macht es mir zu schaffen, dass ich den kleinen Mann wohl nicht allzu oft sehen werde, wie vielleicht gew\u00fcnscht. Seine Eltern wohnen nicht mehr an der Saar und bis zu ihrem Zuhause sind es doch einige Meter hin. Als ich meine Tochter ansehe kehren Erinnerungen zur\u00fcck. Sie hatte nach ihrer Geburt genau so blonde Haare wie jetzt ihr eigener Sohn tr\u00e4gt.<\/strong><\/p>\n\n\n\n<p class=\"has-medium-font-size wp-block-paragraph\">Wir sa\u00dfen uns und begannen zu reden. Mein Blick wanderte immer wieder zu dem kleinen Wunder in diesem Bettchen. Es sind die wohl unbeschwertesten und gl\u00fccklichsten Stunden, die dieser kleine Mensch jemals erleben wird. Ich kann mir nicht vorstellen, dass er sich sp\u00e4ter an diese Tage zur\u00fcckerinnern wird. Nach einigen Minuten begann er sich zu beschweren. Hat er etwa Hunger? Seine Eltern platzen vor Stolz und Liebe. Diese Zeit werden auch Sie niemals vergessen.<\/p>\n\n\n<div class=\"wp-block-image\">\n<figure class=\"aligncenter size-large\"><img loading=\"lazy\" decoding=\"async\" width=\"700\" height=\"766\" src=\"https:\/\/echta-derminga.de\/wp-content\/uploads\/2023\/04\/Screenshot_20230423_231715_Instagram-700x766.jpg\" alt=\"\" class=\"wp-image-15032\" srcset=\"https:\/\/echta-derminga.de\/wp-content\/uploads\/2023\/04\/Screenshot_20230423_231715_Instagram-700x766.jpg 700w, https:\/\/echta-derminga.de\/wp-content\/uploads\/2023\/04\/Screenshot_20230423_231715_Instagram-274x300.jpg 274w, https:\/\/echta-derminga.de\/wp-content\/uploads\/2023\/04\/Screenshot_20230423_231715_Instagram-768x841.jpg 768w, https:\/\/echta-derminga.de\/wp-content\/uploads\/2023\/04\/Screenshot_20230423_231715_Instagram.jpg 1080w\" sizes=\"auto, (max-width: 700px) 100vw, 700px\" \/><\/figure>\n<\/div>\n\n\n<p class=\"has-medium-font-size wp-block-paragraph\"><strong>Alles ist gut. Kein Platz f\u00fcr Krieg, Elend, Naturkatastrophen, Krankheiten oder schlechte Nachrichten. Nur Liebe, Freude, Stolz und Geborgenheit. Das ganze Zimmer ist erf\u00fcllt von einer gewissen Magie und einem grenzenlosen Vertrauen darin, dass alles gut ist und auch so bleiben wird. In ein paar Monaten wird der kleine Leon seine ersten Schritte gehen und mit dem Sprechen beginnen. Der kleine Mann steht am Anfang einer gro\u00dfen Reise und wird zun\u00e4chst an der Hand seiner Eltern die Welt bekunden. Frei von Sorge, Angst und Leid. Geborgen in Liebe und Zuversicht.<\/strong><\/p>\n\n\n\n<p class=\"has-medium-font-size wp-block-paragraph\">Immer wieder schaue ich den kleinen Mann an. Endlich fand ich den Mut, den kleinen Knirps zu ber\u00fchren. Alles so klein, weich und doch unbeirrbar stark. Nach einer gef\u00fchlten Ewigkeit wurde ich endlich gefragt, ob ich ihn mal in den Arm nehmen m\u00f6chte. Was f\u00fcr eine Frage!<\/p>\n\n\n\n<p class=\"has-medium-font-size wp-block-paragraph\"><strong>Obwohl ich Vater von drei Kindern bin und eine gewisse Erfahrung vorzuweisen habe, f\u00fchlte ich mich in den ersten Sekunden ein wenig unsicher. Ich wollte nichts falsch machen. Pl\u00f6tzlich kam dieser unbeschreibliche Moment von Gelassenheit, Zutrauen und Gl\u00fcck. Ich sitze in meinem Stuhl und bin zufrieden. Welchen Weg werden wir beide wohl miteinander gehen? Werden wir uns gut verstehen? Werde ich deinen Anspr\u00fcchen gerecht und werde ich dir ein guter Gro\u00dfvater, Ratgeber und Freund sein? Wer wei\u00df was die Zeit bringt. Wichtig ist jetzt und hier in dieser Sekunde und in diesen Minuten.<\/strong><\/p>\n\n\n\n<p class=\"has-medium-font-size wp-block-paragraph\">Ich bilde mir ein, dass der kleine Mann gerne in meinen Armen lag. Nach einigen Minuten ging es weiter in die n\u00e4chsten Arme. Weiter mit Kennenlernen, Abtasten und Liebhaben. Auch mein Sohn und meine Frau hei\u00dfen den kleinen Erdenb\u00fcrger willkommen. Onkel Tristan hatte keine Ber\u00fchrungs\u00e4ngste. Sein Umgang mit seinem Neffen war voller Selbstverst\u00e4ndlichkeit. Immer wieder wanderte mein Blick zu dem kleinen Mann. Mal lag er in seinem Bettchen, mal hatte ihn seine Mutter und ein anderes mal sein Vater im Arm. Gerade einmal 24 Stunden weilte das kleine B\u00fcndel Mensch unter uns. Irgendwie gen\u00fcgte diese Zeit aus, um uns das Leben zu erkl\u00e4ren und auf das Wesentliche zu verweisen.<\/p>\n\n\n\n<p class=\"has-medium-font-size wp-block-paragraph\"><strong>Lieber Leon, keiner wei\u00df was vor uns liegt und was auf uns wartet. Ich hoffe das deine Sterne g\u00fcnstig stehen und das Gl\u00fcck dein st\u00e4ndiger Weg Begleiter ist. Das Wichtigste im Leben ist immer wieder aufzustehen. Vielleicht wirst du hundert Jahre alt und lebst ein Leben in Saus und Braus. Ich hoffe sehr, dass du dein Leben fest in beide H\u00e4nde nimmst und nach deinem Gl\u00fcck strebst. Ich w\u00fcnsche dir gute Freunde und immer wieder eine Hand die dich h\u00e4lt.<\/strong> <strong>Ich w\u00fcnsche dir das Gold von den Sternen.<\/strong><\/p>\n\n\n\n<p class=\"has-medium-font-size wp-block-paragraph\"><strong>Zeit zu gehen. Noch einmal ein Blick in das kleine Bettchen und in die gl\u00fccklichen Augen meiner Tochter und meines Schwiegersohnes. Mein dicker Zeigefinger streicht sanft an der Wange des kleinen Mannes vorbei. Wenn du mal Halt suchst, bin ich f\u00fcr dich da ! Tsch\u00fcss\u2018 Leon. Wir werden uns hoffentlich bald wiedersehen !<\/strong><\/p>\n\n\n<div class=\"wp-block-image\">\n<figure class=\"aligncenter size-large\"><img loading=\"lazy\" decoding=\"async\" width=\"700\" height=\"788\" src=\"https:\/\/echta-derminga.de\/wp-content\/uploads\/2023\/04\/20230423_160758-1-700x788.jpg\" alt=\"\" class=\"wp-image-15030\" srcset=\"https:\/\/echta-derminga.de\/wp-content\/uploads\/2023\/04\/20230423_160758-1-700x788.jpg 700w, https:\/\/echta-derminga.de\/wp-content\/uploads\/2023\/04\/20230423_160758-1-266x300.jpg 266w, https:\/\/echta-derminga.de\/wp-content\/uploads\/2023\/04\/20230423_160758-1-768x865.jpg 768w, https:\/\/echta-derminga.de\/wp-content\/uploads\/2023\/04\/20230423_160758-1-1364x1536.jpg 1364w, https:\/\/echta-derminga.de\/wp-content\/uploads\/2023\/04\/20230423_160758-1.jpg 1391w\" sizes=\"auto, (max-width: 700px) 100vw, 700px\" \/><\/figure>\n<\/div>","protected":false},"excerpt":{"rendered":"<p>Nun ist er also auf dieser Welt: Leon Mein erster Enkelsohn erblickte am 22.04.23 das Licht dieser Erde. Nur einen Tag nach seiner Geburt nahmen wir sehr gerne die einst\u00fcndige Fahrt auf uns, um den kleinen Mann pers\u00f6nlich zu begr\u00fc\u00dfen. Im Krankenhaus angekommen, war meine steigende Nervosit\u00e4t kaum noch zu verbergen. Als wir endlich ins Zimmer durften und den frisch<\/p>\n","protected":false},"author":1,"featured_media":15030,"comment_status":"open","ping_status":"closed","sticky":false,"template":"","format":"standard","meta":{"_crdt_document":"","footnotes":""},"categories":[1,902],"tags":[5,1053,618,1051,1052,310],"class_list":["post-15028","post","type-post","status-publish","format-standard","has-post-thumbnail","hentry","category-allgemein","category-meine-meinung","tag-dirmingen","tag-enkelsohn","tag-gemeinde-eppelborn","tag-grossvater","tag-opa","tag-saarland"],"_links":{"self":[{"href":"https:\/\/echta-derminga.de\/index.php?rest_route=\/wp\/v2\/posts\/15028","targetHints":{"allow":["GET"]}}],"collection":[{"href":"https:\/\/echta-derminga.de\/index.php?rest_route=\/wp\/v2\/posts"}],"about":[{"href":"https:\/\/echta-derminga.de\/index.php?rest_route=\/wp\/v2\/types\/post"}],"author":[{"embeddable":true,"href":"https:\/\/echta-derminga.de\/index.php?rest_route=\/wp\/v2\/users\/1"}],"replies":[{"embeddable":true,"href":"https:\/\/echta-derminga.de\/index.php?rest_route=%2Fwp%2Fv2%2Fcomments&post=15028"}],"version-history":[{"count":7,"href":"https:\/\/echta-derminga.de\/index.php?rest_route=\/wp\/v2\/posts\/15028\/revisions"}],"predecessor-version":[{"id":15039,"href":"https:\/\/echta-derminga.de\/index.php?rest_route=\/wp\/v2\/posts\/15028\/revisions\/15039"}],"wp:featuredmedia":[{"embeddable":true,"href":"https:\/\/echta-derminga.de\/index.php?rest_route=\/wp\/v2\/media\/15030"}],"wp:attachment":[{"href":"https:\/\/echta-derminga.de\/index.php?rest_route=%2Fwp%2Fv2%2Fmedia&parent=15028"}],"wp:term":[{"taxonomy":"category","embeddable":true,"href":"https:\/\/echta-derminga.de\/index.php?rest_route=%2Fwp%2Fv2%2Fcategories&post=15028"},{"taxonomy":"post_tag","embeddable":true,"href":"https:\/\/echta-derminga.de\/index.php?rest_route=%2Fwp%2Fv2%2Ftags&post=15028"}],"curies":[{"name":"wp","href":"https:\/\/api.w.org\/{rel}","templated":true}]}}