{"id":15044,"date":"2023-04-29T11:40:54","date_gmt":"2023-04-29T10:40:54","guid":{"rendered":"https:\/\/echta-derminga.de\/?p=15044"},"modified":"2023-04-29T11:42:45","modified_gmt":"2023-04-29T10:42:45","slug":"gut-fuer-dirmingen-doppelhaushaltsplan-2023-2024-mit-wichtigen-investitionen-verabschiedet","status":"publish","type":"post","link":"https:\/\/echta-derminga.de\/?p=15044","title":{"rendered":"Gut f\u00fcr Dirmingen &#8211; Doppelhaushaltsplan 2023- 2024 mit wichtigen Investitionen verabschiedet"},"content":{"rendered":"\n<p class=\"has-medium-font-size wp-block-paragraph\"><strong>Am Donnerstag, 27. April verabschiedete der Gemeinderat Eppelborn den Doppelhaushalt f\u00fcr die Jahre 2023 und 2024. Mit diesem Beschluss sollen in den n\u00e4chsten beiden Jahren wichtige Investitionen umgesetzt werden. Dabei sind im neuen Haushaltsplan sind gro\u00dfe Investitionen in allen Ortsteile vorgesehen. Der Gemeinderat hat sich trotz einer finanziellen Schieflage die in allen saarl\u00e4ndischen Gemeinden vorherrscht dazu entschlossen einstimmig diese Investitionen f\u00fcr unsere Gemeindebezirke durchzuf\u00fchren. In den n\u00e4chsten beiden Jahren werden nun rund 13,7 Mio. bereitgestellt um, unsere Gemeinde lebenswerter zu machen. Bevor der Gemeinderat seine Entscheidung bez\u00fcglich treffen konnte, musste unser Ortsrat sein Votum abgeben. Das Gremium votierte einstimmig f\u00fcr die Verabschiedung des Haushaltsplanes und die damit verbundenen Investitionen in unseren Heimatort.<\/strong><\/p>\n\n\n\n<p class=\"has-medium-font-size wp-block-paragraph\">Der neue Doppelhaushaltsplan beinhaltet erhebliche Investitionen in die Kinderbetreuung, Dabei flie\u00dfen Gelder in die Erweiterung der Kita Eppelborn und in die Erweiterung der Kita Hierscheid. In Humes soll ein neuer Kindergarten entstehen. Allein dort sind schon mal in diesem Jahr 813.000 Euro und im kommenden Jahr 2,4 Millionen Euro f\u00e4llig. In Dirmingen wird die Freiwillige Ganztagsschule erweitert. Das bedeutet, dass die Planungen f\u00fcr einen Anbau an der Grundschule auf Hochtouren laufen. Das sind gute Nachrichten f\u00fcr unseren Heimatort. Die Einschulungszahlen in diesem Jahr sind enorm hoch. Bei vielen Eltern wuchs zuletzt die Sorge, dass ihr Kind in Wiesbach eingeschult werden muss. Die Verwaltung arbeitet gemeinsam mit der zust\u00e4ndigen Fachbeh\u00f6rde fieberhaft an einer L\u00f6sung. Wir sind Zuversicht, dass diesbez\u00fcglich eine gute L\u00f6sung f\u00fcr alle gefunden wird. Um solche Engp\u00e4sse zuk\u00fcnftig zu vermeiden und der GTS unserer Schule mehr Raum zu bieten, soll in naher Zukunft an unserer Schule angebaut werden. Der Haushaltsplan beinhaltet au\u00dferdem die Errichtung einer Garage f\u00fcr die Kita und Grundschule zum Abstellen von Material. Ich finde, dass alles sind gute und zukunftsorientiert Entscheidungen f\u00fcr die Kinder und Familien in Dirmingen.<\/p>\n\n\n<div class=\"wp-block-image\">\n<figure class=\"aligncenter size-large\"><img loading=\"lazy\" decoding=\"async\" width=\"700\" height=\"415\" src=\"https:\/\/echta-derminga.de\/wp-content\/uploads\/2023\/04\/KiGa-GS-Dirm-Ki-hs-04-13-IMG_5873-700x415.jpg\" alt=\"\" class=\"wp-image-15046\" srcset=\"https:\/\/echta-derminga.de\/wp-content\/uploads\/2023\/04\/KiGa-GS-Dirm-Ki-hs-04-13-IMG_5873-700x415.jpg 700w, https:\/\/echta-derminga.de\/wp-content\/uploads\/2023\/04\/KiGa-GS-Dirm-Ki-hs-04-13-IMG_5873-300x178.jpg 300w, https:\/\/echta-derminga.de\/wp-content\/uploads\/2023\/04\/KiGa-GS-Dirm-Ki-hs-04-13-IMG_5873-768x455.jpg 768w, https:\/\/echta-derminga.de\/wp-content\/uploads\/2023\/04\/KiGa-GS-Dirm-Ki-hs-04-13-IMG_5873-1536x910.jpg 1536w, https:\/\/echta-derminga.de\/wp-content\/uploads\/2023\/04\/KiGa-GS-Dirm-Ki-hs-04-13-IMG_5873.jpg 1600w\" sizes=\"auto, (max-width: 700px) 100vw, 700px\" \/><\/figure>\n<\/div>\n\n\n<p class=\"has-medium-font-size wp-block-paragraph\"><strong>Der neue Doppelhaushaltsplan beinhaltet au\u00dferdem wichtige Investitionen in unsere Feuerwehr. Insgesamt 751.000 Euro werden in die einzelnen Wehren unserer Ortsteile investiert. Der L\u00f6schbezirk Dirmingen soll einen MTW erhalten und dar\u00fcber hinaus ein Rettungsboot zur Verf\u00fcgung gestellt bekommen. Au\u00dferdem werden wichtige Arbeiten am Feuerwehrger\u00e4tehaus angegangen.<\/strong><\/p>\n\n\n\n<p class=\"has-medium-font-size wp-block-paragraph\">Auch in den Dirminger Friedhof soll weiterhin kr\u00e4ftig investiert werden. F\u00fcr die Erweiterung der Urnenwand und die Anlage eines Grabfeldes f\u00fcr Baumbestattungen sollen Gelder bereitgestellt werden. Weitere finanzielle Ma\u00dfnahmen sind mit der Sanierung verschiedener Stra\u00dfen verbunden. Unter anderem werden Gelder f\u00fcr die Sanierungen der \u201eHumeser Stra\u00dfe\u201c, \u201eAm D\u00f6rrwald\u201c \u201eIm Loss\u201c,\u201cAn der Hardt\u201c und der Thalexweilerstra\u00dfe bereitgestellt. Die Spielfelddecke des Kleinfeldes an der Grundschule soll noch in diesem Jahr erneuert werden. Eine gute Entscheidung f\u00fcr den TV 04 Dirmingen.<\/p>\n\n\n\n<p class=\"has-medium-font-size wp-block-paragraph\"><strong>Die gr\u00f6\u00dfte Investition sind f\u00fcr die geplanten Neubau der Eisenbahnbr\u00fccke in der \u201eHumeser Stra\u00dfe\u201c vorgesehen. Noch in diesem Jahr soll die alte Br\u00fccke abgehoben und entfernt werden. Bis zum Neubau einer Br\u00fccke werden sich jedoch noch einige Jahre hinziehen.<\/strong><\/p>\n\n\n\n<p class=\"has-medium-font-size wp-block-paragraph\">Abschlie\u00dfend besch\u00e4ftigen wir uns weiterhin mit dem Thema Verbrauchermarkt. Wir sind weiterhin fest davon \u00fcberzeugt, auf einem guten Weg zu sein. Wohl wissend, dass die Menschen in unserem Dorf ungeduldig werden. Wir befinden uns gerade in schwierigen Zeiten und die aktuell hohen Baukosten lassen den Investor z\u00f6gern. In einem gemeinsamen Gespr\u00e4ch mit B\u00fcrgermeister Feld und dem Investor wurde jedoch erneut die Absicht des Bauvorhabens bekr\u00e4ftigt. Ich bitte Sie diesbez\u00fcglich um etwas Geduld und Verst\u00e4ndnis. Seien Sie versichert, dass wir partei\u00fcbergreifend alles erdenkliche f\u00fcr die Umsetzung unseres gro\u00dfen Vorhabens investieren werden. &nbsp;&nbsp;<\/p>\n\n\n\n<p class=\"has-medium-font-size wp-block-paragraph\"><strong>Mein Dank geht an die Mitglieder des Ortsrates Dirmingen sowie an die Gemeinderatsmitglieder die mal wieder gemeinsam f\u00fcr das Wohl unseres Heimatortes gute Entscheidungen getroffen haben.<\/strong><\/p>\n\n\n<div class=\"wp-block-image\">\n<figure class=\"aligncenter size-full\"><img loading=\"lazy\" decoding=\"async\" width=\"620\" height=\"465\" src=\"https:\/\/echta-derminga.de\/wp-content\/uploads\/2023\/04\/000607.jpg\" alt=\"\" class=\"wp-image-15045\" srcset=\"https:\/\/echta-derminga.de\/wp-content\/uploads\/2023\/04\/000607.jpg 620w, https:\/\/echta-derminga.de\/wp-content\/uploads\/2023\/04\/000607-300x225.jpg 300w\" sizes=\"auto, (max-width: 620px) 100vw, 620px\" \/><figcaption class=\"wp-element-caption\">Mega Cam<\/figcaption><\/figure>\n<\/div>","protected":false},"excerpt":{"rendered":"<p>Am Donnerstag, 27. April verabschiedete der Gemeinderat Eppelborn den Doppelhaushalt f\u00fcr die Jahre 2023 und 2024. Mit diesem Beschluss sollen in den n\u00e4chsten beiden Jahren wichtige Investitionen umgesetzt werden. Dabei sind im neuen Haushaltsplan sind gro\u00dfe Investitionen in allen Ortsteile vorgesehen. Der Gemeinderat hat sich trotz einer finanziellen Schieflage die in allen saarl\u00e4ndischen Gemeinden vorherrscht dazu entschlossen einstimmig diese Investitionen<\/p>\n","protected":false},"author":1,"featured_media":14780,"comment_status":"open","ping_status":"closed","sticky":false,"template":"","format":"standard","meta":{"_crdt_document":"","footnotes":""},"categories":[1,9,902],"tags":[5,85,618,127,1054,634,795,310],"class_list":["post-15044","post","type-post","status-publish","format-standard","has-post-thumbnail","hentry","category-allgemein","category-dorfgetratsche","category-meine-meinung","tag-dirmingen","tag-evangelische-kirche-dirmingen","tag-gemeinde-eppelborn","tag-landkreis-neunkirchen","tag-lbz-dirmingen","tag-ortsvorsteher","tag-ortsvorsteher-dirmingen","tag-saarland"],"_links":{"self":[{"href":"https:\/\/echta-derminga.de\/index.php?rest_route=\/wp\/v2\/posts\/15044","targetHints":{"allow":["GET"]}}],"collection":[{"href":"https:\/\/echta-derminga.de\/index.php?rest_route=\/wp\/v2\/posts"}],"about":[{"href":"https:\/\/echta-derminga.de\/index.php?rest_route=\/wp\/v2\/types\/post"}],"author":[{"embeddable":true,"href":"https:\/\/echta-derminga.de\/index.php?rest_route=\/wp\/v2\/users\/1"}],"replies":[{"embeddable":true,"href":"https:\/\/echta-derminga.de\/index.php?rest_route=%2Fwp%2Fv2%2Fcomments&post=15044"}],"version-history":[{"count":3,"href":"https:\/\/echta-derminga.de\/index.php?rest_route=\/wp\/v2\/posts\/15044\/revisions"}],"predecessor-version":[{"id":15050,"href":"https:\/\/echta-derminga.de\/index.php?rest_route=\/wp\/v2\/posts\/15044\/revisions\/15050"}],"wp:featuredmedia":[{"embeddable":true,"href":"https:\/\/echta-derminga.de\/index.php?rest_route=\/wp\/v2\/media\/14780"}],"wp:attachment":[{"href":"https:\/\/echta-derminga.de\/index.php?rest_route=%2Fwp%2Fv2%2Fmedia&parent=15044"}],"wp:term":[{"taxonomy":"category","embeddable":true,"href":"https:\/\/echta-derminga.de\/index.php?rest_route=%2Fwp%2Fv2%2Fcategories&post=15044"},{"taxonomy":"post_tag","embeddable":true,"href":"https:\/\/echta-derminga.de\/index.php?rest_route=%2Fwp%2Fv2%2Ftags&post=15044"}],"curies":[{"name":"wp","href":"https:\/\/api.w.org\/{rel}","templated":true}]}}