{"id":15133,"date":"2023-05-10T12:00:58","date_gmt":"2023-05-10T11:00:58","guid":{"rendered":"https:\/\/echta-derminga.de\/?p=15133"},"modified":"2023-05-10T12:01:01","modified_gmt":"2023-05-10T11:01:01","slug":"du-bist-ein-gott-der-mich-sieht-warum-die-eigene-konfirmation-oder-kommunion-sich-immer-noch-lohnt","status":"publish","type":"post","link":"https:\/\/echta-derminga.de\/?p=15133","title":{"rendered":"&#8222;Du bist ein Gott, der mich sieht&#8220; &#8211; Warum die eigene Konfirmation oder Kommunion sich immer noch lohnt !"},"content":{"rendered":"\n<p class=\"has-medium-font-size wp-block-paragraph\"><strong>Der Fisch diente dem Christentum bereits vor 2000 Jahren als Symbol. Dabei wurde der Fisch zun\u00e4chst als Geheimzeichen benutzt. Nicht nur die R\u00f6mer verfolgten die Christinnen und&nbsp;Christen&nbsp;wegen ihrem Glauben. Damit sich die&nbsp;Christen heimlich verst\u00e4ndigen und treffen konnten, entwickelten sie ein geheimes Symbol &#8211; den Fisch. Auf Griechisch bedeutet Fisch n\u00e4mlich ICHTHYS, in griechischer Schrift&nbsp;\u0399\u03a7\u0398\u03a5\u03a3. Und jeder dieser Buchstaben hatte als Abk\u00fcrzung eine besondere Bedeutung f\u00fcr den Satz:&nbsp;Jesus Christus&nbsp;Gottes Sohn und Erl\u00f6ser.&nbsp;Das &#8222;\u0399&#8220; ist der griechische Anfangsbuchstabe von&nbsp;Iesous, also Jesus. Das&nbsp;&#8222;\u03a7&#8220; ist der Buchstabe Chi &#8211; und steckt in&nbsp;Christus. Der Buchstabe &#8222;\u0398&#8220;, der wie ein O mit einem Punkt in der Mitte aussieht, ist der Buchstabe Theta und steckt in&nbsp;Theou, was soviel wie Gott bedeutet. Mit einem &#8222;Y&#8220; beginnt das Wort&nbsp;Yios, griechisch f\u00fcr Sohn. Und das &#8222;\u03a3&#8220; ist das Sigma im Wort&nbsp;Soter, was \u00fcbersetzt Erl\u00f6ser hei\u00dft. Irgendwann wurde der Fisch als Symbol des Christentums von dem Kreuz abgel\u00f6st. Seine Bedeutung als Geheimzeichen aller Christinnen und Christen hat der Fisch bis heute nicht verloren.<\/strong><\/p>\n\n\n\n<p class=\"has-medium-font-size wp-block-paragraph\">Die kirchlichen &#8222;Menschenfischer&#8220; haben es in der heutigen Zeit immer schwerer einen guten Fang zu machen. Die Menschen wenden sich zusehends von der Kirche ab und legen kaum noch Wert auf christliche Symbole, Gebete oder Glauben. Schon bei unseren Kindern und Jugendlichen erkennt man einen deutlichen negativ Trend weg von der Kirche. Kirchliche Feste wie z.B Taufen, Konfirmationen oder Kommunionen werden kaum noch wichtig genommen.<\/p>\n\n\n\n<p class=\"has-medium-font-size wp-block-paragraph\"><strong>Kennt ihr noch euren Konfirmations- oder Kommunionsspruch? Einer Umfrage zufolge k\u00f6nnen sich die wenigsten Menschen an ihren Konfirmations- oder Kommunionsspruch erinnern. Eigentlich ist das sehr schade, wobei uns diese Umfrage deutlich vor Augen f\u00fchrt, welchen Stellenwert die Kirche und der damit verbundene Glaube in unserer heutigen Zeit genie\u00dft. In diesem Jahr wird mein Sohn konfirmiert. Mit seinen nun 13. Jahren hat er sich seinen ganz pers\u00f6nlichen Konfirmationsspruch selbst ausgesucht. Tristans Konfirmationsspruch steht im alten Testament und kommt aus 1. Mose 16, 13, lautet: &#8222;Du bist ein Gott, der mich sieht!&#8220; Auf die Frage, warum es gerade dieser Spruch sein sollte, antwortete er:\u201e Weil ich m\u00f6chte, dass Gott mich so sieht und nimmt, wie ich bin\u201c. <\/strong><\/p>\n\n\n\n<p class=\"has-medium-font-size wp-block-paragraph\">In diesem Jahr haben sich 11 Jugendliche aus der evangelischen Kirchengemeinde Dirmingen dazu entschieden sich konfirmieren zu lassen. Davon sind lediglich 5 Jugendliche aus Dirmingen. Auch In der katholischen Pfarreiengemeinschaft Eppelborn-Dirmingen sollen 5 Kinder aus Dirmingen konfirmiert werden. Am Sonntag, 14. Mai 2023 wird in Dirmingen die Konfirmation gefeiert. Nur eine Woche sp\u00e4ter am 20. Mai wird in unserer katholischen Pfarreiengemeinschaft Eppelborn-Dirmingen die heilige Kommunion begangen. F\u00fcr die betreffenden Familien bedeutet dieser Festtag einen gro\u00dfen Aufwand. Alles soll sch\u00f6n dekoriert und festlich aufgetischt werden. Schlie\u00dflich soll es ein unvergesslicher Tag werden.<\/p>\n\n\n\n<div class=\"wp-block-columns is-layout-flex wp-container-core-columns-is-layout-8f761849 wp-block-columns-is-layout-flex\">\n<div class=\"wp-block-column is-layout-flow wp-block-column-is-layout-flow\">\n<figure class=\"wp-block-image size-large\"><img loading=\"lazy\" decoding=\"async\" width=\"700\" height=\"866\" src=\"https:\/\/echta-derminga.de\/wp-content\/uploads\/2021\/05\/333-700x866.jpg\" alt=\"\" class=\"wp-image-9612\" srcset=\"https:\/\/echta-derminga.de\/wp-content\/uploads\/2021\/05\/333-700x866.jpg 700w, https:\/\/echta-derminga.de\/wp-content\/uploads\/2021\/05\/333-243x300.jpg 243w, https:\/\/echta-derminga.de\/wp-content\/uploads\/2021\/05\/333-768x950.jpg 768w, https:\/\/echta-derminga.de\/wp-content\/uploads\/2021\/05\/333.jpg 900w\" sizes=\"auto, (max-width: 700px) 100vw, 700px\" \/><\/figure>\n<\/div>\n\n\n\n<div class=\"wp-block-column is-layout-flow wp-block-column-is-layout-flow\">\n<figure class=\"wp-block-image size-large\"><img loading=\"lazy\" decoding=\"async\" width=\"700\" height=\"828\" src=\"https:\/\/echta-derminga.de\/wp-content\/uploads\/2021\/05\/222-700x828.jpg\" alt=\"\" class=\"wp-image-9611\" srcset=\"https:\/\/echta-derminga.de\/wp-content\/uploads\/2021\/05\/222-700x828.jpg 700w, https:\/\/echta-derminga.de\/wp-content\/uploads\/2021\/05\/222-254x300.jpg 254w, https:\/\/echta-derminga.de\/wp-content\/uploads\/2021\/05\/222-768x908.jpg 768w, https:\/\/echta-derminga.de\/wp-content\/uploads\/2021\/05\/222.jpg 900w\" sizes=\"auto, (max-width: 700px) 100vw, 700px\" \/><\/figure>\n<\/div>\n<\/div>\n\n\n\n<p class=\"has-medium-font-size wp-block-paragraph\"><strong>Die evangelischen Kirchen im Rheinland beobachten seit Jahren einen R\u00fcckgang bei den Konfirmationen. Nat\u00fcrlich ist dies unter anderem dem demografischen Wandel, also etwa der niedrigen Geburtenrate, geschuldet. Eine gro\u00dfe Rolle spielt aber auch, dass immer mehr Eltern den Kindern die Entscheidung freistellen, den Konfirmandenunterricht zu besuchen und diese wiederum die M\u00fchen eines einj\u00e4hrigen Zusatzunterrichts scheuen. Bei finanzschwachen Familien spielt auch die kostenintensive Feier eine Rolle. Ein weiterer Grund liegt im Alltagsstress und dem \u00fcberf\u00fcllten Familienplaner. Das alles gilt genauso f\u00fcr die katholische Kirche. Auch bei den Katholiken beteiligen sich immer weniger junge Menschen an den traditionellen Zeremonien. Schlie\u00dflich ist auch die Zahl der Kommunionen und Firmungen rapide zur\u00fcckgegangen.<\/strong><\/p>\n\n\n\n<p class=\"has-medium-font-size wp-block-paragraph\">Viele Eltern stellen bei ihrer Erziehung bewusst das Thema Religion, Gott und Glaube in die zweite Reihe. Von den meisten Kindern und Jugendlichen wird der klassische Gottesdienst als eher langweilig empfunden. Die Kirche wiederum stellt diese Tatsache vor neue Herausforderungen. Eine Kirche, die sich nicht intensiv um die Kinder und Jugendliche k\u00fcmmert, sieht schon bald ziemlich alt aus. Stellt sich die Frage, ob solche traditionell, kirchlichen Feierlichkeiten zuk\u00fcnftig noch in Mode sind. Sollten wir uns nicht vielmehr auf die Suche nach neuen Wegen machen ?<\/p>\n\n\n\n<p class=\"has-medium-font-size wp-block-paragraph\"><strong>In meiner T\u00e4tigkeit als Presbyter der Evangelischen Kirchengemeinde Dirmingen durfte ich mich schon \u00f6fter an einem Konfirmationsunterricht beteiligen. Dabei habe ich in den letzten Jahren immer mehr das Gef\u00fchl bekommen, dass sich unsere Kinder von der Kirche entfernt haben. Viele Kindern fehlt jegliches Interesse an der Konfi-Arbeit und der bevorstehenden Konfirmation. Man stellt sich unwillk\u00fcrlich die Frage warum manche M\u00e4dchen und Jungs \u00fcberhaupt teilnehmen. Warum geht man als Kind oder Jugendliche\/er \u00fcberhaupt zur Kommunion oder l\u00e4sst sich konfirmieren? Weil es alle tun? Weil es Geschenke gibt oder weil ich sonst als Au\u00dfenseiter gelte? Wir reden von Zeiten, in denen viele Kinder nicht einmal das &#8222;Vater Unser&#8220; frei aufsagen k\u00f6nnen. Unsere Kinder sind das Resultat unserer Erziehung. Wie bereits erw\u00e4hnt legen immer weniger Eltern Wert auf eine religi\u00f6se Erziehung. Wenn fr\u00fcher ein Kind oder ein Jugendlicher aus der Reihe getanzt ist und sich nicht konfirmieren lie\u00df oder auf die Kommunion verzichtete, stand dies sofort in der Dorfzeitung. Die Familie war praktisch gebrandmarkt. Heute ist das alles leichter und geht mit mehr Verst\u00e4ndnis daher.<\/strong><\/p>\n\n\n\n<div class=\"wp-block-columns is-layout-flex wp-container-core-columns-is-layout-8f761849 wp-block-columns-is-layout-flex\">\n<div class=\"wp-block-column is-layout-flow wp-block-column-is-layout-flow\">\n<figure class=\"wp-block-image size-large\"><img loading=\"lazy\" decoding=\"async\" width=\"644\" height=\"429\" src=\"https:\/\/echta-derminga.de\/wp-content\/uploads\/2019\/06\/2-1-644x429.jpg\" alt=\"\" class=\"wp-image-3891\" srcset=\"https:\/\/echta-derminga.de\/wp-content\/uploads\/2019\/06\/2-1-644x429.jpg 644w, https:\/\/echta-derminga.de\/wp-content\/uploads\/2019\/06\/2-1-300x200.jpg 300w, https:\/\/echta-derminga.de\/wp-content\/uploads\/2019\/06\/2-1-768x512.jpg 768w, https:\/\/echta-derminga.de\/wp-content\/uploads\/2019\/06\/2-1.jpg 800w\" sizes=\"auto, (max-width: 644px) 100vw, 644px\" \/><\/figure>\n<\/div>\n\n\n\n<div class=\"wp-block-column is-layout-flow wp-block-column-is-layout-flow\">\n<figure class=\"wp-block-image size-large\"><img loading=\"lazy\" decoding=\"async\" width=\"644\" height=\"429\" src=\"https:\/\/echta-derminga.de\/wp-content\/uploads\/2019\/06\/44-644x429.jpg\" alt=\"\" class=\"wp-image-3893\" srcset=\"https:\/\/echta-derminga.de\/wp-content\/uploads\/2019\/06\/44-644x429.jpg 644w, https:\/\/echta-derminga.de\/wp-content\/uploads\/2019\/06\/44-300x200.jpg 300w, https:\/\/echta-derminga.de\/wp-content\/uploads\/2019\/06\/44.jpg 700w\" sizes=\"auto, (max-width: 644px) 100vw, 644px\" \/><\/figure>\n<\/div>\n<\/div>\n\n\n\n<p class=\"has-medium-font-size wp-block-paragraph\">Zugegebenerma\u00dfen habe ich pers\u00f6nlich in dieser Frage immer etwas Druck auf meine Kinder ausge\u00fcbt. Ich finde man soll seinen Kindern immer verschiedene Wege aufzeigen. Letztendlich k\u00f6nnen Sie sich sp\u00e4testens zur Konfirmation selbst entscheiden welchen Weg Sie einschlagen. Ich habe meine Kinder nie gezwungen an Gott zu glauben oder einer Religion zu folgen. Ehrlicherweise habe ich sie aber gerne in diese Richtung gestupst. Der eigene Glaube kann best\u00e4rken und ermutigen. Kinder und Jugendliche, die an nichts mehr glauben und keinen Halt im Leben haben geraten schneller auf die schiefe Bahn.<\/p>\n\n\n\n<p class=\"has-medium-font-size wp-block-paragraph\"><strong>Die evangelische Konfirmation geht auf den in Stra\u00dfburger Reformator Martin Bucer zur\u00fcck und wurde erstmals im Jahre 1539 in der hessischen Ziegenhainer Kirchenzuchtordnung festgehalten. Martin Luther selbst hatte die damalige Firmung wegen ihres fehlenden Bibelbezugs abgelehnt. Luther vertrat die Meinung, dass die Taufe keiner weiteren Glaubenserg\u00e4nzung bed\u00fcrft. Die entscheidenden Anst\u00f6\u00dfe zur Entstehung der evangelischen Konfirmation kamen durch die reformatorische T\u00e4uferbewegung. Der Reformator Martin Bucer entwickelte schlie\u00dflich das heutige Modell der Konfirmation. Die Jugendlichen sollten die Gelegenheit erhalten auf eigenen Wunsch ihren, durch die Taufe aufgelegten Glauben, zu bekr\u00e4ftigen oder vielmehr zu best\u00e4rken. Konfirmation hei\u00dft somit nichts anderes als \u201eBest\u00e4rkung\u201c. Die Heranwachsenden wurden fortan zu einem Katechismusunterricht geschickt der in einer symbolischen Handlung vor der Gemeinde, der Konfirmation, gipfelte. Die Jugendlichen bekommen somit die M\u00f6glichkeit nachtr\u00e4glich \u201eJa \u201ezu ihrer Taufe und zum eigenen Glauben zu sagen.<\/strong><\/p>\n\n\n\n<div class=\"wp-block-columns is-layout-flex wp-container-core-columns-is-layout-8f761849 wp-block-columns-is-layout-flex\">\n<div class=\"wp-block-column is-layout-flow wp-block-column-is-layout-flow\">\n<figure class=\"wp-block-image size-large\"><img loading=\"lazy\" decoding=\"async\" width=\"644\" height=\"438\" src=\"https:\/\/echta-derminga.de\/wp-content\/uploads\/2019\/05\/konialt-Kopie-644x438.jpeg\" alt=\"\" class=\"wp-image-3813\" srcset=\"https:\/\/echta-derminga.de\/wp-content\/uploads\/2019\/05\/konialt-Kopie-644x438.jpeg 644w, https:\/\/echta-derminga.de\/wp-content\/uploads\/2019\/05\/konialt-Kopie-300x204.jpeg 300w, https:\/\/echta-derminga.de\/wp-content\/uploads\/2019\/05\/konialt-Kopie-768x522.jpeg 768w, https:\/\/echta-derminga.de\/wp-content\/uploads\/2019\/05\/konialt-Kopie.jpeg 800w\" sizes=\"auto, (max-width: 644px) 100vw, 644px\" \/><figcaption class=\"wp-element-caption\">Konfirmanden 1922<\/figcaption><\/figure>\n<\/div>\n\n\n\n<div class=\"wp-block-column is-layout-flow wp-block-column-is-layout-flow\">\n<figure class=\"wp-block-image size-large\"><img loading=\"lazy\" decoding=\"async\" width=\"700\" height=\"411\" src=\"https:\/\/echta-derminga.de\/wp-content\/uploads\/2023\/05\/20221229_154514-700x411.jpg\" alt=\"\" class=\"wp-image-15138\" srcset=\"https:\/\/echta-derminga.de\/wp-content\/uploads\/2023\/05\/20221229_154514-700x411.jpg 700w, https:\/\/echta-derminga.de\/wp-content\/uploads\/2023\/05\/20221229_154514-300x176.jpg 300w, https:\/\/echta-derminga.de\/wp-content\/uploads\/2023\/05\/20221229_154514-768x451.jpg 768w, https:\/\/echta-derminga.de\/wp-content\/uploads\/2023\/05\/20221229_154514.jpg 800w\" sizes=\"auto, (max-width: 700px) 100vw, 700px\" \/><figcaption class=\"wp-element-caption\">Konfirmanden 1930-er Jahre<\/figcaption><\/figure>\n<\/div>\n<\/div>\n\n\n\n<p class=\"has-medium-font-size wp-block-paragraph\">In Dirmingen wurde im Jahre 1726 die ersten gemeindeeigenen Konfirmationen durchgef\u00fchrt. Das \u00e4lteste Kirchenbuch der evangelischen Kirchengemeinde Dirmingen beinhaltet auch das erste Konfirmationsverzeichnis aus dem Jahre 1726. Hingegen b\u00fcrgerte sich erstmals im Jahre 1661 der sogenannte \u201cWei\u00dfe Sonntag\u201d als der bevorzugte Termin f\u00fcr die Feier der Erstkommunion ein. W\u00e4hrend in der katholischen Kirche viele Jahrzehnte an diesem \u201cWei\u00dfen Sontag\u201d festgehalten wurde, \u00e4nderte unsere Evangelische Kirche schonmal ihre Konfirmationstage. In Dirmingen wurde unter anderem viele Jahrelang am Palmsonntag Konfirmation gefeiert. Im Jahre 1969 fanden die Konfirmationen erstmals am Sonntag \u201cRogate\u201d statt. An diesem Termin orientiert man sich noch heute, wobei im Laufe der letzten Jahrzehnte immer wieder mal an einem anderen Tag gefeiert wurde. Mittlerweile scheint sich jedoch der Termin \u201cRogate\u201d etabliert zu haben.<\/p>\n\n\n\n<p class=\"has-medium-font-size wp-block-paragraph\"><strong>Den Kirchen geht es nicht gut und das spiegelt sich auch in ihrer Kinder- und Jugendarbeit wider. Das beginnt meistens schon im Kindesalter und nicht erst zur Konfirmation. Immer mehr Familien entscheiden sich dazu ihre Kinder nicht taufen zu lassen. Daraus resultiert nat\u00fcrlich, dass immer mehr Kindern der Bezug zur Kirche verloren geht. Wenn dann irgendwann einmal die Frage nach Konfi- oder Kommunionsunterricht aufkommt, lautet die Antwort naturgem\u00e4\u00df: Nein.<\/strong> <strong>Das Nein zu der Kirche und nat\u00fcrlich auch zum eigenen Glauben bedeutet, dass die Jugendlichen ihrem Glauben keine Chance geben. Schuld daran tr\u00e4gt auch die Kirche: Skandale, Lobbyismus und falsche Entscheidungen im Umgang mit Kindern- und Jugendlichen. <\/strong><\/p>\n\n\n\n<p class=\"has-medium-font-size wp-block-paragraph\"><strong>Durch die Konfirmation wird ein Jugendlicher, der evangelisch getauft wurde, zu einem vollwertigen und m\u00fcndigen Mitglied der evangelischen Kirche. Mit der Konfirmation wird die Taufe pers\u00f6nlich und bewusst best\u00e4tigt und ein Bekenntnis zum evangelischen Glauben geleistet. \u00dcblicherweise findet der Ritus im Alter von 14 Jahren statt. Geschichtlich begr\u00fcndet dadurch, dass fr\u00fcher in diesem Alter mit der 8. Klasse die Schulbildung abgeschlossen war und viele Jugendliche ihr Elternhaus und ihre Heimat verlie\u00dfen. Die Konfirmation entspricht in etwa der Kommunion bei den Katholiken. In der katholischen Kirche feiert man zum ersten Mal das Abendmal (Eucharistie). Die Kinder sind bei ihrer Erstkommunion zwischen 8 und 9 Jahre alt. Mit der Hostie bei der Kommunionsfeier erkl\u00e4ren die Kinder, dass sie ihren Glauben annehmen. Der gr\u00f6\u00dfte Unterschied zwischen beiden Festen: Die Kommunion ist ein christliches Sakrament, die Konfirmation das Fest zur Einf\u00fchrung in das christliche Erwachsenwerden. Religi\u00f6ses Erwachsensein beginnt also bei den Katholiken wesentlich fr\u00fcher.<\/strong><\/p>\n\n\n\n<div class=\"wp-block-columns is-layout-flex wp-container-core-columns-is-layout-8f761849 wp-block-columns-is-layout-flex\">\n<div class=\"wp-block-column is-layout-flow wp-block-column-is-layout-flow\">\n<figure class=\"wp-block-image size-large\"><img loading=\"lazy\" decoding=\"async\" width=\"700\" height=\"435\" src=\"https:\/\/echta-derminga.de\/wp-content\/uploads\/2023\/05\/alt-schul-Kopie-700x435.jpg\" alt=\"\" class=\"wp-image-15140\" srcset=\"https:\/\/echta-derminga.de\/wp-content\/uploads\/2023\/05\/alt-schul-Kopie-700x435.jpg 700w, https:\/\/echta-derminga.de\/wp-content\/uploads\/2023\/05\/alt-schul-Kopie-300x186.jpg 300w, https:\/\/echta-derminga.de\/wp-content\/uploads\/2023\/05\/alt-schul-Kopie-768x477.jpg 768w, https:\/\/echta-derminga.de\/wp-content\/uploads\/2023\/05\/alt-schul-Kopie.jpg 800w\" sizes=\"auto, (max-width: 700px) 100vw, 700px\" \/><figcaption class=\"wp-element-caption\">Konfirmanden 1924<\/figcaption><\/figure>\n<\/div>\n\n\n\n<div class=\"wp-block-column is-layout-flow wp-block-column-is-layout-flow\">\n<figure class=\"wp-block-image size-large\"><img loading=\"lazy\" decoding=\"async\" width=\"700\" height=\"529\" src=\"https:\/\/echta-derminga.de\/wp-content\/uploads\/2023\/05\/konfii-700x529.jpg\" alt=\"\" class=\"wp-image-15142\" srcset=\"https:\/\/echta-derminga.de\/wp-content\/uploads\/2023\/05\/konfii-700x529.jpg 700w, https:\/\/echta-derminga.de\/wp-content\/uploads\/2023\/05\/konfii-300x227.jpg 300w, https:\/\/echta-derminga.de\/wp-content\/uploads\/2023\/05\/konfii-768x580.jpg 768w, https:\/\/echta-derminga.de\/wp-content\/uploads\/2023\/05\/konfii-rotated.jpg 900w\" sizes=\"auto, (max-width: 700px) 100vw, 700px\" \/><figcaption class=\"wp-element-caption\">Konfirmanden 1928<\/figcaption><\/figure>\n<\/div>\n<\/div>\n\n\n\n<p class=\"has-medium-font-size wp-block-paragraph\">Unsere Kirchen m\u00fcssen unbedingt neue Wege gehen. Das bedeutet nicht, dass man sich von der Konfirmation oder der Kommunion abwenden sollte. Vielmehr sollte man sich mit der Frage besch\u00e4ftigen, wie man die Kinder und Jugendlichen wieder f\u00fcr die eigene Sache gewinnt. Wenn man mit den Jugendlichen in den Dialog treten m\u00f6chte, muss man sich auf deren Plattformen begeben. Dabei bieten auch die sozialen Medien viele M\u00f6glichkeiten. Die Kirche muss dorthin, wo es weh tut und sich unsere Jugendlichen bewegen. Nat\u00fcrlich w\u00fcnschen wir uns Kinder -und Jugendliche, die gerne und aus freien St\u00fccken zu uns kommen und sich konfirmieren lassen. Wenn jedoch alles nichts nutzt, m\u00fcssen wir lernen, um unsere Sch\u00e4fchen zu k\u00e4mpfen. Wie soll es jedoch gelingen junge Menschen f\u00fcr die Sache Jesu zu begeistern? Welche Angebote sind gerade f\u00fcr junge Menschen interessant? Wie k\u00f6nnen wir Jugendliche dazu bewegen ihrem Glauben eine Chance zu geben?<\/p>\n\n\n\n<p class=\"has-medium-font-size wp-block-paragraph\"><strong>\u201eDas der Glaube dich tragen kann, merkst du nur, wenn du ihn ausprobierst. Wie fr\u00fcher, als du laufen gelernt hast\u201c Wir m\u00fcssen unseren Kindern und Jugendlichen die freie Wahl lassen. Wenn sich heute auch immer weniger Kinder und Jugendliche f\u00fcr den Glauben entscheiden so ist dieser steinige Weg der freien Wahl zur Konfirmation oder Kommunion doch der ehrlichste und beste Weg zu einer freien Meinungsbildung.<\/strong><\/p>\n\n\n\n<p class=\"has-medium-font-size wp-block-paragraph\"><strong>Ich pers\u00f6nlich wurde am 08.Mai 1983, in der evangelischen Kirche Dirmingen, von Pfarrer Arneth konfirmiert. Ich habe die Entscheidung mich konfirmieren zu lassen selbst getroffen und bis heute nie bereut. F\u00fcr mich bedeutete Kirche, und insbesondere unsere Kirche im Dorf, immer auch ein St\u00fcck Heimat. Mein Konfirmationsspruch lautet:\u201c Ich bin die Auferstehung und das Leben wer an mich glaubt der wird Leben, selbst wenn er stirbt und wer da lebet und an mich glaubt, der wird niemals sterben\u201c. (Johannesevangelium Kapitel 11 Vers: 25-26)<\/strong><\/p>\n\n\n\n<p class=\"has-medium-font-size wp-block-paragraph\">Mein Konfirmationsspruch hat mir schon oft in meinem Leben geholfen. Ich verstehe in diesem Spruch aus dem Osterevangelium so viel Mut und Zuversicht. Ich glaube fest daran, dass ein solcher Spruch im Leben helfen und das eigene Bewusstsein st\u00e4rken kann. Am Ende ist es sogar egal woran oder wie du glaubst, Hauptsache ist, dass du glaubst.<\/p>\n\n\n\n<p class=\"has-medium-font-size wp-block-paragraph\"><strong>In diesem Sinne w\u00fcnsche ich allen Konfirmandinnen und Konfirmanden sowie allen Kommunionkindern ein sch\u00f6nes Fest mit vielen gro\u00dfartigen Eindr\u00fccken und unvergesslichen Stunden. Meinem Sohn Tristan w\u00fcnsche ich das sein Konfirmationsspruch ihn durch sein Leben tr\u00e4gt und Er ganz oft aus vollem Herzen dankbar sagen kann:\u201c Du bist ein Gott, der mich sieht\u201c<\/strong><\/p>\n\n\n<div class=\"wp-block-image\">\n<figure class=\"aligncenter size-large\"><img loading=\"lazy\" decoding=\"async\" width=\"644\" height=\"440\" src=\"https:\/\/echta-derminga.de\/wp-content\/uploads\/2018\/05\/konfi-mein-Kopie-644x440.jpeg\" alt=\"\" class=\"wp-image-1282\" srcset=\"https:\/\/echta-derminga.de\/wp-content\/uploads\/2018\/05\/konfi-mein-Kopie-644x440.jpeg 644w, https:\/\/echta-derminga.de\/wp-content\/uploads\/2018\/05\/konfi-mein-Kopie-300x205.jpeg 300w, https:\/\/echta-derminga.de\/wp-content\/uploads\/2018\/05\/konfi-mein-Kopie-768x524.jpeg 768w, https:\/\/echta-derminga.de\/wp-content\/uploads\/2018\/05\/konfi-mein-Kopie.jpeg 800w\" sizes=\"auto, (max-width: 644px) 100vw, 644px\" \/><figcaption class=\"wp-element-caption\">Na, wo bin ich ?<\/figcaption><\/figure>\n<\/div>","protected":false},"excerpt":{"rendered":"<p>Der Fisch diente dem Christentum bereits vor 2000 Jahren als Symbol. Dabei wurde der Fisch zun\u00e4chst als Geheimzeichen benutzt. Nicht nur die R\u00f6mer verfolgten die Christinnen und&nbsp;Christen&nbsp;wegen ihrem Glauben. Damit sich die&nbsp;Christen heimlich verst\u00e4ndigen und treffen konnten, entwickelten sie ein geheimes Symbol &#8211; den Fisch. Auf Griechisch bedeutet Fisch n\u00e4mlich ICHTHYS, in griechischer Schrift&nbsp;\u0399\u03a7\u0398\u03a5\u03a3. Und jeder dieser Buchstaben hatte als<\/p>\n","protected":false},"author":1,"featured_media":15150,"comment_status":"open","ping_status":"closed","sticky":false,"template":"","format":"standard","meta":{"_crdt_document":"","footnotes":""},"categories":[1,9,902],"tags":[5,85,618,568,158,1057,1056,127,310],"class_list":["post-15133","post","type-post","status-publish","format-standard","has-post-thumbnail","hentry","category-allgemein","category-dorfgetratsche","category-meine-meinung","tag-dirmingen","tag-evangelische-kirche-dirmingen","tag-gemeinde-eppelborn","tag-katholische-kirchengemeinde","tag-kirche","tag-kommunion-2023","tag-konfirmation-2023","tag-landkreis-neunkirchen","tag-saarland"],"_links":{"self":[{"href":"https:\/\/echta-derminga.de\/index.php?rest_route=\/wp\/v2\/posts\/15133","targetHints":{"allow":["GET"]}}],"collection":[{"href":"https:\/\/echta-derminga.de\/index.php?rest_route=\/wp\/v2\/posts"}],"about":[{"href":"https:\/\/echta-derminga.de\/index.php?rest_route=\/wp\/v2\/types\/post"}],"author":[{"embeddable":true,"href":"https:\/\/echta-derminga.de\/index.php?rest_route=\/wp\/v2\/users\/1"}],"replies":[{"embeddable":true,"href":"https:\/\/echta-derminga.de\/index.php?rest_route=%2Fwp%2Fv2%2Fcomments&post=15133"}],"version-history":[{"count":14,"href":"https:\/\/echta-derminga.de\/index.php?rest_route=\/wp\/v2\/posts\/15133\/revisions"}],"predecessor-version":[{"id":15152,"href":"https:\/\/echta-derminga.de\/index.php?rest_route=\/wp\/v2\/posts\/15133\/revisions\/15152"}],"wp:featuredmedia":[{"embeddable":true,"href":"https:\/\/echta-derminga.de\/index.php?rest_route=\/wp\/v2\/media\/15150"}],"wp:attachment":[{"href":"https:\/\/echta-derminga.de\/index.php?rest_route=%2Fwp%2Fv2%2Fmedia&parent=15133"}],"wp:term":[{"taxonomy":"category","embeddable":true,"href":"https:\/\/echta-derminga.de\/index.php?rest_route=%2Fwp%2Fv2%2Fcategories&post=15133"},{"taxonomy":"post_tag","embeddable":true,"href":"https:\/\/echta-derminga.de\/index.php?rest_route=%2Fwp%2Fv2%2Ftags&post=15133"}],"curies":[{"name":"wp","href":"https:\/\/api.w.org\/{rel}","templated":true}]}}