{"id":15157,"date":"2023-05-21T12:48:06","date_gmt":"2023-05-21T11:48:06","guid":{"rendered":"https:\/\/echta-derminga.de\/?p=15157"},"modified":"2023-05-23T15:11:53","modified_gmt":"2023-05-23T14:11:53","slug":"singend-und-summend-durchs-leben-100-jahre-evangelischer-kirchenchor-dirmingen","status":"publish","type":"post","link":"https:\/\/echta-derminga.de\/?p=15157","title":{"rendered":"Singend und Summend durchs Leben &#8211; 100 Jahre Evangelischer Kirchenchor Dirmingen"},"content":{"rendered":"\n<p class=\"has-medium-font-size wp-block-paragraph\"><strong>\u201eSingen in einem Kirchenchor bedeutet Mut zum Bekenntnis des eignen christlichen Glaubens\u201c.<\/strong><\/p>\n\n\n\n<p class=\"has-medium-font-size wp-block-paragraph\"><strong>Am Pfingstsonntag, 28.Mai 2023 feiert der Evangelische Kirchenchor Dirmingen, im Rahmen der Veranstaltung \u201cNacht der Kirchen\u201d, sein 100. Jubil\u00e4um. Die Festveranstaltung beginnt um 19:00 Uhr mit einem Festgottesdienst in der evangelischen Kirche Dirmingen. Im Anschluss wird der Chor seine verdienten Mitglieder ehren. Auch den Ehreng\u00e4sten wird die M\u00f6glichkeit geboten sich zu Wort zu melden. Um 20:00 Uhr werden verschiedenen Ch\u00f6re zu Ehren des Evangelischen Kirchenchors Dirmingen singen und somit f\u00fcr ein abwechslungsreiches und interessantes Programm sorgen. Nat\u00fcrlich wird es neben dem Programm in der Kirche auch etwas f\u00fcr den kleinen Hunger und den Durst geben.<\/strong><\/p>\n\n\n\n<p class=\"has-medium-font-size wp-block-paragraph\"><strong>100 Jahre Evangelischer Kirchenchor Dirmingen spiegeln ein facettenreiches Bild vom Leben vieler Pers\u00f6nlichkeiten in der Geschichte der evangelischen Kirchengemeinde Dirmingen.<\/strong><\/p>\n\n\n\n<p class=\"has-medium-font-size wp-block-paragraph\">Ich selbst bin seit 2016 Mitglied dieses Chores und f\u00fchle mich pudelwohl im Kreise meiner Mits\u00e4ngerinnen und Mits\u00e4nger. Obwohl ich nicht behaupten kann, dass ich ein guter S\u00e4nger bin, singe ich sehr gerne. Irgendwann war mir das &#8222;tr\u00e4llern&#8220; unter der Dusche zu wenig. Ich brauchte eine neue Herausforderung und hatte mich kurzentschlossen dem evangelischen Kirchenchor angeschlossen. Ich habe diese Entscheidung bis heute nicht bereut und freue mich auf jede Probe und jeden auftritt.<\/p>\n\n\n\n<p class=\"has-medium-font-size wp-block-paragraph\">100 Jahre evangelischer Kirchenchor bieten auch die M\u00f6glichkeit einmal zur\u00fcckzublicken, <\/p>\n\n\n<div class=\"wp-block-image\">\n<figure class=\"aligncenter size-large\"><img loading=\"lazy\" decoding=\"async\" width=\"700\" height=\"488\" src=\"https:\/\/echta-derminga.de\/wp-content\/uploads\/2023\/05\/20221226_153038-700x488.jpg\" alt=\"\" class=\"wp-image-15159\" srcset=\"https:\/\/echta-derminga.de\/wp-content\/uploads\/2023\/05\/20221226_153038-700x488.jpg 700w, https:\/\/echta-derminga.de\/wp-content\/uploads\/2023\/05\/20221226_153038-300x209.jpg 300w, https:\/\/echta-derminga.de\/wp-content\/uploads\/2023\/05\/20221226_153038-768x536.jpg 768w, https:\/\/echta-derminga.de\/wp-content\/uploads\/2023\/05\/20221226_153038.jpg 1521w\" sizes=\"auto, (max-width: 700px) 100vw, 700px\" \/><figcaption class=\"wp-element-caption\">Evangelischer Kirchenchor Dirmingen 1933<\/figcaption><\/figure>\n<\/div>\n\n\n<p class=\"has-medium-font-size wp-block-paragraph\"><strong>Im Jahre 1919 trat Emil Wendling seine erste Lehrstelle in der evangelischen Schule Dirmingen an. Diese Lehrstelle war, nach geltenden Kirchenrecht, mit dem Organistendienst verbunden. In diesen schwierigen Zeiten leistete Emil Wendling f\u00fcr unsere Kirchengemeinde und insbesondere f\u00fcr die Kirchenmusik der evangelischen Kirchengemeinde Dirmingen eine au\u00dferordentliche Pionierarbeit. Mit Pfarrer Friedrich Wilhelm Langensiepen fand Emil Wendling im Jahre 1921 einen Gemeindepfarrer, der sich f\u00fcr den Chorgesang begeisterte. Im Jahre 1921 wurde erstmals ein Kirchenchor in unserer Gemeinde gegr\u00fcndet. Nach einigen Jahren mit gro\u00dfen Schwierigkeiten und Differenzen wurde dieser Chor jedoch wieder aufgel\u00f6st. Emil Wendling gr\u00fcndete daraufhin mit einigen begeisterten S\u00e4ngerinnen und S\u00e4ngern einen Singkreis.<\/strong><\/p>\n\n\n\n<p class=\"has-medium-font-size wp-block-paragraph\">Im Jahre 1923 wurde, neben der Frauenhilfe, dem Jungfrauenverein der evangelische Kirchenchor Dirmingen gegr\u00fcndet. Emil Wendling \u00fcbernahm fortan die Leitung des Singkreises und war somit auch der erste Chorleiter unserer Kirchengemeinde. Nachdem Pfarrer Langensiepen in den wohlverdienten Ruhestand ging, lernte der Chorleiter Wendling den Pfarrer Wilhelm Engel kennen und sch\u00e4tzen. Auf Initiative des Kirchenmusikers reichte Pfarrer Engel eine Bewerbung in der evangelischen Kirchengemeinde Dirmingen ein. Im Jahre 1931 wurde Wilhelm Engel neuer Pfarrer in der evangelischen Kirchengemeinde Dirmingen. Im Jahre 1932 f\u00fchrte der evangelische Singkreis (Kirchenchor) erstmals ein eigenes Chorwerk in der evangelischen Kirche Dirmingen auf. Im Jahre 1935 wurde die Gemeindearbeit zusehends schwieriger und umst\u00e4ndlicher. F\u00fcr Veranstaltungen, Versammlungen und sonstige Ma\u00dfnahmen au\u00dferhalb der kirchlichen Einrichtung musste bei der zust\u00e4ndigen Ortsgruppenleitung eine Genehmigung eingeholt werden. Es kam nicht selten vor, dass diese auch mal abgelehnt wurde. Dennoch konnte auch in dieser schwierigen Zeit der Chor gehalten werden. Unter Emil Wendling hatte der Kirchengesang in der Geeminde Dirmingen einen neuen Klang erhalten. In zahlreichen Gottesdiensten und Konzerten, bei Hochzeiten und Beerdigungen konnte der damalige Singkreis sein K\u00f6nnen unter Beweis stellen. Nach dem Ausbruch des zweiten Weltkrieges kam das gewohnte Gemeindeleben oftmals aus dem Trott. Die t\u00e4glichen Bombenangriffe und die Fl\u00fcchtlingsstr\u00f6me machten das Leben im Dorf sehr schwierig. Mit der Einberufung von Emil Wendling und sp\u00e4ter Pfarrer Wilhelm Engel zur Wehrmacht hatte der Singkreis keinen Chorleiter und die Gemeinde keinen Pfarrer mehr. Die Ehefrau von Pfarrer Engel, Anna-Maria Engel, \u00fcbernahm damals Verantwortung und leistete gro\u00dfartiges. Sie \u00fcbernahm den Chor sowie das Orgelspielen und das Singen mit den Konfirmanden und Katechumenen. Nach dem Ende des zweiten Weltkrieges begann der Singkreis sofort wieder mit dem Proben und dem Aufbau des Chores. Im Jahre 1945 kehrten Kantor Wendling und Pfarrer Engel aus dem Krieg heim. Emil Wendling wurde im Krieg schwer verletzt. Dies konnte ihn jedoch nicht davon abhalten seine Arbeit als Chorleiter wieder aufzunehmen. Der Chor wurde zu dieser Zeit immer wichtiger f\u00fcr das Gemeindeleben und die Menschen im Dorf.<\/p>\n\n\n\n<p class=\"has-medium-font-size wp-block-paragraph\"><strong>In den 1950-ger Jahren nahm der Chor in regelm\u00e4\u00dfigen Abst\u00e4nden an Singwochen und Seminaren teil. Au\u00dferdem wurde der Gemeinschaftssinn mit Tagesfahrten und Kurzreisen gef\u00f6rdert. Neben seinen zahlreichen Auftritten in der Kirchengemeinde wurden regelm\u00e4\u00dfig auch Auftritte bei Vereinen wahrgenommen. Als das alte evangelische Gemeindehaus im Jahre 1963 abgebrochen wurde verlor der Chor seinen Proberaum. Bis zum Herbst 1964 musste der Kirchenchor im Keller der Kirche unter der Sakristei proben. Zum Erntedankfest 1964 wurde das neue, heutige, Gemeindehaus eingeweiht. Im Jahre 1966 entschloss sich Emil Wendling sein Amt als Chorleiter und in j\u00fcngere H\u00e4nde zu geben. In einer emotionalen Abschiedsfeier wurde Emil Wendling vom Presbyterium und den Gemeindemitgliedern geb\u00fchrend verabschiedet. Sein Nachfolger, Peter Engel, war kein Unbekannter. Der Sohn von Pfarrer Engel schien der geeignete Nachfolger und optimale Chorleiter zu sein. Peter Engel war Lehrer an der Dirminger Volksschule und leitete seit 1961 den evangelischen Posaunenchor Dirmingen. Genau wie sein Vorg\u00e4nger Wendling war Peter Engel ein Vertreter der modernen Chorliteratur.<\/strong><\/p>\n\n\n\n<p class=\"has-medium-font-size wp-block-paragraph\">In den darauffolgenden Jahren \u00e4nderte der Chor seinen Namen. Aus der Bezeichnung \u201eSingkreis\u201c wurde der Evangelische Kirchenchor Dirmingen. Schlie\u00dflich wollte man mit dieser neuen Bezeichnung \u201eKirchenchor\u201c eine Abgrenzung zum im Jahre 1952 gegr\u00fcndeten Singkreis Berschweiler verdeutlichen. Im Advent des Jahres 1967 wurde unter der Leitung von Peter Engel erstmals ein Konzert im Landheim Wiesbach gegeben. Dieses besinnliche Konzert wurde ein gro\u00dfer Erfolg und wurde seitdem \u00fcber viele Jahre ausgerichtet. F\u00fcr viele Gemeindemitglieder waren diese Adventskonzerte die Vorreiter der heutigen Konzerte des Chores in der evangelischen Kirche. Im Jahre 1971 ging Pfarrer Engel in den verdienten Ruhestand. Sein Nachfolger wurde Joachim Brenner. Pfarrer Engel war fast 40 Jahre Pfarrer der evangelischen Kirchengemeinde Dirmingen. Im Jahre 1972 f\u00fchrte der M\u00e4nnergesangsverein Harmonie erstmals ein Adventskonzert in der Gemeinde Dirmingen durch. Dies war zugleich der Beginn des j\u00e4hrlichen Adventskonzertes des Chores. \u00dcber viele Jahre hinweg wurde, etwa zwei Wochen vor Weihnachten, abwechselnd in der evangelischen und katholischen Kirche mit allen Dirminger Ch\u00f6ren und musiktreibenden Vereinen ein Konzert gegeben. Heute richtet der evangelische Kirchenchor diese Veranstaltung im Alleingang aus.<\/p>\n\n\n\n<p class=\"has-medium-font-size wp-block-paragraph\"><strong>Im 1978 war die Evangelische Kirchengemeinde Dirmingen Ausrichter der Kirchenmusiktage des Kreises Neunkirchen. Zahlreiche Kirchench\u00f6re aus der gesamten Region nahmen an dieser Gro\u00dfveranstaltung teil. Im Jahre 1979 wurde Siegfried Arneth Pfarrer der evangelischen<br>Kirchengemeinde Dirmingen. 1982 \u00fcbernahm Peter Engel, nach der Verabschiedung des zust\u00e4ndigen Chorleiters Friedrich Knab, auch den Singkreis Berschweiler als Chorleiter.<br>1983 feierte der Kirchenchor unter Teilnahme der Bev\u00f6lkerung sein 60.Jubil\u00e4um in der evangelischen Kirche Dirmingen. Neben den normalen Gottesdiensten waren es besonders die Festgottesdienste, die den Chor auszeichneten. Zum 70 Jubil\u00e4ums des Chores am 17. Oktober 1993 nahm die ganze Gemeinde Dirmingen an einer wunderbaren Jubil\u00e4umsveranstaltung teil. Diese Jubil\u00e4umsveranstaltung wurde in der vollbesetzten Borrwieshalle Dirmingen durchgef\u00fchrt. Schon damals traten zahlreiche Ch\u00f6re und Musikgruppe zu Ehren des Jubil\u00e4umschores auf und bereicherten diese Veranstaltung.<\/strong><\/p>\n\n\n<div class=\"wp-block-image\">\n<figure class=\"aligncenter size-large\"><img loading=\"lazy\" decoding=\"async\" width=\"700\" height=\"677\" src=\"https:\/\/echta-derminga.de\/wp-content\/uploads\/2023\/05\/IMG-20230514-WA0013-700x677.jpg\" alt=\"\" class=\"wp-image-15161\" srcset=\"https:\/\/echta-derminga.de\/wp-content\/uploads\/2023\/05\/IMG-20230514-WA0013-700x677.jpg 700w, https:\/\/echta-derminga.de\/wp-content\/uploads\/2023\/05\/IMG-20230514-WA0013-300x290.jpg 300w, https:\/\/echta-derminga.de\/wp-content\/uploads\/2023\/05\/IMG-20230514-WA0013-768x743.jpg 768w, https:\/\/echta-derminga.de\/wp-content\/uploads\/2023\/05\/IMG-20230514-WA0013.jpg 1019w\" sizes=\"auto, (max-width: 700px) 100vw, 700px\" \/><figcaption class=\"wp-element-caption\">Evangelischer Kirchenchor Dirmingen 2023<\/figcaption><\/figure>\n<\/div>\n\n\n<p class=\"has-medium-font-size wp-block-paragraph\">Mitte 2000 musste der langj\u00e4hrige Chorleiter Peter Engel aufgrund einer Erkrankung sein Amt als<br>Chorleiter niederlegen. Im September 2000 \u00fcbernahm mit Thomas Zimmermann ein junger begabter Musikstudent die Leitung des Chores. Im Jahre 2001 \u00fcbertrug Peter Engel auch die Leitung des Posaunenchores an Thomas Zimmermann, der 2002 aufgrund seines Studiums gezwungen war, die Chorleitung niederzulegen. 2002 verstarb dann auch Peter Engel nach schwerer Krankheit. Der Chor rutschte in eine kleine Krise. Trotz gro\u00dfer Bem\u00fchungen dauerte es ein wenig bis ein neuer Chorleiter gefunden wurde. Nach dem die Position des Chorleiters \u00fcber Wochen vakant war, fand sich auf Vorschlag des damaligen Kreiskantors Helmut Werz mit dem Presbyter Gerd Pinkel aus Berschweiler endlich ein geeigneter Chorleiter. Die Neubesetzung des Chorleiters gaben dem Chor einen neuen Aufschwung. Schon 2003 wuchs der Chor wieder auf 25 S\u00e4ngerinnen und S\u00e4nger an. Dies war nicht zuletzt dem neuen Chorleiter Gerd Pinkel Gerd Pinkel zu verdanken. Die Gospelmusik gelang zu dieser Zeit immer mehr in den Fokus des Kirchenchores. Auch weltliche Lieder wurden vermehrt in das Repertoire aufgenommen. Der Chor wurde in den 2000er Jahren wieder enorm aufgewertet und konnte sich schnell von seiner kleinen Krise erholen.<br>Nach Gerd Pinkel \u00fcbernahm Ende 2004 Daniela Knab, die seit 1998 schon den Singkreis Berschweiler leitete, auch die Leitung des Kirchenchores in Dirmingen. Nachdem auch sie wegen Ihres Studiums aufh\u00f6ren musste, kam 2007 der Musikstudent Mathias Johann aus Berschweiler, der den Chor mit kurzer Unterbrechung bis 2016 leitete. Unter der Dirigentschaft von Mathias Johann vergr\u00f6\u00dferte sich das Repertoire des Chores erneut.<\/p>\n\n\n\n<p class=\"has-medium-font-size wp-block-paragraph\"><strong>Als er aus beruflichen Gr\u00fcnden die Chorleitung niederlegen musste, \u00fcbernahm mit Tanja Nicolay Ende des Jahres 2016 erstmals eine Katholikin die Chorleitung. Der Chor durchlebte in den letzten Jahren einen personellen Umbruch. Viele etablierte und erfahrene S\u00e4ngerinnen und S\u00e4nger mussten aus Altersgr\u00fcnden aufh\u00f6ren und neue S\u00e4ngerinnen und S\u00e4nger kamen dazu. Heute singen im Chor 21 aktive S\u00e4ngerinnen und S\u00e4nger. Die einzelnen Stimmen sind gut besetzt. Der Chor steht also wieder auf festen Beinen, was nicht zuletzt auch ein gro\u00dfer Verdienst seiner jetzigen Chorleiterin ist. Der Chor ist fester Bestandteil im Gemeindeleben der evangelischen Kirchengemeinde und des Ortes Dirmingen durch seine rege musikalische Teilnahme an diversen Festen der Dorfgemeinschaft.<\/strong><\/p>\n\n\n\n<p class=\"has-medium-font-size wp-block-paragraph\"><strong>Das alles funktioniert mit dem Mut den eigenen Glauben durch Musik zu bekennen.<br>\u201e\u2026aber die Musica bleibet bestehen!\u201c (Abschiedsworte vom ersten Chorleiter Emil Wendling bei<br>seiner Verabschiedung)<\/strong><\/p>\n\n\n<div class=\"wp-block-image\">\n<figure class=\"aligncenter size-full\"><img loading=\"lazy\" decoding=\"async\" width=\"559\" height=\"797\" src=\"https:\/\/echta-derminga.de\/wp-content\/uploads\/2023\/05\/NdK23.png\" alt=\"\" class=\"wp-image-15163\" srcset=\"https:\/\/echta-derminga.de\/wp-content\/uploads\/2023\/05\/NdK23.png 559w, https:\/\/echta-derminga.de\/wp-content\/uploads\/2023\/05\/NdK23-210x300.png 210w\" sizes=\"auto, (max-width: 559px) 100vw, 559px\" \/><\/figure>\n<\/div>","protected":false},"excerpt":{"rendered":"<p>\u201eSingen in einem Kirchenchor bedeutet Mut zum Bekenntnis des eignen christlichen Glaubens\u201c. Am Pfingstsonntag, 28.Mai 2023 feiert der Evangelische Kirchenchor Dirmingen, im Rahmen der Veranstaltung \u201cNacht der Kirchen\u201d, sein 100. Jubil\u00e4um. Die Festveranstaltung beginnt um 19:00 Uhr mit einem Festgottesdienst in der evangelischen Kirche Dirmingen. Im Anschluss wird der Chor seine verdienten Mitglieder ehren. Auch den Ehreng\u00e4sten wird die M\u00f6glichkeit<\/p>\n","protected":false},"author":1,"featured_media":15165,"comment_status":"open","ping_status":"closed","sticky":false,"template":"","format":"standard","meta":{"_crdt_document":"","footnotes":""},"categories":[1,47,8],"tags":[1058,5,85,258,618,127,310],"class_list":["post-15157","post","type-post","status-publish","format-standard","has-post-thumbnail","hentry","category-allgemein","category-meine-kirche","category-sellemols-und-awweile","tag-100-jahre-evangelischer-kirchenchor-dirmingen","tag-dirmingen","tag-evangelische-kirche-dirmingen","tag-evangelischer-kirchenchor-dirmingen","tag-gemeinde-eppelborn","tag-landkreis-neunkirchen","tag-saarland"],"_links":{"self":[{"href":"https:\/\/echta-derminga.de\/index.php?rest_route=\/wp\/v2\/posts\/15157","targetHints":{"allow":["GET"]}}],"collection":[{"href":"https:\/\/echta-derminga.de\/index.php?rest_route=\/wp\/v2\/posts"}],"about":[{"href":"https:\/\/echta-derminga.de\/index.php?rest_route=\/wp\/v2\/types\/post"}],"author":[{"embeddable":true,"href":"https:\/\/echta-derminga.de\/index.php?rest_route=\/wp\/v2\/users\/1"}],"replies":[{"embeddable":true,"href":"https:\/\/echta-derminga.de\/index.php?rest_route=%2Fwp%2Fv2%2Fcomments&post=15157"}],"version-history":[{"count":5,"href":"https:\/\/echta-derminga.de\/index.php?rest_route=\/wp\/v2\/posts\/15157\/revisions"}],"predecessor-version":[{"id":15208,"href":"https:\/\/echta-derminga.de\/index.php?rest_route=\/wp\/v2\/posts\/15157\/revisions\/15208"}],"wp:featuredmedia":[{"embeddable":true,"href":"https:\/\/echta-derminga.de\/index.php?rest_route=\/wp\/v2\/media\/15165"}],"wp:attachment":[{"href":"https:\/\/echta-derminga.de\/index.php?rest_route=%2Fwp%2Fv2%2Fmedia&parent=15157"}],"wp:term":[{"taxonomy":"category","embeddable":true,"href":"https:\/\/echta-derminga.de\/index.php?rest_route=%2Fwp%2Fv2%2Fcategories&post=15157"},{"taxonomy":"post_tag","embeddable":true,"href":"https:\/\/echta-derminga.de\/index.php?rest_route=%2Fwp%2Fv2%2Ftags&post=15157"}],"curies":[{"name":"wp","href":"https:\/\/api.w.org\/{rel}","templated":true}]}}