{"id":15168,"date":"2023-05-21T14:17:57","date_gmt":"2023-05-21T13:17:57","guid":{"rendered":"https:\/\/echta-derminga.de\/?p=15168"},"modified":"2023-05-21T14:32:50","modified_gmt":"2023-05-21T13:32:50","slug":"in-sachen-ortsvorsteher-6","status":"publish","type":"post","link":"https:\/\/echta-derminga.de\/?p=15168","title":{"rendered":"In Sachen Ortsvorsteher: Von einem neuen Br\u00fchlpark, einem neuen Eisauto, sch\u00f6nen Veranstaltungen und Spenden\u00fcbergaben"},"content":{"rendered":"\n<p class=\"has-medium-font-size wp-block-paragraph\"><strong><em>&#8222;Gott hat dir ein Lied geschrieben, singen musst du es schon selbst&#8220;<\/em> Ich m\u00f6chte allen Kommunionkindern und allen Konfirmandinnen und Konfirmanden ganz herzlich zur Bekr\u00e4ftigung des eigenen Glaubens gratulieren.<\/strong><\/p>\n\n\n\n<p class=\"has-medium-font-size wp-block-paragraph\"><strong>Termine \u00fcber Termine ! Das Leben hat uns zur\u00fcck und in unserem Dorf Jagd ein Event das N\u00e4chste. Unsere Vereine planen ihre festlichen Aktivit\u00e4ten und werden uns in diesem Jahr zu zahlreichen Veranstaltungen einladen. Ich m\u00f6chte Ihnen schon heute die festlichen Aktivit\u00e4ten und Veranstaltungen unserer Vereine ans Herz legen. In Dirmingen wird in naher Zukunft so einiges geboten.<\/strong> <strong>Ich w\u00fcnsche Ihnen bei allem was Sie tun und vorhaben viel Spa\u00df !<\/strong><\/p>\n\n\n\n<p class=\"has-medium-font-size wp-block-paragraph\"><strong>Einweihung des neugestalteten Br\u00fchlparks<\/strong><\/p>\n\n\n\n<p class=\"has-medium-font-size wp-block-paragraph\">Am Samstag, 20. Mai 2023 konnte endlich der neugestaltete Br\u00fchlpark er\u00f6ffnet werden. Die Arbeiten zu der Erneuerung des Parks wurden bereits im vergangenen Herbst begonnen. Gemeinsam mit dem 1. Beigeordneten Christian Ney durfte ich nach unseren Gru\u00dfworten den Park der \u00d6ffentlichkeit \u00fcbergeben. Vielen Dank an alle G\u00e4ste, den Kulturverein Dirmingen, den Gewerbeverein Dirmingen, den Bouleverein Dirmingen sowie alle Mandatstr\u00e4ger und sowie die MDL Stefan L\u00f6w ( Ortsvorsteher Wiesbach), MdL Alwin Theobald ,sowie Herr Lehmann vom Umweltministerium, die Ortsvorsteher Karl Barrois aus Humes, Berthold Schmitt aus Eppelborn Sebastian Michel aus Bubach Calmesweiler und unseren Beigeordneten Christian Ney. Der Br\u00fchlpark ist seit 1974 fester Bestandteil unserer Dorfkultur. Damals wurde der ehemalige Sportplatz im Br\u00fchl vom damaligen Heimat-und Verkehrsverein zu einem Erholungspark ausgebaut. Im Jahr 2020 folgten wir der Initiative unseres ehemaligen Ortsvorstehers Manfred Klein und strebten eine Erneuerung des Br\u00fchlparks an. Der B\u00fcrgermeister der Gemeinde Eppelborn Dr. Andreas Feld stand eng an unserer Seite und stellte die entsprechenden Antr\u00e4ge f\u00fcr eine ELER-F\u00f6rderma\u00dfnahme. Die Erneuerung des Br\u00fchlparks wurde mit starker Unterst\u00fctzung der Dirminger Vereine und vielen ehrenamtlichen Helferinnen und Helfern auf den Weg gebracht.  Die Band Vocal&amp;Chords sorgten f\u00fcr den guten Ton. Vielen Dank an Reimund Klein und seinen Kulturverein Dirmingen f\u00fcr die kulinarische Versorgung. Besonderer Dank an den Bouleverein Dirmingen und den Vorsitzenden Peter Gr\u00e4\u00dfer f\u00fcr das Bouleturnier f\u00fcr jedermann oder jedefrau. Der Br\u00fchlpark verf\u00fcgt seit seiner Sanierung \u00fcber einen Bouleplatz, eine Tischtennisanlage, zahlreiche Sitzm\u00f6glichkeiten, eine neue Belichtungsanlage sowie eine neue Strom-und Wasserversorgung. <\/p>\n\n\n\n<div class=\"wp-block-columns is-layout-flex wp-container-core-columns-is-layout-8f761849 wp-block-columns-is-layout-flex\">\n<div class=\"wp-block-column is-layout-flow wp-block-column-is-layout-flow\">\n<figure class=\"wp-block-image size-large\"><img loading=\"lazy\" decoding=\"async\" width=\"700\" height=\"525\" src=\"https:\/\/echta-derminga.de\/wp-content\/uploads\/2023\/05\/IMG-20230520-WA0016-700x525.jpg\" alt=\"\" class=\"wp-image-15169\" srcset=\"https:\/\/echta-derminga.de\/wp-content\/uploads\/2023\/05\/IMG-20230520-WA0016-700x525.jpg 700w, https:\/\/echta-derminga.de\/wp-content\/uploads\/2023\/05\/IMG-20230520-WA0016-300x225.jpg 300w, https:\/\/echta-derminga.de\/wp-content\/uploads\/2023\/05\/IMG-20230520-WA0016-768x576.jpg 768w, https:\/\/echta-derminga.de\/wp-content\/uploads\/2023\/05\/IMG-20230520-WA0016.jpg 1024w\" sizes=\"auto, (max-width: 700px) 100vw, 700px\" \/><\/figure>\n<\/div>\n\n\n\n<div class=\"wp-block-column is-layout-flow wp-block-column-is-layout-flow\">\n<figure class=\"wp-block-image size-large\"><img loading=\"lazy\" decoding=\"async\" width=\"700\" height=\"525\" src=\"https:\/\/echta-derminga.de\/wp-content\/uploads\/2023\/05\/IMG-20230520-WA0009-700x525.jpg\" alt=\"\" class=\"wp-image-15170\" srcset=\"https:\/\/echta-derminga.de\/wp-content\/uploads\/2023\/05\/IMG-20230520-WA0009-700x525.jpg 700w, https:\/\/echta-derminga.de\/wp-content\/uploads\/2023\/05\/IMG-20230520-WA0009-300x225.jpg 300w, https:\/\/echta-derminga.de\/wp-content\/uploads\/2023\/05\/IMG-20230520-WA0009-768x576.jpg 768w, https:\/\/echta-derminga.de\/wp-content\/uploads\/2023\/05\/IMG-20230520-WA0009.jpg 1024w\" sizes=\"auto, (max-width: 700px) 100vw, 700px\" \/><\/figure>\n<\/div>\n<\/div>\n\n\n\n<p class=\"has-medium-font-size wp-block-paragraph\"><strong>Neuer\u00f6ffnung des<\/strong> <strong>Dirminger Eisautos !<\/strong><\/p>\n\n\n\n<p class=\"has-medium-font-size wp-block-paragraph\">Es ist vollbracht! Hinter uns liegt ein langer und steiniger Weg. Unser Heimatort wird auch in diesem Sommer ein Eisauto in der Ortsmitte haben. Dabei werden auch zuk\u00fcnftig Sitzm\u00f6glichkeiten zum verweilen angeboten. Neben dem leckeren Eis wird es auch k\u00fchle Getr\u00e4nke und Kaffee geben. Neuer Inhaber und Betreiber des &#8222;Dirminger Eisautos&#8220; ist Abdullah Alhussein der schon einen Kebabladen in Dirmingen betreibt. Kebab und Eis, dass soll funktionieren? Ja! Ich bin \u00fcberzeugt von der Gesch\u00e4ftsidee von Abdul Alhussein und glaube fest an eine Bereicherung f\u00fcr unser Dorf. Zur Er\u00f6ffnung am Freitag 12. Mai 2023 kam neben den zahlreichen B\u00fcrgerinnen und B\u00fcrgern auch unser B\u00fcrgermeister Dr. Andreas Feld. Gemeinsam durfte wir das erste offizielle Eis verzehren. Ich freue mich \u00fcber dieses wunderbare Verkaufsangebot f\u00fcr unsere B\u00fcrgerinnen und B\u00fcrger und besonders f\u00fcr alle Kinder. Ich w\u00fcnsche dem Dirminger Eisauto viel Erfolg. Vielen lieben Dank an die Evangelische Kirchengemeinde Dirmingen die sich erneut an der Seite der Dorfgemeinschaft gestellt hat. Vielen Dank auch an die Mitarbeiter der Gemeinde Eppelborn und an unseren B\u00fcrgermeister Dr. Andreas Feld. Gut f\u00fcr Dirmingen.<\/p>\n\n\n\n<div class=\"wp-block-columns is-layout-flex wp-container-core-columns-is-layout-8f761849 wp-block-columns-is-layout-flex\">\n<div class=\"wp-block-column is-layout-flow wp-block-column-is-layout-flow\">\n<figure class=\"wp-block-image size-large\"><img loading=\"lazy\" decoding=\"async\" width=\"700\" height=\"656\" src=\"https:\/\/echta-derminga.de\/wp-content\/uploads\/2023\/05\/346615350_790053405802273_2913641006989795352_n-700x656.jpg\" alt=\"\" class=\"wp-image-15172\" srcset=\"https:\/\/echta-derminga.de\/wp-content\/uploads\/2023\/05\/346615350_790053405802273_2913641006989795352_n-700x656.jpg 700w, https:\/\/echta-derminga.de\/wp-content\/uploads\/2023\/05\/346615350_790053405802273_2913641006989795352_n-300x281.jpg 300w, https:\/\/echta-derminga.de\/wp-content\/uploads\/2023\/05\/346615350_790053405802273_2913641006989795352_n-768x720.jpg 768w, https:\/\/echta-derminga.de\/wp-content\/uploads\/2023\/05\/346615350_790053405802273_2913641006989795352_n.jpg 1080w\" sizes=\"auto, (max-width: 700px) 100vw, 700px\" \/><\/figure>\n<\/div>\n\n\n\n<div class=\"wp-block-column is-layout-flow wp-block-column-is-layout-flow\">\n<figure class=\"wp-block-image size-large\"><img loading=\"lazy\" decoding=\"async\" width=\"700\" height=\"468\" src=\"https:\/\/echta-derminga.de\/wp-content\/uploads\/2023\/05\/346272249_750158003309642_5932207668653254636_n-700x468.jpg\" alt=\"\" class=\"wp-image-15174\" srcset=\"https:\/\/echta-derminga.de\/wp-content\/uploads\/2023\/05\/346272249_750158003309642_5932207668653254636_n-700x468.jpg 700w, https:\/\/echta-derminga.de\/wp-content\/uploads\/2023\/05\/346272249_750158003309642_5932207668653254636_n-300x200.jpg 300w, https:\/\/echta-derminga.de\/wp-content\/uploads\/2023\/05\/346272249_750158003309642_5932207668653254636_n-768x513.jpg 768w, https:\/\/echta-derminga.de\/wp-content\/uploads\/2023\/05\/346272249_750158003309642_5932207668653254636_n.jpg 1000w\" sizes=\"auto, (max-width: 700px) 100vw, 700px\" \/><\/figure>\n<\/div>\n<\/div>\n\n\n\n<p class=\"has-medium-font-size wp-block-paragraph\"><strong>Spenden\u00fcbergabe an den ASV Dirmingen<\/strong><\/p>\n\n\n\n<p class=\"has-medium-font-size wp-block-paragraph\">Nach einer sch\u00f6nen Vatertagstour mit Freunden durfte ich auf viele interessante Begegnungen zur\u00fcckblicken. Nach unserer Einkehr im Reservistenheim des RK Illtal wanderten wir zum neuen Kiosk auf Finkenrech. Anschlie\u00dfend kehrten wir frohen Mutes beim ASV Dirmingen zur Weiheranlage an der Sauerwies ein. Der Verein bereichert seit vielen Jahren unsere Dorfgemeinschaft durch sein Weiherfest am Vatertag. Zeit Danke zu sagen: Gerne \u00fcberreichte ich dem ASV Dirmingen eine Spende in H\u00f6he von 150 -\u20ac mit freundlicher Unterst\u00fctzung der Sparkasse Neunkirchen. Danke f\u00fcr das Ehrenamt zum Wohle unseres Dorfes.<\/p>\n\n\n<div class=\"wp-block-image\">\n<figure class=\"aligncenter size-large\"><img loading=\"lazy\" decoding=\"async\" width=\"700\" height=\"710\" src=\"https:\/\/echta-derminga.de\/wp-content\/uploads\/2023\/05\/IMG-20230518-WA0007-700x710.jpg\" alt=\"\" class=\"wp-image-15176\" srcset=\"https:\/\/echta-derminga.de\/wp-content\/uploads\/2023\/05\/IMG-20230518-WA0007-700x710.jpg 700w, https:\/\/echta-derminga.de\/wp-content\/uploads\/2023\/05\/IMG-20230518-WA0007-296x300.jpg 296w, https:\/\/echta-derminga.de\/wp-content\/uploads\/2023\/05\/IMG-20230518-WA0007-768x779.jpg 768w, https:\/\/echta-derminga.de\/wp-content\/uploads\/2023\/05\/IMG-20230518-WA0007-90x90.jpg 90w, https:\/\/echta-derminga.de\/wp-content\/uploads\/2023\/05\/IMG-20230518-WA0007-75x75.jpg 75w, https:\/\/echta-derminga.de\/wp-content\/uploads\/2023\/05\/IMG-20230518-WA0007.jpg 1347w\" sizes=\"auto, (max-width: 700px) 100vw, 700px\" \/><\/figure>\n<\/div>\n\n\n<p class=\"has-medium-font-size wp-block-paragraph\"><strong>Herzlichen Gl\u00fcckwunsch an das Brautpaar<\/strong><\/p>\n\n\n\n<p class=\"has-medium-font-size wp-block-paragraph\">Am Samstag, 20. Mai 2023 feierte unser Ortsratsmitglied Fabian Schorr und seine Michelle ihre Hochzeit. Gerne \u00fcberbrachte ich die Gl\u00fcckw\u00fcnsche des Ortsrates und der Bev\u00f6lkerung. Ich w\u00fcnsche ein Leben in Gl\u00fcck und Harmonie. Fabian Schorr beteiligt sich seit Jahren aktiv in unserer Dorfgemeinschaft. Dabei ist er als Feuerwehrmann und Vorstandsmitglied im L\u00f6schbezirk Dirmingen eine wichtige St\u00fctze. Seine Ehefrau Michelle h\u00e4lt ihm bei seiner ehrenamtlichen T\u00e4tigkeit den R\u00fccken frei. Ich m\u00f6chte auch an dieser Stelle herzlich gratulieren.<\/p>\n\n\n<div class=\"wp-block-image\">\n<figure class=\"aligncenter size-large\"><img loading=\"lazy\" decoding=\"async\" width=\"700\" height=\"527\" src=\"https:\/\/echta-derminga.de\/wp-content\/uploads\/2023\/05\/347855191_277651641280010_2354492066118139338_n-700x527.jpg\" alt=\"\" class=\"wp-image-15178\" srcset=\"https:\/\/echta-derminga.de\/wp-content\/uploads\/2023\/05\/347855191_277651641280010_2354492066118139338_n-700x527.jpg 700w, https:\/\/echta-derminga.de\/wp-content\/uploads\/2023\/05\/347855191_277651641280010_2354492066118139338_n-300x226.jpg 300w, https:\/\/echta-derminga.de\/wp-content\/uploads\/2023\/05\/347855191_277651641280010_2354492066118139338_n-768x579.jpg 768w, https:\/\/echta-derminga.de\/wp-content\/uploads\/2023\/05\/347855191_277651641280010_2354492066118139338_n.jpg 1440w\" sizes=\"auto, (max-width: 700px) 100vw, 700px\" \/><\/figure>\n<\/div>\n\n\n<p class=\"has-medium-font-size wp-block-paragraph\"><strong>Neuer Abschlussbaum an der Grundschule Dirmingen<\/strong><\/p>\n\n\n\n<p class=\"has-medium-font-size wp-block-paragraph\">Auf Einladung des Schulvereins Dirmingen durfte ich gemeinsam mit B\u00fcrgermeister Dr. Andreas Feld, im Schulgarten hinter unserer Grundschule einen neuen Kirschbaum f\u00fcr die Schulklasse 4.3 pflanzen. Dieser Baum soll zuk\u00fcnftig an die Schulzeit der Klasse 4.3 an unserer Grundschule erinnern. Eine tolle Idee des Schulvereins Dirmingen die ich gerne ausbauen m\u00f6chte. Ich habe dem Vorstand vorgeschlagen eine entsprechende Beschilderung vor den B\u00e4umen anzubringen. Danke an das Team der 1. Vorsitzenden Natalie Raber die gemeinsam mit Christian Feit und Nicole Schultz vor Ort war. Danke auch an das Lehrerkollegium um Konrektorin Frau Schlaak. Schon im vergangenen Jahr wurde die Reihe der Abschlussb\u00e4ume durch den ersten Schulbaum der vierten Abschlussklasse er\u00f6ffnet. Mit ihrem Abschlussbaum haben die Kinder nun immer eine Bindung zu ihrer Grundschulzeit in Dirmingen.<\/p>\n\n\n<div class=\"wp-block-image\">\n<figure class=\"aligncenter size-large\"><img loading=\"lazy\" decoding=\"async\" width=\"700\" height=\"700\" src=\"https:\/\/echta-derminga.de\/wp-content\/uploads\/2023\/05\/346086542_144855068447674_8259336719415960105_n-700x700.jpg\" alt=\"\" class=\"wp-image-15180\" srcset=\"https:\/\/echta-derminga.de\/wp-content\/uploads\/2023\/05\/346086542_144855068447674_8259336719415960105_n-700x700.jpg 700w, https:\/\/echta-derminga.de\/wp-content\/uploads\/2023\/05\/346086542_144855068447674_8259336719415960105_n-300x300.jpg 300w, https:\/\/echta-derminga.de\/wp-content\/uploads\/2023\/05\/346086542_144855068447674_8259336719415960105_n-150x150.jpg 150w, https:\/\/echta-derminga.de\/wp-content\/uploads\/2023\/05\/346086542_144855068447674_8259336719415960105_n-768x768.jpg 768w, https:\/\/echta-derminga.de\/wp-content\/uploads\/2023\/05\/346086542_144855068447674_8259336719415960105_n-90x90.jpg 90w, https:\/\/echta-derminga.de\/wp-content\/uploads\/2023\/05\/346086542_144855068447674_8259336719415960105_n-75x75.jpg 75w, https:\/\/echta-derminga.de\/wp-content\/uploads\/2023\/05\/346086542_144855068447674_8259336719415960105_n.jpg 1440w\" sizes=\"auto, (max-width: 700px) 100vw, 700px\" \/><\/figure>\n<\/div>\n\n\n<p class=\"has-medium-font-size wp-block-paragraph\"><strong>Das war ein &#8222;Perfektes Dinner&#8220; &#8211; Herzlichen Gl\u00fcckwunsch an Petra Brill <\/strong><\/p>\n\n\n\n<p class=\"has-medium-font-size wp-block-paragraph\">Die gute Petra Brill aus Dirmingen hat das &#8222;Perfekte Dinner&#8220; des Fernsehsenders VOX gewonnen. Die Dirmingerin siegte verdient mit 34 Punkten und sicherte sich am Ende die Siegpr\u00e4mie. Mit ihrem \u00e4u\u00dferst gekonnten und sympathischen Auftreten w\u00e4hrend dieser bekannten Fernsehsendung hat Petra Brill echte Werbung f\u00fcr unseren Heimatort betrieben. Ich m\u00f6chte auch an dieser Stelle ganz herzlich gratulieren. Unmittelbar nach dem Sieg habe ich der guten Petra Brill meine Gl\u00fcckw\u00fcnsche \u00fcbermittelt. Herzlichen Gl\u00fcckwunsch liebe Petra !!<\/p>\n\n\n\n<p class=\"has-medium-font-size wp-block-paragraph\"><strong>Saisonfinale im Belkerstadion &#8211; Mein Dank mit  50 Liter Freibier <\/strong><\/p>\n\n\n\n<p class=\"has-medium-font-size wp-block-paragraph\">Beim letzten Heimspiel der SG Dirmingen-Berschweiler im Dirminger Belkerstadion spendete ich gerne ein 50 Liter Fass Bier. Gemeinsam mit einigen Freunden der Dirminger SPD und des Kulturvereins Dirmingen hie\u00df es bei unserem Besuch Daumendr\u00fccken f\u00fcr die Erste, Zweite und die Frauenmannschaft der SG Dirmingen-Berschweiler und des SV Dirmingen. Mit meiner Freibierspende wollte ich alle Fans, G\u00f6nnern, Freunde und besonders den Mannschaften Danke sagen Vielen Dank an den  Vorstand der SG und des SVD.  Sch\u00f6n, dass wir so gut zusammenarbeiten. Viel Gl\u00fcck und Erfolg beim Saisonendspurt.<\/p>\n\n\n<div class=\"wp-block-image\">\n<figure class=\"aligncenter size-large\"><img loading=\"lazy\" decoding=\"async\" width=\"700\" height=\"481\" src=\"https:\/\/echta-derminga.de\/wp-content\/uploads\/2023\/05\/345582163_1393936751148588_5411597837202487956_n-700x481.jpg\" alt=\"\" class=\"wp-image-15183\" srcset=\"https:\/\/echta-derminga.de\/wp-content\/uploads\/2023\/05\/345582163_1393936751148588_5411597837202487956_n-700x481.jpg 700w, https:\/\/echta-derminga.de\/wp-content\/uploads\/2023\/05\/345582163_1393936751148588_5411597837202487956_n-300x206.jpg 300w, https:\/\/echta-derminga.de\/wp-content\/uploads\/2023\/05\/345582163_1393936751148588_5411597837202487956_n-768x527.jpg 768w, https:\/\/echta-derminga.de\/wp-content\/uploads\/2023\/05\/345582163_1393936751148588_5411597837202487956_n.jpg 1440w\" sizes=\"auto, (max-width: 700px) 100vw, 700px\" \/><\/figure>\n<\/div>\n\n\n<p class=\"has-medium-font-size wp-block-paragraph\"><strong>Saisonfinale der HF Illtal &#8211; Mein Dank mit 50 Liter Freibier<\/strong><\/p>\n\n\n\n<p class=\"has-medium-font-size wp-block-paragraph\">Zum Saisonfinale der HF Illtal auf dem Derminger Kleinfeld habe ich gerne 50 Liter Freibier gespendet. Zuvor gab es zum Saisonfinale in der Eppelborner Hellberghalle nochmal einen Heimsieg. Gemeinsam mit dem 1. Beigeordneten Christian Ney durfte ich der Saisonabschlussfeier beiwohnen. Gerne habe ich auch dem HF Illtal mit unserem TV04 Dirmingen ein 50 Liter Fass Freibier als Dankesch\u00f6n f\u00fcr die gute Zusammenarbeit gespendet. Unter den zahlreichen G\u00e4sten war auch der neue zuk\u00fcnftige neue Trainer der HF Illtal Mirko Pesic. Den guten, treuen Interimscoachs Pascal Seiler und Markus Kochert wurde herzlich gedankt. Der TV04 und seine HF Illtal sind wichtige St\u00fctzen unseres Dorfes. Das habe ich auch Birgit Vogel und Markus D\u00f6rr mitgeteilt. Danke f\u00fcr eine am Ende vers\u00f6hnliche Saison, das ehrenamtliche Engagement, das Ehrenamt und die Vereinstreue. <\/p>\n\n\n<div class=\"wp-block-image\">\n<figure class=\"aligncenter size-large\"><img loading=\"lazy\" decoding=\"async\" width=\"700\" height=\"525\" src=\"https:\/\/echta-derminga.de\/wp-content\/uploads\/2023\/05\/345472846_790398929466965_1259762160831863503_n-700x525.jpg\" alt=\"\" class=\"wp-image-15185\" srcset=\"https:\/\/echta-derminga.de\/wp-content\/uploads\/2023\/05\/345472846_790398929466965_1259762160831863503_n-700x525.jpg 700w, https:\/\/echta-derminga.de\/wp-content\/uploads\/2023\/05\/345472846_790398929466965_1259762160831863503_n-300x225.jpg 300w, https:\/\/echta-derminga.de\/wp-content\/uploads\/2023\/05\/345472846_790398929466965_1259762160831863503_n-768x576.jpg 768w, https:\/\/echta-derminga.de\/wp-content\/uploads\/2023\/05\/345472846_790398929466965_1259762160831863503_n.jpg 960w\" sizes=\"auto, (max-width: 700px) 100vw, 700px\" \/><\/figure>\n<\/div>\n\n\n<p class=\"has-medium-font-size wp-block-paragraph\"><strong>Einweihung des neuen Messdienerraums im Pfarrzentrum Rothenberg<\/strong><\/p>\n\n\n\n<p class=\"has-medium-font-size wp-block-paragraph\">Die Messdiener unserer Pfarrgemeinschaft Eppelborn-Dirmingen haben eine neue R\u00e4umlichkeit im Pfarrzentrum St. Wendelinus in Dirmingen erhalten. Nach einer Messe  wurde der Messdienerraum feierliche eingeweiht. Wie zu h\u00f6ren war, wurde vieles in diesem neuen Raum in Eigenleistung erschaffen. In diesen R\u00e4umlichkeiten finden die Messdiener unserer Kirchengemeinde eine Anlaufstelle und Erholungsm\u00f6glichkeit. Dort soll den Messdienern auch die M\u00f6glichkeit zum gemeinsamen Austausch gegeben werden. Sch\u00f6n, dass ich dieser Einweihungsfeier beiwohnen durfte. Herzlichen Gl\u00fcckwunsch und Danke f\u00fcr das Ehrenamt.<\/p>\n\n\n<div class=\"wp-block-image\">\n<figure class=\"aligncenter size-large\"><img loading=\"lazy\" decoding=\"async\" width=\"700\" height=\"700\" src=\"https:\/\/echta-derminga.de\/wp-content\/uploads\/2023\/05\/346837552_3597959563861416_1845354757344657975_n-700x700.jpg\" alt=\"\" class=\"wp-image-15187\" srcset=\"https:\/\/echta-derminga.de\/wp-content\/uploads\/2023\/05\/346837552_3597959563861416_1845354757344657975_n-700x700.jpg 700w, https:\/\/echta-derminga.de\/wp-content\/uploads\/2023\/05\/346837552_3597959563861416_1845354757344657975_n-300x300.jpg 300w, https:\/\/echta-derminga.de\/wp-content\/uploads\/2023\/05\/346837552_3597959563861416_1845354757344657975_n-150x150.jpg 150w, https:\/\/echta-derminga.de\/wp-content\/uploads\/2023\/05\/346837552_3597959563861416_1845354757344657975_n-768x768.jpg 768w, https:\/\/echta-derminga.de\/wp-content\/uploads\/2023\/05\/346837552_3597959563861416_1845354757344657975_n-90x90.jpg 90w, https:\/\/echta-derminga.de\/wp-content\/uploads\/2023\/05\/346837552_3597959563861416_1845354757344657975_n-75x75.jpg 75w, https:\/\/echta-derminga.de\/wp-content\/uploads\/2023\/05\/346837552_3597959563861416_1845354757344657975_n.jpg 1440w\" sizes=\"auto, (max-width: 700px) 100vw, 700px\" \/><\/figure>\n<\/div>\n\n\n<p class=\"has-medium-font-size wp-block-paragraph\"><strong>100 Jahre Evangelischer Kirchenchor Dirmingen<\/strong><\/p>\n\n\n\n<p class=\"has-medium-font-size wp-block-paragraph\">Der Evangelische Kirchenchor Dirmingen feiert in diesem Jahr sein nunmehr 100-Jubil\u00e4um. Die diesj\u00e4hrige landesweite Veranstaltungsreihe &#8222;Nacht der Kirchen&#8220;, am Pfingstsonntag, 28. Mai 2023, steht deshalb im Zeichen dieses gro\u00dfen Chorjubil\u00e4ums. Die Veranstaltung zu Ehren des Evangelischen Kirchenchors Dirmingen findet in der evangelischen Kirche in Dirmingen statt. Bereits um&nbsp;19.00 Uhr wird in der Kirche ein Festgottesdienst zu Ehren des Chors und aller Jubilare angeboten. Herzliche Einladung an alle Interessierte B\u00fcrgerinnen und B\u00fcrger ! <\/p>\n\n\n\n<p class=\"has-medium-font-size wp-block-paragraph\"><strong>&#8222;Derminga Treff&#8220; macht Sommerpause<\/strong><\/p>\n\n\n\n<p class=\"has-medium-font-size wp-block-paragraph\">Das letzte &#8222;Derminga Treff&#8220; im evangelischen Gemeindehaus vor der Sommerpause war erneut ein gro\u00dfer Erfolg. Nachdem wir aus dem Wintercafe kurzum der Veranstaltung einen neuen Namen gaben, geht die Erfolgsgeschichte dieses Angebotes f\u00fcr die Dorfgemeinschaft in die n\u00e4chste Runde. Diesmal wurde am Gemeindehaus gegrillt. Danke an Erwin Gerstner f\u00fcrs Grillen und Danke an die Gruppe Saitenklang f\u00fcr die Musik. Mit fast 50 G\u00e4sten war das &#8222;Treff&#8220; diesmal au\u00dferordentlich gut besucht. Der &#8222;Derminga Treff&#8220; geht jetzt in die Sommerpause und \u00f6ffnet wieder im September seine Pforten. Das Helferteam plant jetzt schon flei\u00dfig an der Zukunft. Vielen Dank an alle Helferinnen und Helfer sowie an alle Spender und die vielen G\u00e4ste.<\/p>\n\n\n\n<div class=\"wp-block-columns is-layout-flex wp-container-core-columns-is-layout-8f761849 wp-block-columns-is-layout-flex\">\n<div class=\"wp-block-column is-layout-flow wp-block-column-is-layout-flow\">\n<figure class=\"wp-block-image size-large\"><img loading=\"lazy\" decoding=\"async\" width=\"700\" height=\"323\" src=\"https:\/\/echta-derminga.de\/wp-content\/uploads\/2023\/05\/346656001_630280015300221_7040415823373674094_n-700x323.jpg\" alt=\"\" class=\"wp-image-15189\" srcset=\"https:\/\/echta-derminga.de\/wp-content\/uploads\/2023\/05\/346656001_630280015300221_7040415823373674094_n-700x323.jpg 700w, https:\/\/echta-derminga.de\/wp-content\/uploads\/2023\/05\/346656001_630280015300221_7040415823373674094_n-300x139.jpg 300w, https:\/\/echta-derminga.de\/wp-content\/uploads\/2023\/05\/346656001_630280015300221_7040415823373674094_n-768x355.jpg 768w, https:\/\/echta-derminga.de\/wp-content\/uploads\/2023\/05\/346656001_630280015300221_7040415823373674094_n-1536x710.jpg 1536w, https:\/\/echta-derminga.de\/wp-content\/uploads\/2023\/05\/346656001_630280015300221_7040415823373674094_n.jpg 2048w\" sizes=\"auto, (max-width: 700px) 100vw, 700px\" \/><\/figure>\n<\/div>\n\n\n\n<div class=\"wp-block-column is-layout-flow wp-block-column-is-layout-flow\">\n<figure class=\"wp-block-image size-large\"><img loading=\"lazy\" decoding=\"async\" width=\"700\" height=\"323\" src=\"https:\/\/echta-derminga.de\/wp-content\/uploads\/2023\/05\/346879694_1447697522644755_5695611905017738545_n-700x323.jpg\" alt=\"\" class=\"wp-image-15190\" srcset=\"https:\/\/echta-derminga.de\/wp-content\/uploads\/2023\/05\/346879694_1447697522644755_5695611905017738545_n-700x323.jpg 700w, https:\/\/echta-derminga.de\/wp-content\/uploads\/2023\/05\/346879694_1447697522644755_5695611905017738545_n-300x139.jpg 300w, https:\/\/echta-derminga.de\/wp-content\/uploads\/2023\/05\/346879694_1447697522644755_5695611905017738545_n-768x355.jpg 768w, https:\/\/echta-derminga.de\/wp-content\/uploads\/2023\/05\/346879694_1447697522644755_5695611905017738545_n-1536x710.jpg 1536w, https:\/\/echta-derminga.de\/wp-content\/uploads\/2023\/05\/346879694_1447697522644755_5695611905017738545_n.jpg 2048w\" sizes=\"auto, (max-width: 700px) 100vw, 700px\" \/><\/figure>\n<\/div>\n<\/div>\n\n\n\n<p class=\"has-medium-font-size wp-block-paragraph\"><strong>Der Fr\u00fchling bringt viel Schwung und Neues in unseren Heimatort. Unser Heimatort befindet sich auf einem guten Weg. Zusammenhalt und Miteinander k\u00f6nnen uns weitervoranbringen. Wir m\u00fcssen und nur die Hand zur Zusammenarbeit reichen. Es liegt sehr viel Zukunft vor uns und der Zukunft unseres Dorfes.<\/strong><\/p>\n\n\n\n<p class=\"has-medium-font-size wp-block-paragraph\"><strong>Wenn nicht wir, wer denn sonst ! <\/strong><\/p>\n\n\n\n<p class=\"has-medium-font-size wp-block-paragraph\">Ihr Ortsvorsteher<\/p>\n\n\n\n<p class=\"has-medium-font-size wp-block-paragraph\">Frank Klein<\/p>\n\n\n\n<div class=\"wp-block-columns is-layout-flex wp-container-core-columns-is-layout-8f761849 wp-block-columns-is-layout-flex\">\n<div class=\"wp-block-column is-layout-flow wp-block-column-is-layout-flow\">\n<figure class=\"wp-block-image size-large\"><img loading=\"lazy\" decoding=\"async\" width=\"700\" height=\"1051\" src=\"https:\/\/echta-derminga.de\/wp-content\/uploads\/2023\/05\/332509931_187659327305748_6275851961921627263_n-1-700x1051.jpg\" alt=\"\" class=\"wp-image-15191\" srcset=\"https:\/\/echta-derminga.de\/wp-content\/uploads\/2023\/05\/332509931_187659327305748_6275851961921627263_n-1-700x1051.jpg 700w, https:\/\/echta-derminga.de\/wp-content\/uploads\/2023\/05\/332509931_187659327305748_6275851961921627263_n-1-200x300.jpg 200w, https:\/\/echta-derminga.de\/wp-content\/uploads\/2023\/05\/332509931_187659327305748_6275851961921627263_n-1-768x1153.jpg 768w, https:\/\/echta-derminga.de\/wp-content\/uploads\/2023\/05\/332509931_187659327305748_6275851961921627263_n-1-1023x1536.jpg 1023w, https:\/\/echta-derminga.de\/wp-content\/uploads\/2023\/05\/332509931_187659327305748_6275851961921627263_n-1.jpg 1066w\" sizes=\"auto, (max-width: 700px) 100vw, 700px\" \/><\/figure>\n<\/div>\n\n\n\n<div class=\"wp-block-column is-layout-flow wp-block-column-is-layout-flow\">\n<figure class=\"wp-block-image size-large\"><img loading=\"lazy\" decoding=\"async\" width=\"700\" height=\"875\" src=\"https:\/\/echta-derminga.de\/wp-content\/uploads\/2023\/05\/347237110_580990120686093_2129018773272439011_n-700x875.jpg\" alt=\"\" class=\"wp-image-15194\" srcset=\"https:\/\/echta-derminga.de\/wp-content\/uploads\/2023\/05\/347237110_580990120686093_2129018773272439011_n-700x875.jpg 700w, https:\/\/echta-derminga.de\/wp-content\/uploads\/2023\/05\/347237110_580990120686093_2129018773272439011_n-240x300.jpg 240w, https:\/\/echta-derminga.de\/wp-content\/uploads\/2023\/05\/347237110_580990120686093_2129018773272439011_n.jpg 768w\" sizes=\"auto, (max-width: 700px) 100vw, 700px\" \/><\/figure>\n<\/div>\n\n\n\n<div class=\"wp-block-column is-layout-flow wp-block-column-is-layout-flow\">\n<figure class=\"wp-block-image size-large\"><img loading=\"lazy\" decoding=\"async\" width=\"700\" height=\"990\" src=\"https:\/\/echta-derminga.de\/wp-content\/uploads\/2023\/05\/342016985_146245688408502_6259723205623434317_n-700x990.jpg\" alt=\"\" class=\"wp-image-15195\" srcset=\"https:\/\/echta-derminga.de\/wp-content\/uploads\/2023\/05\/342016985_146245688408502_6259723205623434317_n-700x990.jpg 700w, https:\/\/echta-derminga.de\/wp-content\/uploads\/2023\/05\/342016985_146245688408502_6259723205623434317_n-212x300.jpg 212w, https:\/\/echta-derminga.de\/wp-content\/uploads\/2023\/05\/342016985_146245688408502_6259723205623434317_n-768x1086.jpg 768w, https:\/\/echta-derminga.de\/wp-content\/uploads\/2023\/05\/342016985_146245688408502_6259723205623434317_n-1086x1536.jpg 1086w, https:\/\/echta-derminga.de\/wp-content\/uploads\/2023\/05\/342016985_146245688408502_6259723205623434317_n.jpg 1123w\" sizes=\"auto, (max-width: 700px) 100vw, 700px\" \/><\/figure>\n<\/div>\n<\/div>\n\n\n\n<div class=\"wp-block-columns is-layout-flex wp-container-core-columns-is-layout-8f761849 wp-block-columns-is-layout-flex\">\n<div class=\"wp-block-column is-layout-flow wp-block-column-is-layout-flow\">\n<figure class=\"wp-block-image size-full\"><img loading=\"lazy\" decoding=\"async\" width=\"559\" height=\"797\" src=\"https:\/\/echta-derminga.de\/wp-content\/uploads\/2023\/05\/NdK23-1.png\" alt=\"\" class=\"wp-image-15196\" srcset=\"https:\/\/echta-derminga.de\/wp-content\/uploads\/2023\/05\/NdK23-1.png 559w, https:\/\/echta-derminga.de\/wp-content\/uploads\/2023\/05\/NdK23-1-210x300.png 210w\" sizes=\"auto, (max-width: 559px) 100vw, 559px\" \/><\/figure>\n<\/div>\n\n\n\n<div class=\"wp-block-column is-layout-flow wp-block-column-is-layout-flow\">\n<figure class=\"wp-block-image size-large\"><img loading=\"lazy\" decoding=\"async\" width=\"700\" height=\"882\" src=\"https:\/\/echta-derminga.de\/wp-content\/uploads\/2023\/05\/IMG-20230513-WA0012-700x882.png\" alt=\"\" class=\"wp-image-15197\" srcset=\"https:\/\/echta-derminga.de\/wp-content\/uploads\/2023\/05\/IMG-20230513-WA0012-700x882.png 700w, https:\/\/echta-derminga.de\/wp-content\/uploads\/2023\/05\/IMG-20230513-WA0012-238x300.png 238w, https:\/\/echta-derminga.de\/wp-content\/uploads\/2023\/05\/IMG-20230513-WA0012-768x968.png 768w, https:\/\/echta-derminga.de\/wp-content\/uploads\/2023\/05\/IMG-20230513-WA0012.png 1152w\" sizes=\"auto, (max-width: 700px) 100vw, 700px\" \/><\/figure>\n<\/div>\n\n\n\n<div class=\"wp-block-column is-layout-flow wp-block-column-is-layout-flow\">\n<figure class=\"wp-block-image size-large\"><img loading=\"lazy\" decoding=\"async\" width=\"700\" height=\"986\" src=\"https:\/\/echta-derminga.de\/wp-content\/uploads\/2023\/05\/345602160_177600615240452_8681015350940926553_n-700x986.jpg\" alt=\"\" class=\"wp-image-15198\" srcset=\"https:\/\/echta-derminga.de\/wp-content\/uploads\/2023\/05\/345602160_177600615240452_8681015350940926553_n-700x986.jpg 700w, https:\/\/echta-derminga.de\/wp-content\/uploads\/2023\/05\/345602160_177600615240452_8681015350940926553_n-213x300.jpg 213w, https:\/\/echta-derminga.de\/wp-content\/uploads\/2023\/05\/345602160_177600615240452_8681015350940926553_n-768x1082.jpg 768w, https:\/\/echta-derminga.de\/wp-content\/uploads\/2023\/05\/345602160_177600615240452_8681015350940926553_n-1091x1536.jpg 1091w, https:\/\/echta-derminga.de\/wp-content\/uploads\/2023\/05\/345602160_177600615240452_8681015350940926553_n.jpg 1454w\" sizes=\"auto, (max-width: 700px) 100vw, 700px\" \/><\/figure>\n<\/div>\n<\/div>\n","protected":false},"excerpt":{"rendered":"<p>&#8222;Gott hat dir ein Lied geschrieben, singen musst du es schon selbst&#8220; Ich m\u00f6chte allen Kommunionkindern und allen Konfirmandinnen und Konfirmanden ganz herzlich zur Bekr\u00e4ftigung des eigenen Glaubens gratulieren. Termine \u00fcber Termine ! Das Leben hat uns zur\u00fcck und in unserem Dorf Jagd ein Event das N\u00e4chste. Unsere Vereine planen ihre festlichen Aktivit\u00e4ten und werden uns in diesem Jahr zu<\/p>\n","protected":false},"author":1,"featured_media":15169,"comment_status":"open","ping_status":"closed","sticky":false,"template":"","format":"standard","meta":{"_crdt_document":"","footnotes":""},"categories":[1,9,812],"tags":[5,618,127,634,795,310],"class_list":["post-15168","post","type-post","status-publish","format-standard","has-post-thumbnail","hentry","category-allgemein","category-dorfgetratsche","category-ortsvorsteher-dirmingen","tag-dirmingen","tag-gemeinde-eppelborn","tag-landkreis-neunkirchen","tag-ortsvorsteher","tag-ortsvorsteher-dirmingen","tag-saarland"],"_links":{"self":[{"href":"https:\/\/echta-derminga.de\/index.php?rest_route=\/wp\/v2\/posts\/15168","targetHints":{"allow":["GET"]}}],"collection":[{"href":"https:\/\/echta-derminga.de\/index.php?rest_route=\/wp\/v2\/posts"}],"about":[{"href":"https:\/\/echta-derminga.de\/index.php?rest_route=\/wp\/v2\/types\/post"}],"author":[{"embeddable":true,"href":"https:\/\/echta-derminga.de\/index.php?rest_route=\/wp\/v2\/users\/1"}],"replies":[{"embeddable":true,"href":"https:\/\/echta-derminga.de\/index.php?rest_route=%2Fwp%2Fv2%2Fcomments&post=15168"}],"version-history":[{"count":14,"href":"https:\/\/echta-derminga.de\/index.php?rest_route=\/wp\/v2\/posts\/15168\/revisions"}],"predecessor-version":[{"id":15207,"href":"https:\/\/echta-derminga.de\/index.php?rest_route=\/wp\/v2\/posts\/15168\/revisions\/15207"}],"wp:featuredmedia":[{"embeddable":true,"href":"https:\/\/echta-derminga.de\/index.php?rest_route=\/wp\/v2\/media\/15169"}],"wp:attachment":[{"href":"https:\/\/echta-derminga.de\/index.php?rest_route=%2Fwp%2Fv2%2Fmedia&parent=15168"}],"wp:term":[{"taxonomy":"category","embeddable":true,"href":"https:\/\/echta-derminga.de\/index.php?rest_route=%2Fwp%2Fv2%2Fcategories&post=15168"},{"taxonomy":"post_tag","embeddable":true,"href":"https:\/\/echta-derminga.de\/index.php?rest_route=%2Fwp%2Fv2%2Ftags&post=15168"}],"curies":[{"name":"wp","href":"https:\/\/api.w.org\/{rel}","templated":true}]}}