{"id":15209,"date":"2024-03-23T18:34:20","date_gmt":"2024-03-23T17:34:20","guid":{"rendered":"https:\/\/echta-derminga.de\/?p=15209"},"modified":"2024-03-23T18:34:26","modified_gmt":"2024-03-23T17:34:26","slug":"vorsicht-stoppt-den-maehtod","status":"publish","type":"post","link":"https:\/\/echta-derminga.de\/?p=15209","title":{"rendered":"Vorsicht ! &#8211; Stoppt den M\u00e4htod !"},"content":{"rendered":"\n<p class=\"has-medium-font-size wp-block-paragraph\"><strong>Mittlerweile hat es sich l\u00e4ngst rumgesprochen: Bei Wiesenfl\u00e4chen ist weniger oftmals mehr. Am Besten sollte man bez\u00fcglich der eigenen Wiese vorerst mal nichts zu tun und den lieben Gott einen guten Mann sein lassen. Einfach wachsen lassen und weniger m\u00e4hen. Die Insekten sind uns f\u00fcr diese Vorgehensweise sehr dankbar. Im hohen Gras entsteht eine Gr\u00fcnfl\u00e4che, die ein ansehnliches Nahrungsangebot f\u00fcr verschiedene Kleinlebewesen bietet. Nat\u00fcrlich muss eine Wiese auch mal gem\u00e4ht werden. Das M\u00e4hen ist sogar wichtig und erforderlich. Der Lebensraum Wiese gedeiht erst dann, wenn er regelm\u00e4\u00dfig gem\u00e4ht wird. Leider geht gerade in dieser Angelegenheit immer mehr die Umsicht und die Vorsicht verloren. Im Fr\u00fchjahr werden immer wieder viele am Boden br\u00fctende Vogelarten und besonders Rehkitze und Junghasen durch M\u00e4hwerke get\u00f6tet. Dabei gibt es zahleiche M\u00f6glichkeiten, diesen grausamen M\u00e4htod zu verhindern.<\/strong><\/p>\n\n\n\n<p class=\"has-medium-font-size wp-block-paragraph\">Leider f\u00e4llt die Brut-, Setz- und Aufzuchtszeit von Rehkitzen, Junghasen und gef\u00e4hrdeten Wiesenbr\u00fctern genau in die Zeit des ersten Gr\u00fcnlandschnitts. Gegen die Gro\u00dffl\u00e4chenm\u00e4hwerke mit Geschwindigkeiten bis zu 15 Stundenkilometern und Arbeitsbreiten bis zu elf Metern haben Wildtiere keine Chance. Ausgerechnet die bew\u00e4hrten \u00dcberlebensstrategien der Wildtiere, wozu auch regungslose Verharren von Rehkitz und Feldhase als Schutz gegen Fressfeinde geh\u00f6rt, wirkt sich bei der sogenannten Mahd verheerend aus.<\/p>\n\n\n\n<p class=\"has-medium-font-size wp-block-paragraph\"><strong>Die Tiere verharren im Gras und werden von den riesengro\u00dfen M\u00e4hern get\u00f6tet. Beim Schutz des Jungwildes ist die Zusammenarbeit zwischen J\u00e4gern und Landwirten von gro\u00dfer Bedeutung. Pr\u00e4ventionsma\u00dfnahmen gibt es zu Gen\u00fcge: Bereits einen Tag vor dem M\u00e4hen sollten unbedingt sogenannte Vergr\u00e4mungsmethoden wie das Aufh\u00e4ngen von Plastikt\u00fcten eingesetzt werden. Jeder Wiesenbesitzer ist gesetzlich verpflichtet, vor dem M\u00e4hen die Wiesenfl\u00e4che abzusuchen. Obwohl empfindliche Geldstrafen drohen, werden viele ihrer Verantwortung nicht gerecht. Die Zahl der get\u00f6teten Jungtiere ist immer noch sehr hoch. Besonders effektiv ist das \u00dcberfliegen der Fl\u00e4che mit einem Multikopter (Drohne) und einer W\u00e4rmebildkamera: Anhand der Drohnen-Aufnahmen k\u00f6nnen Helfer die gef\u00e4hrdeten Tiere schnell auffinden.<\/strong><\/p>\n\n\n\n<p class=\"has-medium-font-size wp-block-paragraph\">Im Dirminger Revier wurde nun einiges an Geld investiert, um eine Drohne mit W\u00e4rmebild zu kaufen. Zudem hat der VJS in fast allen Revieren eine Drohne zur Verf\u00fcgung gestellt! Es gen\u00fcgt ein Anruf bei dem zust\u00e4ndigen Jagdp\u00e4chter und die meist ehrenamtlichen J\u00e4ger\/in oder Helfer\/innen nehmen sich der Sache an. Dennoch sind in den letzten Tagen so einige Jungtiere qualvoll verendet. Ist das Gleichg\u00fcltigkeit oder einfach nur Faulheit?<\/p>\n\n\n\n<p class=\"has-medium-font-size wp-block-paragraph\">Mittlerweile haben sich in Deutschland und auch in unserem L\u00e4ndchen zahlreiche Organisationen und Vereine gegr\u00fcndet, die in Zusammenarbeit mit den Jagdp\u00e4chtern vor Ort den Landwirten bei der Rehkitzsuche helfen. Ein guter Draht zwischen Landwirten, J\u00e4gern und Helfern ist der Schl\u00fcssel zum Erfolg.<\/p>\n\n\n\n<p class=\"has-medium-font-size wp-block-paragraph\"><strong>Der Mensch ist der gr\u00f6\u00dfte Feind des Tieres. Wenn wir nicht bald damit beginnen, uns um unsere Waldtiere zu k\u00fcmmern, fliegt uns der ganze Salat recht bald um die Ohren. Das beginnt in anderer Angelegenheit bei den Insekten und insbesondere bei den Bienen und endet letztlichen bei den Jungtieren im Wald und auf der Flur. Bitte helfen Sie mit und verhindern Sie den M\u00e4htod !<\/strong><\/p>\n\n\n<div class=\"wp-block-image\">\n<figure class=\"aligncenter size-large\"><img loading=\"lazy\" decoding=\"async\" width=\"700\" height=\"694\" src=\"https:\/\/echta-derminga.de\/wp-content\/uploads\/2023\/05\/348379557_220194947433992_5263106964806854966_n-1-700x694.jpg\" alt=\"\" class=\"wp-image-15213\" srcset=\"https:\/\/echta-derminga.de\/wp-content\/uploads\/2023\/05\/348379557_220194947433992_5263106964806854966_n-1-700x694.jpg 700w, https:\/\/echta-derminga.de\/wp-content\/uploads\/2023\/05\/348379557_220194947433992_5263106964806854966_n-1-300x298.jpg 300w, https:\/\/echta-derminga.de\/wp-content\/uploads\/2023\/05\/348379557_220194947433992_5263106964806854966_n-1-150x150.jpg 150w, https:\/\/echta-derminga.de\/wp-content\/uploads\/2023\/05\/348379557_220194947433992_5263106964806854966_n-1-90x90.jpg 90w, https:\/\/echta-derminga.de\/wp-content\/uploads\/2023\/05\/348379557_220194947433992_5263106964806854966_n-1-75x75.jpg 75w, https:\/\/echta-derminga.de\/wp-content\/uploads\/2023\/05\/348379557_220194947433992_5263106964806854966_n-1.jpg 763w\" sizes=\"auto, (max-width: 700px) 100vw, 700px\" \/><\/figure>\n<\/div>","protected":false},"excerpt":{"rendered":"<p>Mittlerweile hat es sich l\u00e4ngst rumgesprochen: Bei Wiesenfl\u00e4chen ist weniger oftmals mehr. Am Besten sollte man bez\u00fcglich der eigenen Wiese vorerst mal nichts zu tun und den lieben Gott einen guten Mann sein lassen. Einfach wachsen lassen und weniger m\u00e4hen. Die Insekten sind uns f\u00fcr diese Vorgehensweise sehr dankbar. Im hohen Gras entsteht eine Gr\u00fcnfl\u00e4che, die ein ansehnliches Nahrungsangebot f\u00fcr<\/p>\n","protected":false},"author":1,"featured_media":15212,"comment_status":"open","ping_status":"closed","sticky":false,"template":"","format":"standard","meta":{"_crdt_document":"","footnotes":""},"categories":[1,902],"tags":[5,618,127,1060,634,795,1059,310],"class_list":["post-15209","post","type-post","status-publish","format-standard","has-post-thumbnail","hentry","category-allgemein","category-meine-meinung","tag-dirmingen","tag-gemeinde-eppelborn","tag-landkreis-neunkirchen","tag-maehtod","tag-ortsvorsteher","tag-ortsvorsteher-dirmingen","tag-rhekitz","tag-saarland"],"_links":{"self":[{"href":"https:\/\/echta-derminga.de\/index.php?rest_route=\/wp\/v2\/posts\/15209","targetHints":{"allow":["GET"]}}],"collection":[{"href":"https:\/\/echta-derminga.de\/index.php?rest_route=\/wp\/v2\/posts"}],"about":[{"href":"https:\/\/echta-derminga.de\/index.php?rest_route=\/wp\/v2\/types\/post"}],"author":[{"embeddable":true,"href":"https:\/\/echta-derminga.de\/index.php?rest_route=\/wp\/v2\/users\/1"}],"replies":[{"embeddable":true,"href":"https:\/\/echta-derminga.de\/index.php?rest_route=%2Fwp%2Fv2%2Fcomments&post=15209"}],"version-history":[{"count":3,"href":"https:\/\/echta-derminga.de\/index.php?rest_route=\/wp\/v2\/posts\/15209\/revisions"}],"predecessor-version":[{"id":15214,"href":"https:\/\/echta-derminga.de\/index.php?rest_route=\/wp\/v2\/posts\/15209\/revisions\/15214"}],"wp:featuredmedia":[{"embeddable":true,"href":"https:\/\/echta-derminga.de\/index.php?rest_route=\/wp\/v2\/media\/15212"}],"wp:attachment":[{"href":"https:\/\/echta-derminga.de\/index.php?rest_route=%2Fwp%2Fv2%2Fmedia&parent=15209"}],"wp:term":[{"taxonomy":"category","embeddable":true,"href":"https:\/\/echta-derminga.de\/index.php?rest_route=%2Fwp%2Fv2%2Fcategories&post=15209"},{"taxonomy":"post_tag","embeddable":true,"href":"https:\/\/echta-derminga.de\/index.php?rest_route=%2Fwp%2Fv2%2Ftags&post=15209"}],"curies":[{"name":"wp","href":"https:\/\/api.w.org\/{rel}","templated":true}]}}