{"id":15252,"date":"2023-06-11T13:07:10","date_gmt":"2023-06-11T12:07:10","guid":{"rendered":"https:\/\/echta-derminga.de\/?p=15252"},"modified":"2023-06-11T13:11:11","modified_gmt":"2023-06-11T12:11:11","slug":"in-sachen-ortsvorsteher-von-einem-neuen-schiedsmann-einer-ersten-teilnahme-vielen-schoenen-jubilaren-einem-tag-der-offenen-tuer-einem-tollen-turnier-und-vielen-schoenen-begegnungen","status":"publish","type":"post","link":"https:\/\/echta-derminga.de\/?p=15252","title":{"rendered":"In Sachen Ortsvorsteher: Von einem neuen Schiedsmann, einem &#8222;ersten&#8220; Gemeinderadeln, vielen sch\u00f6nen Jubilaren, einem &#8222;Tag der offenen T\u00fcr&#8220;, einem tollen Turnier und vielen sch\u00f6nen Begegnungen"},"content":{"rendered":"\n<p class=\"has-medium-font-size wp-block-paragraph\"><strong>Der Fr\u00fchling pr\u00e4sentierte sich in der vergangenen Woche von seiner besten Seite. In der vergangenen Woche durfte ich eine wunderbare Situation im neugestalteten Br\u00fchlpark genie\u00dfen. Viele Leute machten Picknick oder nutzten ihre Zeit zum Boule spielen. Andere hingegen vertreiben siech die Freizeit beim Tischtennis und weiter hinten sa\u00df eine Familie an einer Tischgruppe und genoss am Illstrand ihren Kaffee und Kuchen. Genau so soll es sein! Ich w\u00fcnsche mir noch mehr solche wunderbaren Momente.<\/strong> <strong>Unser Heimatort hat so vieles zu bieten. Neben dem Br\u00fchlpark gibt es viele weitere wundersch\u00f6ne Orte zum Verweilen und Wohlf\u00fchlen. Schon mal das &#8222;B\u00fcttelseck&#8220; gesehen, erkundet und genossen ?<\/strong><\/p>\n\n\n\n<p class=\"has-medium-font-size wp-block-paragraph\"><strong>Neuer Schiedsmann f\u00fcr Dirmingen<\/strong><\/p>\n\n\n\n<p class=\"has-medium-font-size wp-block-paragraph\">Der Dirminger Ortsrat hat in seiner letzten Sitzung am Montag, 05.Juni 2023 einen neuen Schiedsmann gew\u00e4hlt. Der bisherige Schiedsmann Stephan Br\u00fcck hatte sich aus pers\u00f6nlichen Gr\u00fcnden nicht mehr zur Wahl gestellt. Ich m\u00f6chte Stephan Br\u00fcck ganz herzlich f\u00fcr sein ehrenamtliches Engagement zum Wohle unseres Heimatortes danken. Stephan Br\u00fcck hat viele Jahre dieses sicherlich nicht einfache Ehrenamt mit W\u00fcrde und Hochachtung vor den Menschen ausge\u00fcbt. Vielen Dank f\u00fcr das Wirken und Helfen ! Neuer Schiedsmann in Dirmingen ist J\u00f6rg Ruf aus Dirmingen. J\u00f6rg Ruf wurde vom Dirminger Ortsrat einstimmig in sein neues Amt gew\u00e4hlt. Ich w\u00fcnsche unserem neuen Schiedsmann viel Gl\u00fcck und Erfolg und stets ein gutes H\u00e4ndchen bei allen Entscheidungen.<\/p>\n\n\n\n<div class=\"wp-block-columns is-layout-flex wp-container-core-columns-is-layout-8f761849 wp-block-columns-is-layout-flex\">\n<div class=\"wp-block-column is-layout-flow wp-block-column-is-layout-flow\">\n<figure class=\"wp-block-image size-large\"><img loading=\"lazy\" decoding=\"async\" width=\"700\" height=\"549\" src=\"https:\/\/echta-derminga.de\/wp-content\/uploads\/2023\/06\/Bild-stephan-1024x803-1-700x549.jpg\" alt=\"\" class=\"wp-image-15281\" srcset=\"https:\/\/echta-derminga.de\/wp-content\/uploads\/2023\/06\/Bild-stephan-1024x803-1-700x549.jpg 700w, https:\/\/echta-derminga.de\/wp-content\/uploads\/2023\/06\/Bild-stephan-1024x803-1-300x235.jpg 300w, https:\/\/echta-derminga.de\/wp-content\/uploads\/2023\/06\/Bild-stephan-1024x803-1-768x602.jpg 768w, https:\/\/echta-derminga.de\/wp-content\/uploads\/2023\/06\/Bild-stephan-1024x803-1.jpg 1024w\" sizes=\"auto, (max-width: 700px) 100vw, 700px\" \/><figcaption class=\"wp-element-caption\">Vielen Dank an Stephan Br\u00fcck<\/figcaption><\/figure>\n<\/div>\n\n\n\n<div class=\"wp-block-column is-layout-flow wp-block-column-is-layout-flow\">\n<figure class=\"wp-block-image size-full\"><img loading=\"lazy\" decoding=\"async\" width=\"698\" height=\"544\" src=\"https:\/\/echta-derminga.de\/wp-content\/uploads\/2023\/06\/Screenshot-2023-06-11-140208.png\" alt=\"\" class=\"wp-image-15282\" srcset=\"https:\/\/echta-derminga.de\/wp-content\/uploads\/2023\/06\/Screenshot-2023-06-11-140208.png 698w, https:\/\/echta-derminga.de\/wp-content\/uploads\/2023\/06\/Screenshot-2023-06-11-140208-300x234.png 300w\" sizes=\"auto, (max-width: 698px) 100vw, 698px\" \/><figcaption class=\"wp-element-caption\">Viel Gl\u00fcck an den neuen Schiedsmann J\u00f6rg Ruf<\/figcaption><\/figure>\n<\/div>\n<\/div>\n\n\n\n<p class=\"has-medium-font-size wp-block-paragraph\"><strong>\u201eUnser Dorf spielt Fu\u00dfball\u201c<\/strong><\/p>\n\n\n\n<p class=\"has-medium-font-size wp-block-paragraph\">Am vergangenen Montag, 05.06.2023 wurde Dorfturnier &#8222;Unser Dorf spielt Fu\u00dfball&#8220; des SV Dirmingen, im Belkerstadion, er\u00f6ffnet. Das Hobbyturnier geh\u00f6rt j\u00e4hrlich zu den gr\u00f6\u00dften Veranstaltungen unseres Heimatortes. Gerne habe ich in diesem Jahr die Schirmherrschaft des Turnieres \u00fcbernommen. Zu den Ehreng\u00e4sten der Er\u00f6ffnungszeremonie, mit Fassanstich, geh\u00f6rten B\u00fcrgermeister Andreas Feld, der MdL Stefan L\u00f6w und der Bundestagsabgeordnete Chris Petry. Im Laufe der Festwoche wurde nicht nur in verschiedenen Klassen Fu\u00dfball gespielt. Unter anderem wurde ein Gaudi-Turnier, ein Boule Turnier und zahlreiche Abendveranstaltungen angeboten. Das Turnier endete am Samstag, 10.06.23 mit den Finalbegegnungen. Mein Dank geht an das Organisationsteam des SV Dirmingen um Maurice Schulz und Fabian Schulz. Vielen Dank f\u00fcr das Ehrenamt und die Aufwertung unserer Dorfgemeinschaft.<\/p>\n\n\n\n<div class=\"wp-block-columns is-layout-flex wp-container-core-columns-is-layout-8f761849 wp-block-columns-is-layout-flex\">\n<div class=\"wp-block-column is-layout-flow wp-block-column-is-layout-flow\">\n<figure class=\"wp-block-image size-large\"><img loading=\"lazy\" decoding=\"async\" width=\"700\" height=\"577\" src=\"https:\/\/echta-derminga.de\/wp-content\/uploads\/2023\/06\/351464121_290131976688288_8021193202464270528_n-700x577.jpg\" alt=\"\" class=\"wp-image-15254\" srcset=\"https:\/\/echta-derminga.de\/wp-content\/uploads\/2023\/06\/351464121_290131976688288_8021193202464270528_n-700x577.jpg 700w, https:\/\/echta-derminga.de\/wp-content\/uploads\/2023\/06\/351464121_290131976688288_8021193202464270528_n-300x247.jpg 300w, https:\/\/echta-derminga.de\/wp-content\/uploads\/2023\/06\/351464121_290131976688288_8021193202464270528_n-768x633.jpg 768w, https:\/\/echta-derminga.de\/wp-content\/uploads\/2023\/06\/351464121_290131976688288_8021193202464270528_n.jpg 960w\" sizes=\"auto, (max-width: 700px) 100vw, 700px\" \/><\/figure>\n<\/div>\n\n\n\n<div class=\"wp-block-column is-layout-flow wp-block-column-is-layout-flow\">\n<figure class=\"wp-block-image size-large\"><img loading=\"lazy\" decoding=\"async\" width=\"700\" height=\"525\" src=\"https:\/\/echta-derminga.de\/wp-content\/uploads\/2023\/06\/352517738_3515396162068242_5734410179505053620_n-700x525.jpg\" alt=\"\" class=\"wp-image-15255\" srcset=\"https:\/\/echta-derminga.de\/wp-content\/uploads\/2023\/06\/352517738_3515396162068242_5734410179505053620_n-700x525.jpg 700w, https:\/\/echta-derminga.de\/wp-content\/uploads\/2023\/06\/352517738_3515396162068242_5734410179505053620_n-300x225.jpg 300w, https:\/\/echta-derminga.de\/wp-content\/uploads\/2023\/06\/352517738_3515396162068242_5734410179505053620_n-768x576.jpg 768w, https:\/\/echta-derminga.de\/wp-content\/uploads\/2023\/06\/352517738_3515396162068242_5734410179505053620_n.jpg 960w\" sizes=\"auto, (max-width: 700px) 100vw, 700px\" \/><\/figure>\n<\/div>\n<\/div>\n\n\n\n<div class=\"wp-block-columns is-layout-flex wp-container-core-columns-is-layout-8f761849 wp-block-columns-is-layout-flex\">\n<div class=\"wp-block-column is-layout-flow wp-block-column-is-layout-flow\">\n<figure class=\"wp-block-image size-large\"><img loading=\"lazy\" decoding=\"async\" width=\"700\" height=\"397\" src=\"https:\/\/echta-derminga.de\/wp-content\/uploads\/2023\/06\/352706207_2921156018019038_1809446789649880139_n-700x397.jpg\" alt=\"\" class=\"wp-image-15256\" srcset=\"https:\/\/echta-derminga.de\/wp-content\/uploads\/2023\/06\/352706207_2921156018019038_1809446789649880139_n-700x397.jpg 700w, https:\/\/echta-derminga.de\/wp-content\/uploads\/2023\/06\/352706207_2921156018019038_1809446789649880139_n-300x170.jpg 300w, https:\/\/echta-derminga.de\/wp-content\/uploads\/2023\/06\/352706207_2921156018019038_1809446789649880139_n-768x436.jpg 768w, https:\/\/echta-derminga.de\/wp-content\/uploads\/2023\/06\/352706207_2921156018019038_1809446789649880139_n-1536x872.jpg 1536w, https:\/\/echta-derminga.de\/wp-content\/uploads\/2023\/06\/352706207_2921156018019038_1809446789649880139_n.jpg 2048w\" sizes=\"auto, (max-width: 700px) 100vw, 700px\" \/><\/figure>\n<\/div>\n\n\n\n<div class=\"wp-block-column is-layout-flow wp-block-column-is-layout-flow\">\n<figure class=\"wp-block-image size-large\"><img loading=\"lazy\" decoding=\"async\" width=\"700\" height=\"532\" src=\"https:\/\/echta-derminga.de\/wp-content\/uploads\/2023\/06\/352668788_6256380627789943_6029420611507538178_n-700x532.jpg\" alt=\"\" class=\"wp-image-15257\" srcset=\"https:\/\/echta-derminga.de\/wp-content\/uploads\/2023\/06\/352668788_6256380627789943_6029420611507538178_n-700x532.jpg 700w, https:\/\/echta-derminga.de\/wp-content\/uploads\/2023\/06\/352668788_6256380627789943_6029420611507538178_n-300x228.jpg 300w, https:\/\/echta-derminga.de\/wp-content\/uploads\/2023\/06\/352668788_6256380627789943_6029420611507538178_n-768x583.jpg 768w, https:\/\/echta-derminga.de\/wp-content\/uploads\/2023\/06\/352668788_6256380627789943_6029420611507538178_n.jpg 1463w\" sizes=\"auto, (max-width: 700px) 100vw, 700px\" \/><\/figure>\n<\/div>\n<\/div>\n\n\n\n<p class=\"has-medium-font-size wp-block-paragraph\"><strong>Diamantene Hochzeit des Jubelpaars Hell<\/strong><\/p>\n\n\n\n<p class=\"has-medium-font-size wp-block-paragraph\">Der ehemalige Ortsvorsteher von Dirmingen Rudi Hell und seine Ehefrau Erika feierten am 01.Juni 2023 das Fest der Diamantene Hochzeit. Gemeinsam mit B\u00fcrgermeister Andreas Feld \u00fcberbrachte ich die Gl\u00fcckw\u00fcnsche der Ministerpr\u00e4sidentin, des Landrates, der Gemeindeverwaltung und des Ortsrates. Das Ehepaar Hell pflegte ein Leben in Harmonie und Zweisamkeit. Im Laufe ihrer ehrenamtlichen T\u00e4tigkeit haben Rudi und Erika Hell vieles f\u00fcr unsere Dorfgemeinschaft geleistet. W\u00e4hrend Rudi Hell viele Jahre als Ortsvorsteher unseres Heimatortes fungierte, war seine Ehefrau Erika wichtige St\u00fctze und R\u00fcckhalt. Im Kreise der Familie wurde nun das Fest der \u201eDiamantenen Hochzeit\u201c gefeiert. Vielen Dank f\u00fcr das Ehrenamt und herzlichen Gl\u00fcckwunsch zur Jubelhochzeit.<\/p>\n\n\n<div class=\"wp-block-image\">\n<figure class=\"aligncenter size-large\"><img loading=\"lazy\" decoding=\"async\" width=\"700\" height=\"700\" src=\"https:\/\/echta-derminga.de\/wp-content\/uploads\/2023\/06\/350129380_771681367989729_7769038740887281918_n-700x700.jpg\" alt=\"\" class=\"wp-image-15259\" srcset=\"https:\/\/echta-derminga.de\/wp-content\/uploads\/2023\/06\/350129380_771681367989729_7769038740887281918_n-700x700.jpg 700w, https:\/\/echta-derminga.de\/wp-content\/uploads\/2023\/06\/350129380_771681367989729_7769038740887281918_n-300x300.jpg 300w, https:\/\/echta-derminga.de\/wp-content\/uploads\/2023\/06\/350129380_771681367989729_7769038740887281918_n-150x150.jpg 150w, https:\/\/echta-derminga.de\/wp-content\/uploads\/2023\/06\/350129380_771681367989729_7769038740887281918_n-768x768.jpg 768w, https:\/\/echta-derminga.de\/wp-content\/uploads\/2023\/06\/350129380_771681367989729_7769038740887281918_n-90x90.jpg 90w, https:\/\/echta-derminga.de\/wp-content\/uploads\/2023\/06\/350129380_771681367989729_7769038740887281918_n-75x75.jpg 75w, https:\/\/echta-derminga.de\/wp-content\/uploads\/2023\/06\/350129380_771681367989729_7769038740887281918_n.jpg 1440w\" sizes=\"auto, (max-width: 700px) 100vw, 700px\" \/><figcaption class=\"wp-element-caption\">Das Jubelpaar Rudi und Erika Hell<\/figcaption><\/figure>\n<\/div>\n\n\n<p class=\"has-medium-font-size wp-block-paragraph\"><strong>Herzlichen Gl\u00fcckwunsch zum 90. Geburtstag<\/strong><\/p>\n\n\n\n<p class=\"has-medium-font-size wp-block-paragraph\">Am 01.Juni 2023 feierte Frau Ruth Baltes ihr nunmehr 90. Wiegenfest. Gemeinsam mit B\u00fcrgermeister Dr. Andreas Feld \u00fcberbrachten ich die Gl\u00fcckw\u00fcnsche der Ministerpr\u00e4sidentin, des Landrates, des B\u00fcrgermeisters und des Ortsrates. Frau Ruth Baltes feierte in harmonischer Runde im Kreise ihrer Familie und Freunde. Gemeinsam mit ihrem Ehemann Herr Hans Baltes, der ehemals Ortsvorsteher in unserem Dorf war, hat Sie vieles f\u00fcr unseren Heimatort geleistet. Neben der Familie stand auch hier immer das Ehrenamt im Vordergrund. Ich m\u00f6chte Frau Baltes auch an dieser Stelle gratulieren und w\u00fcnsche alles erdenklich Gute f\u00fcr die Zukunft.<\/p>\n\n\n<div class=\"wp-block-image\">\n<figure class=\"aligncenter size-large\"><img loading=\"lazy\" decoding=\"async\" width=\"700\" height=\"618\" src=\"https:\/\/echta-derminga.de\/wp-content\/uploads\/2023\/06\/350952368_939280487338745_1345995666331434492_n-700x618.jpg\" alt=\"\" class=\"wp-image-15261\" srcset=\"https:\/\/echta-derminga.de\/wp-content\/uploads\/2023\/06\/350952368_939280487338745_1345995666331434492_n-700x618.jpg 700w, https:\/\/echta-derminga.de\/wp-content\/uploads\/2023\/06\/350952368_939280487338745_1345995666331434492_n-300x265.jpg 300w, https:\/\/echta-derminga.de\/wp-content\/uploads\/2023\/06\/350952368_939280487338745_1345995666331434492_n-768x678.jpg 768w, https:\/\/echta-derminga.de\/wp-content\/uploads\/2023\/06\/350952368_939280487338745_1345995666331434492_n.jpg 800w\" sizes=\"auto, (max-width: 700px) 100vw, 700px\" \/><figcaption class=\"wp-element-caption\">Gratulation an Frau Ruth Baltes ( mit ihrem Ehemann Hans Baltes)<\/figcaption><\/figure>\n<\/div>\n\n\n<p class=\"has-medium-font-size wp-block-paragraph\"><strong>\u201eTag der offenen T\u00fcr\u201c des L\u00f6schbezirks Dirmingen<\/strong><\/p>\n\n\n\n<p class=\"has-medium-font-size wp-block-paragraph\">Der L\u00f6schbezirk Dirmingen hatte am vergangenen Wochenende zum &#8222;Tag der offenen T\u00fcr &#8220; eingeladen. Zum Fassanstich durfte ich gemeinsam mit B\u00fcrgermeister Feld dem L\u00f6schbezirk und der Veranstaltung viel Erfolg w\u00fcnschen. Gerne habe ich das diesj\u00e4hrige Feuerwehrfest unseres L\u00f6schbezirks mit einem Fass Bier unterst\u00fctzt. Unser L\u00f6schbezirk leistet Tag f\u00fcr Tag wichtige ehrenamtliche Arbeit f\u00fcr unseren Heimatort. Das Fest hinter das Ger\u00e4tehaus ins Gr\u00fcne zu verlegen war die absolut richtige Entscheidung. Auch in diesem Jahr hatte unsere Feuerwehr Besuch der Feuerwehr Nehesdorf aus der Partnerstadt Finsterwalde. Ich w\u00fcnsche dem L\u00f6schbezirk Dirmingen um seinen r\u00fchrigen Vorstand alles erdenklich Gute, viel Gl\u00fcck und gut Wehr. Der \u201eTag der offenen T\u00fcr\u201c war mal wieder eine Bereicherung f\u00fcr unsere Dorfgemeinschaft.<\/p>\n\n\n<div class=\"wp-block-image\">\n<figure class=\"aligncenter size-large\"><img loading=\"lazy\" decoding=\"async\" width=\"700\" height=\"525\" src=\"https:\/\/echta-derminga.de\/wp-content\/uploads\/2023\/06\/351320900_285320907357766_7594943944027358942_n-1-700x525.jpg\" alt=\"\" class=\"wp-image-15265\" srcset=\"https:\/\/echta-derminga.de\/wp-content\/uploads\/2023\/06\/351320900_285320907357766_7594943944027358942_n-1-700x525.jpg 700w, https:\/\/echta-derminga.de\/wp-content\/uploads\/2023\/06\/351320900_285320907357766_7594943944027358942_n-1-300x225.jpg 300w, https:\/\/echta-derminga.de\/wp-content\/uploads\/2023\/06\/351320900_285320907357766_7594943944027358942_n-1-768x576.jpg 768w, https:\/\/echta-derminga.de\/wp-content\/uploads\/2023\/06\/351320900_285320907357766_7594943944027358942_n-1-1536x1152.jpg 1536w, https:\/\/echta-derminga.de\/wp-content\/uploads\/2023\/06\/351320900_285320907357766_7594943944027358942_n-1.jpg 2048w\" sizes=\"auto, (max-width: 700px) 100vw, 700px\" \/><\/figure>\n<\/div>\n\n\n<div class=\"wp-block-columns is-layout-flex wp-container-core-columns-is-layout-8f761849 wp-block-columns-is-layout-flex\">\n<div class=\"wp-block-column is-layout-flow wp-block-column-is-layout-flow\">\n<figure class=\"wp-block-image size-large\"><img loading=\"lazy\" decoding=\"async\" width=\"700\" height=\"323\" src=\"https:\/\/echta-derminga.de\/wp-content\/uploads\/2023\/06\/351325135_969844521110102_3469128211742693154_n-1-700x323.jpg\" alt=\"\" class=\"wp-image-15266\" srcset=\"https:\/\/echta-derminga.de\/wp-content\/uploads\/2023\/06\/351325135_969844521110102_3469128211742693154_n-1-700x323.jpg 700w, https:\/\/echta-derminga.de\/wp-content\/uploads\/2023\/06\/351325135_969844521110102_3469128211742693154_n-1-300x139.jpg 300w, https:\/\/echta-derminga.de\/wp-content\/uploads\/2023\/06\/351325135_969844521110102_3469128211742693154_n-1-768x355.jpg 768w, https:\/\/echta-derminga.de\/wp-content\/uploads\/2023\/06\/351325135_969844521110102_3469128211742693154_n-1-1536x710.jpg 1536w, https:\/\/echta-derminga.de\/wp-content\/uploads\/2023\/06\/351325135_969844521110102_3469128211742693154_n-1.jpg 2048w\" sizes=\"auto, (max-width: 700px) 100vw, 700px\" \/><\/figure>\n<\/div>\n\n\n\n<div class=\"wp-block-column is-layout-flow wp-block-column-is-layout-flow\">\n<figure class=\"wp-block-image size-large\"><img loading=\"lazy\" decoding=\"async\" width=\"700\" height=\"323\" src=\"https:\/\/echta-derminga.de\/wp-content\/uploads\/2023\/06\/351765545_1348263635752558_2728600425761387288_n-700x323.jpg\" alt=\"\" class=\"wp-image-15267\" srcset=\"https:\/\/echta-derminga.de\/wp-content\/uploads\/2023\/06\/351765545_1348263635752558_2728600425761387288_n-700x323.jpg 700w, https:\/\/echta-derminga.de\/wp-content\/uploads\/2023\/06\/351765545_1348263635752558_2728600425761387288_n-300x139.jpg 300w, https:\/\/echta-derminga.de\/wp-content\/uploads\/2023\/06\/351765545_1348263635752558_2728600425761387288_n-768x355.jpg 768w, https:\/\/echta-derminga.de\/wp-content\/uploads\/2023\/06\/351765545_1348263635752558_2728600425761387288_n-1536x710.jpg 1536w, https:\/\/echta-derminga.de\/wp-content\/uploads\/2023\/06\/351765545_1348263635752558_2728600425761387288_n.jpg 2048w\" sizes=\"auto, (max-width: 700px) 100vw, 700px\" \/><\/figure>\n<\/div>\n<\/div>\n\n\n\n<p class=\"has-medium-font-size wp-block-paragraph\"><strong>\u201eTag der Senioren\u201c in der Borrwieshalle<\/strong><\/p>\n\n\n\n<p class=\"has-medium-font-size wp-block-paragraph\">Der Ortsrat Dirmingen l\u00e4dt ganz herzlich zum diesj\u00e4hrigen \u201eTag der Senioren\u201c in die Borrwieshalle Dirmingen ein. Auf unsere Seniorinnen und Senioren wartet ein interessantes und abwechslungsreiches Programm. Um die Kosten zu decken, wird ein Beitrag 5,- \u20ac erhoben. Zur besseren Organisation bitten wir um vorherige telefonische Anmeldung bis zum 12. Juni 2023 bei Ortsvorsteher Frank Klein unter 0172 6027216 oder dem stellvertretenden Ortsvorsteher Michael Polotzek unter 0178 2193655.<\/p>\n\n\n\n<p class=\"has-medium-font-size wp-block-paragraph\"><strong>Herzlichen Gl\u00fcckwunsch zur Goldenen Hochzeit<\/strong><\/p>\n\n\n\n<p class=\"has-medium-font-size wp-block-paragraph\">Am Dienstag, 06. Juni feierten Iris und Herbert Volz aus Dirmingen das Fest der &#8222;Goldenen Hochzeit &#8222;. Bei meinem Besuch \u00fcberbrachte ich die Gl\u00fcckw\u00fcnsche der Ministerpr\u00e4sidentin, des Landrates S\u00f6ren Meng , des B\u00fcrgermeisters Dr. Andreas Feld und des Ortsrates. Das Jubelpaar Volz ist seit vielen Jahren fester Bestandteil unserer Dorfgemeinschaft. Ich habe mich im Kreise der Familie sehr wohl gef\u00fchlt und m\u00f6chte mich an dieser Stelle ganz herzlich f\u00fcr die gro\u00dfartige Gastfreundschaft bedanken. Herzlichen Gl\u00fcckwunsch zur &#8222;Goldenen Hochzeit&#8220; und ein Leben in Gl\u00fcck und Harmonie. <\/p>\n\n\n<div class=\"wp-block-image\">\n<figure class=\"aligncenter size-large\"><img loading=\"lazy\" decoding=\"async\" width=\"700\" height=\"700\" src=\"https:\/\/echta-derminga.de\/wp-content\/uploads\/2023\/06\/351506448_987927388897134_7651246372771098319_n-700x700.jpg\" alt=\"\" class=\"wp-image-15279\" srcset=\"https:\/\/echta-derminga.de\/wp-content\/uploads\/2023\/06\/351506448_987927388897134_7651246372771098319_n-700x700.jpg 700w, https:\/\/echta-derminga.de\/wp-content\/uploads\/2023\/06\/351506448_987927388897134_7651246372771098319_n-300x300.jpg 300w, https:\/\/echta-derminga.de\/wp-content\/uploads\/2023\/06\/351506448_987927388897134_7651246372771098319_n-150x150.jpg 150w, https:\/\/echta-derminga.de\/wp-content\/uploads\/2023\/06\/351506448_987927388897134_7651246372771098319_n-768x768.jpg 768w, https:\/\/echta-derminga.de\/wp-content\/uploads\/2023\/06\/351506448_987927388897134_7651246372771098319_n-90x90.jpg 90w, https:\/\/echta-derminga.de\/wp-content\/uploads\/2023\/06\/351506448_987927388897134_7651246372771098319_n-75x75.jpg 75w, https:\/\/echta-derminga.de\/wp-content\/uploads\/2023\/06\/351506448_987927388897134_7651246372771098319_n.jpg 1030w\" sizes=\"auto, (max-width: 700px) 100vw, 700px\" \/><figcaption class=\"wp-element-caption\">Jubelpaar Herbert und Iris Volz<\/figcaption><\/figure>\n<\/div>\n\n\n<p class=\"has-medium-font-size wp-block-paragraph\"><strong>Stadtradeln 2023 \u2013 Team Dirmingen ist am Start<\/strong><\/p>\n\n\n\n<p class=\"has-medium-font-size wp-block-paragraph\">Das Saarland radelt gemeinsam vom 11.06.-01.07.2023. Bereits zum 8. Mal ist die Gemeinde Eppelborn beim Stadtradeln mit dabei \u2013 mach auch DU mit! Vom 11.06. \u2013 01.07.2023 k\u00f6nnen alle, die in Eppelborn leben oder arbeiten oder Mitglied eines Vereins in der Gemeinde sind, Kilometer f\u00fcr die Gemeinde Eppelborn sammeln. Und so k\u00f6nnen Kilometer gesammelt werden:<\/p>\n\n\n\n<p class=\"has-medium-font-size wp-block-paragraph\">1.&nbsp;&nbsp;&nbsp; Anmelden unter www.stadtradeln.de\/eppelborn<\/p>\n\n\n\n<p class=\"has-medium-font-size wp-block-paragraph\">2.&nbsp;&nbsp;&nbsp; Team gr\u00fcnden oder dem \u201eoffenen Team\u201c der Gemeinde Eppelborn beitreten<\/p>\n\n\n\n<p class=\"has-medium-font-size wp-block-paragraph\">3.&nbsp;&nbsp;&nbsp; Vom 11.06-01.07. m\u00f6glichst oft aufs Rad schwingen (E-Bikes sind ebenfalls zugelassen)<\/p>\n\n\n\n<p class=\"has-medium-font-size wp-block-paragraph\">So k\u00f6nnen Kilometer f\u00fcr die Gemeinde Eppelborn gesammelt werden: Anmelden unter www.stadtradeln.de, Team gr\u00fcnden (Mindestens 2 Personen) oder dem \u201eoffenen Team\u201c der Gemeinde Eppelborn beitreten. Im Zeitraum 11.06. -01.07.23 m\u00f6glichst viele Kilometer auf dem Fahrrad zur\u00fccklegen \u2013 egal ob auf Mallorca, an der Nordsee oder im Illtaler Land, jeder Kilometer auf dem Rad z\u00e4hlt und l\u00e4sst uns m\u00f6glichst viel CO2 einsparen! Das Team Dirmingen wurde bereits gegr\u00fcndet. Interessierte Radfahrer aus unserem Dorf k\u00f6nnen sich gerne als Mitglied unseres Teams registrieren. Informationen zu Stadtradeln unter <a href=\"http:\/\/www.stadtradeln.de\/eppelborn\">www.stadtradeln.de\/eppelborn<\/a>. Die bundesweite Kampagne wird unterst\u00fctzt und gef\u00f6rdert vom saarl\u00e4ndischen Ministerium f\u00fcr Umwelt, Klima, Agrar und Verbraucherschutz.&nbsp; Es gilt, an 21 Tagen m\u00f6glichst viele Wege beruflich und privat CO2-frei mit dem Fahrrad zur\u00fcckzulegen. Ich bin sehr stolz darauf, dass es uns gelungen ist, erstmals eine Mannschaft zu melden. Dirmingen ist am Start! Quelle: <a href=\"http:\/\/www.fahrrad.saarland\/projekte\/stadtradeln-saar\/\">www.fahrrad.saarland\/projekte\/stadtradeln-saar\/<\/a><\/p>\n\n\n<div class=\"wp-block-image\">\n<figure class=\"aligncenter size-large\"><img loading=\"lazy\" decoding=\"async\" width=\"700\" height=\"587\" src=\"https:\/\/echta-derminga.de\/wp-content\/uploads\/2023\/06\/351318906_3054783568161426_8134845296808317033_n-700x587.jpg\" alt=\"\" class=\"wp-image-15269\" srcset=\"https:\/\/echta-derminga.de\/wp-content\/uploads\/2023\/06\/351318906_3054783568161426_8134845296808317033_n-700x587.jpg 700w, https:\/\/echta-derminga.de\/wp-content\/uploads\/2023\/06\/351318906_3054783568161426_8134845296808317033_n-300x251.jpg 300w, https:\/\/echta-derminga.de\/wp-content\/uploads\/2023\/06\/351318906_3054783568161426_8134845296808317033_n-768x644.jpg 768w, https:\/\/echta-derminga.de\/wp-content\/uploads\/2023\/06\/351318906_3054783568161426_8134845296808317033_n.jpg 940w\" sizes=\"auto, (max-width: 700px) 100vw, 700px\" \/><\/figure>\n<\/div>\n\n\n<p class=\"has-medium-font-size wp-block-paragraph\"><strong>Feierabend-Klappstuhl-Konzerte in unserer Gemeinde Eppelborn-\u2026..IHR BRINGT EUREN STUHL &amp; WIR DIE MUSIK !<\/strong><\/p>\n\n\n\n<p class=\"has-medium-font-size wp-block-paragraph\">Mit den Feierabend-Klappstuhlkonzerten m\u00f6chte die Gemeinde Eppelborn neue Wege beschreiben. Dabei sollen die Klappstuhlkonzerte keineswegs eine Konkurrenz zu den beliebten Musikpicknickveranstaltungen des Landkreises auf Finkenrech werden. Vielmehr wollen wir ein weiteres Angebot schaffen. Das Konzept: Musiker der Region pr\u00e4sentieren sich unter freiem Himmel an verschiedenen Spielst\u00e4tten innerhalb der Gemeinde.&nbsp; Die Konzerte finden zu den genannten Terminen + \u00d6rtlichkeiten, immer donnerstagsabends bei gutem Wetter statt. Tagesaktuelle Informationen erhalten die B\u00fcrgerinnen und B\u00fcrger \u00fcber die Facebook-Plattform.&nbsp; Eintritt ist frei, der Hut geht zur freien Spende herum. Dabei wird bei den vier geplanten Terminen sehr Dirminger Musik angeboten. Am 13.07.23 spielt die Dirminger Formation Mr. Be &amp; Me mit Sven Gro\u00df und seiner Frau Nina Heidemann im Dirminger Br\u00fchlpark. Der Kulturverein Dirmingen wird uns kulinarisch verk\u00f6stigten. Die Gruppe Perlregen aus Dirmingen mit Martina Schlacher und Thomas Lapp werden unterst\u00fctzt von Freunden u.a dem Dirminger Timo Br\u00fcck am 06.07.23 auf dem Eppelborner Marktplatz spielen. Kompliment an das Kulturamt der Gemeinde Eppelborn. Diese Veranstaltungsreihe wird unsere Gemeinde aufwerten.<\/p>\n\n\n<div class=\"wp-block-image\">\n<figure class=\"aligncenter size-large\"><img loading=\"lazy\" decoding=\"async\" width=\"700\" height=\"994\" src=\"https:\/\/echta-derminga.de\/wp-content\/uploads\/2023\/06\/352783417_6252954928132513_7316623194640466209_n-700x994.jpg\" alt=\"\" class=\"wp-image-15271\" srcset=\"https:\/\/echta-derminga.de\/wp-content\/uploads\/2023\/06\/352783417_6252954928132513_7316623194640466209_n-700x994.jpg 700w, https:\/\/echta-derminga.de\/wp-content\/uploads\/2023\/06\/352783417_6252954928132513_7316623194640466209_n-211x300.jpg 211w, https:\/\/echta-derminga.de\/wp-content\/uploads\/2023\/06\/352783417_6252954928132513_7316623194640466209_n-768x1091.jpg 768w, https:\/\/echta-derminga.de\/wp-content\/uploads\/2023\/06\/352783417_6252954928132513_7316623194640466209_n-1081x1536.jpg 1081w, https:\/\/echta-derminga.de\/wp-content\/uploads\/2023\/06\/352783417_6252954928132513_7316623194640466209_n.jpg 1151w\" sizes=\"auto, (max-width: 700px) 100vw, 700px\" \/><\/figure>\n<\/div>\n\n\n<p class=\"has-medium-font-size wp-block-paragraph\"><strong>Danke f\u00fcr das Ehrenamt \u2013 Birgit Schlicher feiert das 60. Wiegenfest<\/strong><\/p>\n\n\n\n<p class=\"has-medium-font-size wp-block-paragraph\">Birgit Schlicher feierte im Kreise der Familie und vielen Freunden das 60. Wiegenfest. Die liebe Birgit leistet j\u00e4hrlich gro\u00dfartiges f\u00fcr unsere Dorfgemeinschaft. Im KKV und in der Kolpingsfamilie Dirmingen gibt Birgit Jahr f\u00fcr Jahr ihr Bestes. Das Miteinander und der Zusammenhalt sind f\u00fcr Birgit immer wichtige Pfeiler des Lebens. Gerne habe ich der lieben Birgit zu ihrem Festtag meine Gl\u00fcckw\u00fcnsche \u00fcbermittelt. Herzlichen Gl\u00fcckwunsch auch an dieser Stelle.<\/p>\n\n\n<div class=\"wp-block-image\">\n<figure class=\"aligncenter size-large\"><img loading=\"lazy\" decoding=\"async\" width=\"700\" height=\"631\" src=\"https:\/\/echta-derminga.de\/wp-content\/uploads\/2023\/06\/351341796_272066815215101_6552374551617128202_n-700x631.jpg\" alt=\"\" class=\"wp-image-15274\" srcset=\"https:\/\/echta-derminga.de\/wp-content\/uploads\/2023\/06\/351341796_272066815215101_6552374551617128202_n-700x631.jpg 700w, https:\/\/echta-derminga.de\/wp-content\/uploads\/2023\/06\/351341796_272066815215101_6552374551617128202_n-300x270.jpg 300w, https:\/\/echta-derminga.de\/wp-content\/uploads\/2023\/06\/351341796_272066815215101_6552374551617128202_n-768x692.jpg 768w, https:\/\/echta-derminga.de\/wp-content\/uploads\/2023\/06\/351341796_272066815215101_6552374551617128202_n.jpg 1440w\" sizes=\"auto, (max-width: 700px) 100vw, 700px\" \/><figcaption class=\"wp-element-caption\">Herzlichen Gl\u00fcckwunsch an Birgit Schlicher<\/figcaption><\/figure>\n<\/div>\n\n\n<p class=\"has-medium-font-size wp-block-paragraph\"><strong>Alle Jahre wieder- Vorsicht vor dem Riesenb\u00e4renklau<\/strong><\/p>\n\n\n\n<p class=\"has-medium-font-size wp-block-paragraph\">Die Herkulesstaude, auch Riesenb\u00e4renklau genannt, ist eine sch\u00f6ne aber auch gef\u00e4hrliche Pflanze. In Verbindung mit Tageslicht kann der B\u00e4renklau zu schmerzhaften Quaddeln und Blasen f\u00fchren. Nur etwa 15 Prozent der Pflanzen stehen nicht in Naturschutzgebieten oder auf privaten Fl\u00e4chen. Die Gemeindeverwaltung wird ihrer Verantwortung gerecht und ist st\u00e4ndig damit besch\u00e4ftigt die bestehende Gefahr zu mildern. Wie wissenschaftliche Studien bewiesen, ist eine fl\u00e4chendeckende Aktion nur wenig erfolgversprechend. Der Nutzen eines solchen Versuches stehe in keinem Verh\u00e4ltnis zum Zeitaufwand. Die Entfernung der Pflanze ist deshalb nur dort sinnvoll, wo ein direkter Kontakt mit der Haut droht. Von daher ist der Baubetriebshof der Gemeinde in regelm\u00e4\u00dfigen Abst\u00e4nden zur Bek\u00e4mpfung des Riesenb\u00e4renklaus an \u00f6ffentlichen Stra\u00dfen, Wegen sowie Spielpl\u00e4tzen, unterwegs. Die sachkundigen Mitarbeiter entfernen mit Vorsicht und Sorgfalt die Wurzeln der Giftpflanze bis zu 15 Zentimeter unter der Erde oder setzen Pflanzenschutzmittel ein. Die Gemeinde ist daneben auch auf die Mithilfe der B\u00fcrgerinnen und B\u00fcrger angewiesen. Eltern sollten ihre Kinder \u00fcber die Folgen eines Kontaktes mit dem Riesenb\u00e4renklau aufkl\u00e4ren. Sollte dennoch einmal ein direkter Kontakt der Pflanze mit der Haut stattfinden, sollte der Pflanzensaft direkt danach mit Wasser abgewaschen werden. Dann bestehe keine gr\u00f6\u00dfere Verletzungsgefahr. Falls das nicht m\u00f6glich sein sollte, wird der Gang zum Arzt empfohlen.<\/p>\n\n\n\n<div class=\"wp-block-columns is-layout-flex wp-container-core-columns-is-layout-8f761849 wp-block-columns-is-layout-flex\">\n<div class=\"wp-block-column is-layout-flow wp-block-column-is-layout-flow\">\n<figure class=\"wp-block-image size-large\"><img loading=\"lazy\" decoding=\"async\" width=\"700\" height=\"525\" src=\"https:\/\/echta-derminga.de\/wp-content\/uploads\/2023\/06\/352560263_6253477114746961_6536435771249844922_n-700x525.jpg\" alt=\"\" class=\"wp-image-15275\" srcset=\"https:\/\/echta-derminga.de\/wp-content\/uploads\/2023\/06\/352560263_6253477114746961_6536435771249844922_n-700x525.jpg 700w, https:\/\/echta-derminga.de\/wp-content\/uploads\/2023\/06\/352560263_6253477114746961_6536435771249844922_n-300x225.jpg 300w, https:\/\/echta-derminga.de\/wp-content\/uploads\/2023\/06\/352560263_6253477114746961_6536435771249844922_n-768x576.jpg 768w, https:\/\/echta-derminga.de\/wp-content\/uploads\/2023\/06\/352560263_6253477114746961_6536435771249844922_n-1536x1152.jpg 1536w, https:\/\/echta-derminga.de\/wp-content\/uploads\/2023\/06\/352560263_6253477114746961_6536435771249844922_n.jpg 2048w\" sizes=\"auto, (max-width: 700px) 100vw, 700px\" \/><\/figure>\n<\/div>\n\n\n\n<div class=\"wp-block-column is-layout-flow wp-block-column-is-layout-flow\">\n<figure class=\"wp-block-image size-large\"><img loading=\"lazy\" decoding=\"async\" width=\"700\" height=\"560\" src=\"https:\/\/echta-derminga.de\/wp-content\/uploads\/2023\/06\/352789372_959564501855833_6104594047260186297_n-700x560.jpg\" alt=\"\" class=\"wp-image-15276\" srcset=\"https:\/\/echta-derminga.de\/wp-content\/uploads\/2023\/06\/352789372_959564501855833_6104594047260186297_n-700x560.jpg 700w, https:\/\/echta-derminga.de\/wp-content\/uploads\/2023\/06\/352789372_959564501855833_6104594047260186297_n-300x240.jpg 300w, https:\/\/echta-derminga.de\/wp-content\/uploads\/2023\/06\/352789372_959564501855833_6104594047260186297_n-768x614.jpg 768w, https:\/\/echta-derminga.de\/wp-content\/uploads\/2023\/06\/352789372_959564501855833_6104594047260186297_n.jpg 1440w\" sizes=\"auto, (max-width: 700px) 100vw, 700px\" \/><\/figure>\n<\/div>\n<\/div>\n\n\n\n<p class=\"has-medium-font-size wp-block-paragraph\"><strong>Als Ortsvorsteher in einer Gro\u00dfgemeinde sollte man ruhig auch einmal \u00fcber den eigenen Tellerrand blicken und dabei die benachbarten Ortsteile unterst\u00fctzen. Der Pr\u00fcmburger- B\u00fcrgerclub Eppelborn l\u00e4dt jedes Jahr zur Pfingstkirmes zum Ferkelumzug ein. Gerne bin ich der Einladung dieses gro\u00dfartigen B\u00fcrgerclubs gefolgt. Sch\u00f6n, dass Dorfkultur auf eine solche Weise positiv betrieben wird. An Fronleichnam besuchte ich das Benefiz- Sacklochturnier des Saar Pauli auf dem Dorfplatz in Humes. Eine hervorragend organisierte Veranstaltung f\u00fcr den guten Zweck. Am Samstag, 10.06.23 unterst\u00fctzte ich unseren Kulturverein Dirmingen mit einer Dienstleistung auf dem r\u00f6mischen Weinfest des Vereins IlltalerLand in Eppelborn. Eine gro\u00dfartige Veranstaltung die in dieser Form erstmals durchgef\u00fchrt wurde. Die G\u00e4ste erlebten ein wunderbares Spectaculum mit R\u00f6mern und vielen k\u00f6stlichen Weinen und kulinarischen Leckereien. Vielen Dank an das Team des IlltalerLand e.V. f\u00fcr diese wunderbare Idee. Das Gaumen und Gurgelfest in Bubach-Calmesweiler geh\u00f6rt seit Jahrzehnten zu den Gro\u00dfveranstaltungen in unserer Gemeinde. Gerne habe ich meinen Ortsvorsteherkollegen Sebastian Michel bei seinem Fest unterst\u00fctzt.<\/strong><\/p>\n\n\n\n<div class=\"wp-block-columns is-layout-flex wp-container-core-columns-is-layout-8f761849 wp-block-columns-is-layout-flex\">\n<div class=\"wp-block-column is-layout-flow wp-block-column-is-layout-flow\">\n<figure class=\"wp-block-image size-large\"><img loading=\"lazy\" decoding=\"async\" width=\"700\" height=\"444\" src=\"https:\/\/echta-derminga.de\/wp-content\/uploads\/2023\/06\/352509947_6253549554739717_7469462447200744004_n-700x444.jpg\" alt=\"\" class=\"wp-image-15277\" srcset=\"https:\/\/echta-derminga.de\/wp-content\/uploads\/2023\/06\/352509947_6253549554739717_7469462447200744004_n-700x444.jpg 700w, https:\/\/echta-derminga.de\/wp-content\/uploads\/2023\/06\/352509947_6253549554739717_7469462447200744004_n-300x190.jpg 300w, https:\/\/echta-derminga.de\/wp-content\/uploads\/2023\/06\/352509947_6253549554739717_7469462447200744004_n-768x487.jpg 768w, https:\/\/echta-derminga.de\/wp-content\/uploads\/2023\/06\/352509947_6253549554739717_7469462447200744004_n-1536x974.jpg 1536w, https:\/\/echta-derminga.de\/wp-content\/uploads\/2023\/06\/352509947_6253549554739717_7469462447200744004_n.jpg 1880w\" sizes=\"auto, (max-width: 700px) 100vw, 700px\" \/><\/figure>\n<\/div>\n\n\n\n<div class=\"wp-block-column is-layout-flow wp-block-column-is-layout-flow\">\n<figure class=\"wp-block-image size-full\"><img loading=\"lazy\" decoding=\"async\" width=\"526\" height=\"458\" src=\"https:\/\/echta-derminga.de\/wp-content\/uploads\/2023\/06\/352234224_6254458254648847_9161805533306397825_n.jpg\" alt=\"\" class=\"wp-image-15278\" srcset=\"https:\/\/echta-derminga.de\/wp-content\/uploads\/2023\/06\/352234224_6254458254648847_9161805533306397825_n.jpg 526w, https:\/\/echta-derminga.de\/wp-content\/uploads\/2023\/06\/352234224_6254458254648847_9161805533306397825_n-300x261.jpg 300w\" sizes=\"auto, (max-width: 526px) 100vw, 526px\" \/><\/figure>\n<\/div>\n<\/div>\n\n\n\n<p class=\"has-medium-font-size wp-block-paragraph\"><strong>Der Sommer steht in den Startl\u00f6chern und schenkt uns hoffentlich einige sch\u00f6ne unbeschwerte Stunden. Bleiben Sie bei allem, was Sie tun und lassen bitte immer sch\u00f6n heimattreu!<\/strong><\/p>\n\n\n\n<p class=\"has-medium-font-size wp-block-paragraph\">&#8222;<strong>Wenn wir selbst hier Zuhause nichts ver\u00e4ndern, wird sich \u00fcberhaupt nichts \u00e4ndern&#8220;. In diesem Sinne packen Sie mit an und helfen Sie mit unser Dorf lebenswert zu gestalten!<\/strong><\/p>\n\n\n\n<p class=\"has-medium-font-size wp-block-paragraph\">Ihr Ortsvorsteher<\/p>\n\n\n\n<p class=\"has-medium-font-size wp-block-paragraph\">Frank Klein<\/p>\n","protected":false},"excerpt":{"rendered":"<p>Der Fr\u00fchling pr\u00e4sentierte sich in der vergangenen Woche von seiner besten Seite. In der vergangenen Woche durfte ich eine wunderbare Situation im neugestalteten Br\u00fchlpark genie\u00dfen. Viele Leute machten Picknick oder nutzten ihre Zeit zum Boule spielen. Andere hingegen vertreiben siech die Freizeit beim Tischtennis und weiter hinten sa\u00df eine Familie an einer Tischgruppe und genoss am Illstrand ihren Kaffee und<\/p>\n","protected":false},"author":1,"featured_media":15253,"comment_status":"open","ping_status":"closed","sticky":false,"template":"","format":"standard","meta":{"_crdt_document":"","footnotes":""},"categories":[1,812],"tags":[5,618,127,634,795],"class_list":["post-15252","post","type-post","status-publish","format-standard","has-post-thumbnail","hentry","category-allgemein","category-ortsvorsteher-dirmingen","tag-dirmingen","tag-gemeinde-eppelborn","tag-landkreis-neunkirchen","tag-ortsvorsteher","tag-ortsvorsteher-dirmingen"],"_links":{"self":[{"href":"https:\/\/echta-derminga.de\/index.php?rest_route=\/wp\/v2\/posts\/15252","targetHints":{"allow":["GET"]}}],"collection":[{"href":"https:\/\/echta-derminga.de\/index.php?rest_route=\/wp\/v2\/posts"}],"about":[{"href":"https:\/\/echta-derminga.de\/index.php?rest_route=\/wp\/v2\/types\/post"}],"author":[{"embeddable":true,"href":"https:\/\/echta-derminga.de\/index.php?rest_route=\/wp\/v2\/users\/1"}],"replies":[{"embeddable":true,"href":"https:\/\/echta-derminga.de\/index.php?rest_route=%2Fwp%2Fv2%2Fcomments&post=15252"}],"version-history":[{"count":13,"href":"https:\/\/echta-derminga.de\/index.php?rest_route=\/wp\/v2\/posts\/15252\/revisions"}],"predecessor-version":[{"id":15288,"href":"https:\/\/echta-derminga.de\/index.php?rest_route=\/wp\/v2\/posts\/15252\/revisions\/15288"}],"wp:featuredmedia":[{"embeddable":true,"href":"https:\/\/echta-derminga.de\/index.php?rest_route=\/wp\/v2\/media\/15253"}],"wp:attachment":[{"href":"https:\/\/echta-derminga.de\/index.php?rest_route=%2Fwp%2Fv2%2Fmedia&parent=15252"}],"wp:term":[{"taxonomy":"category","embeddable":true,"href":"https:\/\/echta-derminga.de\/index.php?rest_route=%2Fwp%2Fv2%2Fcategories&post=15252"},{"taxonomy":"post_tag","embeddable":true,"href":"https:\/\/echta-derminga.de\/index.php?rest_route=%2Fwp%2Fv2%2Ftags&post=15252"}],"curies":[{"name":"wp","href":"https:\/\/api.w.org\/{rel}","templated":true}]}}