{"id":15341,"date":"2023-07-02T14:43:32","date_gmt":"2023-07-02T13:43:32","guid":{"rendered":"https:\/\/echta-derminga.de\/?p=15341"},"modified":"2023-07-02T14:48:12","modified_gmt":"2023-07-02T13:48:12","slug":"60-jahre-elektro-wagner-ein-starkes-dirminger-familienunternehmen","status":"publish","type":"post","link":"https:\/\/echta-derminga.de\/?p=15341","title":{"rendered":"60. Jahre &#8222;Elektro Wagner&#8220;- Ein starkes Dirminger Familienunternehmen"},"content":{"rendered":"\n<p class=\"has-medium-font-size wp-block-paragraph\"><strong>Seit 60 Jahren bieten das Dirminger Unternehmen &#8222;Elektro Wagner&#8220; einen vorbildlichen Service rund um Elektroinstallation und Hausger\u00e4te. Das Unternehmen k\u00fcmmert sich schnell und fachkompetent um Planung und Durchf\u00fchrung von Neuistallationen, Wartungen und Reparaturen. Der Meisterbetrieb genie\u00dft in unserem Heimatort gro\u00dfes Ansehen und Vertrauen. Dabei arbeitet das Dirminger Unternehmen ausschlie\u00dflich mit marktf\u00fchrenden Herstellern und Gro\u00dfhandelspartnern zusammen. Gut, dass es solche Unternehmen noch gibt und sie weiterhin erfolgreich ihrer T\u00e4tigkeit nachgehen k\u00f6nnen.<\/strong><\/p>\n\n\n\n<p class=\"has-medium-font-size wp-block-paragraph\">In diesem Jahr feiert die Firma &#8222;Elektro Wagner&#8220; ihr nunmehr 60 Firmenjubil\u00e4um. F\u00fcr den Gesch\u00e4ftsf\u00fchrer Markus Wagner war dies Grund genug um eine gro\u00dfe Feier zu organisieren und durchzuf\u00fchren. Seit 60 Jahren steht das Unternehmen fest an der Seite unserer Dorfgemeinschaft. Dabei hat sich die Familie Wagner immer auch in unseren Vereinen und Organisationen engagiert und eingebracht. Es gibt gottlob noch einige gute Unternehmen in unserem Heimatort. Die Firma &#8222;Elektro Wagner&#8220; kann sich zweifelsohne einreihen. <\/p>\n\n\n\n<div class=\"wp-block-columns is-layout-flex wp-container-core-columns-is-layout-8f761849 wp-block-columns-is-layout-flex\">\n<div class=\"wp-block-column is-layout-flow wp-block-column-is-layout-flow\">\n<figure class=\"wp-block-image size-full\"><img loading=\"lazy\" decoding=\"async\" width=\"640\" height=\"460\" src=\"https:\/\/echta-derminga.de\/wp-content\/uploads\/2023\/07\/dirmingen1645.jpg\" alt=\"\" class=\"wp-image-15346\" srcset=\"https:\/\/echta-derminga.de\/wp-content\/uploads\/2023\/07\/dirmingen1645.jpg 640w, https:\/\/echta-derminga.de\/wp-content\/uploads\/2023\/07\/dirmingen1645-300x216.jpg 300w\" sizes=\"auto, (max-width: 640px) 100vw, 640px\" \/><\/figure>\n<\/div>\n\n\n\n<div class=\"wp-block-column is-layout-flow wp-block-column-is-layout-flow\">\n<figure class=\"wp-block-image size-full\"><img loading=\"lazy\" decoding=\"async\" width=\"640\" height=\"418\" src=\"https:\/\/echta-derminga.de\/wp-content\/uploads\/2023\/07\/dirmingen1452.jpg\" alt=\"\" class=\"wp-image-15345\" srcset=\"https:\/\/echta-derminga.de\/wp-content\/uploads\/2023\/07\/dirmingen1452.jpg 640w, https:\/\/echta-derminga.de\/wp-content\/uploads\/2023\/07\/dirmingen1452-300x196.jpg 300w\" sizes=\"auto, (max-width: 640px) 100vw, 640px\" \/><\/figure>\n<\/div>\n<\/div>\n\n\n\n<p class=\"has-medium-font-size wp-block-paragraph\"><strong>Firmengr\u00fcnder Herbert Wagner lernte von 1952 bis 1955 Elektro Installateur und legte im Jahre 1955 seine Gesellenpr\u00fcfung ab. Im Jahre 1959 konnte sich Herbert Wagner nach erfolgreicher Ausbildung zus\u00e4tzlich als Hochfrequenztechniker qualifizieren. Im Jahre 1962 konnte Herbert Wagner erfolgreich seine Meisterpr\u00fcfung absolvieren. Im Jahre 1963 er\u00f6ffnete Wagner im Elternhaus, Lebacherstra\u00dfe, ein Elektro-Fachgesch\u00e4ft. Im Jahre 1965 kaufte Herbert Wagner ein Anwesen am Marktplatz 11 und verlegte seine Gesch\u00e4ftsr\u00e4ume dorthin. Im Jahre 1977 richtete das Unternehmen im Anwesen &#8222;Zur Alten M\u00fchle&#8220; die ersten eigenen Lagerr\u00e4ume ein. Nach dem Abbruch der historischen &#8222;Alten M\u00fchle&#8220; wurde an dieser Stelle ein neues Gesch\u00e4ftshaus erbaut. Seitdem hat das Unternehmen seinen Firmensitz in der Stra\u00dfe &#8222;Zur Alten M\u00fchle&#8220; im dortigen &#8222;Zentrum Alte M\u00fchle&#8220;. Im Jahre 1993 \u00fcbernahm der heutige Gesch\u00e4ftsf\u00fchrer Markus Wagner, zun\u00e4chst noch gemeinsam mit seinem Vater Herbert, die Verantwortung f\u00fcr das Unternehmen. Nach dem Tod seines Vaters Herbert Wagner leitet Markus Wagner in alleiniger Verantwortung die Firma in der Dirminger Ortsmitte. Die Firma &#8222;Elektro Wagner&#8220; ist ein echtes Dirminger Familienunternehmen. Wahrscheinlich geh\u00f6rt die Firma neben &#8222;Baustoffe Hell&#8220; zu den \u00e4ltesten noch verbliebenen Familienunternehmen unseres Dorfes.<\/strong><\/p>\n\n\n\n<div class=\"wp-block-columns is-layout-flex wp-container-core-columns-is-layout-8f761849 wp-block-columns-is-layout-flex\">\n<div class=\"wp-block-column is-layout-flow wp-block-column-is-layout-flow\">\n<figure class=\"wp-block-image size-large\"><img loading=\"lazy\" decoding=\"async\" width=\"700\" height=\"667\" src=\"https:\/\/echta-derminga.de\/wp-content\/uploads\/2023\/07\/e-1-700x667.jpg\" alt=\"\" class=\"wp-image-15343\" srcset=\"https:\/\/echta-derminga.de\/wp-content\/uploads\/2023\/07\/e-1-700x667.jpg 700w, https:\/\/echta-derminga.de\/wp-content\/uploads\/2023\/07\/e-1-300x286.jpg 300w, https:\/\/echta-derminga.de\/wp-content\/uploads\/2023\/07\/e-1-768x732.jpg 768w, https:\/\/echta-derminga.de\/wp-content\/uploads\/2023\/07\/e-1-1536x1464.jpg 1536w, https:\/\/echta-derminga.de\/wp-content\/uploads\/2023\/07\/e-1.jpg 1601w\" sizes=\"auto, (max-width: 700px) 100vw, 700px\" \/><\/figure>\n<\/div>\n\n\n\n<div class=\"wp-block-column is-layout-flow wp-block-column-is-layout-flow\">\n<figure class=\"wp-block-image size-large\"><img loading=\"lazy\" decoding=\"async\" width=\"700\" height=\"696\" src=\"https:\/\/echta-derminga.de\/wp-content\/uploads\/2023\/07\/e2-700x696.jpg\" alt=\"\" class=\"wp-image-15344\" srcset=\"https:\/\/echta-derminga.de\/wp-content\/uploads\/2023\/07\/e2-700x696.jpg 700w, https:\/\/echta-derminga.de\/wp-content\/uploads\/2023\/07\/e2-300x298.jpg 300w, https:\/\/echta-derminga.de\/wp-content\/uploads\/2023\/07\/e2-150x150.jpg 150w, https:\/\/echta-derminga.de\/wp-content\/uploads\/2023\/07\/e2-768x764.jpg 768w, https:\/\/echta-derminga.de\/wp-content\/uploads\/2023\/07\/e2-90x90.jpg 90w, https:\/\/echta-derminga.de\/wp-content\/uploads\/2023\/07\/e2-75x75.jpg 75w, https:\/\/echta-derminga.de\/wp-content\/uploads\/2023\/07\/e2.jpg 1537w\" sizes=\"auto, (max-width: 700px) 100vw, 700px\" \/><\/figure>\n<\/div>\n<\/div>\n\n\n\n<p class=\"has-medium-font-size wp-block-paragraph\">Zeit um Danke zu sagen ! Sch\u00f6n, dass uns unsere Unternehmen, Firmen und Gesch\u00e4fte die treue halten. Ohne unser Gewerbe w\u00fcrde unser Dorf ein gro\u00dfes St\u00fcck Lebensqualit\u00e4t verlieren. Wichtig ist, dass wir unser Gewerbe nutzen und Unterst\u00fctzen. Die meisten Unternehmen erweisen sich dankbar und unterst\u00fctzen im Gegenzug unsere Vereinslandschaft. Am Ende ist es ein Nehmen und Geben. Die Firma &#8222;Elektro Wagner&#8220; hat sich stets zu ihrem Standort in der Dirminger Ortsmitte bekannt und vieles f\u00fcr unseren Heimatort getan. Am Ende sind es unsere Gesch\u00e4ftsleute, \u00c4rzte, Unternehmer und Firmenbesitzer die unsere Infrastruktur durch ihre Anwesenheit st\u00e4rken.<\/p>\n\n\n\n<div class=\"wp-block-columns is-layout-flex wp-container-core-columns-is-layout-8f761849 wp-block-columns-is-layout-flex\">\n<div class=\"wp-block-column is-layout-flow wp-block-column-is-layout-flow\">\n<figure class=\"wp-block-image size-full\"><img loading=\"lazy\" decoding=\"async\" width=\"600\" height=\"422\" src=\"https:\/\/echta-derminga.de\/wp-content\/uploads\/2019\/10\/4.jpg\" alt=\"\" class=\"wp-image-4630\" srcset=\"https:\/\/echta-derminga.de\/wp-content\/uploads\/2019\/10\/4.jpg 600w, https:\/\/echta-derminga.de\/wp-content\/uploads\/2019\/10\/4-300x211.jpg 300w\" sizes=\"auto, (max-width: 600px) 100vw, 600px\" \/><\/figure>\n<\/div>\n\n\n\n<div class=\"wp-block-column is-layout-flow wp-block-column-is-layout-flow\">\n<figure class=\"wp-block-image size-full\"><img loading=\"lazy\" decoding=\"async\" width=\"600\" height=\"398\" src=\"https:\/\/echta-derminga.de\/wp-content\/uploads\/2019\/10\/6.jpg\" alt=\"\" class=\"wp-image-4631\" srcset=\"https:\/\/echta-derminga.de\/wp-content\/uploads\/2019\/10\/6.jpg 600w, https:\/\/echta-derminga.de\/wp-content\/uploads\/2019\/10\/6-300x199.jpg 300w\" sizes=\"auto, (max-width: 600px) 100vw, 600px\" \/><\/figure>\n<\/div>\n<\/div>\n\n\n\n<p class=\"has-white-color has-primary-background-color has-text-color has-background has-medium-font-size wp-block-paragraph\"><strong>Herzlichen Gl\u00fcckwunsch zum 60. Firmenjubil\u00e4um und weiterhin viel Gl\u00fcck und Erfolg im sch\u00f6nsten Dorf der Welt !<\/strong><\/p>\n\n\n<div class=\"wp-block-image\">\n<figure class=\"aligncenter size-large\"><img loading=\"lazy\" decoding=\"async\" width=\"700\" height=\"511\" src=\"https:\/\/echta-derminga.de\/wp-content\/uploads\/2023\/07\/357702516_6327514497343222_8785491216802679364_n-700x511.jpg\" alt=\"\" class=\"wp-image-15352\" srcset=\"https:\/\/echta-derminga.de\/wp-content\/uploads\/2023\/07\/357702516_6327514497343222_8785491216802679364_n-700x511.jpg 700w, https:\/\/echta-derminga.de\/wp-content\/uploads\/2023\/07\/357702516_6327514497343222_8785491216802679364_n-300x219.jpg 300w, https:\/\/echta-derminga.de\/wp-content\/uploads\/2023\/07\/357702516_6327514497343222_8785491216802679364_n-768x560.jpg 768w, https:\/\/echta-derminga.de\/wp-content\/uploads\/2023\/07\/357702516_6327514497343222_8785491216802679364_n-1536x1121.jpg 1536w, https:\/\/echta-derminga.de\/wp-content\/uploads\/2023\/07\/357702516_6327514497343222_8785491216802679364_n.jpg 2048w\" sizes=\"auto, (max-width: 700px) 100vw, 700px\" \/><\/figure>\n<\/div>","protected":false},"excerpt":{"rendered":"<p>Seit 60 Jahren bieten das Dirminger Unternehmen &#8222;Elektro Wagner&#8220; einen vorbildlichen Service rund um Elektroinstallation und Hausger\u00e4te. Das Unternehmen k\u00fcmmert sich schnell und fachkompetent um Planung und Durchf\u00fchrung von Neuistallationen, Wartungen und Reparaturen. Der Meisterbetrieb genie\u00dft in unserem Heimatort gro\u00dfes Ansehen und Vertrauen. Dabei arbeitet das Dirminger Unternehmen ausschlie\u00dflich mit marktf\u00fchrenden Herstellern und Gro\u00dfhandelspartnern zusammen. Gut, dass es solche Unternehmen<\/p>\n","protected":false},"author":1,"featured_media":15349,"comment_status":"open","ping_status":"closed","sticky":false,"template":"","format":"standard","meta":{"_crdt_document":"","footnotes":""},"categories":[1,9,8],"tags":[5,1067,618,127,737],"class_list":["post-15341","post","type-post","status-publish","format-standard","has-post-thumbnail","hentry","category-allgemein","category-dorfgetratsche","category-sellemols-und-awweile","tag-dirmingen","tag-elektro-wagner","tag-gemeinde-eppelborn","tag-landkreis-neunkirchen","tag-zentrum-alte-muehle"],"_links":{"self":[{"href":"https:\/\/echta-derminga.de\/index.php?rest_route=\/wp\/v2\/posts\/15341","targetHints":{"allow":["GET"]}}],"collection":[{"href":"https:\/\/echta-derminga.de\/index.php?rest_route=\/wp\/v2\/posts"}],"about":[{"href":"https:\/\/echta-derminga.de\/index.php?rest_route=\/wp\/v2\/types\/post"}],"author":[{"embeddable":true,"href":"https:\/\/echta-derminga.de\/index.php?rest_route=\/wp\/v2\/users\/1"}],"replies":[{"embeddable":true,"href":"https:\/\/echta-derminga.de\/index.php?rest_route=%2Fwp%2Fv2%2Fcomments&post=15341"}],"version-history":[{"count":6,"href":"https:\/\/echta-derminga.de\/index.php?rest_route=\/wp\/v2\/posts\/15341\/revisions"}],"predecessor-version":[{"id":15354,"href":"https:\/\/echta-derminga.de\/index.php?rest_route=\/wp\/v2\/posts\/15341\/revisions\/15354"}],"wp:featuredmedia":[{"embeddable":true,"href":"https:\/\/echta-derminga.de\/index.php?rest_route=\/wp\/v2\/media\/15349"}],"wp:attachment":[{"href":"https:\/\/echta-derminga.de\/index.php?rest_route=%2Fwp%2Fv2%2Fmedia&parent=15341"}],"wp:term":[{"taxonomy":"category","embeddable":true,"href":"https:\/\/echta-derminga.de\/index.php?rest_route=%2Fwp%2Fv2%2Fcategories&post=15341"},{"taxonomy":"post_tag","embeddable":true,"href":"https:\/\/echta-derminga.de\/index.php?rest_route=%2Fwp%2Fv2%2Ftags&post=15341"}],"curies":[{"name":"wp","href":"https:\/\/api.w.org\/{rel}","templated":true}]}}