{"id":15360,"date":"2023-07-04T17:50:40","date_gmt":"2023-07-04T16:50:40","guid":{"rendered":"https:\/\/echta-derminga.de\/?p=15360"},"modified":"2023-07-04T19:02:06","modified_gmt":"2023-07-04T18:02:06","slug":"heimat-dass-sind-wir-wunderschoene-auszeichnung-der-naturpark-kita-pusteblume","status":"publish","type":"post","link":"https:\/\/echta-derminga.de\/?p=15360","title":{"rendered":"&#8222;Heimat, dass sind wir&#8220; &#8211; Wundersch\u00f6ne Auszeichnung der Naturpark-Kita &#8222;Pusteblume&#8220;"},"content":{"rendered":"\n<p class=\"has-medium-font-size wp-block-paragraph\"><strong>Bei der Auszeichnung unserer Kita \u201ePusteblume\u201c zur ersten saarl\u00e4ndischen \u201eNaturpark-Kita\u201c gab es zahlreiche G\u00e4nsehautmomente und sogar das ein oder andere feuchte Auge. Selten habe ich eine sch\u00f6nere Urkundenverleihung, wie an diesem 04. Juli 2023 auf der Spielwiese der \u201eKita Pusteblume\u201c, erlebt. Diese Feststunde hat mich, genauso wie die vielen anwesenden Eltern mit Stolz erf\u00fcllt und an vielen Stellen emotional ber\u00fchrt. Schon beim Einmarsch der \u201ekleinen Gladiatoren\u201c gab es gro\u00dfen Applaus. Das kleine, aber feine Rahmenprogramm der Kinder und ihrer Erzieherinnen und Erzieher konnte sich wirklich sehen lassen. Neben der Vorstellung des Projektes, durch die Kita-Leiterin Claudia Schulz und die Kinder, wurden den Zuschauern zwei wunderbare Lieder vorgetragen. Dabei wurde das Lied &#8220; Heimat, das sind wir&#8220; uraufgef\u00fchrt und in wundersch\u00f6ner Live-Version von den Kindern und Erziehern gesungen. Das Liedchen wurde eigens zur Feststunde von der Gruppe &#8222;Perlregen&#8220; komponiert. Der Text wurde aus W\u00f6rtern und Gedanken der Kinder zusammengetragen und von Martina Schlaucher und Thomas Lapp von &#8222;Perlregen&#8220; aufs Papier gebracht.<\/strong> <strong>Damit hat die Gruppe &#8222;Perlregen&#8220; erneut<\/strong> <strong>ihre Qualit\u00e4t unter Beweis gestellt.<\/strong><\/p>\n\n\n\n<p class=\"has-medium-font-size wp-block-paragraph\">Mit dieser Auszeichnung wird die Kita Pusteblume zum Bestandteil des bundesweiten &#8222;Netzwerkes Naturpark Kita&#8220;. Dabei standen an diesem Tag die Heimatverbundenheit und das Engagement der Kinder im Vordergrund. Ziel der Naturpark Kita ist es den Kindern ihre eigene Heimat und die Natur n\u00e4herzubringen. Dazu werden heimatverbundene Ausfl\u00fcge, Projekte und Aktionen angeboten. Der Naturpark Saar-Hunsr\u00fcck e. V. beteiligt sich als anerkannter au\u00dferschulischer Bildungspartner an den ausgew\u00e4hlten Naturpark Schulen und Kitas. Beides gibt es nun in unserem Heimatort Dirmingen. Zuk\u00fcnftiges Ziel unserer Naturpark Kita &#8222;Pusteblume&#8220; und des Netzwerkes ist das N\u00e4herbringen der Lern- und Erfahrungsorte, das Sensibilisieren f\u00fcr die eigene Heimat, die Schaffung eines regionalen Bezuges sowie die origin\u00e4re Erfahrung von Natur und Kultur im Umfeld unseres Kindergartens. Grundidee und Zielsetzung des Projektes ist es, die Themen Natur, Umwelt und die damit verbundene regionale Kultur in dem Naturpark Saar-Hunsr\u00fcck in der Kita zu verankern. Jedes Kind soll sich im Laufe der Kindergartenzeit aktiv mit dem Thema \u201eNaturpark Saar-Hunsr\u00fcck&#8220; und Heimat besch\u00e4ftigt. Somit wird das eigene Daheim neu entdeckt und eine nat\u00fcrliche Verbundenheit zur eigenen Umgebung aufgebaut. Durch Erlebnisse in der sie t\u00e4glich umgebenden Natur- und Kulturlandschaft soll ein &#8222;Wir-Gef\u00fchl&#8220; entstehen. Damit wird die regionale Identit\u00e4t der Kinder gest\u00e4rkt. Durch eine enge Zusammenarbeit mit regionalen Handwerkern, Imkern, K\u00fcnstlern, Landwirten, G\u00e4rtnern oder Vereine wird das Lernen vereinfacht. Die Naturpark-Kitas legen einen wertvollen Grundstein f\u00fcr die Zukunft unseres Dorfes. Von der St\u00e4rkung der eigenen Identit\u00e4t profitiert am Ende auch unser Heimatort Dirmingen.<\/p>\n\n\n\n<div class=\"wp-block-columns is-layout-flex wp-container-core-columns-is-layout-8f761849 wp-block-columns-is-layout-flex\">\n<div class=\"wp-block-column is-layout-flow wp-block-column-is-layout-flow\">\n<figure class=\"wp-block-image size-large\"><img loading=\"lazy\" decoding=\"async\" width=\"700\" height=\"700\" src=\"https:\/\/echta-derminga.de\/wp-content\/uploads\/2023\/07\/IMG_20230704_110928_882-700x700.webp\" alt=\"\" class=\"wp-image-15365\" srcset=\"https:\/\/echta-derminga.de\/wp-content\/uploads\/2023\/07\/IMG_20230704_110928_882-700x700.webp 700w, https:\/\/echta-derminga.de\/wp-content\/uploads\/2023\/07\/IMG_20230704_110928_882-300x300.webp 300w, https:\/\/echta-derminga.de\/wp-content\/uploads\/2023\/07\/IMG_20230704_110928_882-150x150.webp 150w, https:\/\/echta-derminga.de\/wp-content\/uploads\/2023\/07\/IMG_20230704_110928_882-768x768.webp 768w, https:\/\/echta-derminga.de\/wp-content\/uploads\/2023\/07\/IMG_20230704_110928_882-90x90.webp 90w, https:\/\/echta-derminga.de\/wp-content\/uploads\/2023\/07\/IMG_20230704_110928_882-75x75.webp 75w, https:\/\/echta-derminga.de\/wp-content\/uploads\/2023\/07\/IMG_20230704_110928_882.webp 1080w\" sizes=\"auto, (max-width: 700px) 100vw, 700px\" \/><\/figure>\n<\/div>\n\n\n\n<div class=\"wp-block-column is-layout-flow wp-block-column-is-layout-flow\">\n<figure class=\"wp-block-image size-large\"><img loading=\"lazy\" decoding=\"async\" width=\"700\" height=\"700\" src=\"https:\/\/echta-derminga.de\/wp-content\/uploads\/2023\/07\/IMG_20230704_110929_096-700x700.webp\" alt=\"\" class=\"wp-image-15366\" srcset=\"https:\/\/echta-derminga.de\/wp-content\/uploads\/2023\/07\/IMG_20230704_110929_096-700x700.webp 700w, https:\/\/echta-derminga.de\/wp-content\/uploads\/2023\/07\/IMG_20230704_110929_096-300x300.webp 300w, https:\/\/echta-derminga.de\/wp-content\/uploads\/2023\/07\/IMG_20230704_110929_096-150x150.webp 150w, https:\/\/echta-derminga.de\/wp-content\/uploads\/2023\/07\/IMG_20230704_110929_096-768x768.webp 768w, https:\/\/echta-derminga.de\/wp-content\/uploads\/2023\/07\/IMG_20230704_110929_096-90x90.webp 90w, https:\/\/echta-derminga.de\/wp-content\/uploads\/2023\/07\/IMG_20230704_110929_096-75x75.webp 75w, https:\/\/echta-derminga.de\/wp-content\/uploads\/2023\/07\/IMG_20230704_110929_096.webp 1080w\" sizes=\"auto, (max-width: 700px) 100vw, 700px\" \/><\/figure>\n<\/div>\n<\/div>\n\n\n\n<p class=\"has-medium-font-size wp-block-paragraph\"><strong>Schon bei der Auszeichnung der Naturpark Grundschule \u201eWiesbach-Dirmingen\u201c sagte Kita-Leiterin Claudia Schulz: &#8222;Wir haben uns bewusst und mit Begeisterung daf\u00fcr ausgesprochen, die Kooperation mit dem Naturpark einzugehen, denn die Natur und unsere Heimat waren und sind schon immer wichtige Themen in unserer Kita. Wir m\u00f6chten gemeinsam einen Beitrag dazu leisten, den Kindern zu vermitteln, dass unsere Welt bewahrt und gesch\u00fctzt werden muss&#8220;. Dieser Ansatz und die daraus entstehende Motivation finde ich einfach wunderbar und h\u00f6chst lobenswert.<\/strong> <strong>Ich pers\u00f6nlich bin von der Idee einer Naturpark-Kita begeistert. Die eigene Identit\u00e4t und die damit verbundene Heimatpflege ist mir seit Jahren eine Herzensangelegenheit. Gerade in Zeiten, in denen das W\u00f6rtchen \u201eHeimat\u201c allzu oft verp\u00f6nt wird und von vielen nur noch selten in den Mund genommen wird, setzen unsere Kindergartenkinder ein wundervolles Zeichen. Dabei hat mich die Freude und der Enthusiasmus der Kinder begeistert.<\/strong><\/p>\n\n\n\n<div class=\"wp-block-columns is-layout-flex wp-container-core-columns-is-layout-8f761849 wp-block-columns-is-layout-flex\">\n<div class=\"wp-block-column is-layout-flow wp-block-column-is-layout-flow\">\n<figure class=\"wp-block-image size-large\"><img loading=\"lazy\" decoding=\"async\" width=\"700\" height=\"784\" src=\"https:\/\/echta-derminga.de\/wp-content\/uploads\/2023\/07\/357774353_6336249066469765_6527068362051078790_n-700x784.jpg\" alt=\"\" class=\"wp-image-15368\" srcset=\"https:\/\/echta-derminga.de\/wp-content\/uploads\/2023\/07\/357774353_6336249066469765_6527068362051078790_n-700x784.jpg 700w, https:\/\/echta-derminga.de\/wp-content\/uploads\/2023\/07\/357774353_6336249066469765_6527068362051078790_n-268x300.jpg 268w, https:\/\/echta-derminga.de\/wp-content\/uploads\/2023\/07\/357774353_6336249066469765_6527068362051078790_n-768x860.jpg 768w, https:\/\/echta-derminga.de\/wp-content\/uploads\/2023\/07\/357774353_6336249066469765_6527068362051078790_n.jpg 932w\" sizes=\"auto, (max-width: 700px) 100vw, 700px\" \/><\/figure>\n<\/div>\n\n\n\n<div class=\"wp-block-column is-layout-flow wp-block-column-is-layout-flow\">\n<figure class=\"wp-block-image size-large\"><img loading=\"lazy\" decoding=\"async\" width=\"700\" height=\"859\" src=\"https:\/\/echta-derminga.de\/wp-content\/uploads\/2023\/07\/357738626_6336249313136407_4118871754161572215_n-700x859.jpg\" alt=\"\" class=\"wp-image-15369\" srcset=\"https:\/\/echta-derminga.de\/wp-content\/uploads\/2023\/07\/357738626_6336249313136407_4118871754161572215_n-700x859.jpg 700w, https:\/\/echta-derminga.de\/wp-content\/uploads\/2023\/07\/357738626_6336249313136407_4118871754161572215_n-244x300.jpg 244w, https:\/\/echta-derminga.de\/wp-content\/uploads\/2023\/07\/357738626_6336249313136407_4118871754161572215_n-768x943.jpg 768w, https:\/\/echta-derminga.de\/wp-content\/uploads\/2023\/07\/357738626_6336249313136407_4118871754161572215_n.jpg 946w\" sizes=\"auto, (max-width: 700px) 100vw, 700px\" \/><\/figure>\n<\/div>\n<\/div>\n\n\n\n<p class=\"has-medium-font-size wp-block-paragraph\">Der Naturpark Saar-Hunsr\u00fcck wurde 1980 ausgewiesen und offiziell im Jahre 1982 gegr\u00fcndet. Im Saarland umfasst das Gebiet insgesamt 19 St\u00e4dte und Gemeinden. Auf einer Fl\u00e4che von insgesamt 1.140 km\u00b2 kann man Natur und Kultur hautnah erleben. Unser Heimatort Dirmingen bildet die \u201cS\u00fcdpforte\u201d des Naturparks-Saar- Hunsr\u00fcck.Im Jahre 1993 erfolgte auf Antrag der Gemeinde Eppelborn die Eingliederung unseres Heimatortes Dirmingen in den Naturpark. Damals wurde eine Konzeption f\u00fcr das Freizeitzentrum \u201eFinkenrech\u201c, als \u201eInformationsstelle an der S\u00fcdpforte des Naturparks\u201c, erstellt. Weil der Naturpark bereits zum damaligen Zeitpunkt 32 % der Landesfl\u00e4che umfasste, wurde lediglich einer Eingliederung Dirmingens zugestimmt. Die Erweiterung des Parks um den Gemeindebezirk Dirmingen mit einer Fl\u00e4che von 15,5 km\u00b2 mit dem Freizeitzentrum \u201eFinkenrech\u201c als S\u00fcdpforte des Naturparks wurde im folgenden Jahr umgesetzt. Nach dem Einverst\u00e4ndnis des Ortsrates Dirmingen stimmte der Gemeinderat Eppelborn im Mai 1994 der Erweiterung des Naturparks zu und beschloss die Mitgliedschaft der Gemeinde Eppelborn im Verein \u201eNaturpark Saar-Hunsr\u00fcck\/Saarland e.V.\u201c Mit Inkrafttreten der Verordnung \u00fcber die zweite Erweiterung des Naturparks Saar-Hunsr\u00fcck am 15.02.1996 wurde der Ortsteil Dirmingen offiziell aufgenommen.Der Naturpark und seine S\u00fcdpforte Dirmingen passen gut zusammen. Mittlerweile verf\u00fcgt unser Heimatort \u00fcber eine Naturpark-Kita und eine Naturpark-Schule. Dabei geht es darum die Kinder mit Themen unserer Heimat wie Natur, Umwelt und die damit verbundene regionale Kultur spannend und zeitgem\u00e4\u00df zu vermitteln. Der Naturpark Saar-Hunsr\u00fcck umfasst heute das n\u00f6rdliche Saarland und S\u00fcdwesten von Rheinland-Pfalz, von den H\u00f6hen des Hunsr\u00fccks bis zu den Weinbergen an Mosel, Saar, Ruwer und Nahe \u00fcber insgesamt f\u00fcnf Naturr\u00e4ume: den Hunsr\u00fcck, das pf\u00e4lzisch-saarl\u00e4ndische Muschelkalkgebiet, das Moseltal, das Gutland und das Saar-Nahe-Bergland. Im Nordosten umschlie\u00dft der Naturpark Saar-Hunsr\u00fcck den Nationalpark Hunsr\u00fcck-Hochwald. Perl, Mettlach, Losheim am See, Merzig, Weiskirchen, Wadern, Beckingen, Rehlingen-Siersburg, Wallerfangen, Nonnweiler, Tholey, Nohfelden, Oberthal, Namborn, St. Wendel und Freisen; Stadtteile D\u00f6rsdorf und Steinbach der Stadt Lebach; Ortsteile Dorf, Limbach und Michelbach der Gemeinde Schmelz sowie der Ortsteil Dirmingen der Gemeinde Eppelborn.<\/p>\n\n\n\n<div class=\"wp-block-columns is-layout-flex wp-container-core-columns-is-layout-8f761849 wp-block-columns-is-layout-flex\">\n<div class=\"wp-block-column is-layout-flow wp-block-column-is-layout-flow\">\n<figure class=\"wp-block-image size-large\"><img loading=\"lazy\" decoding=\"async\" width=\"700\" height=\"439\" src=\"https:\/\/echta-derminga.de\/wp-content\/uploads\/2023\/07\/358387645_6336248776469794_3660946031755475395_n-700x439.jpg\" alt=\"\" class=\"wp-image-15371\" srcset=\"https:\/\/echta-derminga.de\/wp-content\/uploads\/2023\/07\/358387645_6336248776469794_3660946031755475395_n-700x439.jpg 700w, https:\/\/echta-derminga.de\/wp-content\/uploads\/2023\/07\/358387645_6336248776469794_3660946031755475395_n-300x188.jpg 300w, https:\/\/echta-derminga.de\/wp-content\/uploads\/2023\/07\/358387645_6336248776469794_3660946031755475395_n-768x482.jpg 768w, https:\/\/echta-derminga.de\/wp-content\/uploads\/2023\/07\/358387645_6336248776469794_3660946031755475395_n.jpg 1401w\" sizes=\"auto, (max-width: 700px) 100vw, 700px\" \/><\/figure>\n<\/div>\n\n\n\n<div class=\"wp-block-column is-layout-flow wp-block-column-is-layout-flow\">\n<figure class=\"wp-block-image size-large\"><img loading=\"lazy\" decoding=\"async\" width=\"700\" height=\"396\" src=\"https:\/\/echta-derminga.de\/wp-content\/uploads\/2023\/07\/358111280_6336249543136384_7175621875829841882_n-700x396.jpg\" alt=\"\" class=\"wp-image-15372\" srcset=\"https:\/\/echta-derminga.de\/wp-content\/uploads\/2023\/07\/358111280_6336249543136384_7175621875829841882_n-700x396.jpg 700w, https:\/\/echta-derminga.de\/wp-content\/uploads\/2023\/07\/358111280_6336249543136384_7175621875829841882_n-300x170.jpg 300w, https:\/\/echta-derminga.de\/wp-content\/uploads\/2023\/07\/358111280_6336249543136384_7175621875829841882_n-768x434.jpg 768w, https:\/\/echta-derminga.de\/wp-content\/uploads\/2023\/07\/358111280_6336249543136384_7175621875829841882_n-1536x868.jpg 1536w, https:\/\/echta-derminga.de\/wp-content\/uploads\/2023\/07\/358111280_6336249543136384_7175621875829841882_n.jpg 1642w\" sizes=\"auto, (max-width: 700px) 100vw, 700px\" \/><\/figure>\n<\/div>\n<\/div>\n\n\n\n<p class=\"has-medium-font-size wp-block-paragraph\"><strong>Zur Auszeichnung kamen zahlreiche Amtstr\u00e4ger und Ehreng\u00e4ste. Neben der Kreisbeigeordneten Daniela Feld und B\u00fcrgermeister Dr. Andreas Feld war auch der Vorsitzende des Naturparks Saar-Hunsr\u00fcck Landrat Gregor Eibes vor Ort. In der Kita wurde zeitgleich eine wundersch\u00f6ne Ausstellung angeboten. Die Kinder pr\u00e4sentierten mit viel Talent ihre Heimatort Dirmingen. Dabei konnte man echte Kunstwerke bewundern. Wundersch\u00f6ne selbst gemalte Bilder oder gebastelte Werke zierten den Innenraum unseres Kindergartens.<\/strong><\/p>\n\n\n\n<div class=\"wp-block-columns is-layout-flex wp-container-core-columns-is-layout-8f761849 wp-block-columns-is-layout-flex\">\n<div class=\"wp-block-column is-layout-flow wp-block-column-is-layout-flow\">\n<figure class=\"wp-block-image size-large\"><img loading=\"lazy\" decoding=\"async\" width=\"700\" height=\"525\" src=\"https:\/\/echta-derminga.de\/wp-content\/uploads\/2023\/07\/FB_IMG_1688462086145-1-700x525.jpg\" alt=\"\" class=\"wp-image-15373\" srcset=\"https:\/\/echta-derminga.de\/wp-content\/uploads\/2023\/07\/FB_IMG_1688462086145-1-700x525.jpg 700w, https:\/\/echta-derminga.de\/wp-content\/uploads\/2023\/07\/FB_IMG_1688462086145-1-300x225.jpg 300w, https:\/\/echta-derminga.de\/wp-content\/uploads\/2023\/07\/FB_IMG_1688462086145-1-768x576.jpg 768w, https:\/\/echta-derminga.de\/wp-content\/uploads\/2023\/07\/FB_IMG_1688462086145-1.jpg 1080w\" sizes=\"auto, (max-width: 700px) 100vw, 700px\" \/><\/figure>\n<\/div>\n\n\n\n<div class=\"wp-block-column is-layout-flow wp-block-column-is-layout-flow\">\n<figure class=\"wp-block-image size-large\"><img loading=\"lazy\" decoding=\"async\" width=\"700\" height=\"535\" src=\"https:\/\/echta-derminga.de\/wp-content\/uploads\/2023\/07\/20230704_102151-700x535.jpg\" alt=\"\" class=\"wp-image-15374\" srcset=\"https:\/\/echta-derminga.de\/wp-content\/uploads\/2023\/07\/20230704_102151-700x535.jpg 700w, https:\/\/echta-derminga.de\/wp-content\/uploads\/2023\/07\/20230704_102151-300x229.jpg 300w, https:\/\/echta-derminga.de\/wp-content\/uploads\/2023\/07\/20230704_102151-768x587.jpg 768w, https:\/\/echta-derminga.de\/wp-content\/uploads\/2023\/07\/20230704_102151-1536x1173.jpg 1536w, https:\/\/echta-derminga.de\/wp-content\/uploads\/2023\/07\/20230704_102151.jpg 1974w\" sizes=\"auto, (max-width: 700px) 100vw, 700px\" \/><\/figure>\n<\/div>\n<\/div>\n\n\n\n<p class=\"has-medium-font-size wp-block-paragraph\"><strong>\u201eHeimat, dass sind wir\u201c! Ein wunderbarer Titel f\u00fcr ein Lied. Dieses Liedchen wird nun zum Programm und letztendlich auch zur eigenen Hymne. Ich kann mir nicht vorstellen, dass auch andere Naturpark Schulen oder Kitas \u00fcber so ein eigenes Liedchen verf\u00fcgen. Darauf, k\u00f6nnen wir Dirmingerinnen und Dirminger zurecht stolz sein. &nbsp;<\/strong><\/p>\n\n\n\n<div class=\"wp-block-columns is-layout-flex wp-container-core-columns-is-layout-8f761849 wp-block-columns-is-layout-flex\">\n<div class=\"wp-block-column is-layout-flow wp-block-column-is-layout-flow\">\n<figure class=\"wp-block-image size-large\"><img loading=\"lazy\" decoding=\"async\" width=\"700\" height=\"1209\" src=\"https:\/\/echta-derminga.de\/wp-content\/uploads\/2023\/07\/20230704_102503-700x1209.jpg\" alt=\"\" class=\"wp-image-15375\" srcset=\"https:\/\/echta-derminga.de\/wp-content\/uploads\/2023\/07\/20230704_102503-700x1209.jpg 700w, https:\/\/echta-derminga.de\/wp-content\/uploads\/2023\/07\/20230704_102503-174x300.jpg 174w, https:\/\/echta-derminga.de\/wp-content\/uploads\/2023\/07\/20230704_102503-768x1327.jpg 768w, https:\/\/echta-derminga.de\/wp-content\/uploads\/2023\/07\/20230704_102503-889x1536.jpg 889w, https:\/\/echta-derminga.de\/wp-content\/uploads\/2023\/07\/20230704_102503-1186x2048.jpg 1186w, https:\/\/echta-derminga.de\/wp-content\/uploads\/2023\/07\/20230704_102503-scaled.jpg 1482w\" sizes=\"auto, (max-width: 700px) 100vw, 700px\" \/><\/figure>\n<\/div>\n\n\n\n<div class=\"wp-block-column is-layout-flow wp-block-column-is-layout-flow\">\n<figure class=\"wp-block-image size-large\"><img loading=\"lazy\" decoding=\"async\" width=\"700\" height=\"700\" src=\"https:\/\/echta-derminga.de\/wp-content\/uploads\/2023\/07\/IMG_20230704_110928_882-1-700x700.webp\" alt=\"\" class=\"wp-image-15376\" srcset=\"https:\/\/echta-derminga.de\/wp-content\/uploads\/2023\/07\/IMG_20230704_110928_882-1-700x700.webp 700w, https:\/\/echta-derminga.de\/wp-content\/uploads\/2023\/07\/IMG_20230704_110928_882-1-300x300.webp 300w, https:\/\/echta-derminga.de\/wp-content\/uploads\/2023\/07\/IMG_20230704_110928_882-1-150x150.webp 150w, https:\/\/echta-derminga.de\/wp-content\/uploads\/2023\/07\/IMG_20230704_110928_882-1-768x768.webp 768w, https:\/\/echta-derminga.de\/wp-content\/uploads\/2023\/07\/IMG_20230704_110928_882-1-90x90.webp 90w, https:\/\/echta-derminga.de\/wp-content\/uploads\/2023\/07\/IMG_20230704_110928_882-1-75x75.webp 75w, https:\/\/echta-derminga.de\/wp-content\/uploads\/2023\/07\/IMG_20230704_110928_882-1.webp 1080w\" sizes=\"auto, (max-width: 700px) 100vw, 700px\" \/><\/figure>\n<\/div>\n<\/div>\n","protected":false},"excerpt":{"rendered":"<p>Bei der Auszeichnung unserer Kita \u201ePusteblume\u201c zur ersten saarl\u00e4ndischen \u201eNaturpark-Kita\u201c gab es zahlreiche G\u00e4nsehautmomente und sogar das ein oder andere feuchte Auge. Selten habe ich eine sch\u00f6nere Urkundenverleihung, wie an diesem 04. Juli 2023 auf der Spielwiese der \u201eKita Pusteblume\u201c, erlebt. Diese Feststunde hat mich, genauso wie die vielen anwesenden Eltern mit Stolz erf\u00fcllt und an vielen Stellen emotional ber\u00fchrt.<\/p>\n","protected":false},"author":1,"featured_media":15364,"comment_status":"open","ping_status":"closed","sticky":false,"template":"","format":"standard","meta":{"_crdt_document":"","footnotes":""},"categories":[1],"tags":[5,618,127,1069,1068,1070,634,795,310],"class_list":["post-15360","post","type-post","status-publish","format-standard","has-post-thumbnail","hentry","category-allgemein","tag-dirmingen","tag-gemeinde-eppelborn","tag-landkreis-neunkirchen","tag-naturpark-kita","tag-naturpark-saar-hunsrueck","tag-naturpark-schule","tag-ortsvorsteher","tag-ortsvorsteher-dirmingen","tag-saarland"],"_links":{"self":[{"href":"https:\/\/echta-derminga.de\/index.php?rest_route=\/wp\/v2\/posts\/15360","targetHints":{"allow":["GET"]}}],"collection":[{"href":"https:\/\/echta-derminga.de\/index.php?rest_route=\/wp\/v2\/posts"}],"about":[{"href":"https:\/\/echta-derminga.de\/index.php?rest_route=\/wp\/v2\/types\/post"}],"author":[{"embeddable":true,"href":"https:\/\/echta-derminga.de\/index.php?rest_route=\/wp\/v2\/users\/1"}],"replies":[{"embeddable":true,"href":"https:\/\/echta-derminga.de\/index.php?rest_route=%2Fwp%2Fv2%2Fcomments&post=15360"}],"version-history":[{"count":8,"href":"https:\/\/echta-derminga.de\/index.php?rest_route=\/wp\/v2\/posts\/15360\/revisions"}],"predecessor-version":[{"id":15380,"href":"https:\/\/echta-derminga.de\/index.php?rest_route=\/wp\/v2\/posts\/15360\/revisions\/15380"}],"wp:featuredmedia":[{"embeddable":true,"href":"https:\/\/echta-derminga.de\/index.php?rest_route=\/wp\/v2\/media\/15364"}],"wp:attachment":[{"href":"https:\/\/echta-derminga.de\/index.php?rest_route=%2Fwp%2Fv2%2Fmedia&parent=15360"}],"wp:term":[{"taxonomy":"category","embeddable":true,"href":"https:\/\/echta-derminga.de\/index.php?rest_route=%2Fwp%2Fv2%2Fcategories&post=15360"},{"taxonomy":"post_tag","embeddable":true,"href":"https:\/\/echta-derminga.de\/index.php?rest_route=%2Fwp%2Fv2%2Ftags&post=15360"}],"curies":[{"name":"wp","href":"https:\/\/api.w.org\/{rel}","templated":true}]}}