{"id":15382,"date":"2023-07-08T11:28:36","date_gmt":"2023-07-08T10:28:36","guid":{"rendered":"https:\/\/echta-derminga.de\/?p=15382"},"modified":"2023-07-08T11:29:39","modified_gmt":"2023-07-08T10:29:39","slug":"gibt-es-wirklich-eine-alternative-in-diesem-land","status":"publish","type":"post","link":"https:\/\/echta-derminga.de\/?p=15382","title":{"rendered":"Gibt es wirklich eine Alternative in diesem Land ?"},"content":{"rendered":"\n<p class=\"has-medium-font-size wp-block-paragraph\"><strong>In unserem Land soll es eine Partei geben, die angeblich von niemandem gew\u00e4hlt wird und laut Umfrage dennoch bei mittlerweile 19% liegt. Die Altparteien stehen fassungslos wie das Kaninchen vor der Schlange und wissen nicht, wie sie mit diesem Problem umgehen sollen. Im Netz tobt das Volk oder vielmehr der Wahnsinn: \u201eWir sind das Volk\u201c, \u201eWir m\u00fcssen auf die Stra\u00dfe gehen\u201c, \u201eSchei\u00df Politiker\u201c, \u201eWir kriegen euch alle\u201c, \u201eDeutschland immer zuerst\u201c sind noch die harmlosesten Wortmeldungen. Irgendwie werde ich das Gef\u00fchl nicht los, dass sich die Geschichte wiederholt. Nationalismus, enttabuisierte Sprache und politische Gewalt machen sich wieder mal breit im Land der Dichter und Denker. Irgendwie erinnert mich diese, unsere Zeit, doch stark an die Weimarer Republik. Die Weimarer Republik wurde nach dem Ersten Weltkrieg gegr\u00fcndet und war das erste demokratische System in Deutschland. Im Jahre 1919 wurde die Republik nach dem 1. Weltkrieg ausgerufen und endete 1933 mit der Machtergreifung der Nationalsozialisten. Die ersten Jahre der Weimarer Republik waren gepr\u00e4gt von wirtschaftlichen und politischen Krisen, wie zum Beispiel der Inflation 1923 und dem Hitlerputsch. Aber auch die folgenden Jahre verliefen keineswegs entspannt. Die Weimarer Republik wurde vom Volk niemals so richtig angenommen und f\u00fcr viele Dinge zur Verantwortung gezogen. Ein gro\u00dfes Problem war unter anderem die Tatsache, dass die Bev\u00f6lkerung zuvor kaum eine Erfahrung mit einer Demokratie gemacht hatte. Genau an diesem Punkt sollten wir doch heute einen ganz anderen Erfahrungswert besitzen.<\/strong><\/p>\n\n\n\n<p class=\"has-medium-font-size wp-block-paragraph\">Die Weimarer Republik hatte von Anfang an mit den Folgen des ersten Weltkriegs zu k\u00e4mpfen. Die erste deutsche demokratische Regierung musste im Juni 1919 einen Friedensvertrag, den \u201eVersailler Vertrag\u201c unterschreiben. Die Bedingungen f\u00fcr diesen Frieden waren hart und die Bev\u00f6lkerung litt enorm unter den neuen Voraussetzungen. Wie komme ich also dazu, einen Vergleich zwischen der heutigen Zeit und der Weimarer Republik zu ziehen? Ist das nicht etwas zu weit hergeholt? Naja, zweifelsohne erlebten die Menschen damals genauso wie heute eine Renaissance des v\u00f6lkischen Gedankenguts. Die Menschen stolperten damals samt ihrer Republik gef\u00fchlt von einer Krise in die N\u00e4chste. Nach der Hyperinflation im Jahre 1923 und dem ersten Putschversuch durch einen jungen Mann namens Hitler, machten sich im ganzen Land gro\u00dfe wirtschaftliche Probleme breit. Die ersten Zweifel an der Demokratie konnten bis zum Ende der \u00c4ra nicht mehr beseitigt werden. Es folgte die Weltwirtschaftskrise im Jahr 1929 mit viel Massenarbeitslosigkeit, Armut und Elend. Die Regierung pr\u00e4sentierte sich damals in einem Instabile Zustand und wirkte orientierungslos. Es folgte der Aufstieg der NSDAP und der Anfang vom Ende. Dazwischen lagen jedoch auch die \u201eGoldenen Zwanziger\u201c mit Sex, Drogen und wildem Nachtleben.<\/p>\n\n\n\n<p class=\"has-medium-font-size wp-block-paragraph\"><strong>Na, klingelts? So weit sind meine Vergleiche doch gar nicht hergeholt, oder? Wenn man genug Fantasie zum Spinnen hat, kommt man schnell dazu verbl\u00fcffende Vergleiche zu finden: Wir sehen die erste gro\u00dfe Fl\u00fcchtlingskrise und ihre Folgen, die Auswirkungen der Pandemie und ihr verheerendes Nachspiel sowie den Krieg in der Ukraine und das Aufbl\u00fchen einer zum Teil faschistischen Partei. Alles schonmal da gewesen, oder? Nat\u00fcrlich kann man diese beiden Epochen nicht eins zu eins in den Vergleich ziehen. Wir blicken auf \u00fcber 80 Jahre Frieden in Europa zur\u00fcck und mussten uns alle dreimal sch\u00fctteln als diese Zeitspanne vor 16 Monaten brutal endete. Im Netz findet man alles, was das Herz begehrt und sogar noch dar\u00fcber hinaus. Die einen haben es Dicke und die anderen verzweifeln an der aktuellen Situation.<\/strong><\/p>\n\n\n\n<p class=\"has-medium-font-size wp-block-paragraph\">Wahrscheinlich liege ich mit meiner Theorie falsch. F\u00fchrende Professoren und Politikwissenschaftler sehen keinen Vergleich zwischen der Weimarer Republik und unserer Zeitepoche. Wahrscheinlich haben sie recht und ich bin mal wieder zu sentimental. Dennoch kommt es mir so vor, als h\u00e4tten wir das alles schon einmal gehabt. Fakt ist, dass das Ende der Weimarer Republik durch Extremisten von rechts herbeigef\u00fchrt wurde. Ganz leise und dann immer lauter werdend schaffte es NSDAP die Mehrheit der Bev\u00f6lkerung auf ihre Seite ziehen. Schon damals wurden Arbeitspl\u00e4tze, bessere L\u00f6hne und die St\u00e4rkung der eigenen Identit\u00e4t versprochen. \u201eDeutschland zuerst\u201c oder \u201eDeutschland den Deutschen\u201c. Diese Parolen sind heute noch so aktuell wie damals in der Weimarer Republik.<\/p>\n\n\n\n<p class=\"has-medium-font-size wp-block-paragraph\"><strong>Fakt ist aber auch: H\u00e4tten sich die W\u00e4hler damals anders entschieden, w\u00e4ren die Nationalsozialisten zu keiner Zeit eine ernst zu nehmende politische Kraft geworden und h\u00e4tten somit auch keinen Anspruch auf eine Regierungsbeteiligung erheben k\u00f6nnen.<\/strong><\/p>\n\n\n\n<p class=\"has-medium-font-size wp-block-paragraph\">Die Geschichtswissenschaft h\u00e4lt sich mit solchen, wie von mir getroffenen Vergleichen, gerne zur\u00fcck. Bestimmt gibt es da drau\u00dfen den einen oder anderen klugen Kopf, der mit dem Vogel zeigt und meine Thesen ad acta legen m\u00f6chte. Kann sein, dass ich mich t\u00e4usche und falsch liege. Seltsam nur: Ich bin nicht allein! \u201ePegida-Demos\u201c, \u201eCorona Demos\u201c, Rechtsruck durch die AfD oder Hass im Internet. Sogar die gut gemeinten \u201eFriday for Future- Aktionen\u201c werden von Extremen Ansichten getoppt. &nbsp;Die Wut wendet sich gegen alles Fremde: \u201eDie Fl\u00fcchtlinge nehmen mir mein Geld weg und bekommen mehr Unterst\u00fctzung\u201c, \u201eAusl\u00e4nder raus\u201c, \u201elasst sie nicht mehr rein\u201c, \u201elasst sie im Mittelmeer ertrinken\u201c Einen weiteren historischen Vergleich schiebe ich jetzt mal ganz bewusst zur Seite. Ihr wisst, was ich meine?! Soweit darf es niemals mehr kommen!<\/p>\n\n\n\n<p class=\"has-medium-font-size wp-block-paragraph\"><strong>Soziale Netzwerke sind seit Jahren die Propaganda-Plattform Nr. 1 f\u00fcr Rechts und linksextreme Gruppierungen. Jeder darf in diesem Land seine Meinung kundtun und diese auch durch Texte, Musik oder Videos unterstreichen. Leider kann nicht jeder mit seiner Macht des freien Worts umgehen. Menschen werden verunglimpft und teilweise brutal bedr\u00e4ngt und ver\u00e4ngstigt. Gerade Politiker haben es in dieser Zeit alles andere als leicht. Ich habe das selbst schon am eigenen Leib zu sp\u00fcren bekommen. Auch Kommunalpolitiker werden f\u00fcr die angeblichen S\u00fcnden der gro\u00dfen Regierung verantwortlich gemacht. Meistens beginnt es mit rassistischer Hetze gegen Gefl\u00fcchtete. Das rechtsextreme Denken beginnt im Netz und endet mittlerweile schon bei Menschen, die vorher nichts mit Rechtsextremismus zu tun hatten. \u201eDie da bekommen mehr als wir\u201c, \u201edas eigene Volk wird vergessen\u201c, \u201eKopftuchm\u00e4dchen\u201c, \u201eMesserjunge\u201c oder \u201eAb Nachhause mit der Brut\u201c. Wenn man sich bem\u00fcht, erkennt man hinter allen diesen S\u00e4tzen ein kleines St\u00fcckchen Wahrheit. Genau darin liegt die gro\u00dfe Gefahr! Nat\u00fcrlich gibt es in diesem Land gro\u00dfe Probleme und nat\u00fcrlich werden die Menschen am Rande dabei zu oft \u00fcbersehen. Soziale H\u00e4rtef\u00e4lle werden links liegen gelassen und Menschen, die sich nicht integrieren m\u00f6chten werden unterst\u00fctzt.<\/strong><\/p>\n\n\n\n<p class=\"has-medium-font-size wp-block-paragraph\">Geschichten wie zuletzt in Duisburg geschehen, f\u00f6rdern Ablehnung und Fremdenhass. Befeindete Clans liefern sich Stra\u00dfenschlachten und der gute Deutsche steht kopfsch\u00fcttelt am Fenster. Auf der anderen Seite kann doch niemand ernsthaft glauben, dass unsere Politiker aus reiner Missgunst und B\u00f6sartigkeit das eigene Volk diskriminieren. Ich glaube fest an die Demokratie und daran, dass unsere Volksvertreter fest zu ihrem Eid stehen. Ausnahmen best\u00e4tigen immer die Regel. Schon mal dar\u00fcber nachgedacht, dass auch wir in dieser Zeit von einer unverschuldeten Krise in die n\u00e4chste stolpern?<\/p>\n\n\n\n<p class=\"has-medium-font-size wp-block-paragraph\"><strong>Nein, ich glaube nicht daran, dass jeder AFD-W\u00e4hler rechtsextrem ist und b\u00f6se Absichten hat. Ich glaube noch nicht einmal daran, dass jeder AFD-Politiker, gerade in der Kommunalpolitik, ein wahrhaft b\u00f6ses Wesen in sich tr\u00e4gt. Nat\u00fcrlich spielt eine gewisse Entt\u00e4uschung \u00fcber die Altpartien eine gewichtige Rolle. Die Zeiten m\u00fcssen sich \u00e4ndern, stimmt! Aber ist das Spiel mit dem Feuer der richtige Weg?<\/strong><\/p>\n\n\n\n<p class=\"has-medium-font-size wp-block-paragraph\">\u201eFrank, \u00fcbertreib mal nicht, so schlimm wird es nicht. Die werden nicht gew\u00e4hlt\u201c! Wirklich nicht? Alles nur Protest? Alles nur ein Denkzettel? Naja, wenn ich nach Th\u00fcringen blicke, wird mir angst und bange. Zuerst ein Landrat, dann ein B\u00fcrgermeister und im Jahre 2024 wird aller vorrausicht nach der Th\u00fcringer Landtag braun, sorry blau werden. Als Demokrat bin ich stark genug das Ganze auszuhalten. Ein jeder w\u00e4hle, was er m\u00f6chte. Bleibt die Frage, ob wir am Ende alle stark genug sind das Wahlergebnis auszuhalten. Immerhin ist die AFD derzeit zweitst\u00e4rkste Kraft in Deutschland.<\/p>\n\n\n\n<p class=\"has-medium-font-size wp-block-paragraph\"><strong>Ich glaube, dass die AFD nicht mehr nur aus reinem Protest gew\u00e4hlt wird. Das ist vorbei! Mittlerweile w\u00e4hlen die Menschen bewusst diese Partei und wollen eine Regierung, in der zumindest die AFD eine gewichtige Rolle spielt. Genau darin liegt eine gro\u00dfe Gefahr! Aus Protest wird eine politische Einstellung und daraus wiederum k\u00f6nnen Verbissenheit und Ideologie entstehen. Alles schon mal da gewesen!<\/strong><\/p>\n","protected":false},"excerpt":{"rendered":"<p>In unserem Land soll es eine Partei geben, die angeblich von niemandem gew\u00e4hlt wird und laut Umfrage dennoch bei mittlerweile 19% liegt. Die Altparteien stehen fassungslos wie das Kaninchen vor der Schlange und wissen nicht, wie sie mit diesem Problem umgehen sollen. Im Netz tobt das Volk oder vielmehr der Wahnsinn: \u201eWir sind das Volk\u201c, \u201eWir m\u00fcssen auf die Stra\u00dfe<\/p>\n","protected":false},"author":1,"featured_media":15383,"comment_status":"open","ping_status":"closed","sticky":false,"template":"","format":"standard","meta":{"_crdt_document":"","footnotes":""},"categories":[9,902],"tags":[5,618,127,634,795,310],"class_list":["post-15382","post","type-post","status-publish","format-standard","has-post-thumbnail","hentry","category-dorfgetratsche","category-meine-meinung","tag-dirmingen","tag-gemeinde-eppelborn","tag-landkreis-neunkirchen","tag-ortsvorsteher","tag-ortsvorsteher-dirmingen","tag-saarland"],"_links":{"self":[{"href":"https:\/\/echta-derminga.de\/index.php?rest_route=\/wp\/v2\/posts\/15382","targetHints":{"allow":["GET"]}}],"collection":[{"href":"https:\/\/echta-derminga.de\/index.php?rest_route=\/wp\/v2\/posts"}],"about":[{"href":"https:\/\/echta-derminga.de\/index.php?rest_route=\/wp\/v2\/types\/post"}],"author":[{"embeddable":true,"href":"https:\/\/echta-derminga.de\/index.php?rest_route=\/wp\/v2\/users\/1"}],"replies":[{"embeddable":true,"href":"https:\/\/echta-derminga.de\/index.php?rest_route=%2Fwp%2Fv2%2Fcomments&post=15382"}],"version-history":[{"count":1,"href":"https:\/\/echta-derminga.de\/index.php?rest_route=\/wp\/v2\/posts\/15382\/revisions"}],"predecessor-version":[{"id":15384,"href":"https:\/\/echta-derminga.de\/index.php?rest_route=\/wp\/v2\/posts\/15382\/revisions\/15384"}],"wp:featuredmedia":[{"embeddable":true,"href":"https:\/\/echta-derminga.de\/index.php?rest_route=\/wp\/v2\/media\/15383"}],"wp:attachment":[{"href":"https:\/\/echta-derminga.de\/index.php?rest_route=%2Fwp%2Fv2%2Fmedia&parent=15382"}],"wp:term":[{"taxonomy":"category","embeddable":true,"href":"https:\/\/echta-derminga.de\/index.php?rest_route=%2Fwp%2Fv2%2Fcategories&post=15382"},{"taxonomy":"post_tag","embeddable":true,"href":"https:\/\/echta-derminga.de\/index.php?rest_route=%2Fwp%2Fv2%2Ftags&post=15382"}],"curies":[{"name":"wp","href":"https:\/\/api.w.org\/{rel}","templated":true}]}}