{"id":15388,"date":"2023-07-08T13:15:47","date_gmt":"2023-07-08T12:15:47","guid":{"rendered":"https:\/\/echta-derminga.de\/?p=15388"},"modified":"2023-07-08T13:28:04","modified_gmt":"2023-07-08T12:28:04","slug":"in-sachen-ortsvorsteher-von-einer-naturpark-kita-einem-nachbarschaftsfest-einem-jubilaeum-und-einem-unvergesslichen-seniorentag","status":"publish","type":"post","link":"https:\/\/echta-derminga.de\/?p=15388","title":{"rendered":"In Sachen Ortsvorsteher: Von einer Naturpark-Kita, einem Nachbarschaftsfest, einem Jubil\u00e4um und einem unvergesslichen Seniorentag"},"content":{"rendered":"\n<p class=\"has-medium-font-size wp-block-paragraph\"><strong>Der Sommer zieht lachend \u00fcber unser Land. Seit Wochen brennt die Sonne auf unsere Erde und sorgt dabei nicht nur f\u00fcr Begeisterung. Auf der einen Seite genie\u00dfen wir die hei\u00dfen Temperaturen und das Leben. Lachen, Sonnenbaden, schwimmen und schwenken. Das Leben kann so sch\u00f6n sein! Auf der anderen Seite sehen wir die Probleme, die mit der starken Sonneneinwirkung auftauchen. Unsere Erde ist trocken und die Angst vor Flur -und Waldbr\u00e4nden ist gegenw\u00e4rtig. Aus diesem Grunde bitte ich alle B\u00fcrgerinnen und B\u00fcrger vorsichtig mit unserer Natur umzugehen. Vermeiden Sie bitte offenes Feuer und helfen Sie mit unseren sehenswerten Landschaften zu bewahren. Auch unsere Feuerwehr weist nochmals dringend auf die erh\u00f6hte Waldbrandgefahr und die aktuelle Trockenheit hin. Das Wegwerfen von Zigarettenkippen oder auch Glasscherben k\u00f6nnen gro\u00dffl\u00e4chige Br\u00e4nde ausl\u00f6sen. Bitte nehmen Sie unseren Aufruf ernst und helfen Sie mit Wald- und Fl\u00e4chenbr\u00e4nden zu verhindern.<\/strong><\/p>\n\n\n\n<p class=\"has-medium-font-size wp-block-paragraph\"><strong>\u201eHeimat, dass sind wir\u201c \u2013 Kita \u201ePusteblume\u201c wird zur \u201eNaturpark-Kita\u201c<\/strong><\/p>\n\n\n\n<p class=\"has-medium-font-size wp-block-paragraph\">Bei der Auszeichnung unserer Kita \u201ePusteblume\u201c zur ersten saarl\u00e4ndischen \u201eNaturpark-Kita\u201c gab es zahlreiche G\u00e4nsehautmomente und sogar das ein oder andere feuchte Auge. Selten habe ich eine sch\u00f6nere Urkundenverleihung, wie an diesem 04. Juli 2023 auf der Spielwiese der \u201eKita Pusteblume\u201c, erlebt. Diese Feststunde hat mich, genauso wie die vielen anwesenden Eltern mit Stolz erf\u00fcllt und an vielen Stellen emotional ber\u00fchrt. Neben der Vorstellung des Projektes, durch die Kita-Leiterin Claudia Schulz und die Kinder, wurden den Zuschauern zwei wunderbare Lieder vorgetragen. Dabei wurde das Lied \u201d Heimat, dass sind wir\u201d uraufgef\u00fchrt und in wundersch\u00f6ner Live-Version von den Kindern und Erziehern gesungen. Das Liedchen wurde eigens zur Feststunde von der Gruppe \u201cPerlregen\u201d komponiert. Der Text wurde aus W\u00f6rtern und Gedanken der Kinder zusammengetragen und von Martina Schlaucher und Thomas Lapp von \u201cPerlregen\u201d aufs Papier gebracht. Mit dieser Auszeichnung wird die Kita Pusteblume zum Bestandteil des bundesweiten \u201cNetzwerkes Naturpark Kita\u201d. Ziel der Naturpark Kita ist es den Kindern ihre eigene Heimat und die Natur n\u00e4herzubringen. Dazu werden heimatverbundene Ausfl\u00fcge, Projekte und Aktionen angeboten. Zuk\u00fcnftiges Ziel unserer Naturpark Kita \u201cPusteblume\u201d und des Netzwerkes ist das N\u00e4herbringen der Lern- und Erfahrungsorte, das Sensibilisieren f\u00fcr die eigene Heimat, die Schaffung eines regionalen Bezuges sowie die origin\u00e4re Erfahrung von Natur und Kultur im Umfeld unseres Kindergartens. Dieser Ansatz und die daraus entstehende Motivation finde ich einfach wunderbar und h\u00f6chst lobenswert. Ich pers\u00f6nlich bin von der Idee einer Naturpark-Kita begeistert. Die eigene Identit\u00e4t und die damit verbundene Heimatpflege ist mir seit Jahren eine Herzensangelegenheit. Gerade in Zeiten, in denen das W\u00f6rtchen \u201eHeimat\u201c allzu oft verp\u00f6nt wird und von vielen nur noch selten in den Mund genommen wird, setzen unsere Kindergartenkinder ein wundervolles Zeichen. Dabei hat mich die Freude und der Enthusiasmus der Kinder begeistert. Zur Auszeichnung kamen zahlreiche Amtstr\u00e4ger und Ehreng\u00e4ste. Neben der Kreisbeigeordneten Daniela Feld und B\u00fcrgermeister Dr. Andreas Feld war auch der Vorsitzende des Naturparks Saar-Hunsr\u00fcck Landrat Gregor Eibes vor Ort. In der Kita wurde zeitgleich eine wundersch\u00f6ne Ausstellung angeboten. Die Kinder pr\u00e4sentierten mit viel Talent ihre Heimatort Dirmingen. Dabei konnte man viele echte Kunstwerke bewundern. Gl\u00fcckwunsch an unsere \u201eNaturpark-Kita Pusteblume\u201c<\/p>\n\n\n<div class=\"wp-block-image\">\n<figure class=\"aligncenter size-large\"><img loading=\"lazy\" decoding=\"async\" width=\"700\" height=\"700\" src=\"https:\/\/echta-derminga.de\/wp-content\/uploads\/2023\/07\/IMG_20230704_110928_882-700x700.webp\" alt=\"\" class=\"wp-image-15365\" srcset=\"https:\/\/echta-derminga.de\/wp-content\/uploads\/2023\/07\/IMG_20230704_110928_882-700x700.webp 700w, https:\/\/echta-derminga.de\/wp-content\/uploads\/2023\/07\/IMG_20230704_110928_882-300x300.webp 300w, https:\/\/echta-derminga.de\/wp-content\/uploads\/2023\/07\/IMG_20230704_110928_882-150x150.webp 150w, https:\/\/echta-derminga.de\/wp-content\/uploads\/2023\/07\/IMG_20230704_110928_882-768x768.webp 768w, https:\/\/echta-derminga.de\/wp-content\/uploads\/2023\/07\/IMG_20230704_110928_882-90x90.webp 90w, https:\/\/echta-derminga.de\/wp-content\/uploads\/2023\/07\/IMG_20230704_110928_882-75x75.webp 75w, https:\/\/echta-derminga.de\/wp-content\/uploads\/2023\/07\/IMG_20230704_110928_882.webp 1080w\" sizes=\"auto, (max-width: 700px) 100vw, 700px\" \/><\/figure>\n<\/div>\n\n\n<p class=\"has-medium-font-size wp-block-paragraph\"><strong>Herzlichen Gl\u00fcckwunsch zum 60 Firmenjubil\u00e4um \u201eElektro Wagner\u201c<\/strong><\/p>\n\n\n\n<p class=\"has-medium-font-size wp-block-paragraph\">Die Firma Elektro Wagner aus Dirmingen feierte am Samstag,01.Juli 2023 ihr nunmehr 60. Firmenjubil\u00e4um. Seit nunmehr 60. Jahre sorgt die Firma f\u00fcr eine St\u00e4rkung unserer Infrastruktur und unserer Dorfgemeinschaft. Die Familie Wagner hat vieles f\u00fcr die Menschen und die Vereinslandschaft in unserem Dorf getan. Das diesj\u00e4hrige Jubil\u00e4um wurde im Kreise der Mitarbeiter, Freunde und Kunden gro\u00df gefeiert. Vielen lieben Dank an Markus Wagner, seine Familie und sein Unternehmen. Anl\u00e4sslich einer eigens angesetzten Jubil\u00e4umsfeier auf dem Firmengel\u00e4nde durfte ich dem Gesch\u00e4ftsf\u00fchrer Markus Wagner meine Gl\u00fcckw\u00fcnsche \u00fcbermitteln. Die Firma \u201eElektro Wagner\u201c ist wichtiger Bestandteil unserer Infrastruktur und unserer Dorfgemeinschaft.<\/p>\n\n\n<div class=\"wp-block-image\">\n<figure class=\"aligncenter size-large\"><img loading=\"lazy\" decoding=\"async\" width=\"700\" height=\"511\" src=\"https:\/\/echta-derminga.de\/wp-content\/uploads\/2023\/07\/357702516_6327514497343222_8785491216802679364_n-700x511.jpg\" alt=\"\" class=\"wp-image-15352\" srcset=\"https:\/\/echta-derminga.de\/wp-content\/uploads\/2023\/07\/357702516_6327514497343222_8785491216802679364_n-700x511.jpg 700w, https:\/\/echta-derminga.de\/wp-content\/uploads\/2023\/07\/357702516_6327514497343222_8785491216802679364_n-300x219.jpg 300w, https:\/\/echta-derminga.de\/wp-content\/uploads\/2023\/07\/357702516_6327514497343222_8785491216802679364_n-768x560.jpg 768w, https:\/\/echta-derminga.de\/wp-content\/uploads\/2023\/07\/357702516_6327514497343222_8785491216802679364_n-1536x1121.jpg 1536w, https:\/\/echta-derminga.de\/wp-content\/uploads\/2023\/07\/357702516_6327514497343222_8785491216802679364_n.jpg 2048w\" sizes=\"auto, (max-width: 700px) 100vw, 700px\" \/><\/figure>\n<\/div>\n\n\n<p class=\"has-medium-font-size wp-block-paragraph\"><strong>\u201eUDSH\u201c 2023 \u2013 Mit dem eigenen Sport Gutes bewirken und Dorfgemeinschaft st\u00e4rken!<\/strong><\/p>\n\n\n\n<p class=\"has-medium-font-size wp-block-paragraph\">Das diesj\u00e4hrige &#8222;UDSH&#8220; hat alle gesetzten Erwartungen erf\u00fcllt. Seit vielen Jahrzehnten bereichert dieses gro\u00dfartige Hobby Handballturnier auf dem Dirminger Kleinfeld unsere Dorfgemeinschaft. Kompliment an das Organisationsteam des TV04 Dirmingen. Vielen Dank an alle ehrenamtlichen Helferinnen und Helfer sowie an alle Mannschaften die dieses Turnier zu etwas ganz Besonderem gemacht haben. Am Finaltag durfte ich eine Geldspende an den TVD \u00fcberreichen und die Siegerehrung begleiten. Gro\u00dfartig, dass fast alle Mannschaften ihre Siegpr\u00e4mie an das &#8222;Ronald Mac Donald Haus&#8220; spendeten. Der TVD hatte w\u00e4hrend des Turniers Spenden in H\u00f6he von 650,- \u20ac f\u00fcr diese wichtige Einrichtung gesammelt. Die Idee dazu kam von dem kleinen Linus der bei den Zebras Handball spielt. Gro\u00dfartige Aktion w\u00e4hrend eines gro\u00dfartigen Turniers. Im Rahmen des diesj\u00e4hrigen Turniers fand erneut das wunderbare \u201eZusammenspiel\u201c zwischen der WZB Spiesen und dem TV04 Dirmingen statt. Seit nunmehr 34 Jahren pflegt unser TVD eine enge Zusammenarbeit mit der WZB die in vielen wunderbaren Handballspielen zwischen den &#8222;Wilden Kerlen&#8220; des WZB und den TVD-Veteranen gipfelt. Das diesj\u00e4hrige Kr\u00e4ftemessen konnten die &#8222;Wilden Kerle&#8220; um Trainer Mano Bastuck f\u00fcr sich entscheiden. Kompliment an die beiden gro\u00dfartigen Schiedsrichter Horst Schiffler und J\u00fcrgen Bier. Vielen Dank an alle Spieler f\u00fcr diese gelungene Inklusionsarbeit von \u201eMensch zu Mensch\u201c. Vielen Dank an den TV04 f\u00fcr dieses gute Werk. Besonders gefreut hat mich die gute Zusammenarbeit zwischen dem TVD und dem SVD. Im Laufe der letzten Jahre sind hier aus verbissenen Konkurrenten echte Freunde geworden. <strong>Unmittelbar nach dem Turnier begannen die Sanierungsarbeiten am Dirminger Kleinfeld. H\u00f6chste Zeit! Gut, dass unser Kleinfeld durch diese Sanierung endlich aufgewertet wird.<\/strong><\/p>\n\n\n\n<div class=\"wp-block-columns is-layout-flex wp-container-core-columns-is-layout-8f761849 wp-block-columns-is-layout-flex\">\n<div class=\"wp-block-column is-layout-flow wp-block-column-is-layout-flow\">\n<figure class=\"wp-block-image size-large\"><img loading=\"lazy\" decoding=\"async\" width=\"700\" height=\"389\" src=\"https:\/\/echta-derminga.de\/wp-content\/uploads\/2023\/07\/355086614_6310821909012481_1651547622131541419_n-700x389.jpg\" alt=\"\" class=\"wp-image-15391\" srcset=\"https:\/\/echta-derminga.de\/wp-content\/uploads\/2023\/07\/355086614_6310821909012481_1651547622131541419_n-700x389.jpg 700w, https:\/\/echta-derminga.de\/wp-content\/uploads\/2023\/07\/355086614_6310821909012481_1651547622131541419_n-300x167.jpg 300w, https:\/\/echta-derminga.de\/wp-content\/uploads\/2023\/07\/355086614_6310821909012481_1651547622131541419_n-768x427.jpg 768w, https:\/\/echta-derminga.de\/wp-content\/uploads\/2023\/07\/355086614_6310821909012481_1651547622131541419_n.jpg 1440w\" sizes=\"auto, (max-width: 700px) 100vw, 700px\" \/><\/figure>\n<\/div>\n\n\n\n<div class=\"wp-block-column is-layout-flow wp-block-column-is-layout-flow\">\n<figure class=\"wp-block-image size-large\"><img loading=\"lazy\" decoding=\"async\" width=\"700\" height=\"495\" src=\"https:\/\/echta-derminga.de\/wp-content\/uploads\/2023\/07\/tvd-700x495.jpg\" alt=\"\" class=\"wp-image-15394\" srcset=\"https:\/\/echta-derminga.de\/wp-content\/uploads\/2023\/07\/tvd-700x495.jpg 700w, https:\/\/echta-derminga.de\/wp-content\/uploads\/2023\/07\/tvd-300x212.jpg 300w, https:\/\/echta-derminga.de\/wp-content\/uploads\/2023\/07\/tvd-768x544.jpg 768w, https:\/\/echta-derminga.de\/wp-content\/uploads\/2023\/07\/tvd-1536x1087.jpg 1536w, https:\/\/echta-derminga.de\/wp-content\/uploads\/2023\/07\/tvd.jpg 1711w\" sizes=\"auto, (max-width: 700px) 100vw, 700px\" \/><\/figure>\n<\/div>\n<\/div>\n\n\n\n<p class=\"has-medium-font-size wp-block-paragraph\"><strong>Wundersch\u00f6ner Seniorentag in der Borrwieshalle Dirmingen<\/strong><\/p>\n\n\n\n<p class=\"has-medium-font-size wp-block-paragraph\">Der Seniorentag des Ortsrates wurde in diesem Jahr in der Dirminger Borrwieshalle durchgef\u00fchrt. Am Ende nahmen \u00fcber 100 Seniorinnen und Senioren an dieser gelungen Veranstaltung teil. Zu den Ehreng\u00e4sten geh\u00f6rte B\u00fcrgermeister Dr. Andreas Feld und der Vorsitzende des Seniorenbeirates Benno Fries. Wie in jedem Jahr wurden auch diesmal die \u00e4lteste anwesende Seniorin und der \u00e4lteste anwesende Senior geehrt. Auch das am l\u00e4ngsten verheiratete anwesende Ehepaar wurde ausgezeichnet. Die \u201eEppelinos\u201c sorgten mit ihrer Musik f\u00fcr eine gro\u00dfartige Stimmung. Neben dem Ortsrat, der als Ausrichter dieser Veranstaltung fungierte, waren viele ehrenamtliche Helferinnen und Helfer zugegen. Allen Helferinnen und Helfern m\u00f6chte ich ganz herzlich danken. Abschlie\u00dfend m\u00f6chte ich es nicht vers\u00e4umen auch allen G\u00e4sten meinen Dank auszusprechen.<\/p>\n\n\n\n<div class=\"wp-block-columns is-layout-flex wp-container-core-columns-is-layout-8f761849 wp-block-columns-is-layout-flex\">\n<div class=\"wp-block-column is-layout-flow wp-block-column-is-layout-flow\">\n<figure class=\"wp-block-image size-large\"><img loading=\"lazy\" decoding=\"async\" width=\"700\" height=\"367\" src=\"https:\/\/echta-derminga.de\/wp-content\/uploads\/2023\/07\/354905560_6278816352213037_6061605825354173228_n-1-700x367.jpg\" alt=\"\" class=\"wp-image-15398\" srcset=\"https:\/\/echta-derminga.de\/wp-content\/uploads\/2023\/07\/354905560_6278816352213037_6061605825354173228_n-1-700x367.jpg 700w, https:\/\/echta-derminga.de\/wp-content\/uploads\/2023\/07\/354905560_6278816352213037_6061605825354173228_n-1-300x157.jpg 300w, https:\/\/echta-derminga.de\/wp-content\/uploads\/2023\/07\/354905560_6278816352213037_6061605825354173228_n-1-768x403.jpg 768w, https:\/\/echta-derminga.de\/wp-content\/uploads\/2023\/07\/354905560_6278816352213037_6061605825354173228_n-1-1536x806.jpg 1536w, https:\/\/echta-derminga.de\/wp-content\/uploads\/2023\/07\/354905560_6278816352213037_6061605825354173228_n-1.jpg 2000w\" sizes=\"auto, (max-width: 700px) 100vw, 700px\" \/><\/figure>\n<\/div>\n\n\n\n<div class=\"wp-block-column is-layout-flow wp-block-column-is-layout-flow\">\n<figure class=\"wp-block-image size-large\"><img loading=\"lazy\" decoding=\"async\" width=\"700\" height=\"323\" src=\"https:\/\/echta-derminga.de\/wp-content\/uploads\/2023\/07\/354934377_6278816922212980_2644308224421302865_n-700x323.jpg\" alt=\"\" class=\"wp-image-15397\" srcset=\"https:\/\/echta-derminga.de\/wp-content\/uploads\/2023\/07\/354934377_6278816922212980_2644308224421302865_n-700x323.jpg 700w, https:\/\/echta-derminga.de\/wp-content\/uploads\/2023\/07\/354934377_6278816922212980_2644308224421302865_n-300x139.jpg 300w, https:\/\/echta-derminga.de\/wp-content\/uploads\/2023\/07\/354934377_6278816922212980_2644308224421302865_n-768x355.jpg 768w, https:\/\/echta-derminga.de\/wp-content\/uploads\/2023\/07\/354934377_6278816922212980_2644308224421302865_n-1536x710.jpg 1536w, https:\/\/echta-derminga.de\/wp-content\/uploads\/2023\/07\/354934377_6278816922212980_2644308224421302865_n.jpg 2048w\" sizes=\"auto, (max-width: 700px) 100vw, 700px\" \/><\/figure>\n<\/div>\n<\/div>\n\n\n\n<p class=\"has-medium-font-size wp-block-paragraph\"><strong>Wundervolles \u201eNachbarschaftsfest\u201c der Rothenbergschule<\/strong><\/p>\n\n\n\n<p class=\"has-medium-font-size wp-block-paragraph\">Der Name ist Programm: \u201eNachbarschaftsfest der Rothenbergschule Dirmingen\u201c. Unsere Rothenbergschule pflegt seit Jahrzehnten eine enge Zusammenarbeit mit der Dorfgemeinschaft und insbesondere mit der Kolpingfamilie Dirmingen. Die zahlreichen G\u00e4ste der diesj\u00e4hrigen Veranstaltung w\u00fcrdigten die gute Zusammenarbeit zwischen der Schule und der Kolpingfamilie mit ihrer Teilnahme an diesem Fest. Zu den Ehreng\u00e4sten geh\u00f6rten B\u00fcrgermeister Dr Andreas Feld, meine Wenigkeit, der Beigeordnete Christian Ney und der Bundestagsabgeordnete Chris Petry. Es ist einfach gro\u00dfartig mit welcher Leidenschaft und Einsatzbereitschaft die Kolpingfamilie an der Seite der Rothenbergschule steht. Auch unser L\u00f6schbezirk Dirmingen \u00fcbergab eine Geldspende an den Schulleiter Engel. Ich m\u00f6chte allen Helferinnen und Helfern ganz herzlich f\u00fcr ihre wertvolle ehrenamtliche T\u00e4tigkeit danken. Mein Dank geht aber auch an das Schulpersonal f\u00fcr die aufwendige Gestaltung des Festes. Das \u201eNachbarschaftsfest\u201c ist l\u00e4ngst fester Bestandteil unseres Dorfkalenders.<\/p>\n\n\n\n<div class=\"wp-block-columns is-layout-flex wp-container-core-columns-is-layout-8f761849 wp-block-columns-is-layout-flex\">\n<div class=\"wp-block-column is-layout-flow wp-block-column-is-layout-flow\">\n<figure class=\"wp-block-image size-large\"><img loading=\"lazy\" decoding=\"async\" width=\"700\" height=\"700\" src=\"https:\/\/echta-derminga.de\/wp-content\/uploads\/2023\/07\/355226744_6282815481813124_5978221077027927950_n-700x700.jpg\" alt=\"\" class=\"wp-image-15400\" srcset=\"https:\/\/echta-derminga.de\/wp-content\/uploads\/2023\/07\/355226744_6282815481813124_5978221077027927950_n-700x700.jpg 700w, https:\/\/echta-derminga.de\/wp-content\/uploads\/2023\/07\/355226744_6282815481813124_5978221077027927950_n-300x300.jpg 300w, https:\/\/echta-derminga.de\/wp-content\/uploads\/2023\/07\/355226744_6282815481813124_5978221077027927950_n-150x150.jpg 150w, https:\/\/echta-derminga.de\/wp-content\/uploads\/2023\/07\/355226744_6282815481813124_5978221077027927950_n-768x768.jpg 768w, https:\/\/echta-derminga.de\/wp-content\/uploads\/2023\/07\/355226744_6282815481813124_5978221077027927950_n-90x90.jpg 90w, https:\/\/echta-derminga.de\/wp-content\/uploads\/2023\/07\/355226744_6282815481813124_5978221077027927950_n-75x75.jpg 75w, https:\/\/echta-derminga.de\/wp-content\/uploads\/2023\/07\/355226744_6282815481813124_5978221077027927950_n.jpg 1440w\" sizes=\"auto, (max-width: 700px) 100vw, 700px\" \/><\/figure>\n<\/div>\n\n\n\n<div class=\"wp-block-column is-layout-flow wp-block-column-is-layout-flow\">\n<figure class=\"wp-block-image size-large\"><img loading=\"lazy\" decoding=\"async\" width=\"700\" height=\"700\" src=\"https:\/\/echta-derminga.de\/wp-content\/uploads\/2023\/07\/354567643_6282815475146458_8451564748863936596_n-700x700.jpg\" alt=\"\" class=\"wp-image-15401\" srcset=\"https:\/\/echta-derminga.de\/wp-content\/uploads\/2023\/07\/354567643_6282815475146458_8451564748863936596_n-700x700.jpg 700w, https:\/\/echta-derminga.de\/wp-content\/uploads\/2023\/07\/354567643_6282815475146458_8451564748863936596_n-300x300.jpg 300w, https:\/\/echta-derminga.de\/wp-content\/uploads\/2023\/07\/354567643_6282815475146458_8451564748863936596_n-150x150.jpg 150w, https:\/\/echta-derminga.de\/wp-content\/uploads\/2023\/07\/354567643_6282815475146458_8451564748863936596_n-768x768.jpg 768w, https:\/\/echta-derminga.de\/wp-content\/uploads\/2023\/07\/354567643_6282815475146458_8451564748863936596_n-90x90.jpg 90w, https:\/\/echta-derminga.de\/wp-content\/uploads\/2023\/07\/354567643_6282815475146458_8451564748863936596_n-75x75.jpg 75w, https:\/\/echta-derminga.de\/wp-content\/uploads\/2023\/07\/354567643_6282815475146458_8451564748863936596_n.jpg 1440w\" sizes=\"auto, (max-width: 700px) 100vw, 700px\" \/><\/figure>\n<\/div>\n<\/div>\n\n\n\n<p class=\"has-medium-font-size wp-block-paragraph\"><strong>Sinnloser Vandalismus an unschuldigen \u201eStreetbudys\u201c<\/strong><\/p>\n\n\n\n<p class=\"has-medium-font-size wp-block-paragraph\">Stinksauer! Hirnlose Aktion einiger Unverbesserlichen. Ich bin so dankbar, dass ich einige gute B\u00fcrgerinnen und B\u00fcrger gefunden habe, die unsere &#8222;Streetbudys-Aktion&#8220; aktiv unterst\u00fctzt haben. Da steckt viel Engagement, Geld und Eigeninitiative drin! Nun wurde zum wiederholten male ein &#8222;Streetbudy&#8220;, in der B\u00f6llingerstrasse, aus der Verankerung gerissen und entwendet. Warum? Bei so einem Misst, rei\u00dft mir der Geduldsfaden. Die Hauseigent\u00fcmer haben v\u00f6llig zurecht die Polizei eingeschaltet. Ich m\u00f6chte der Familie Feit ganz herzlich f\u00fcr ihren Einsatz und die wichtige Unterst\u00fctzung danken. Mittlerweile haben sich <\/p>\n\n\n<div class=\"wp-block-image\">\n<figure class=\"aligncenter size-large\"><img loading=\"lazy\" decoding=\"async\" width=\"700\" height=\"700\" src=\"https:\/\/echta-derminga.de\/wp-content\/uploads\/2023\/07\/355484179_6306821976079141_2363789666863575127_n-700x700.jpg\" alt=\"\" class=\"wp-image-15403\" srcset=\"https:\/\/echta-derminga.de\/wp-content\/uploads\/2023\/07\/355484179_6306821976079141_2363789666863575127_n-700x700.jpg 700w, https:\/\/echta-derminga.de\/wp-content\/uploads\/2023\/07\/355484179_6306821976079141_2363789666863575127_n-300x300.jpg 300w, https:\/\/echta-derminga.de\/wp-content\/uploads\/2023\/07\/355484179_6306821976079141_2363789666863575127_n-150x150.jpg 150w, https:\/\/echta-derminga.de\/wp-content\/uploads\/2023\/07\/355484179_6306821976079141_2363789666863575127_n-768x768.jpg 768w, https:\/\/echta-derminga.de\/wp-content\/uploads\/2023\/07\/355484179_6306821976079141_2363789666863575127_n-90x90.jpg 90w, https:\/\/echta-derminga.de\/wp-content\/uploads\/2023\/07\/355484179_6306821976079141_2363789666863575127_n-75x75.jpg 75w, https:\/\/echta-derminga.de\/wp-content\/uploads\/2023\/07\/355484179_6306821976079141_2363789666863575127_n.jpg 1440w\" sizes=\"auto, (max-width: 700px) 100vw, 700px\" \/><\/figure>\n<\/div>\n\n\n<p class=\"has-medium-font-size wp-block-paragraph\"><strong>Informationen zum Thema \u201eEnkeltrick\u201c w\u00e4hrend der Sprechstunde des Ortsvorstehers<\/strong><\/p>\n\n\n\n<p class=\"has-medium-font-size wp-block-paragraph\">Schon mal etwas vom Enkeltrick geh\u00f6rt? Im Saarland ist in den vergangenen Jahren die Zahl der Betrugs-Anrufe angestiegen.Viele Betroffene Opfer sch\u00e4men sich und geben die Vorf\u00e4lle nicht zur Anzeige. Dabei werden die T\u00e4ter immer skrupelloser und erfinden t\u00e4glich neue B\u00f6sartigkeiten. Nat\u00fcrlich sind auch die Menschen in unserem Heimatort betroffen. Die neue Betrugsmasche richtet sich in erster Linie gegen \u00e4ltere Menschen. Dabei ist es nicht mehr nur der Enkeltrick, mit dem Betr\u00fcger ihr Unwesen betreiben. Ganz oft werden die Straftaten per Telefon oder Messenger- Dienst in die Wege geleitet. Die T\u00e4ter sind oft in Banden organisiert und geschickt darin ihren Opfern Angst zu machen. Was also tun? \u00dcber Medien, Veranstaltungen und Brosch\u00fcren m\u00f6chte die Polizei Tipps und Handlungsweisen vermittelt. Wie kann ich mich vor den Betr\u00fcgern sch\u00fctzen? Wichtig ist, dass man bei diesen sogenannten Schockanrufen die Nerven bewahrt. Fragen Sie sich zun\u00e4chst, ob es tats\u00e4chlich sein k\u00f6nnte, dass ihr Verwandter in einer solchen Misere steckt. Schon beim geringsten Zweifel: Legen Sie einfach den H\u00f6rer auf und kontaktieren Sie die Polizei. In Dirmingen haben wir mit J\u00fcrgen Gordner einen Seniorensicherheitsbeauftragten, der sich unter anderem mit dem Thema \u201cEnkeltrick\u201d besch\u00e4ftigt und wichtige Tipps und Hilfestellungen weitergibt. Bei Anfragen k\u00f6nnen Sie J\u00fcrgen Gordner jederzeit unter seiner Telefonnummer 015201715709 kontaktieren.<\/p>\n\n\n\n<p class=\"has-medium-font-size wp-block-paragraph\"><strong>Feierabend Klappstuhlkonzert im Br\u00fchlpark<\/strong><\/p>\n\n\n\n<p class=\"has-medium-font-size wp-block-paragraph\">Die Gemeinde Eppelborn bietet in diesem Jahr erstmals ihre Feierabend -Klappstuhlkonzerte in einzelnen Ortsteilen an. Nach den ersten beiden Konzerten in Eppelborn mit der Dirminger Gruppe &#8222;Perlregen&#8220; fand inzwischen ein weiteres Konzert am Schloss in Bubach\/Calmesweiler statt. Beide Konzerte wurden von ca. 250 Menschen begeistert gefeiert. Nun ist Dirmingen an der Reihe: Ich m\u00f6chte Ihnen gerne das Feierabend- Klappstuhlkonzert mit der Gruppe \u201eMr.be &amp; me\u201c ans Herz legen. Das Konzert findet am Donnerstag, 13. Juli um 19:00 Uhr im Br\u00fchlpark statt. Der Kulturverein Dirmingen sorgt f\u00fcr die Verk\u00f6stigung und ein einzigartiges Ambiente. Wir freuen uns dieses einzigartige Konzert und w\u00fcnschen Ihnen viel Spa\u00df und einen angenehmen Aufenthalt im sch\u00f6nsten Dorf der Welt. Der Eintritt ist frei ! Am Ende des Konzertes werden freiwillige Spenden f\u00fcr die K\u00fcnstler gesammelt. Ich bin sehr stolz darauf, dass wir dieses Event in Dirmingen praktisch mit eigener Kraft gestemmt bekommen. Der Kulturverein ist ein verl\u00e4sslicher Partner und in Dirmingen haben wir ohnehin viele talentierte Musikerinnen und Musiker !<\/p>\n\n\n\n<div class=\"wp-block-columns is-layout-flex wp-container-core-columns-is-layout-8f761849 wp-block-columns-is-layout-flex\">\n<div class=\"wp-block-column is-layout-flow wp-block-column-is-layout-flow\">\n<figure class=\"wp-block-image size-large\"><img loading=\"lazy\" decoding=\"async\" width=\"700\" height=\"700\" src=\"https:\/\/echta-derminga.de\/wp-content\/uploads\/2023\/07\/353618999_641247178043574_4846592643007076578_n-700x700.jpg\" alt=\"\" class=\"wp-image-15405\" srcset=\"https:\/\/echta-derminga.de\/wp-content\/uploads\/2023\/07\/353618999_641247178043574_4846592643007076578_n-700x700.jpg 700w, https:\/\/echta-derminga.de\/wp-content\/uploads\/2023\/07\/353618999_641247178043574_4846592643007076578_n-300x300.jpg 300w, https:\/\/echta-derminga.de\/wp-content\/uploads\/2023\/07\/353618999_641247178043574_4846592643007076578_n-150x150.jpg 150w, https:\/\/echta-derminga.de\/wp-content\/uploads\/2023\/07\/353618999_641247178043574_4846592643007076578_n-768x768.jpg 768w, https:\/\/echta-derminga.de\/wp-content\/uploads\/2023\/07\/353618999_641247178043574_4846592643007076578_n-90x90.jpg 90w, https:\/\/echta-derminga.de\/wp-content\/uploads\/2023\/07\/353618999_641247178043574_4846592643007076578_n-75x75.jpg 75w, https:\/\/echta-derminga.de\/wp-content\/uploads\/2023\/07\/353618999_641247178043574_4846592643007076578_n.jpg 1080w\" sizes=\"auto, (max-width: 700px) 100vw, 700px\" \/><\/figure>\n<\/div>\n\n\n\n<div class=\"wp-block-column is-layout-flow wp-block-column-is-layout-flow\">\n<figure class=\"wp-block-image size-large\"><img loading=\"lazy\" decoding=\"async\" width=\"700\" height=\"587\" src=\"https:\/\/echta-derminga.de\/wp-content\/uploads\/2023\/07\/353661158_1351091329082254_5463651095249072674_n-700x587.jpg\" alt=\"\" class=\"wp-image-15406\" srcset=\"https:\/\/echta-derminga.de\/wp-content\/uploads\/2023\/07\/353661158_1351091329082254_5463651095249072674_n-700x587.jpg 700w, https:\/\/echta-derminga.de\/wp-content\/uploads\/2023\/07\/353661158_1351091329082254_5463651095249072674_n-300x251.jpg 300w, https:\/\/echta-derminga.de\/wp-content\/uploads\/2023\/07\/353661158_1351091329082254_5463651095249072674_n-768x644.jpg 768w, https:\/\/echta-derminga.de\/wp-content\/uploads\/2023\/07\/353661158_1351091329082254_5463651095249072674_n.jpg 940w\" sizes=\"auto, (max-width: 700px) 100vw, 700px\" \/><\/figure>\n<\/div>\n<\/div>\n\n\n\n<p class=\"has-medium-font-size wp-block-paragraph\"><strong>Der Sommer bringt Freiheit, Spa\u00df und Erholung. Lassen Sie uns diese wundervolle Jahreszeit von ihrer sch\u00f6nsten Seite genie\u00dfen. Dirmingen hat so vieles zu bieten. Gehen Sie raus und wandern Sie einfach mal \u00fcber unsere Gemarkung. Auf ihrem Weg werden Sie viele wunderbare Eindr\u00fccke sammeln. Ich lade Sie herzlich dazu ein Dirmingen und seine Natur und Kultur n\u00e4her kennenzulernen.<\/strong><\/p>\n\n\n\n<p class=\"has-medium-font-size wp-block-paragraph\"><strong><em>Ihr Ortsvorsteher<\/em><\/strong><\/p>\n\n\n\n<p class=\"has-medium-font-size wp-block-paragraph\"><strong><em>Frank Klein<\/em><\/strong><\/p>\n\n\n\n<div class=\"wp-block-columns is-layout-flex wp-container-core-columns-is-layout-8f761849 wp-block-columns-is-layout-flex\">\n<div class=\"wp-block-column is-layout-flow wp-block-column-is-layout-flow\">\n<figure class=\"wp-block-image size-large\"><img loading=\"lazy\" decoding=\"async\" width=\"700\" height=\"594\" src=\"https:\/\/echta-derminga.de\/wp-content\/uploads\/2023\/07\/356036762_6306753679419304_1995475614749168420_n-700x594.jpg\" alt=\"\" class=\"wp-image-15408\" srcset=\"https:\/\/echta-derminga.de\/wp-content\/uploads\/2023\/07\/356036762_6306753679419304_1995475614749168420_n-700x594.jpg 700w, https:\/\/echta-derminga.de\/wp-content\/uploads\/2023\/07\/356036762_6306753679419304_1995475614749168420_n-300x254.jpg 300w, https:\/\/echta-derminga.de\/wp-content\/uploads\/2023\/07\/356036762_6306753679419304_1995475614749168420_n-768x651.jpg 768w, https:\/\/echta-derminga.de\/wp-content\/uploads\/2023\/07\/356036762_6306753679419304_1995475614749168420_n-1536x1302.jpg 1536w, https:\/\/echta-derminga.de\/wp-content\/uploads\/2023\/07\/356036762_6306753679419304_1995475614749168420_n.jpg 1598w\" sizes=\"auto, (max-width: 700px) 100vw, 700px\" \/><\/figure>\n<\/div>\n\n\n\n<div class=\"wp-block-column is-layout-flow wp-block-column-is-layout-flow\">\n<figure class=\"wp-block-image size-large\"><img loading=\"lazy\" decoding=\"async\" width=\"700\" height=\"525\" src=\"https:\/\/echta-derminga.de\/wp-content\/uploads\/2023\/07\/356142556_6306753329419339_5023159862222109103_n-700x525.jpg\" alt=\"\" class=\"wp-image-15410\" srcset=\"https:\/\/echta-derminga.de\/wp-content\/uploads\/2023\/07\/356142556_6306753329419339_5023159862222109103_n-700x525.jpg 700w, https:\/\/echta-derminga.de\/wp-content\/uploads\/2023\/07\/356142556_6306753329419339_5023159862222109103_n-300x225.jpg 300w, https:\/\/echta-derminga.de\/wp-content\/uploads\/2023\/07\/356142556_6306753329419339_5023159862222109103_n-768x576.jpg 768w, https:\/\/echta-derminga.de\/wp-content\/uploads\/2023\/07\/356142556_6306753329419339_5023159862222109103_n-1536x1152.jpg 1536w, https:\/\/echta-derminga.de\/wp-content\/uploads\/2023\/07\/356142556_6306753329419339_5023159862222109103_n.jpg 1600w\" sizes=\"auto, (max-width: 700px) 100vw, 700px\" \/><\/figure>\n<\/div>\n<\/div>\n\n\n\n<div class=\"wp-block-columns is-layout-flex wp-container-core-columns-is-layout-8f761849 wp-block-columns-is-layout-flex\">\n<div class=\"wp-block-column is-layout-flow wp-block-column-is-layout-flow\">\n<figure class=\"wp-block-image size-large\"><img loading=\"lazy\" decoding=\"async\" width=\"700\" height=\"323\" src=\"https:\/\/echta-derminga.de\/wp-content\/uploads\/2023\/07\/356105797_6306755646085774_1106480828329261408_n-1-700x323.jpg\" alt=\"\" class=\"wp-image-15411\" srcset=\"https:\/\/echta-derminga.de\/wp-content\/uploads\/2023\/07\/356105797_6306755646085774_1106480828329261408_n-1-700x323.jpg 700w, https:\/\/echta-derminga.de\/wp-content\/uploads\/2023\/07\/356105797_6306755646085774_1106480828329261408_n-1-300x139.jpg 300w, https:\/\/echta-derminga.de\/wp-content\/uploads\/2023\/07\/356105797_6306755646085774_1106480828329261408_n-1-768x355.jpg 768w, https:\/\/echta-derminga.de\/wp-content\/uploads\/2023\/07\/356105797_6306755646085774_1106480828329261408_n-1-1536x710.jpg 1536w, https:\/\/echta-derminga.de\/wp-content\/uploads\/2023\/07\/356105797_6306755646085774_1106480828329261408_n-1.jpg 2048w\" sizes=\"auto, (max-width: 700px) 100vw, 700px\" \/><\/figure>\n<\/div>\n\n\n\n<div class=\"wp-block-column is-layout-flow wp-block-column-is-layout-flow\">\n<figure class=\"wp-block-image size-large\"><img loading=\"lazy\" decoding=\"async\" width=\"700\" height=\"323\" src=\"https:\/\/echta-derminga.de\/wp-content\/uploads\/2023\/07\/356151095_6306754552752550_8843629485737935752_n-700x323.jpg\" alt=\"\" class=\"wp-image-15412\" srcset=\"https:\/\/echta-derminga.de\/wp-content\/uploads\/2023\/07\/356151095_6306754552752550_8843629485737935752_n-700x323.jpg 700w, https:\/\/echta-derminga.de\/wp-content\/uploads\/2023\/07\/356151095_6306754552752550_8843629485737935752_n-300x139.jpg 300w, https:\/\/echta-derminga.de\/wp-content\/uploads\/2023\/07\/356151095_6306754552752550_8843629485737935752_n-768x355.jpg 768w, https:\/\/echta-derminga.de\/wp-content\/uploads\/2023\/07\/356151095_6306754552752550_8843629485737935752_n-1536x710.jpg 1536w, https:\/\/echta-derminga.de\/wp-content\/uploads\/2023\/07\/356151095_6306754552752550_8843629485737935752_n.jpg 2048w\" sizes=\"auto, (max-width: 700px) 100vw, 700px\" \/><\/figure>\n<\/div>\n<\/div>\n\n\n\n<div class=\"wp-block-columns is-layout-flex wp-container-core-columns-is-layout-8f761849 wp-block-columns-is-layout-flex\">\n<div class=\"wp-block-column is-layout-flow wp-block-column-is-layout-flow\">\n<figure class=\"wp-block-image size-large\"><img loading=\"lazy\" decoding=\"async\" width=\"700\" height=\"323\" src=\"https:\/\/echta-derminga.de\/wp-content\/uploads\/2023\/07\/355896542_6306753986085940_1737588973006739346_n-700x323.jpg\" alt=\"\" class=\"wp-image-15413\" srcset=\"https:\/\/echta-derminga.de\/wp-content\/uploads\/2023\/07\/355896542_6306753986085940_1737588973006739346_n-700x323.jpg 700w, https:\/\/echta-derminga.de\/wp-content\/uploads\/2023\/07\/355896542_6306753986085940_1737588973006739346_n-300x139.jpg 300w, https:\/\/echta-derminga.de\/wp-content\/uploads\/2023\/07\/355896542_6306753986085940_1737588973006739346_n-768x355.jpg 768w, https:\/\/echta-derminga.de\/wp-content\/uploads\/2023\/07\/355896542_6306753986085940_1737588973006739346_n-1536x710.jpg 1536w, https:\/\/echta-derminga.de\/wp-content\/uploads\/2023\/07\/355896542_6306753986085940_1737588973006739346_n.jpg 2048w\" sizes=\"auto, (max-width: 700px) 100vw, 700px\" \/><\/figure>\n<\/div>\n\n\n\n<div class=\"wp-block-column is-layout-flow wp-block-column-is-layout-flow\">\n<figure class=\"wp-block-image size-large\"><img loading=\"lazy\" decoding=\"async\" width=\"700\" height=\"379\" src=\"https:\/\/echta-derminga.de\/wp-content\/uploads\/2023\/07\/356059689_6306755046085834_936772122207834638_n-700x379.jpg\" alt=\"\" class=\"wp-image-15414\" srcset=\"https:\/\/echta-derminga.de\/wp-content\/uploads\/2023\/07\/356059689_6306755046085834_936772122207834638_n-700x379.jpg 700w, https:\/\/echta-derminga.de\/wp-content\/uploads\/2023\/07\/356059689_6306755046085834_936772122207834638_n-300x163.jpg 300w, https:\/\/echta-derminga.de\/wp-content\/uploads\/2023\/07\/356059689_6306755046085834_936772122207834638_n-768x416.jpg 768w, https:\/\/echta-derminga.de\/wp-content\/uploads\/2023\/07\/356059689_6306755046085834_936772122207834638_n-1536x833.jpg 1536w, https:\/\/echta-derminga.de\/wp-content\/uploads\/2023\/07\/356059689_6306755046085834_936772122207834638_n.jpg 2048w\" sizes=\"auto, (max-width: 700px) 100vw, 700px\" \/><\/figure>\n<\/div>\n<\/div>\n\n\n\n<div class=\"wp-block-columns is-layout-flex wp-container-core-columns-is-layout-8f761849 wp-block-columns-is-layout-flex\">\n<div class=\"wp-block-column is-layout-flow wp-block-column-is-layout-flow\">\n<figure class=\"wp-block-image size-large\"><img loading=\"lazy\" decoding=\"async\" width=\"700\" height=\"1028\" src=\"https:\/\/echta-derminga.de\/wp-content\/uploads\/2023\/07\/356157857_6306755326085806_5307121299330038178_n-700x1028.jpg\" alt=\"\" class=\"wp-image-15415\" srcset=\"https:\/\/echta-derminga.de\/wp-content\/uploads\/2023\/07\/356157857_6306755326085806_5307121299330038178_n-700x1028.jpg 700w, https:\/\/echta-derminga.de\/wp-content\/uploads\/2023\/07\/356157857_6306755326085806_5307121299330038178_n-204x300.jpg 204w, https:\/\/echta-derminga.de\/wp-content\/uploads\/2023\/07\/356157857_6306755326085806_5307121299330038178_n-768x1128.jpg 768w, https:\/\/echta-derminga.de\/wp-content\/uploads\/2023\/07\/356157857_6306755326085806_5307121299330038178_n-1046x1536.jpg 1046w, https:\/\/echta-derminga.de\/wp-content\/uploads\/2023\/07\/356157857_6306755326085806_5307121299330038178_n.jpg 1395w\" sizes=\"auto, (max-width: 700px) 100vw, 700px\" \/><\/figure>\n<\/div>\n\n\n\n<div class=\"wp-block-column is-layout-flow wp-block-column-is-layout-flow\">\n<figure class=\"wp-block-image size-large\"><img loading=\"lazy\" decoding=\"async\" width=\"700\" height=\"1029\" src=\"https:\/\/echta-derminga.de\/wp-content\/uploads\/2023\/07\/356378316_6306755902752415_2307626454726958604_n-700x1029.jpg\" alt=\"\" class=\"wp-image-15416\" srcset=\"https:\/\/echta-derminga.de\/wp-content\/uploads\/2023\/07\/356378316_6306755902752415_2307626454726958604_n-700x1029.jpg 700w, https:\/\/echta-derminga.de\/wp-content\/uploads\/2023\/07\/356378316_6306755902752415_2307626454726958604_n-204x300.jpg 204w, https:\/\/echta-derminga.de\/wp-content\/uploads\/2023\/07\/356378316_6306755902752415_2307626454726958604_n-768x1129.jpg 768w, https:\/\/echta-derminga.de\/wp-content\/uploads\/2023\/07\/356378316_6306755902752415_2307626454726958604_n-1045x1536.jpg 1045w, https:\/\/echta-derminga.de\/wp-content\/uploads\/2023\/07\/356378316_6306755902752415_2307626454726958604_n.jpg 1393w\" sizes=\"auto, (max-width: 700px) 100vw, 700px\" \/><\/figure>\n<\/div>\n<\/div>\n","protected":false},"excerpt":{"rendered":"<p>Der Sommer zieht lachend \u00fcber unser Land. Seit Wochen brennt die Sonne auf unsere Erde und sorgt dabei nicht nur f\u00fcr Begeisterung. Auf der einen Seite genie\u00dfen wir die hei\u00dfen Temperaturen und das Leben. Lachen, Sonnenbaden, schwimmen und schwenken. Das Leben kann so sch\u00f6n sein! Auf der anderen Seite sehen wir die Probleme, die mit der starken Sonneneinwirkung auftauchen. Unsere<\/p>\n","protected":false},"author":1,"featured_media":15373,"comment_status":"open","ping_status":"closed","sticky":false,"template":"","format":"standard","meta":{"_crdt_document":"","footnotes":""},"categories":[1,9,812],"tags":[5,618,127,634,795,310],"class_list":["post-15388","post","type-post","status-publish","format-standard","has-post-thumbnail","hentry","category-allgemein","category-dorfgetratsche","category-ortsvorsteher-dirmingen","tag-dirmingen","tag-gemeinde-eppelborn","tag-landkreis-neunkirchen","tag-ortsvorsteher","tag-ortsvorsteher-dirmingen","tag-saarland"],"_links":{"self":[{"href":"https:\/\/echta-derminga.de\/index.php?rest_route=\/wp\/v2\/posts\/15388","targetHints":{"allow":["GET"]}}],"collection":[{"href":"https:\/\/echta-derminga.de\/index.php?rest_route=\/wp\/v2\/posts"}],"about":[{"href":"https:\/\/echta-derminga.de\/index.php?rest_route=\/wp\/v2\/types\/post"}],"author":[{"embeddable":true,"href":"https:\/\/echta-derminga.de\/index.php?rest_route=\/wp\/v2\/users\/1"}],"replies":[{"embeddable":true,"href":"https:\/\/echta-derminga.de\/index.php?rest_route=%2Fwp%2Fv2%2Fcomments&post=15388"}],"version-history":[{"count":12,"href":"https:\/\/echta-derminga.de\/index.php?rest_route=\/wp\/v2\/posts\/15388\/revisions"}],"predecessor-version":[{"id":15424,"href":"https:\/\/echta-derminga.de\/index.php?rest_route=\/wp\/v2\/posts\/15388\/revisions\/15424"}],"wp:featuredmedia":[{"embeddable":true,"href":"https:\/\/echta-derminga.de\/index.php?rest_route=\/wp\/v2\/media\/15373"}],"wp:attachment":[{"href":"https:\/\/echta-derminga.de\/index.php?rest_route=%2Fwp%2Fv2%2Fmedia&parent=15388"}],"wp:term":[{"taxonomy":"category","embeddable":true,"href":"https:\/\/echta-derminga.de\/index.php?rest_route=%2Fwp%2Fv2%2Fcategories&post=15388"},{"taxonomy":"post_tag","embeddable":true,"href":"https:\/\/echta-derminga.de\/index.php?rest_route=%2Fwp%2Fv2%2Ftags&post=15388"}],"curies":[{"name":"wp","href":"https:\/\/api.w.org\/{rel}","templated":true}]}}