{"id":15431,"date":"2023-07-15T11:53:18","date_gmt":"2023-07-15T10:53:18","guid":{"rendered":"https:\/\/echta-derminga.de\/?p=15431"},"modified":"2023-07-15T12:43:33","modified_gmt":"2023-07-15T11:43:33","slug":"klappstuhlkonzert-im-bruehlpark-mit-mehr-miteinander-gemeinsam-etwas-bewegen","status":"publish","type":"post","link":"https:\/\/echta-derminga.de\/?p=15431","title":{"rendered":"Klappstuhlkonzert im Br\u00fchlpark \u2013 Mit \u201emehr\u201c Miteinander gemeinsam etwas bewegen!"},"content":{"rendered":"\n<p class=\"has-medium-font-size wp-block-paragraph\"><strong>Insgeheim hatte Ich schon damit gerechnet, dass unser Klappstuhlkonzert im Br\u00fchlpark ein Erfolg werden k\u00f6nnte. \u00dcber das Ausma\u00df dieses Erfolges war ich am Ende selbst mehr als \u00fcberrascht. Unser Br\u00fchlpark wurde wieder mal dem Ruf als Eventkulisse mehr als gerecht. Das \u201eFeierabend-Klappstuhl-Konzert\u201c mit der Dirminger Formation \u201eMr.Be&amp;Me\u201c wurde von \u00fcber 450 Menschen besucht. Die Idee zu dieser Konzertreihe kam vom Kulturamt unserer Gemeindeverwaltung. Ziel war oder ist es in den einzelnen Ortsteilen unserer Gemeinde mit kleinen Konzerten den Menschen zum Feierabend eine kleine Freude zu bereiten. Aus den geplanten Kleinkunstveranstaltungen wurden schnell echte Besuchermagnete. Schon das Auftaktkonzert unserer Dirminger Formation \u201ePerlregen\u201c auf dem Marktplatz in Eppelborn war ein toller Erfolg. Mit dem Konzert am Schloss in Bubach\/ Calmesweiler wuchs bei den Verantwortlichen die Zuversicht<\/strong> <strong>etwas ganz besonders ins Leben gerufen zu haben.<\/strong><\/p>\n\n\n\n<p class=\"has-medium-font-size wp-block-paragraph\">Ich habe fest an mein Dorf geglaubt und wurde nicht entt\u00e4uscht. Das Konzert im Dirminger Br\u00fchlpark sprengte alle Erwartungen. \u201eMr. be &amp; me\u201c alias S\u00e4ngerin Nina Heidemann und ihr Ehemann Sven verzauberten das Publikum. Der Park wurde von einem wunderbaren harmonischen Flair \u00fcberdeckt. Vieles erinnerte zugegebenerma\u00dfen an das Musikpicknick des TKN auf Finkenrech. Vieles war genauso und doch irgendwie ganz anders. Die Menschen genossen den Feierabend bei einem Bier, einem Glas Wein, einer Rostwurst oder einem Cocktail. \u00dcberall freundliche und zufriedene Gesichter. Nach einer ruhigen und entspannten Anfangsphase mit meinem pers\u00f6nlichen Lieblingslied &#8222;Heimat&#8220; steigerte sich die Stimmung und endete einer echten Party.<\/p>\n\n\n\n<div class=\"wp-block-columns is-layout-flex wp-container-core-columns-is-layout-8f761849 wp-block-columns-is-layout-flex\">\n<div class=\"wp-block-column is-layout-flow wp-block-column-is-layout-flow\">\n<figure class=\"wp-block-image size-large\"><img loading=\"lazy\" decoding=\"async\" width=\"700\" height=\"525\" src=\"https:\/\/echta-derminga.de\/wp-content\/uploads\/2023\/07\/358702149_6368144573280214_3811947999593993113_n-700x525.jpg\" alt=\"\" class=\"wp-image-15433\" srcset=\"https:\/\/echta-derminga.de\/wp-content\/uploads\/2023\/07\/358702149_6368144573280214_3811947999593993113_n-700x525.jpg 700w, https:\/\/echta-derminga.de\/wp-content\/uploads\/2023\/07\/358702149_6368144573280214_3811947999593993113_n-300x225.jpg 300w, https:\/\/echta-derminga.de\/wp-content\/uploads\/2023\/07\/358702149_6368144573280214_3811947999593993113_n-768x576.jpg 768w, https:\/\/echta-derminga.de\/wp-content\/uploads\/2023\/07\/358702149_6368144573280214_3811947999593993113_n.jpg 1080w\" sizes=\"auto, (max-width: 700px) 100vw, 700px\" \/><\/figure>\n<\/div>\n\n\n\n<div class=\"wp-block-column is-layout-flow wp-block-column-is-layout-flow\">\n<figure class=\"wp-block-image size-large\"><img loading=\"lazy\" decoding=\"async\" width=\"700\" height=\"525\" src=\"https:\/\/echta-derminga.de\/wp-content\/uploads\/2023\/07\/358486452_6369418626486142_8230612027585262023_n-700x525.jpg\" alt=\"\" class=\"wp-image-15435\" srcset=\"https:\/\/echta-derminga.de\/wp-content\/uploads\/2023\/07\/358486452_6369418626486142_8230612027585262023_n-700x525.jpg 700w, https:\/\/echta-derminga.de\/wp-content\/uploads\/2023\/07\/358486452_6369418626486142_8230612027585262023_n-300x225.jpg 300w, https:\/\/echta-derminga.de\/wp-content\/uploads\/2023\/07\/358486452_6369418626486142_8230612027585262023_n-768x576.jpg 768w, https:\/\/echta-derminga.de\/wp-content\/uploads\/2023\/07\/358486452_6369418626486142_8230612027585262023_n.jpg 1080w\" sizes=\"auto, (max-width: 700px) 100vw, 700px\" \/><\/figure>\n<\/div>\n<\/div>\n\n\n\n<p class=\"has-medium-font-size wp-block-paragraph\"><strong>Leise Zeichen! Manchmal sind es die kleinen Zwischent\u00f6ne, die man sich zu Herzen nehmen sollte. Da sagte eine liebe Frau zu mir:\u201c Hier in dem Dorf bewegt sich gerade etwas\u201c oder ein Mann forderte mich auf das \u201eDerminga D\u00f6rfche\u201c anzustimmen. Mittendrin feierten Mitglieder des KKV, des SVD und des TVD. Alles zusammen im Fluss. Alles gut! F\u00fcr die kulinarische Verk\u00f6stigung sorgten CDU und SPD!<\/strong><\/p>\n\n\n\n<div class=\"wp-block-columns is-layout-flex wp-container-core-columns-is-layout-8f761849 wp-block-columns-is-layout-flex\">\n<div class=\"wp-block-column is-layout-flow wp-block-column-is-layout-flow\">\n<figure class=\"wp-block-image size-large\"><img loading=\"lazy\" decoding=\"async\" width=\"700\" height=\"614\" src=\"https:\/\/echta-derminga.de\/wp-content\/uploads\/2023\/07\/11-700x614.jpg\" alt=\"\" class=\"wp-image-15467\" srcset=\"https:\/\/echta-derminga.de\/wp-content\/uploads\/2023\/07\/11-700x614.jpg 700w, https:\/\/echta-derminga.de\/wp-content\/uploads\/2023\/07\/11-300x263.jpg 300w, https:\/\/echta-derminga.de\/wp-content\/uploads\/2023\/07\/11-768x673.jpg 768w, https:\/\/echta-derminga.de\/wp-content\/uploads\/2023\/07\/11.jpg 900w\" sizes=\"auto, (max-width: 700px) 100vw, 700px\" \/><\/figure>\n<\/div>\n\n\n\n<div class=\"wp-block-column is-layout-flow wp-block-column-is-layout-flow\">\n<figure class=\"wp-block-image size-large\"><img loading=\"lazy\" decoding=\"async\" width=\"700\" height=\"839\" src=\"https:\/\/echta-derminga.de\/wp-content\/uploads\/2023\/07\/22-700x839.jpg\" alt=\"\" class=\"wp-image-15468\" srcset=\"https:\/\/echta-derminga.de\/wp-content\/uploads\/2023\/07\/22-700x839.jpg 700w, https:\/\/echta-derminga.de\/wp-content\/uploads\/2023\/07\/22-250x300.jpg 250w, https:\/\/echta-derminga.de\/wp-content\/uploads\/2023\/07\/22-768x921.jpg 768w, https:\/\/echta-derminga.de\/wp-content\/uploads\/2023\/07\/22.jpg 900w\" sizes=\"auto, (max-width: 700px) 100vw, 700px\" \/><\/figure>\n<\/div>\n<\/div>\n\n\n\n<p class=\"has-medium-font-size wp-block-paragraph\">Im Laufe dieser Veranstaltung wurde mir wieder mal deutlich vor Augen gef\u00fchrt, dass wir nur gemeinsam etwas f\u00fcr unser Dorf erreichen k\u00f6nnen. Ich m\u00f6chte an dieser Stelle die gute Zusammenarbeit unter allen Ortsvorstehern und dem B\u00fcrgermeister hervorheben. Die Zeiten, in denen nur noch auf die eigenen Erfolge geachtet werden, sind trotz so manchen Konkurrenzdenken endg\u00fcltig Geschichte. Wenn sich auch so mancher Zeitgenosse im Netz gerne dar\u00fcber freuen m\u00f6chte, wenn wir uns im Gemeinderat buchst\u00e4blich die Sch\u00e4del einschlagen, so \u00fcberwiegt doch die Vernunft. Ein Jahr vor der Kommunalwahl l\u00e4uft alles in ruhigen Gew\u00e4ssern. Gut so! Wichtig sind die Menschen und das Miteinander. Wichtig ist die Zukunft unseres Dorfes. Im Herbst beginnt der Wahlkampf f\u00fcr die Kommunalwahl 2024. Bleibt die Hoffnung, dass wir alle die Nerven bewahren und das Wesentliche im Blick behalten.<\/p>\n\n\n\n<div class=\"wp-block-columns is-layout-flex wp-container-core-columns-is-layout-8f761849 wp-block-columns-is-layout-flex\">\n<div class=\"wp-block-column is-layout-flow wp-block-column-is-layout-flow\">\n<figure class=\"wp-block-image size-large\"><img loading=\"lazy\" decoding=\"async\" width=\"700\" height=\"323\" src=\"https:\/\/echta-derminga.de\/wp-content\/uploads\/2023\/07\/358710482_6368144836613521_2757359084329232542_n-700x323.jpg\" alt=\"\" class=\"wp-image-15436\" srcset=\"https:\/\/echta-derminga.de\/wp-content\/uploads\/2023\/07\/358710482_6368144836613521_2757359084329232542_n-700x323.jpg 700w, https:\/\/echta-derminga.de\/wp-content\/uploads\/2023\/07\/358710482_6368144836613521_2757359084329232542_n-300x139.jpg 300w, https:\/\/echta-derminga.de\/wp-content\/uploads\/2023\/07\/358710482_6368144836613521_2757359084329232542_n-768x355.jpg 768w, https:\/\/echta-derminga.de\/wp-content\/uploads\/2023\/07\/358710482_6368144836613521_2757359084329232542_n-1536x710.jpg 1536w, https:\/\/echta-derminga.de\/wp-content\/uploads\/2023\/07\/358710482_6368144836613521_2757359084329232542_n.jpg 2048w\" sizes=\"auto, (max-width: 700px) 100vw, 700px\" \/><\/figure>\n<\/div>\n\n\n\n<div class=\"wp-block-column is-layout-flow wp-block-column-is-layout-flow\">\n<figure class=\"wp-block-image size-large\"><img loading=\"lazy\" decoding=\"async\" width=\"700\" height=\"376\" src=\"https:\/\/echta-derminga.de\/wp-content\/uploads\/2023\/07\/347584940_6158924194225547_1949677525507571505_n-700x376.jpg\" alt=\"\" class=\"wp-image-15437\" srcset=\"https:\/\/echta-derminga.de\/wp-content\/uploads\/2023\/07\/347584940_6158924194225547_1949677525507571505_n-700x376.jpg 700w, https:\/\/echta-derminga.de\/wp-content\/uploads\/2023\/07\/347584940_6158924194225547_1949677525507571505_n-300x161.jpg 300w, https:\/\/echta-derminga.de\/wp-content\/uploads\/2023\/07\/347584940_6158924194225547_1949677525507571505_n-768x413.jpg 768w, https:\/\/echta-derminga.de\/wp-content\/uploads\/2023\/07\/347584940_6158924194225547_1949677525507571505_n-1536x825.jpg 1536w, https:\/\/echta-derminga.de\/wp-content\/uploads\/2023\/07\/347584940_6158924194225547_1949677525507571505_n.jpg 2048w\" sizes=\"auto, (max-width: 700px) 100vw, 700px\" \/><\/figure>\n<\/div>\n<\/div>\n\n\n\n<p class=\"has-medium-font-size wp-block-paragraph\"><strong>Beim Klappstuhlkonzert im Br\u00fchlpark ging es Hand in Hand. Gemeinsame Sache f\u00fcr unser Heimatdorf. Nicht nur die politischen Ortsvereine, sondern auch unsere Dorfvereine genossen dieses gro\u00dfartige Ambiente im Br\u00fchlpark. Ich bin sehr gl\u00fccklich dar\u00fcber, dass es uns gelungen ist, diesen Kleinod Br\u00fchlpark aufzuwerten und der Dorfgemeinschaft zu \u00fcbergeben. Auch das ist ein Projekt, dass durch partei\u00fcbergreifende Zusammenarbeit entstand.<\/strong> <strong>Der Br\u00fchlpark ist am Ende nicht nur die gr\u00fcne Lunge unseres Dorfes sondern auch die Partymeile des Kulturvereins Dirmingen. Die Pl\u00e4ne f\u00fcr das n\u00e4chste &#8222;Park-und Standfest&#8220; 2024 sind im vollen Gange. Oberkulturaner Reimund Klein freut sich auf eine ereignisreiche Zeit.<\/strong> <strong>Gut, dass es den Kulturverein mit seinen zahlreichen Mitgliedern, Helferinnen und Helfern gibt. Ohne diesen Verein w\u00e4re unser Heimatort ein gutes St\u00fcck \u00e4rmer dran.<\/strong><\/p>\n\n\n<div class=\"wp-block-image\">\n<figure class=\"aligncenter size-large\"><img loading=\"lazy\" decoding=\"async\" width=\"700\" height=\"462\" src=\"https:\/\/echta-derminga.de\/wp-content\/uploads\/2023\/07\/33-700x462.jpg\" alt=\"\" class=\"wp-image-15470\" srcset=\"https:\/\/echta-derminga.de\/wp-content\/uploads\/2023\/07\/33-700x462.jpg 700w, https:\/\/echta-derminga.de\/wp-content\/uploads\/2023\/07\/33-300x198.jpg 300w, https:\/\/echta-derminga.de\/wp-content\/uploads\/2023\/07\/33-768x507.jpg 768w, https:\/\/echta-derminga.de\/wp-content\/uploads\/2023\/07\/33.jpg 1364w\" sizes=\"auto, (max-width: 700px) 100vw, 700px\" \/><figcaption class=\"wp-element-caption\">Ein Bild sagt mehr als tausend Worte<\/figcaption><\/figure>\n<\/div>\n\n\n<p class=\"has-medium-font-size wp-block-paragraph\">Meine Arme sind weit ge\u00f6ffnet und nehmen jeden auf der gerne mitmachen und sich einbringen m\u00f6chte. Ganz gleich welche Partei, welche Neigung oder welche Hautfarbe. Wenn wir auf diesem Weg weitergehen und uns gegenseitig unterst\u00fctzen, ist vieles m\u00f6glich. Ich f\u00fcr meinen Teil m\u00f6chte nicht mehr mit Menschen meines Heimatortes wegen der Farbe des Parteibuches streiten. Das Feierabend-Klappstuhlkonzert war auch eine Werbung f\u00fcr \u201emehr\u201c Miteinander. Nat\u00fcrlich geh\u00f6rt es zum guten Ton der Demokratie, um eine Sache zu streiten oder zu diskutieren. Alles im Leben hat seine Zeit! Es gibt eine Zeit der Debatte und es gibt eine Zeit des Zusammenhaltes und der gemeinsamen Verantwortung. Bei allem Konkurrenzkampf d\u00fcrfen wir das niemals vergessen. Alle Kommunalpolitiker tragen gegen\u00fcber der eigenen Bev\u00f6lkerung eine gro\u00dfe Verantwortung.<\/p>\n\n\n\n<div class=\"wp-block-columns is-layout-flex wp-container-core-columns-is-layout-8f761849 wp-block-columns-is-layout-flex\">\n<div class=\"wp-block-column is-layout-flow wp-block-column-is-layout-flow\">\n<figure class=\"wp-block-image size-large\"><img loading=\"lazy\" decoding=\"async\" width=\"700\" height=\"428\" src=\"https:\/\/echta-derminga.de\/wp-content\/uploads\/2023\/07\/359004713_6369421786485826_7539577538526881563_n-700x428.jpg\" alt=\"\" class=\"wp-image-15438\" srcset=\"https:\/\/echta-derminga.de\/wp-content\/uploads\/2023\/07\/359004713_6369421786485826_7539577538526881563_n-700x428.jpg 700w, https:\/\/echta-derminga.de\/wp-content\/uploads\/2023\/07\/359004713_6369421786485826_7539577538526881563_n-300x183.jpg 300w, https:\/\/echta-derminga.de\/wp-content\/uploads\/2023\/07\/359004713_6369421786485826_7539577538526881563_n-768x469.jpg 768w, https:\/\/echta-derminga.de\/wp-content\/uploads\/2023\/07\/359004713_6369421786485826_7539577538526881563_n-1536x938.jpg 1536w, https:\/\/echta-derminga.de\/wp-content\/uploads\/2023\/07\/359004713_6369421786485826_7539577538526881563_n.jpg 2048w\" sizes=\"auto, (max-width: 700px) 100vw, 700px\" \/><\/figure>\n<\/div>\n\n\n\n<div class=\"wp-block-column is-layout-flow wp-block-column-is-layout-flow\">\n<figure class=\"wp-block-image size-large\"><img loading=\"lazy\" decoding=\"async\" width=\"700\" height=\"525\" src=\"https:\/\/echta-derminga.de\/wp-content\/uploads\/2023\/07\/359125658_6369420293152642_8924531559126512271_n-700x525.jpg\" alt=\"\" class=\"wp-image-15439\" srcset=\"https:\/\/echta-derminga.de\/wp-content\/uploads\/2023\/07\/359125658_6369420293152642_8924531559126512271_n-700x525.jpg 700w, https:\/\/echta-derminga.de\/wp-content\/uploads\/2023\/07\/359125658_6369420293152642_8924531559126512271_n-300x225.jpg 300w, https:\/\/echta-derminga.de\/wp-content\/uploads\/2023\/07\/359125658_6369420293152642_8924531559126512271_n-768x576.jpg 768w, https:\/\/echta-derminga.de\/wp-content\/uploads\/2023\/07\/359125658_6369420293152642_8924531559126512271_n-1536x1152.jpg 1536w, https:\/\/echta-derminga.de\/wp-content\/uploads\/2023\/07\/359125658_6369420293152642_8924531559126512271_n.jpg 1600w\" sizes=\"auto, (max-width: 700px) 100vw, 700px\" \/><\/figure>\n<\/div>\n<\/div>\n\n\n\n<p class=\"has-medium-font-size wp-block-paragraph\"><strong>Ich m\u00f6chte mich an dieser Stelle noch einmal bei allen bedanken, die an der Organisation und Umsetzung des Konzertes im Br\u00fchlpark beteiligt waren. Ganz besonders beim Kulturverein Dirmingen die eine fantastische Arbeit geleistet hatten. Vielen Dank auch an die Mitarbeiter des Kulturamtes um Boris Kurz und die Mitarbeiter der Gemeindeverwaltung um B\u00fcrgermeister Dr. Andreas Feld und die Beigeordneten Sebastian Michel und Christian Ney.<\/strong> <strong>Ein Besonderer Dank geht an die Formation &#8222;Mr. Be &amp; Me&#8220; um Nina Heidemann und ihren Ehemann Sven. Wir haben in Dirmingen fantastische Musiker und Bands. Darauf k\u00f6nnen wir echt stolz sein. Vielen Dank f\u00fcr das gemeinsame Miteinander !<\/strong> <\/p>\n\n\n\n<div class=\"wp-block-columns is-layout-flex wp-container-core-columns-is-layout-8f761849 wp-block-columns-is-layout-flex\">\n<div class=\"wp-block-column is-layout-flow wp-block-column-is-layout-flow\">\n<figure class=\"wp-block-image size-large\"><img loading=\"lazy\" decoding=\"async\" width=\"700\" height=\"323\" src=\"https:\/\/echta-derminga.de\/wp-content\/uploads\/2023\/07\/358712539_6368144659946872_7215426421150539803_n-700x323.jpg\" alt=\"\" class=\"wp-image-15440\" srcset=\"https:\/\/echta-derminga.de\/wp-content\/uploads\/2023\/07\/358712539_6368144659946872_7215426421150539803_n-700x323.jpg 700w, https:\/\/echta-derminga.de\/wp-content\/uploads\/2023\/07\/358712539_6368144659946872_7215426421150539803_n-300x139.jpg 300w, https:\/\/echta-derminga.de\/wp-content\/uploads\/2023\/07\/358712539_6368144659946872_7215426421150539803_n-768x355.jpg 768w, https:\/\/echta-derminga.de\/wp-content\/uploads\/2023\/07\/358712539_6368144659946872_7215426421150539803_n-1536x710.jpg 1536w, https:\/\/echta-derminga.de\/wp-content\/uploads\/2023\/07\/358712539_6368144659946872_7215426421150539803_n.jpg 2048w\" sizes=\"auto, (max-width: 700px) 100vw, 700px\" \/><\/figure>\n<\/div>\n\n\n\n<div class=\"wp-block-column is-layout-flow wp-block-column-is-layout-flow\">\n<figure class=\"wp-block-image size-large\"><img loading=\"lazy\" decoding=\"async\" width=\"700\" height=\"323\" src=\"https:\/\/echta-derminga.de\/wp-content\/uploads\/2023\/07\/360166221_6369421129819225_1009046175837367849_n-1-700x323.jpg\" alt=\"\" class=\"wp-image-15441\" srcset=\"https:\/\/echta-derminga.de\/wp-content\/uploads\/2023\/07\/360166221_6369421129819225_1009046175837367849_n-1-700x323.jpg 700w, https:\/\/echta-derminga.de\/wp-content\/uploads\/2023\/07\/360166221_6369421129819225_1009046175837367849_n-1-300x139.jpg 300w, https:\/\/echta-derminga.de\/wp-content\/uploads\/2023\/07\/360166221_6369421129819225_1009046175837367849_n-1-768x355.jpg 768w, https:\/\/echta-derminga.de\/wp-content\/uploads\/2023\/07\/360166221_6369421129819225_1009046175837367849_n-1-1536x710.jpg 1536w, https:\/\/echta-derminga.de\/wp-content\/uploads\/2023\/07\/360166221_6369421129819225_1009046175837367849_n-1.jpg 2048w\" sizes=\"auto, (max-width: 700px) 100vw, 700px\" \/><\/figure>\n<\/div>\n<\/div>\n\n\n<div class=\"wp-block-image\">\n<figure class=\"aligncenter size-large\"><img loading=\"lazy\" decoding=\"async\" width=\"700\" height=\"933\" src=\"https:\/\/echta-derminga.de\/wp-content\/uploads\/2023\/07\/360082327_6368144499946888_7626389429831231175_n-700x933.jpg\" alt=\"\" class=\"wp-image-15442\" srcset=\"https:\/\/echta-derminga.de\/wp-content\/uploads\/2023\/07\/360082327_6368144499946888_7626389429831231175_n-700x933.jpg 700w, https:\/\/echta-derminga.de\/wp-content\/uploads\/2023\/07\/360082327_6368144499946888_7626389429831231175_n-225x300.jpg 225w, https:\/\/echta-derminga.de\/wp-content\/uploads\/2023\/07\/360082327_6368144499946888_7626389429831231175_n-768x1024.jpg 768w, https:\/\/echta-derminga.de\/wp-content\/uploads\/2023\/07\/360082327_6368144499946888_7626389429831231175_n.jpg 1080w\" sizes=\"auto, (max-width: 700px) 100vw, 700px\" \/><\/figure>\n<\/div>","protected":false},"excerpt":{"rendered":"<p>Insgeheim hatte Ich schon damit gerechnet, dass unser Klappstuhlkonzert im Br\u00fchlpark ein Erfolg werden k\u00f6nnte. \u00dcber das Ausma\u00df dieses Erfolges war ich am Ende selbst mehr als \u00fcberrascht. Unser Br\u00fchlpark wurde wieder mal dem Ruf als Eventkulisse mehr als gerecht. Das \u201eFeierabend-Klappstuhl-Konzert\u201c mit der Dirminger Formation \u201eMr.Be&amp;Me\u201c wurde von \u00fcber 450 Menschen besucht. Die Idee zu dieser Konzertreihe kam vom<\/p>\n","protected":false},"author":1,"featured_media":15432,"comment_status":"open","ping_status":"closed","sticky":false,"template":"","format":"standard","meta":{"_crdt_document":"","footnotes":""},"categories":[1,9],"tags":[5,1071,618,127,634,795,310],"class_list":["post-15431","post","type-post","status-publish","format-standard","has-post-thumbnail","hentry","category-allgemein","category-dorfgetratsche","tag-dirmingen","tag-feierabend-klappstuhlkonzert","tag-gemeinde-eppelborn","tag-landkreis-neunkirchen","tag-ortsvorsteher","tag-ortsvorsteher-dirmingen","tag-saarland"],"_links":{"self":[{"href":"https:\/\/echta-derminga.de\/index.php?rest_route=\/wp\/v2\/posts\/15431","targetHints":{"allow":["GET"]}}],"collection":[{"href":"https:\/\/echta-derminga.de\/index.php?rest_route=\/wp\/v2\/posts"}],"about":[{"href":"https:\/\/echta-derminga.de\/index.php?rest_route=\/wp\/v2\/types\/post"}],"author":[{"embeddable":true,"href":"https:\/\/echta-derminga.de\/index.php?rest_route=\/wp\/v2\/users\/1"}],"replies":[{"embeddable":true,"href":"https:\/\/echta-derminga.de\/index.php?rest_route=%2Fwp%2Fv2%2Fcomments&post=15431"}],"version-history":[{"count":10,"href":"https:\/\/echta-derminga.de\/index.php?rest_route=\/wp\/v2\/posts\/15431\/revisions"}],"predecessor-version":[{"id":15475,"href":"https:\/\/echta-derminga.de\/index.php?rest_route=\/wp\/v2\/posts\/15431\/revisions\/15475"}],"wp:featuredmedia":[{"embeddable":true,"href":"https:\/\/echta-derminga.de\/index.php?rest_route=\/wp\/v2\/media\/15432"}],"wp:attachment":[{"href":"https:\/\/echta-derminga.de\/index.php?rest_route=%2Fwp%2Fv2%2Fmedia&parent=15431"}],"wp:term":[{"taxonomy":"category","embeddable":true,"href":"https:\/\/echta-derminga.de\/index.php?rest_route=%2Fwp%2Fv2%2Fcategories&post=15431"},{"taxonomy":"post_tag","embeddable":true,"href":"https:\/\/echta-derminga.de\/index.php?rest_route=%2Fwp%2Fv2%2Ftags&post=15431"}],"curies":[{"name":"wp","href":"https:\/\/api.w.org\/{rel}","templated":true}]}}