{"id":15444,"date":"2023-07-15T12:22:18","date_gmt":"2023-07-15T11:22:18","guid":{"rendered":"https:\/\/echta-derminga.de\/?p=15444"},"modified":"2023-07-15T12:22:22","modified_gmt":"2023-07-15T11:22:22","slug":"kreative-auszeit-in-einer-dirminger-wohlfuehloase","status":"publish","type":"post","link":"https:\/\/echta-derminga.de\/?p=15444","title":{"rendered":"Kreative Auszeit in einer Dirminger Wohlf\u00fchloase"},"content":{"rendered":"\n<p class=\"has-medium-font-size wp-block-paragraph\"><strong>Es braucht nicht immer das gro\u00dfe Kino oder den gro\u00dfartigen Sport! Manchmal sind es die einfachen Dinge im Leben, die uns umarmen und mitnehmen. Es ist h\u00f6chste Zeit f\u00fcr eine ganz pers\u00f6nliche kreative Auszeit. Bei meinem Besuch in den R\u00e4umlichkeiten des &#8222;Farbenraum mit Herz&#8220; in der Lebacherstrasse in Dirmingen lernte ich eine andere, ruhigere und entspanntere Seite des Lebens kennen. Die Betreiberin, Inhaberin und K\u00fcnstlerin des L\u00e4dchens Yvonne Beckh\u00e4user hat sich mit ihrer Idee einen Traum erf\u00fcllt. In ihrem &#8222;Kreativ Laden&#8220; ist Frau, Mann und Kind jederzeit herzlich willkommen und eingeladen die eigene Seele baumeln zu lassen.\u00a0<\/strong><\/p>\n\n\n\n<p class=\"has-medium-font-size wp-block-paragraph\">Die Idee: jeder bringt sein Hobby oder seine Freizeitbesch\u00e4ftigung mit und genie\u00dft gemeinsam mit netten Menschen den Abend. Da wird gebastelt, gemalt, geh\u00e4kelt und vieles mehr. Der &#8222;Kreativ &#8211; Laden&#8220; ist jeden Mittwoch um 18:30 Uhr ge\u00f6ffnet. Neben der Kunst, dem Hobby und der Muse steht besonders der soziale Austausch im Mittelpunkt. Gemeinsam &#8222;Sprooche&#8220;, Sorgen teilen und auch mal tiefgreifende Gespr\u00e4che f\u00fchren kann sehr befreiend sein. Solche kleinen Wohlf\u00fchloasen ben\u00f6tigen wir dringend in unserem Heimatort. Der \u201eKreativ-Laden\u201c von Yvonne Beckh\u00e4user ist von daher eine echte Bereicherung. Es gibt Menschen, die es eben einen Ton ruhiger und leiser haben m\u00f6chten. Bei Yvonne Beckh\u00e4user finden gerade diese Leute eine Anlaufstelle oder zumindest eine Alternative.<\/p>\n\n\n\n<div class=\"wp-block-columns is-layout-flex wp-container-core-columns-is-layout-8f761849 wp-block-columns-is-layout-flex\">\n<div class=\"wp-block-column is-layout-flow wp-block-column-is-layout-flow\">\n<figure class=\"wp-block-image size-large\"><img loading=\"lazy\" decoding=\"async\" width=\"700\" height=\"547\" src=\"https:\/\/echta-derminga.de\/wp-content\/uploads\/2023\/07\/358579484_6364690036959001_7863421362939546085_n-700x547.jpg\" alt=\"\" class=\"wp-image-15447\" srcset=\"https:\/\/echta-derminga.de\/wp-content\/uploads\/2023\/07\/358579484_6364690036959001_7863421362939546085_n-700x547.jpg 700w, https:\/\/echta-derminga.de\/wp-content\/uploads\/2023\/07\/358579484_6364690036959001_7863421362939546085_n-300x234.jpg 300w, https:\/\/echta-derminga.de\/wp-content\/uploads\/2023\/07\/358579484_6364690036959001_7863421362939546085_n-768x600.jpg 768w, https:\/\/echta-derminga.de\/wp-content\/uploads\/2023\/07\/358579484_6364690036959001_7863421362939546085_n.jpg 800w\" sizes=\"auto, (max-width: 700px) 100vw, 700px\" \/><\/figure>\n<\/div>\n\n\n\n<div class=\"wp-block-column is-layout-flow wp-block-column-is-layout-flow\">\n<figure class=\"wp-block-image size-large\"><img loading=\"lazy\" decoding=\"async\" width=\"700\" height=\"557\" src=\"https:\/\/echta-derminga.de\/wp-content\/uploads\/2023\/07\/358591476_6364690233625648_4719554753575609758_n-700x557.jpg\" alt=\"\" class=\"wp-image-15448\" srcset=\"https:\/\/echta-derminga.de\/wp-content\/uploads\/2023\/07\/358591476_6364690233625648_4719554753575609758_n-700x557.jpg 700w, https:\/\/echta-derminga.de\/wp-content\/uploads\/2023\/07\/358591476_6364690233625648_4719554753575609758_n-300x239.jpg 300w, https:\/\/echta-derminga.de\/wp-content\/uploads\/2023\/07\/358591476_6364690233625648_4719554753575609758_n-768x612.jpg 768w, https:\/\/echta-derminga.de\/wp-content\/uploads\/2023\/07\/358591476_6364690233625648_4719554753575609758_n.jpg 800w\" sizes=\"auto, (max-width: 700px) 100vw, 700px\" \/><\/figure>\n<\/div>\n\n\n\n<div class=\"wp-block-column is-layout-flow wp-block-column-is-layout-flow\">\n<figure class=\"wp-block-image size-large\"><img loading=\"lazy\" decoding=\"async\" width=\"700\" height=\"539\" src=\"https:\/\/echta-derminga.de\/wp-content\/uploads\/2023\/07\/358609668_6364690156958989_5070050649697071249_n-700x539.jpg\" alt=\"\" class=\"wp-image-15449\" srcset=\"https:\/\/echta-derminga.de\/wp-content\/uploads\/2023\/07\/358609668_6364690156958989_5070050649697071249_n-700x539.jpg 700w, https:\/\/echta-derminga.de\/wp-content\/uploads\/2023\/07\/358609668_6364690156958989_5070050649697071249_n-300x231.jpg 300w, https:\/\/echta-derminga.de\/wp-content\/uploads\/2023\/07\/358609668_6364690156958989_5070050649697071249_n-768x591.jpg 768w, https:\/\/echta-derminga.de\/wp-content\/uploads\/2023\/07\/358609668_6364690156958989_5070050649697071249_n.jpg 800w\" sizes=\"auto, (max-width: 700px) 100vw, 700px\" \/><\/figure>\n<\/div>\n<\/div>\n\n\n\n<p class=\"has-medium-font-size wp-block-paragraph\"><strong>Die Idee von Yvonne Beckh\u00e4user k\u00f6nnte als echtes Vorbild und Beispiel dienen. Unsere Dorfgemeinschaft profitiert von guter Innovation und gesundem Miteinander. Wir brauchen mehr davon! Mehr Alternativen f\u00fcr die Menschen in unserem Dorf. Dabei fehlt noch so vieles: \u201eMutter-Kind-Sport\u201c, \u201eKrabbelstunde\u201c, Seniorenbetreuung, Anlaufstelle f\u00fcr Jugendliche oder einen Ort, an dem die Dorfgemeinschaft zusammenkommen kann.<\/strong><\/p>\n\n\n\n<p class=\"has-medium-font-size wp-block-paragraph\">Wenn wir das gro\u00dfe Orchester nicht sofort bedienen k\u00f6nnen, m\u00fcssen wir uns eben Schritt f\u00fcr Schritt nach vorne bewegen. Genau das ist Yvonne Beckh\u00e4user mit ihrem \u201eKreativ-L\u00e4dchen\u201c gelungen. Die Inhaberin verbindet ihre Leidenschaft und ihr Talent mit einer wunderbaren Gesch\u00e4ftsidee. Kurse, Seminare oder themenbezogene Angebote f\u00fcr Erwachsene und Kinder werden in regelm\u00e4\u00dfigen Abst\u00e4nden angeboten.<\/p>\n\n\n\n<div class=\"wp-block-columns is-layout-flex wp-container-core-columns-is-layout-8f761849 wp-block-columns-is-layout-flex\">\n<div class=\"wp-block-column is-layout-flow wp-block-column-is-layout-flow\">\n<figure class=\"wp-block-image size-large\"><img loading=\"lazy\" decoding=\"async\" width=\"700\" height=\"595\" src=\"https:\/\/echta-derminga.de\/wp-content\/uploads\/2023\/07\/358608254_6364689816959023_5125917144807280024_n-700x595.jpg\" alt=\"\" class=\"wp-image-15450\" srcset=\"https:\/\/echta-derminga.de\/wp-content\/uploads\/2023\/07\/358608254_6364689816959023_5125917144807280024_n-700x595.jpg 700w, https:\/\/echta-derminga.de\/wp-content\/uploads\/2023\/07\/358608254_6364689816959023_5125917144807280024_n-300x255.jpg 300w, https:\/\/echta-derminga.de\/wp-content\/uploads\/2023\/07\/358608254_6364689816959023_5125917144807280024_n-768x652.jpg 768w, https:\/\/echta-derminga.de\/wp-content\/uploads\/2023\/07\/358608254_6364689816959023_5125917144807280024_n.jpg 1435w\" sizes=\"auto, (max-width: 700px) 100vw, 700px\" \/><\/figure>\n<\/div>\n\n\n\n<div class=\"wp-block-column is-layout-flow wp-block-column-is-layout-flow\">\n<figure class=\"wp-block-image size-large\"><img loading=\"lazy\" decoding=\"async\" width=\"700\" height=\"496\" src=\"https:\/\/echta-derminga.de\/wp-content\/uploads\/2023\/07\/358606582_6364689913625680_5624757802135053297_n-700x496.jpg\" alt=\"\" class=\"wp-image-15451\" srcset=\"https:\/\/echta-derminga.de\/wp-content\/uploads\/2023\/07\/358606582_6364689913625680_5624757802135053297_n-700x496.jpg 700w, https:\/\/echta-derminga.de\/wp-content\/uploads\/2023\/07\/358606582_6364689913625680_5624757802135053297_n-300x213.jpg 300w, https:\/\/echta-derminga.de\/wp-content\/uploads\/2023\/07\/358606582_6364689913625680_5624757802135053297_n-768x545.jpg 768w, https:\/\/echta-derminga.de\/wp-content\/uploads\/2023\/07\/358606582_6364689913625680_5624757802135053297_n.jpg 1080w\" sizes=\"auto, (max-width: 700px) 100vw, 700px\" \/><\/figure>\n<\/div>\n<\/div>\n\n\n\n<p class=\"has-medium-font-size wp-block-paragraph\"><strong>Es ist Zeit f\u00fcr eine kreative Auszeit! Yvonne Beckh\u00e4user, ihr Team und ihre G\u00e4ste freuen sich \u00fcber ihren Besuch. Ich w\u00fcnsche dem Team des &#8222;Kreativ-Ladens&#8220; viel Spa\u00df und Erfolg. Sch\u00f6n, dass es euch gibt !<\/strong><\/p>\n\n\n\n<div class=\"wp-block-columns is-layout-flex wp-container-core-columns-is-layout-8f761849 wp-block-columns-is-layout-flex\">\n<div class=\"wp-block-column is-layout-flow wp-block-column-is-layout-flow\">\n<figure class=\"wp-block-image size-large\"><img loading=\"lazy\" decoding=\"async\" width=\"700\" height=\"1021\" src=\"https:\/\/echta-derminga.de\/wp-content\/uploads\/2023\/07\/358598196_6364690380292300_5797598954473340515_n-700x1021.jpg\" alt=\"\" class=\"wp-image-15452\" srcset=\"https:\/\/echta-derminga.de\/wp-content\/uploads\/2023\/07\/358598196_6364690380292300_5797598954473340515_n-700x1021.jpg 700w, https:\/\/echta-derminga.de\/wp-content\/uploads\/2023\/07\/358598196_6364690380292300_5797598954473340515_n-206x300.jpg 206w, https:\/\/echta-derminga.de\/wp-content\/uploads\/2023\/07\/358598196_6364690380292300_5797598954473340515_n-768x1120.jpg 768w, https:\/\/echta-derminga.de\/wp-content\/uploads\/2023\/07\/358598196_6364690380292300_5797598954473340515_n.jpg 900w\" sizes=\"auto, (max-width: 700px) 100vw, 700px\" \/><\/figure>\n<\/div>\n\n\n\n<div class=\"wp-block-column is-layout-flow wp-block-column-is-layout-flow\">\n<figure class=\"wp-block-image size-large\"><img loading=\"lazy\" decoding=\"async\" width=\"700\" height=\"1031\" src=\"https:\/\/echta-derminga.de\/wp-content\/uploads\/2023\/07\/358608415_6364690433625628_2178785400975227994_n-700x1031.jpg\" alt=\"\" class=\"wp-image-15453\" srcset=\"https:\/\/echta-derminga.de\/wp-content\/uploads\/2023\/07\/358608415_6364690433625628_2178785400975227994_n-700x1031.jpg 700w, https:\/\/echta-derminga.de\/wp-content\/uploads\/2023\/07\/358608415_6364690433625628_2178785400975227994_n-204x300.jpg 204w, https:\/\/echta-derminga.de\/wp-content\/uploads\/2023\/07\/358608415_6364690433625628_2178785400975227994_n-768x1131.jpg 768w, https:\/\/echta-derminga.de\/wp-content\/uploads\/2023\/07\/358608415_6364690433625628_2178785400975227994_n.jpg 800w\" sizes=\"auto, (max-width: 700px) 100vw, 700px\" \/><\/figure>\n<\/div>\n<\/div>\n\n\n<div class=\"wp-block-image\">\n<figure class=\"aligncenter size-large\"><img loading=\"lazy\" decoding=\"async\" width=\"700\" height=\"1016\" src=\"https:\/\/echta-derminga.de\/wp-content\/uploads\/2023\/07\/360082405_6364690553625616_7224384316391266543_n-700x1016.jpg\" alt=\"\" class=\"wp-image-15454\" srcset=\"https:\/\/echta-derminga.de\/wp-content\/uploads\/2023\/07\/360082405_6364690553625616_7224384316391266543_n-700x1016.jpg 700w, https:\/\/echta-derminga.de\/wp-content\/uploads\/2023\/07\/360082405_6364690553625616_7224384316391266543_n-207x300.jpg 207w, https:\/\/echta-derminga.de\/wp-content\/uploads\/2023\/07\/360082405_6364690553625616_7224384316391266543_n-768x1115.jpg 768w, https:\/\/echta-derminga.de\/wp-content\/uploads\/2023\/07\/360082405_6364690553625616_7224384316391266543_n.jpg 800w\" sizes=\"auto, (max-width: 700px) 100vw, 700px\" \/><\/figure>\n<\/div>","protected":false},"excerpt":{"rendered":"<p>Es braucht nicht immer das gro\u00dfe Kino oder den gro\u00dfartigen Sport! Manchmal sind es die einfachen Dinge im Leben, die uns umarmen und mitnehmen. Es ist h\u00f6chste Zeit f\u00fcr eine ganz pers\u00f6nliche kreative Auszeit. Bei meinem Besuch in den R\u00e4umlichkeiten des &#8222;Farbenraum mit Herz&#8220; in der Lebacherstrasse in Dirmingen lernte ich eine andere, ruhigere und entspanntere Seite des Lebens kennen.<\/p>\n","protected":false},"author":1,"featured_media":15451,"comment_status":"open","ping_status":"closed","sticky":false,"template":"","format":"standard","meta":{"_crdt_document":"","footnotes":""},"categories":[1,9],"tags":[5,1073,618,1072,127,634,795,310],"class_list":["post-15444","post","type-post","status-publish","format-standard","has-post-thumbnail","hentry","category-allgemein","category-dorfgetratsche","tag-dirmingen","tag-farbenraum-mit-herz","tag-gemeinde-eppelborn","tag-kreativ-laden-dirmingen","tag-landkreis-neunkirchen","tag-ortsvorsteher","tag-ortsvorsteher-dirmingen","tag-saarland"],"_links":{"self":[{"href":"https:\/\/echta-derminga.de\/index.php?rest_route=\/wp\/v2\/posts\/15444","targetHints":{"allow":["GET"]}}],"collection":[{"href":"https:\/\/echta-derminga.de\/index.php?rest_route=\/wp\/v2\/posts"}],"about":[{"href":"https:\/\/echta-derminga.de\/index.php?rest_route=\/wp\/v2\/types\/post"}],"author":[{"embeddable":true,"href":"https:\/\/echta-derminga.de\/index.php?rest_route=\/wp\/v2\/users\/1"}],"replies":[{"embeddable":true,"href":"https:\/\/echta-derminga.de\/index.php?rest_route=%2Fwp%2Fv2%2Fcomments&post=15444"}],"version-history":[{"count":3,"href":"https:\/\/echta-derminga.de\/index.php?rest_route=\/wp\/v2\/posts\/15444\/revisions"}],"predecessor-version":[{"id":15455,"href":"https:\/\/echta-derminga.de\/index.php?rest_route=\/wp\/v2\/posts\/15444\/revisions\/15455"}],"wp:featuredmedia":[{"embeddable":true,"href":"https:\/\/echta-derminga.de\/index.php?rest_route=\/wp\/v2\/media\/15451"}],"wp:attachment":[{"href":"https:\/\/echta-derminga.de\/index.php?rest_route=%2Fwp%2Fv2%2Fmedia&parent=15444"}],"wp:term":[{"taxonomy":"category","embeddable":true,"href":"https:\/\/echta-derminga.de\/index.php?rest_route=%2Fwp%2Fv2%2Fcategories&post=15444"},{"taxonomy":"post_tag","embeddable":true,"href":"https:\/\/echta-derminga.de\/index.php?rest_route=%2Fwp%2Fv2%2Ftags&post=15444"}],"curies":[{"name":"wp","href":"https:\/\/api.w.org\/{rel}","templated":true}]}}