{"id":15478,"date":"2023-07-23T13:16:41","date_gmt":"2023-07-23T12:16:41","guid":{"rendered":"https:\/\/echta-derminga.de\/?p=15478"},"modified":"2023-07-23T13:21:32","modified_gmt":"2023-07-23T12:21:32","slug":"in-sachen-ortsvorsteher-vom-ferienbeginn-guten-entscheidungen-fuer-familien-von-rueckschlaegen-und-hoffnungsschimmern-in-unserer-infrastruktur-und-vielen-tollen-veranstaltungen","status":"publish","type":"post","link":"https:\/\/echta-derminga.de\/?p=15478","title":{"rendered":"In Sachen Ortsvorsteher: Vom Ferienbeginn, guten Entscheidungen f\u00fcr Familien, von R\u00fcckschl\u00e4gen und Hoffnungsschimmern in unserer Infrastruktur und vielen tollen Veranstaltungen"},"content":{"rendered":"\n<p class=\"has-medium-font-size wp-block-paragraph\"><strong>Endlich Sommerferien! F\u00fcr viele Familien, Jugendliche und besonders Kinder beginnt die sch\u00f6nste Zeit des Jahres. Ich w\u00fcnsche allen sch\u00f6ne und erholsame Sommerferien und eine unbeschwerte Zeit. Genie\u00dfen Sie ihren Urlaub und ihre Freizeit im Kreise ihrer Familie, ihren Freunden und Bekannten.<\/strong><\/p>\n\n\n\n<p class=\"has-medium-font-size wp-block-paragraph\"><strong>P\u00fcnktlich zum Ferienbeginn wurde unser Heimatort von einer traurigen Nachricht ereilt: Die Gesch\u00e4ftsstelle der LEVO Bank in der Dirminger Ortsmitte schlie\u00dft zum 31. August ihre Pforten. Nach dem Weggang der Kreissparkasse vor einigen Jahren droht unserem Dorf mit diesem Verlust ein weiterer Leerstand. Tats\u00e4chlich ist diese traurige Nachricht ein herber R\u00fcckschlag f\u00fcr unsere Infrastruktur. Gerade \u00e4ltere Menschen werden somit vor vollendete Tatsache gestellt. Ich m\u00f6chte dennoch die Gelegenheit nutzen und den Mitarbeitern der LEVO -Bank f\u00fcr die gute Zusammenarbeit der letzten Jahre danken. Viele Jahrzehnte hat die LEVO-Bank unsere Infrastruktur aufgewertet und unterst\u00fctzt.<\/strong> <strong>Der Zeitgeist fordert seinen Tribut: Online Banking und Zentralisierung haben zum Entschluss des Unternehmens beigef\u00fchrt.<\/strong><\/p>\n\n\n\n<p class=\"has-medium-font-size wp-block-paragraph\"><strong>Feierabend-Klappstuhlkonzert wird zum Besuchermagnet<\/strong><\/p>\n\n\n\n<p class=\"has-medium-font-size wp-block-paragraph\">Der Dirminger Br\u00fchlpark wurde zur Eventkulisse. Das Feierabend-Klappstuhlkonzert der Gemeinde Eppelborn in der Dirminger Ortsmitte lockte fast 500 Menschen an. Auch die anderen Klappstuhlkonzerte in Eppelborn und Bubach\/Calmesweiler wurden von der Bev\u00f6lkerung sehr gut angenommen. Unser Heimatort spielte w\u00e4hrend dieser Klappstuhlkonzerten eine gewichtige Rolle. Immerhin durften mit der Formation Perlregen in Eppelborn und \u201eMr Be &amp; Me\u201c in Dirmingen zwei Gruppen aus unserem Heimatort ihr K\u00f6nnen beweisen. Ich m\u00f6chte mich an dieser Stelle bei der Gemeinde Eppelborn, dem Kulturamt und dem Kulturverein Dirmingen ganz herzlich bedanken. Das Konzert im Dirminger Br\u00fchlpark hat aufgezeigt welche M\u00f6glichkeiten in unserem Heimatdorf liegen.<\/p>\n\n\n\n<div class=\"wp-block-columns is-layout-flex wp-container-core-columns-is-layout-8f761849 wp-block-columns-is-layout-flex\">\n<div class=\"wp-block-column is-layout-flow wp-block-column-is-layout-flow\">\n<figure class=\"wp-block-image size-large\"><img loading=\"lazy\" decoding=\"async\" width=\"700\" height=\"525\" src=\"https:\/\/echta-derminga.de\/wp-content\/uploads\/2023\/07\/358702149_6368144573280214_3811947999593993113_n-700x525.jpg\" alt=\"\" class=\"wp-image-15433\" srcset=\"https:\/\/echta-derminga.de\/wp-content\/uploads\/2023\/07\/358702149_6368144573280214_3811947999593993113_n-700x525.jpg 700w, https:\/\/echta-derminga.de\/wp-content\/uploads\/2023\/07\/358702149_6368144573280214_3811947999593993113_n-300x225.jpg 300w, https:\/\/echta-derminga.de\/wp-content\/uploads\/2023\/07\/358702149_6368144573280214_3811947999593993113_n-768x576.jpg 768w, https:\/\/echta-derminga.de\/wp-content\/uploads\/2023\/07\/358702149_6368144573280214_3811947999593993113_n.jpg 1080w\" sizes=\"auto, (max-width: 700px) 100vw, 700px\" \/><\/figure>\n<\/div>\n\n\n\n<div class=\"wp-block-column is-layout-flow wp-block-column-is-layout-flow\">\n<figure class=\"wp-block-image size-large\"><img loading=\"lazy\" decoding=\"async\" width=\"700\" height=\"527\" src=\"https:\/\/echta-derminga.de\/wp-content\/uploads\/2023\/07\/360111760_6158846874233279_8271431792262273925_n-700x527.jpg\" alt=\"\" class=\"wp-image-15494\" srcset=\"https:\/\/echta-derminga.de\/wp-content\/uploads\/2023\/07\/360111760_6158846874233279_8271431792262273925_n-700x527.jpg 700w, https:\/\/echta-derminga.de\/wp-content\/uploads\/2023\/07\/360111760_6158846874233279_8271431792262273925_n-300x226.jpg 300w, https:\/\/echta-derminga.de\/wp-content\/uploads\/2023\/07\/360111760_6158846874233279_8271431792262273925_n-768x578.jpg 768w, https:\/\/echta-derminga.de\/wp-content\/uploads\/2023\/07\/360111760_6158846874233279_8271431792262273925_n.jpg 1170w\" sizes=\"auto, (max-width: 700px) 100vw, 700px\" \/><\/figure>\n<\/div>\n<\/div>\n\n\n\n<p class=\"has-medium-font-size wp-block-paragraph\"><strong>\u201eFarbenraum mit Herz\u201c im Dirminger \u201eKreativ-Laden\u201c<\/strong><\/p>\n\n\n\n<p class=\"has-medium-font-size wp-block-paragraph\">Zeit f\u00fcr eine kreative Auszeit. Bei meinem Besuch im &#8222;Farbenraum mit Herz&#8220;, in der Lebacherstrasse in Dirmingen, lernte ich eine v\u00f6llig neue Facette der Freizeitgestaltung kennen. Die Betreiberin, Inhaberin und K\u00fcnstlerin Yvonne Beckh\u00e4user hat sich mit ihrer Idee einen Traum erf\u00fcllt. In ihrem &#8222;Kreativ Laden&#8220; ist Frau, Mann und Kind jederzeit herzlich willkommen.&nbsp; Die Idee: jede oder jeder kann im \u201eKreativ-Laden\u00a7 seine Freizeit nach seiner Fa\u00e7on genie\u00dfen. Da wird gebastelt, gemalt, geh\u00e4kelt und vieles mehr. Der &#8222;Kreativ &#8211; Laden&#8220; ist jeden Mittwoch um 18:30 Uhr ge\u00f6ffnet. Neben der Kunst, dem Hobby und der Muse steht auch der soziale Austausch im Blickpunkt. Gemeinsam &#8222;Sprooche&#8220;, Sorgen teilen und Lachen kann sehr befreiend sein. Yvonne Beckh\u00e4user freut sich \u00fcber ihren Besuch. Im Laufe eines Jahres werden au\u00dferdem Kurse, Seminare oder themenbezogene Angebote f\u00fcr Erwachsene und Kinder angeboten. Gehen Sie hin und lassen sie sich \u201ekreative fallen\u201c. Ich w\u00fcnsche dem Team des &#8222;Kreativ-Ladens&#8220; viel Spa\u00df und Erfolg. Dieser Laden ist eine Bereicherung f\u00fcr unseren Heimatort.<\/p>\n\n\n<div class=\"wp-block-image\">\n<figure class=\"aligncenter size-large\"><img loading=\"lazy\" decoding=\"async\" width=\"700\" height=\"700\" src=\"https:\/\/echta-derminga.de\/wp-content\/uploads\/2023\/07\/358608254_6364689816959023_5125917144807280024_n-1-700x700.jpg\" alt=\"\" class=\"wp-image-15492\" srcset=\"https:\/\/echta-derminga.de\/wp-content\/uploads\/2023\/07\/358608254_6364689816959023_5125917144807280024_n-1-700x700.jpg 700w, https:\/\/echta-derminga.de\/wp-content\/uploads\/2023\/07\/358608254_6364689816959023_5125917144807280024_n-1-300x300.jpg 300w, https:\/\/echta-derminga.de\/wp-content\/uploads\/2023\/07\/358608254_6364689816959023_5125917144807280024_n-1-150x150.jpg 150w, https:\/\/echta-derminga.de\/wp-content\/uploads\/2023\/07\/358608254_6364689816959023_5125917144807280024_n-1-768x768.jpg 768w, https:\/\/echta-derminga.de\/wp-content\/uploads\/2023\/07\/358608254_6364689816959023_5125917144807280024_n-1-90x90.jpg 90w, https:\/\/echta-derminga.de\/wp-content\/uploads\/2023\/07\/358608254_6364689816959023_5125917144807280024_n-1-75x75.jpg 75w, https:\/\/echta-derminga.de\/wp-content\/uploads\/2023\/07\/358608254_6364689816959023_5125917144807280024_n-1.jpg 1435w\" sizes=\"auto, (max-width: 700px) 100vw, 700px\" \/><\/figure>\n<\/div>\n\n\n<p class=\"has-medium-font-size wp-block-paragraph\"><strong>Information zum Neubau eines Verbrauchermarktes in Dirmingen<\/strong><\/p>\n\n\n\n<p class=\"has-medium-font-size wp-block-paragraph\">Obwohl ich schon \u00f6fters in den sozialen Medien und auf meiner Seite zum Thema \u201eVerbrauchermarkt in Dirmingen\u201c Stellung bezogen habe, ereilen mich diesbez\u00fcglich immer wieder Anfragen. Gerne m\u00f6chte ich die Gelegenheit nutzen, um Sie erneut auf den neusten Stand der Dinge zu bringen: Bisher wurden der Umweltbericht u.a. mit Bestandsaufnahme und Bilanzierung des Eingriffs in Natur und Landschaft, das Biotoptypenkartierung (Lebensr\u00e4ume f\u00fcr Tiere und Pflanzen), das Schallgutachten, das Verkehrsgutachten und der Nachweis \u00fcber den vollst\u00e4ndigen Ausgleich des Eingriffs in Natur und Landschaft im Rahmen einer \u00d6kokontoma\u00dfnahme sowie der Retentionsnachweis (Nachweis eines R\u00fcckhaltevolumens bei Hochwasser) vollzogen. Dabei sind die Erstellungen der Fachgutachten stets langwieriges Verfahren. Problematisch ist zudem die Lage des Plangebiets im Kreuzungsbereich zweier Landstra\u00dfen. Diese Planung musste daher intensiv mit dem Landesbetrieb f\u00fcr Stra\u00dfenbau abgestimmt werden. Alle potenziell geeigneten Fl\u00e4chen liegen bekannterweise auf Privateigentum, es mussten also Grundst\u00fccksverhandlungen gef\u00fchrt und Gestattungsvertr\u00e4ge ausgehandelt werden. In diesem Zusammenhang m\u00f6chte ich den privaten Eigent\u00fcmer f\u00fcr ihr Entgegenkommen und ihre Geduld danken. <strong>Wir sind heute am Ende eines langen Verfahrens gemeinsam und \u00fcberparteiisch daf\u00fcr Sorge getragen, dass dem Bau eines \u201eNETTO-Marktes\u201c nichts mehr im Wege steht! Im Juni 2023 erreichte uns zudem die freudige Nachricht, dass die Baugenehmigung vorliegt und einem Neubau nichts im Wege steht.<\/strong> Warum wurde bisher nicht gebaut und woran liegt es? <strong>Der Grund f\u00fcr das abwartende Verhalten des Investors liegt allein in den gestiegenen Baukosten! Der Neubau des Marktes liegt au\u00dferhalb des wirtschaftlichen Budgets.<\/strong> <strong>Die Baukosten sind seit dem Ende der Pandemie enorm gestiegen.<\/strong> Dennoch wird hinter den Kulissen und besonders beim Investor fieberhaft an einer L\u00f6sung gearbeitet. Gemeinsam mit B\u00fcrgermeister Dr. Andreas Feld stehe ich im regen Austausch mit dem Investor und kann ihnen garantieren, dass wir alles M\u00f6gliche versuchen, um einen baldigen Baubeginn voranzutreiben. Ger\u00fcchte dar\u00fcber, dass der Neubau eines Marktes ad acta gelegt wurde und nicht umgesetzt wird, sind nicht haltbar und k\u00f6nnen nicht best\u00e4tigen werden.<\/p>\n\n\n<div class=\"wp-block-image\">\n<figure class=\"aligncenter size-large\"><img loading=\"lazy\" decoding=\"async\" width=\"700\" height=\"405\" src=\"https:\/\/echta-derminga.de\/wp-content\/uploads\/2023\/07\/19_Netto-5-1024x593-1-700x405.jpg\" alt=\"\" class=\"wp-image-15491\" srcset=\"https:\/\/echta-derminga.de\/wp-content\/uploads\/2023\/07\/19_Netto-5-1024x593-1-700x405.jpg 700w, https:\/\/echta-derminga.de\/wp-content\/uploads\/2023\/07\/19_Netto-5-1024x593-1-300x174.jpg 300w, https:\/\/echta-derminga.de\/wp-content\/uploads\/2023\/07\/19_Netto-5-1024x593-1-768x445.jpg 768w, https:\/\/echta-derminga.de\/wp-content\/uploads\/2023\/07\/19_Netto-5-1024x593-1.jpg 1024w\" sizes=\"auto, (max-width: 700px) 100vw, 700px\" \/><\/figure>\n<\/div>\n\n\n<p class=\"has-medium-font-size wp-block-paragraph\"><strong>Ortsrat beschlie\u00dft gute Entscheidungen f\u00fcr Kinder und Familien<\/strong><\/p>\n\n\n\n<p class=\"has-medium-font-size wp-block-paragraph\">Am Dienstag, 11. Juli tagte der Ortsrat Dirmingen zum letzten Mal vor der Sommerpause. Dabei wurden gute Beschl\u00fcsse f\u00fcr die Familien und Kinder unseres Dorfes beschlossen. Die SPD-Fraktion forderte in ihrem Antrag ein Sonnensegel f\u00fcr den Spielplatz an der Grundschule. Die CDU-Fraktion forderte ihrerseits die Anbringung eines Wickeltisches in der Borrwieshalle Dirmingen. Beide Fraktionsantr\u00e4ge wurden einstimmig angenommen und verabschiedet. &nbsp;Im Verlaufe dieser Sitzung wurde mit Ira Ebner aus Dirmingen eine neue stellvertretende Schiedsfrau einstimmig gew\u00e4hlt. Der frischgew\u00e4hlte neue Dirminger Schiedsmann J\u00f6rg Ruf nutzte die Sitzung, um sich dem Ortsrat vorzustellen. Ich w\u00fcnsche J\u00f6rg Ruf und seiner Stellvertreterin Ira Ebner alles erdenklich Gute und viel Gl\u00fcck in ihrem neuen Ehrenamt. Den Mandatstr\u00e4gern des Ortsrates w\u00fcnsche ich erholsame Sommerferien.<\/p>\n\n\n<div class=\"wp-block-image\">\n<figure class=\"aligncenter size-large\"><img loading=\"lazy\" decoding=\"async\" width=\"700\" height=\"503\" src=\"https:\/\/echta-derminga.de\/wp-content\/uploads\/2023\/07\/359488649_6361446367283368_4014300936181691679_n-700x503.jpg\" alt=\"\" class=\"wp-image-15496\" srcset=\"https:\/\/echta-derminga.de\/wp-content\/uploads\/2023\/07\/359488649_6361446367283368_4014300936181691679_n-700x503.jpg 700w, https:\/\/echta-derminga.de\/wp-content\/uploads\/2023\/07\/359488649_6361446367283368_4014300936181691679_n-300x216.jpg 300w, https:\/\/echta-derminga.de\/wp-content\/uploads\/2023\/07\/359488649_6361446367283368_4014300936181691679_n.jpg 768w\" sizes=\"auto, (max-width: 700px) 100vw, 700px\" \/><\/figure>\n<\/div>\n\n\n<p class=\"has-medium-font-size wp-block-paragraph\"><strong>Abbruch der \u201eHaardter Br\u00fccke\u201c r\u00fcckt in N\u00e4he<\/strong><\/p>\n\n\n\n<p class=\"has-medium-font-size wp-block-paragraph\">Die marode Br\u00fccke in der \u201eHumeser Stra\u00dfe\u201c in Dirmingen wird noch in diesem Jahr abgetragen. Der Ortsrat und auch der Gemeinderat wurden in der vergangenen Woche \u00fcber die diesbez\u00fcglichen Planungen informiert. Danach wird die Br\u00fccke am 22. Oktober abgetragen und mit der Bahn abtransportiert. Bis zur Erneuerung der Br\u00fccke werden Jahre vergehen. Dabei spielt nicht nur die Finanzierung, sondern auch das Neubauverfahren eine gewichtige Rolle. Die Finanzierung der Br\u00fccke wurde im Haushaltsplan der Gemeinde Eppelborn im Jahr 2022 ber\u00fccksichtigt. Allein wird unsere Gemeinde jedoch die Finanzierung dieser Br\u00fccke nicht stemmen k\u00f6nnen. Die Kosten f\u00fcr einen Br\u00fcckenneubau liegen zwischen 3 und 4 Millionen Euro. Zur Verbesserung der Verkehrssituation der \u201eHumeserstra\u00dfe\u201c und Ecke Waldstra\u00dfe und Hierscheiderstra\u00dfe wurden bereits Ma\u00dfnahmen wie die Installation eines neuen Verkehrsspiegels, einer Haltelinie, eine Ausbesserung des Fu\u00dfweges Verbindung \u201eHumeserstra\u00dfe\u201c zum \u201eEmesgarten\u201c durchgef\u00fchrt. Der Orts- und Gemeinderat folgten meiner Bitte als Ortsvorsteher eine auf Durchf\u00fchrung einer Informationsveranstaltung f\u00fcr die betreffenden Anwohner, die von den Auswirkungen dieses Br\u00fcckenr\u00fcckbaus betroffen sind. Gemeinsam suchen wir mit der Gemeindeverwaltung weitere M\u00f6glichkeiten, um besonders f\u00fcr die Fu\u00dfg\u00e4nger eine Erleichterung herbeizuf\u00fchren.<\/p>\n\n\n\n<div class=\"wp-block-columns is-layout-flex wp-container-core-columns-is-layout-8f761849 wp-block-columns-is-layout-flex\">\n<div class=\"wp-block-column is-layout-flow wp-block-column-is-layout-flow\">\n<figure class=\"wp-block-image size-large\"><img loading=\"lazy\" decoding=\"async\" width=\"700\" height=\"419\" src=\"https:\/\/echta-derminga.de\/wp-content\/uploads\/2022\/01\/20220115_135338-700x419.jpg\" alt=\"\" class=\"wp-image-11842\" srcset=\"https:\/\/echta-derminga.de\/wp-content\/uploads\/2022\/01\/20220115_135338-700x419.jpg 700w, https:\/\/echta-derminga.de\/wp-content\/uploads\/2022\/01\/20220115_135338-300x180.jpg 300w, https:\/\/echta-derminga.de\/wp-content\/uploads\/2022\/01\/20220115_135338-768x460.jpg 768w, https:\/\/echta-derminga.de\/wp-content\/uploads\/2022\/01\/20220115_135338-500x300.jpg 500w, https:\/\/echta-derminga.de\/wp-content\/uploads\/2022\/01\/20220115_135338.jpg 1200w\" sizes=\"auto, (max-width: 700px) 100vw, 700px\" \/><\/figure>\n<\/div>\n\n\n\n<div class=\"wp-block-column is-layout-flow wp-block-column-is-layout-flow\">\n<figure class=\"wp-block-image size-large\"><img loading=\"lazy\" decoding=\"async\" width=\"700\" height=\"434\" src=\"https:\/\/echta-derminga.de\/wp-content\/uploads\/2022\/01\/20220115_135324-700x434.jpg\" alt=\"\" class=\"wp-image-11840\" srcset=\"https:\/\/echta-derminga.de\/wp-content\/uploads\/2022\/01\/20220115_135324-700x434.jpg 700w, https:\/\/echta-derminga.de\/wp-content\/uploads\/2022\/01\/20220115_135324-300x186.jpg 300w, https:\/\/echta-derminga.de\/wp-content\/uploads\/2022\/01\/20220115_135324-768x476.jpg 768w, https:\/\/echta-derminga.de\/wp-content\/uploads\/2022\/01\/20220115_135324.jpg 1200w\" sizes=\"auto, (max-width: 700px) 100vw, 700px\" \/><\/figure>\n<\/div>\n<\/div>\n\n\n\n<p class=\"has-medium-font-size wp-block-paragraph\"><strong>Herzlichen Gl\u00fcckwunsch zur \u201eGoldenen Hochzeit\u201c<\/strong><\/p>\n\n\n\n<p class=\"has-medium-font-size wp-block-paragraph\">Christel und Herbert Detzler aus Dirmingen feierten am 21.Juli das Fest der &#8222;Goldene Hochzeit &#8222;. Das Jubelpaar hat im Laufe ihres gemeinsamen Lebens vieles f\u00fcr unsere Dorfgemeinschaft geleistet. Bis heute sind die Beiden in vielen Vereinen und Organisationen eine feste St\u00fctze. Besonders gro\u00dfe Verdienste haben sich Christel und Herbert Detzler bei der \u201eDerminga Faasend\u201c erworben. Das ehrenamtliche Engagement hat das Jubelpaar ihren beiden Kindern Nina und Markus mit in die Wiege gelegt. Gemeinsam mit B\u00fcrgermeister Dr. Andreas Feld durfte ich die Gl\u00fcckw\u00fcnsche der Ministerpr\u00e4sidentin, des Landrates, des B\u00fcrgermeisters und des Ortsrates \u00fcberbringen. Auch an dieser Stelle m\u00f6chte ich meine Gl\u00fcckw\u00fcnsche nochmal zum Ausdruck bringen.<\/p>\n\n\n<div class=\"wp-block-image\">\n<figure class=\"aligncenter size-large\"><img loading=\"lazy\" decoding=\"async\" width=\"700\" height=\"490\" src=\"https:\/\/echta-derminga.de\/wp-content\/uploads\/2023\/07\/362238845_6393099460784725_640748366777170844_n-700x490.jpg\" alt=\"\" class=\"wp-image-15481\" srcset=\"https:\/\/echta-derminga.de\/wp-content\/uploads\/2023\/07\/362238845_6393099460784725_640748366777170844_n-700x490.jpg 700w, https:\/\/echta-derminga.de\/wp-content\/uploads\/2023\/07\/362238845_6393099460784725_640748366777170844_n-300x210.jpg 300w, https:\/\/echta-derminga.de\/wp-content\/uploads\/2023\/07\/362238845_6393099460784725_640748366777170844_n-768x538.jpg 768w, https:\/\/echta-derminga.de\/wp-content\/uploads\/2023\/07\/362238845_6393099460784725_640748366777170844_n.jpg 1440w\" sizes=\"auto, (max-width: 700px) 100vw, 700px\" \/><\/figure>\n<\/div>\n\n\n<p class=\"has-medium-font-size wp-block-paragraph\"><strong>Herzlichen Gl\u00fcckwunsch zum 90. Wiegenfest<\/strong><\/p>\n\n\n\n<p class=\"has-medium-font-size wp-block-paragraph\">Frau Ortrud Schneider feierte heute im Kreise ihrer Familie und ihrer Bekannten ihr 90. Wiegenfest. Mit Stolz blickt die Dirmingerin auf ihre drei Kinder, vier Enkel und vier Urenkel. Neben meinen pers\u00f6nlichen Gl\u00fcckw\u00fcnschen \u00fcberbrachte ich die Geburtstagsgr\u00fc\u00dfe des B\u00fcrgermeisters Dr. Andreas Feld, des Landrates S\u00f6ren Meng und der Ministerpr\u00e4sidentin Anke Rehlinger. Herzlichen Gl\u00fcckwunsch zum Geburtstag sowie viel Gl\u00fcck und Gesundheit.<\/p>\n\n\n<div class=\"wp-block-image\">\n<figure class=\"aligncenter size-large\"><img loading=\"lazy\" decoding=\"async\" width=\"700\" height=\"700\" src=\"https:\/\/echta-derminga.de\/wp-content\/uploads\/2023\/07\/358674627_6357919417636063_1627826680420816035_n-700x700.jpg\" alt=\"\" class=\"wp-image-15482\" srcset=\"https:\/\/echta-derminga.de\/wp-content\/uploads\/2023\/07\/358674627_6357919417636063_1627826680420816035_n-700x700.jpg 700w, https:\/\/echta-derminga.de\/wp-content\/uploads\/2023\/07\/358674627_6357919417636063_1627826680420816035_n-300x300.jpg 300w, https:\/\/echta-derminga.de\/wp-content\/uploads\/2023\/07\/358674627_6357919417636063_1627826680420816035_n-150x150.jpg 150w, https:\/\/echta-derminga.de\/wp-content\/uploads\/2023\/07\/358674627_6357919417636063_1627826680420816035_n-768x768.jpg 768w, https:\/\/echta-derminga.de\/wp-content\/uploads\/2023\/07\/358674627_6357919417636063_1627826680420816035_n-90x90.jpg 90w, https:\/\/echta-derminga.de\/wp-content\/uploads\/2023\/07\/358674627_6357919417636063_1627826680420816035_n-75x75.jpg 75w, https:\/\/echta-derminga.de\/wp-content\/uploads\/2023\/07\/358674627_6357919417636063_1627826680420816035_n.jpg 1440w\" sizes=\"auto, (max-width: 700px) 100vw, 700px\" \/><\/figure>\n<\/div>\n\n\n<p class=\"has-medium-font-size wp-block-paragraph\"><strong>Herzlichen Gl\u00fcckwunsch zum 60. Wiegenfest<\/strong><\/p>\n\n\n\n<p class=\"has-medium-font-size wp-block-paragraph\">Der Dirminger Ralf Urmoneit feierte am 12. Juli sein 60. Wiegenfest. Gemeinsam mit seiner lieben Ehefrau Petra Urmoneit engagiert sich Ralf seit vielen Jahren ehrenamtlich in unserem Heimatort. Dabei liegt ihm besonders der TV 04 Dirmingen, der Kulturverein Dirmingen und seine kommunalpolitische Arbeit in der Dirminger SPD am Herzen. Seit 15 Jahren hat Ralf Urmoneit ein Mandat im Dirminger Ortsrat. Gerne unterst\u00fctzt Ralf auch seine Frau Petra bei ihrer kirchlichen T\u00e4tigkeit als K\u00fcsterin in der Evangelischen Kirchengemeinde Dirmingen. Bei meinem Besuch \u00fcberbrachte ich die Gl\u00fcckw\u00fcnsche des Dirminger Ortsrates.<\/p>\n\n\n<div class=\"wp-block-image\">\n<figure class=\"aligncenter size-full\"><img loading=\"lazy\" decoding=\"async\" width=\"640\" height=\"519\" src=\"https:\/\/echta-derminga.de\/wp-content\/uploads\/2023\/07\/359834838_6363879613706710_7356928155193656773_n.jpg\" alt=\"\" class=\"wp-image-15483\" srcset=\"https:\/\/echta-derminga.de\/wp-content\/uploads\/2023\/07\/359834838_6363879613706710_7356928155193656773_n.jpg 640w, https:\/\/echta-derminga.de\/wp-content\/uploads\/2023\/07\/359834838_6363879613706710_7356928155193656773_n-300x243.jpg 300w\" sizes=\"auto, (max-width: 640px) 100vw, 640px\" \/><\/figure>\n<\/div>\n\n\n<p class=\"has-medium-font-size wp-block-paragraph\"><strong>Jahreshaupt\u00fcbung der Jugendwehren unserer Gemeinde Eppelborn.<\/strong><\/p>\n\n\n\n<p class=\"has-medium-font-size wp-block-paragraph\">Fast 60 Mitglieder der Kinder- und Jugendwehr aus der Gemeinde Eppelborn pr\u00e4sentieren der breiten \u00d6ffentlichkeit ihr K\u00f6nnen. Die gro\u00dfangelegte \u00dcbung fand diesmal gut organisiert in Hierscheid statt. Vielen Dank an alle Ausbilder, Eltern und die Kinder und Jugendlichen. Unter den Schaulustigen waren zahlreiche Vertreter aus der Kommunalpolitik, Ortsvorsteher und B\u00fcrgermeister Feld. Ich bin besonders stolz auf die Jugendwehr unseres L\u00f6schbezirks Dirmingen. Sch\u00f6n, wieviel Herzblut die Ausbilder und Eltern in unsere Jugendwehr investieren. Mit dieser Kinder -und Jugendarbeit ist mir vor der Zukunft unserer Wehr nicht bange.<\/p>\n\n\n<div class=\"wp-block-image\">\n<figure class=\"aligncenter size-large\"><img loading=\"lazy\" decoding=\"async\" width=\"700\" height=\"437\" src=\"https:\/\/echta-derminga.de\/wp-content\/uploads\/2023\/07\/361314192_6377065639054774_7010709496255895378_n-700x437.jpg\" alt=\"\" class=\"wp-image-15484\" srcset=\"https:\/\/echta-derminga.de\/wp-content\/uploads\/2023\/07\/361314192_6377065639054774_7010709496255895378_n-700x437.jpg 700w, https:\/\/echta-derminga.de\/wp-content\/uploads\/2023\/07\/361314192_6377065639054774_7010709496255895378_n-300x187.jpg 300w, https:\/\/echta-derminga.de\/wp-content\/uploads\/2023\/07\/361314192_6377065639054774_7010709496255895378_n-768x480.jpg 768w, https:\/\/echta-derminga.de\/wp-content\/uploads\/2023\/07\/361314192_6377065639054774_7010709496255895378_n-1536x959.jpg 1536w, https:\/\/echta-derminga.de\/wp-content\/uploads\/2023\/07\/361314192_6377065639054774_7010709496255895378_n.jpg 2048w\" sizes=\"auto, (max-width: 700px) 100vw, 700px\" \/><\/figure>\n<\/div>\n\n\n<p class=\"has-medium-font-size wp-block-paragraph\"><strong>Gelbe S\u00e4cke werden zum \u00c4rgernis<\/strong><\/p>\n\n\n\n<p class=\"has-medium-font-size wp-block-paragraph\">In der vergangenen Woche gab es in Dirmingen wieder Probleme mit der Abholung der &#8222;gelben S\u00e4cke&#8220;. Dabei ist folgendes zu beachten: Bis zur endg\u00fcltigen Abholung der S\u00e4cke tr\u00e4gt der Eigent\u00fcmer die Verantwortung \u00fcber seinen &#8222;gelben M\u00fcll&#8220;. Das bedeutet, dass die S\u00e4cke im Notfall wieder zur\u00fcck ger\u00e4umt werden m\u00fcssen. Gerne helfe ich in solchen Notf\u00e4llen und versuche den Abholer, die Firma RMG, zu erreichen. Die Gemeinde Eppelborn hingegen tr\u00e4gt bez\u00fcglich der Abholung der S\u00e4cke keine Verantwortung. Bitte achten Sie trotz \u00c4rgers darauf, dass die gelben S\u00e4cke nicht unn\u00f6tigerweise liegen bleiben. Der gelbe M\u00fcll zieht bekannterweise Ratten und Ungeziefer an. Ich pers\u00f6nlich stehe Ihnen in solchen F\u00e4llen gerne helfend zur Seite. In der Gemeinde Eppelborn wird zum 01. Januar 2024 die gelbe Tonne eingef\u00fchrt. Die aktuell liegengelassenen \u201egelben S\u00e4cke\u201c sollen in der kommenden Woche abgeholt werden.<\/p>\n\n\n<div class=\"wp-block-image\">\n<figure class=\"aligncenter size-large\"><img loading=\"lazy\" decoding=\"async\" width=\"700\" height=\"441\" src=\"https:\/\/echta-derminga.de\/wp-content\/uploads\/2023\/07\/362260565_6392595217501816_5651721298207596923_n-700x441.jpg\" alt=\"\" class=\"wp-image-15486\" srcset=\"https:\/\/echta-derminga.de\/wp-content\/uploads\/2023\/07\/362260565_6392595217501816_5651721298207596923_n-700x441.jpg 700w, https:\/\/echta-derminga.de\/wp-content\/uploads\/2023\/07\/362260565_6392595217501816_5651721298207596923_n-300x189.jpg 300w, https:\/\/echta-derminga.de\/wp-content\/uploads\/2023\/07\/362260565_6392595217501816_5651721298207596923_n-768x484.jpg 768w, https:\/\/echta-derminga.de\/wp-content\/uploads\/2023\/07\/362260565_6392595217501816_5651721298207596923_n-1536x967.jpg 1536w, https:\/\/echta-derminga.de\/wp-content\/uploads\/2023\/07\/362260565_6392595217501816_5651721298207596923_n.jpg 1715w\" sizes=\"auto, (max-width: 700px) 100vw, 700px\" \/><\/figure>\n<\/div>\n\n\n<p class=\"has-medium-font-size wp-block-paragraph\"><strong>Sommerfest f\u00fcr den guten Zweck<\/strong><\/p>\n\n\n\n<p class=\"has-medium-font-size wp-block-paragraph\">Die Firma IT Kr\u00e4mer ist seit vielen Jahren ein wichtiges Unternehmen in der Gemeinde Eppelborn. Das soziale Engagement des Unternehmens wurde auch w\u00e4hrend des diesj\u00e4hrigen Sommerfestes deutlich sp\u00fcrbar. Der Kulturverein unterst\u00fctzte das diesj\u00e4hrige Sommerfest mit seiner Flammkuchenaktion. Immerhin sind zahlreiche Menschen aus Dirmingen in den Unternehmen besch\u00e4ftigt. Wenn es um die gute Tat geht, lohnt sich ein Blick \u00fcber den Tellerrand oder in diesem Fall \u00fcber die Ortsgrenze in jedem Fall. Ich danke dem Unternehmen um den Gesch\u00e4ftsf\u00fchrer Michael Kr\u00e4mer f\u00fcr sein soziales Engagement.<\/p>\n\n\n<div class=\"wp-block-image\">\n<figure class=\"aligncenter size-large\"><img loading=\"lazy\" decoding=\"async\" width=\"700\" height=\"700\" src=\"https:\/\/echta-derminga.de\/wp-content\/uploads\/2023\/07\/362239306_6394011830693488_5708461689568923458_n-700x700.jpg\" alt=\"\" class=\"wp-image-15487\" srcset=\"https:\/\/echta-derminga.de\/wp-content\/uploads\/2023\/07\/362239306_6394011830693488_5708461689568923458_n-700x700.jpg 700w, https:\/\/echta-derminga.de\/wp-content\/uploads\/2023\/07\/362239306_6394011830693488_5708461689568923458_n-300x300.jpg 300w, https:\/\/echta-derminga.de\/wp-content\/uploads\/2023\/07\/362239306_6394011830693488_5708461689568923458_n-150x150.jpg 150w, https:\/\/echta-derminga.de\/wp-content\/uploads\/2023\/07\/362239306_6394011830693488_5708461689568923458_n-768x768.jpg 768w, https:\/\/echta-derminga.de\/wp-content\/uploads\/2023\/07\/362239306_6394011830693488_5708461689568923458_n-90x90.jpg 90w, https:\/\/echta-derminga.de\/wp-content\/uploads\/2023\/07\/362239306_6394011830693488_5708461689568923458_n-75x75.jpg 75w, https:\/\/echta-derminga.de\/wp-content\/uploads\/2023\/07\/362239306_6394011830693488_5708461689568923458_n.jpg 1425w\" sizes=\"auto, (max-width: 700px) 100vw, 700px\" \/><\/figure>\n<\/div>\n\n\n<p class=\"has-medium-font-size wp-block-paragraph\"><strong>Let\u2019s play, grill and chill \u2013 Gute Aktion f\u00fcr die Dorfjugend<\/strong><\/p>\n\n\n\n<p class=\"has-medium-font-size wp-block-paragraph\">Am Montag, 24. Juli findet im Dirminger Belkerstadion eine Aktion des Landkreises Neunkirchen und der Gemeinde Eppelborn statt. Dabei ist die Dorfjugend angesprochen. Wir wollen mit unseren Jugendlichen ins Gespr\u00e4ch kommen und gemeinsam die Zukunft planen. Dabei soll gespielt, gegrillt und gechillt werden. Herzliche Einladung an alle Jugendlichen aus unserem Dorf und den Nachbarortschaften. Die Veranstaltung beginnt um 14:30 Uhr und endet um 19:00 Uhr. Nix wie hin!<\/p>\n\n\n\n<p class=\"has-medium-font-size wp-block-paragraph\"><strong>Liebe Landsleute, das Leben ist Ver\u00e4nderung und alles bewegt sich und dreht sich im Kreis. Wir m\u00fcssen Zusammenhalten und gemeinsam L\u00f6sungen finden, um unseren Heimatort voranzubringen. Dabei geh\u00f6ren Meinungen und konstruktive Kritik immer zu den wichtigen St\u00fctzen einer Demokratie. Die Menschlichkeit und der Umgangston sollten dabei jedoch nicht verloren gehen. Bitte helfen Sie mit und packen Sie mit an! Schlie\u00dflich ist es auch DEIN Dorf und unsere gemeinsame Heimat.<\/strong><\/p>\n\n\n\n<p class=\"has-medium-font-size wp-block-paragraph\">In diesem Sinne<\/p>\n\n\n\n<p class=\"has-medium-font-size wp-block-paragraph\">Ihr Ortsvorsteher<\/p>\n\n\n\n<p class=\"has-medium-font-size wp-block-paragraph\">Frank Klein<\/p>\n\n\n<div class=\"wp-block-image\">\n<figure class=\"aligncenter size-full\"><img loading=\"lazy\" decoding=\"async\" width=\"648\" height=\"934\" src=\"https:\/\/echta-derminga.de\/wp-content\/uploads\/2023\/07\/361926000_6383649321729739_1368947376681837583_n.jpg\" alt=\"\" class=\"wp-image-15488\" srcset=\"https:\/\/echta-derminga.de\/wp-content\/uploads\/2023\/07\/361926000_6383649321729739_1368947376681837583_n.jpg 648w, https:\/\/echta-derminga.de\/wp-content\/uploads\/2023\/07\/361926000_6383649321729739_1368947376681837583_n-208x300.jpg 208w\" sizes=\"auto, (max-width: 648px) 100vw, 648px\" \/><\/figure>\n<\/div>","protected":false},"excerpt":{"rendered":"<p>Endlich Sommerferien! F\u00fcr viele Familien, Jugendliche und besonders Kinder beginnt die sch\u00f6nste Zeit des Jahres. Ich w\u00fcnsche allen sch\u00f6ne und erholsame Sommerferien und eine unbeschwerte Zeit. Genie\u00dfen Sie ihren Urlaub und ihre Freizeit im Kreise ihrer Familie, ihren Freunden und Bekannten. P\u00fcnktlich zum Ferienbeginn wurde unser Heimatort von einer traurigen Nachricht ereilt: Die Gesch\u00e4ftsstelle der LEVO Bank in der Dirminger<\/p>\n","protected":false},"author":1,"featured_media":15414,"comment_status":"open","ping_status":"closed","sticky":false,"template":"","format":"standard","meta":{"_crdt_document":"","footnotes":""},"categories":[1,812],"tags":[5,618,127,634,795,310],"class_list":["post-15478","post","type-post","status-publish","format-standard","has-post-thumbnail","hentry","category-allgemein","category-ortsvorsteher-dirmingen","tag-dirmingen","tag-gemeinde-eppelborn","tag-landkreis-neunkirchen","tag-ortsvorsteher","tag-ortsvorsteher-dirmingen","tag-saarland"],"_links":{"self":[{"href":"https:\/\/echta-derminga.de\/index.php?rest_route=\/wp\/v2\/posts\/15478","targetHints":{"allow":["GET"]}}],"collection":[{"href":"https:\/\/echta-derminga.de\/index.php?rest_route=\/wp\/v2\/posts"}],"about":[{"href":"https:\/\/echta-derminga.de\/index.php?rest_route=\/wp\/v2\/types\/post"}],"author":[{"embeddable":true,"href":"https:\/\/echta-derminga.de\/index.php?rest_route=\/wp\/v2\/users\/1"}],"replies":[{"embeddable":true,"href":"https:\/\/echta-derminga.de\/index.php?rest_route=%2Fwp%2Fv2%2Fcomments&post=15478"}],"version-history":[{"count":10,"href":"https:\/\/echta-derminga.de\/index.php?rest_route=\/wp\/v2\/posts\/15478\/revisions"}],"predecessor-version":[{"id":15500,"href":"https:\/\/echta-derminga.de\/index.php?rest_route=\/wp\/v2\/posts\/15478\/revisions\/15500"}],"wp:featuredmedia":[{"embeddable":true,"href":"https:\/\/echta-derminga.de\/index.php?rest_route=\/wp\/v2\/media\/15414"}],"wp:attachment":[{"href":"https:\/\/echta-derminga.de\/index.php?rest_route=%2Fwp%2Fv2%2Fmedia&parent=15478"}],"wp:term":[{"taxonomy":"category","embeddable":true,"href":"https:\/\/echta-derminga.de\/index.php?rest_route=%2Fwp%2Fv2%2Fcategories&post=15478"},{"taxonomy":"post_tag","embeddable":true,"href":"https:\/\/echta-derminga.de\/index.php?rest_route=%2Fwp%2Fv2%2Ftags&post=15478"}],"curies":[{"name":"wp","href":"https:\/\/api.w.org\/{rel}","templated":true}]}}