{"id":15503,"date":"2023-07-30T11:08:15","date_gmt":"2023-07-30T10:08:15","guid":{"rendered":"https:\/\/echta-derminga.de\/?p=15503"},"modified":"2023-07-30T11:08:45","modified_gmt":"2023-07-30T10:08:45","slug":"was-unsere-dorfgemeinschaft-von-den-historischen-bauerntagen-in-dirmingen-lernen-kann","status":"publish","type":"post","link":"https:\/\/echta-derminga.de\/?p=15503","title":{"rendered":"Was unsere Dorfgemeinschaft von den historischen Bauerntagen in Dirmingen heute noch lernen kann!"},"content":{"rendered":"\n<p class=\"has-medium-font-size wp-block-paragraph\"><strong>Sommerzeit, Ferienzeit! \u00dcberall ausgelassen Stimmung und entspannte Gesichter. Der Geruch von Feuer und Schwenker liegt in der Luft und irgendwo klatschen Arschbomben ins Wasser. Sommerzeit, dass ist auch die Zeit der Dorf -und Stadtfeste. Dabei wird es den Vereinen, gerade in den letzten Jahren, schwerer gemacht ein eigenes Dorffest auf die Beine zu stellen. Auflagen, Formalit\u00e4ten, Kostensteigerungen und personal M\u00e4ngel stellen die Organisatoren oftmals vor gro\u00dfe Herausforderungen. Fr\u00fcher gingen die Leute das Ganze noch etwas einfacher und entspannter an. Fr\u00fcher arbeitete die ganze Dorfgemeinschaft an der Umsetzung und Durchf\u00fchrung eines Dorffestes. F\u00fcr die Einheimischen war es eine Ehre Verantwortung zu \u00fcbernehmen. Am Festtag selbst war meistens die ganze Familie involviert und musste an verschiedenen Stellen mitarbeiten.<\/strong> <strong>Heute unvorstellbar ?<\/strong><\/p>\n\n\n\n<p class=\"has-medium-font-size wp-block-paragraph\">Die Zeit der gro\u00dfen Festumz\u00fcge geh\u00f6rt l\u00e4ngst der Geschichte an. Viele Jahrzehnte herrschte in unserem Heimatort die Tradition, dass j\u00e4hrliche Dorffest mit einem Festumzug einzuleiten und zu verbinden. Die \u00c4lteren unter uns werden sich noch gerne an den gro\u00dfen Festumzug zu den ersten Bauerntagen im Jahre 1949 erinnern. Nat\u00fcrlich war auch der gro\u00dfe Festumzug zur 700 Jahrfeier unseres Heimatortes, im Jahre 1981, f\u00fcr alle Beteiligte ein unvergessliches Erlebnis. Bestimmt wird sich der ein oder andere Zeitgenosse an den bisher letzten Festumzug unseres Dorfes im Jahre 2006 erinnern. Die Festumz\u00fcge geh\u00f6rten fr\u00fcher fest zur Durchf\u00fchrung eines Dirminger Dorffestes. Heute hat man sich aus teils verst\u00e4ndlichen Gr\u00fcnden von diesem Brauchtum verabschiedet. Schade, eigentlich!<\/p>\n\n\n\n<p class=\"has-medium-font-size wp-block-paragraph\"><strong>Dirmingen und seine Festumz\u00fcge. Das waren auch tausende Stunden von ehrenamtlichem Engagement mit gro\u00dfen Aufopferungen. Monatelang wurden diese Festumz\u00fcge vorbereitet. Die gro\u00dfen Festw\u00e4gen wurden detailgetreu mit viel Flei\u00df aufgebaut. Nicht selten waren die Organisatoren \u00fcber ein Jahr mit den Vorbereitung arbeiten zu einem Festumzug besch\u00e4ftigt. Dirmingen und seine Festumz\u00fcge. Das bedeutete auch Heimatgef\u00fchl, Selbstdarstellung und Stolz. Wenn es um die eigene Au\u00dfendarstellung ging, lie\u00dfen sich die Vereine und Organisationen immer wieder neue Attraktionen einfallen. Der Einfallsreichtum der Menschen und Vereine kannte keine Grenzen. Letztlich ging es auch darum die gemeinsame Sache in ein gutes Licht zu stellen.<\/strong><\/p>\n\n\n<div class=\"wp-block-image\">\n<figure class=\"aligncenter size-large\"><img loading=\"lazy\" decoding=\"async\" width=\"700\" height=\"494\" src=\"https:\/\/echta-derminga.de\/wp-content\/uploads\/2023\/07\/Bauernfest-49-3-700x494.jpg\" alt=\"\" class=\"wp-image-15511\" srcset=\"https:\/\/echta-derminga.de\/wp-content\/uploads\/2023\/07\/Bauernfest-49-3-700x494.jpg 700w, https:\/\/echta-derminga.de\/wp-content\/uploads\/2023\/07\/Bauernfest-49-3-300x212.jpg 300w, https:\/\/echta-derminga.de\/wp-content\/uploads\/2023\/07\/Bauernfest-49-3-768x542.jpg 768w, https:\/\/echta-derminga.de\/wp-content\/uploads\/2023\/07\/Bauernfest-49-3.jpg 800w\" sizes=\"auto, (max-width: 700px) 100vw, 700px\" \/><\/figure>\n<\/div>\n\n\n<p class=\"has-medium-font-size wp-block-paragraph\">Der eigentliche Startschuss zu dieser jahrzehntelangen Tradition fiel w\u00e4hrend den \u201eDirminger Bauertagen\u201c im Jahre 1949. \u00a0Dieses Fest mit seinem sagenhaften Festzug geh\u00f6rt bis heute zu dem kulturellen Highlight unseres Dorfes. Aus der gesamten Region str\u00f6mten die Menschen damals nach Dirmingen. Die Geschichte zu diesen \u201eBauerntagen\u201c geh\u00f6rt ebenso dazu wie die eigentliche Durchf\u00fchrung des Festes:<\/p>\n\n\n\n<p class=\"has-medium-font-size wp-block-paragraph\"><strong>Dirmingen wurde nach dem 30-j\u00e4hrigen Krieg zu einem wohlhabenden Bauerndorf. Durch seine zahlreichen H\u00f6fe, dem M\u00fchlenbetrieb und die damit aufstrebende Infrastruktur konnte man in Dirmingen gut Leben. Neben den vielen Landwirtschaftsbetrieben gab es zahlreiche Bergmannsbauern und Kleing\u00e4rtner. Die Landwirtschaft brachte Wohlstand und Zufriedenheit. Die beiden gro\u00dfen Weltkriege brachten diese Strukturen ins Wanken, wobei man sich in unserem Heimatort immer wieder aufrichtete und weitermachte. Nat\u00fcrlich wurde schon damals nicht nur gearbeitet, sondern auch nach guter saarl\u00e4ndischer Manier \u201egut gess \u201eund gefeiert. Daf\u00fcr brauchten die Menschen nicht viel, um ihre Feste zu feiern. Wichtig war das alle Leute zusammenkamen und man f\u00fcr ein paar Stunden die Arbeit vergessen konnte.<\/strong><\/p>\n\n\n\n<p class=\"has-medium-font-size wp-block-paragraph\">Meistens gen\u00fcgte eine Festwiese mit frisch gezapften Bier, Rostw\u00fcrste und Musik. Die Leute gingen zum Tanz und machten die Nacht zum Tag. Zu den traditionsreichen Dorffesten, Maibaumsetzen oder Kirmes kam das ganze Dorf zusammen und jeder musste mitmachen. Die Durchf\u00fchrung von Festen wurde gemeinsam und zun\u00e4chst ohne Dachorganisation durchgef\u00fchrt. Die M\u00e4nner erledigten die Aufbauarbeiten und die Frauen k\u00fcmmerten sich um das Essen. Das Miteinander wurde gepflegt und gelebt. Nicht selten wurden im Laufe eines Jahres mehrere Stra\u00dfen- oder Hoffeste durchgef\u00fchrt. Die Dorfgemeinschaft hatte etwas Eigenes oder etwas Famili\u00e4res. Besonders in der Zeit nach dem ersten Weltkrieg wurde diesbez\u00fcglich das Leben gefeiert. Niemals zuvor wurden so viele Vereine gegr\u00fcndet wie zu dieser Zeit. Von Sportvereinen \u00fcber Sch\u00fctzenvereinen bis hin zu Turnvereinen oder Bauernvereinen. Sogar Ziegenvereine wurden ins Leben gerufen.\u00a0Das Angebot war riesengro\u00df und unermesslich. M\u00e4nnergesangsvereine, Theatervereine, Obst- und Gartenbauvereine und zahlreiche kleinere Gruppen wurden gegr\u00fcndet. Hinzu kamen zahlreiche kirchlichen Vereine, Gruppen und Kreise. Die Menschen kamen zusammen, um gemeinsam das Leben zu genie\u00dfen.<\/p>\n\n\n<div class=\"wp-block-image\">\n<figure class=\"aligncenter size-large\"><img loading=\"lazy\" decoding=\"async\" width=\"700\" height=\"459\" src=\"https:\/\/echta-derminga.de\/wp-content\/uploads\/2023\/07\/F-Festzuege-11-700x459.jpg\" alt=\"\" class=\"wp-image-15512\" srcset=\"https:\/\/echta-derminga.de\/wp-content\/uploads\/2023\/07\/F-Festzuege-11-700x459.jpg 700w, https:\/\/echta-derminga.de\/wp-content\/uploads\/2023\/07\/F-Festzuege-11-300x197.jpg 300w, https:\/\/echta-derminga.de\/wp-content\/uploads\/2023\/07\/F-Festzuege-11-768x504.jpg 768w, https:\/\/echta-derminga.de\/wp-content\/uploads\/2023\/07\/F-Festzuege-11.jpg 800w\" sizes=\"auto, (max-width: 700px) 100vw, 700px\" \/><\/figure>\n<\/div>\n\n\n<p class=\"has-medium-font-size wp-block-paragraph\"><strong>Nach dem zweiten Weltkrieg lag unser Land und nat\u00fcrlich auch unser Dorf in Tr\u00fcmmern. Die Besatzungsm\u00e4chte machten es den Neugr\u00fcndungen oder einer Fortf\u00fchrung eines Vereins nicht leicht. Harte Genehmigungsverfahren oder die Festsetzung eines Vorstandes hemmten das Vereinsleben an der Saar. Es wurden sogenannte Omni-Vereine gegr\u00fcndet die als Dachgemeinschaft die gro\u00dfen Vereine leiteten und f\u00fchrten. Nur langsam setzte sich die Normalit\u00e4t ein und die Menschen nahmen wieder St\u00fcck f\u00fcr St\u00fcck die eigene Verantwortung in die Hand.<\/strong><\/p>\n\n\n\n<p class=\"has-medium-font-size wp-block-paragraph\">Am 14.Mai 1949 veranstaltete der damalige Verkehrsverein der Kulturgemeinschaft Dirmingen, einem Vorl\u00e4ufer des heutigen eingetragenen Vereins, eine Versammlung. Diese Mitgliederversammlung war meldepflichtig und musste damals von den Besatzungsm\u00e4chten genehmigt werden. Im Mittelpunkt dieser Versammlung stand die Gr\u00fcndung einer neuen Sparte \u201eVerkehr- und Versch\u00f6nerung\u201c. Diese Sparte legte den Grundstein f\u00fcr den sp\u00e4teren Heimat- und Verkehrsverein. In erster Linie ging es den damaligen Verantwortlichen darum, die durch die Kriegswirren in Dirmingen entstandenen Sch\u00e4den zu beheben und unser Dorf nachhaltig zu versch\u00f6nern. Die Verbreitung der Hauptstra\u00dfe und die Beseitigung zur\u00fcckgebliebener Ruinen lagen der neuen Sparte ebenfalls am Herzen. Dirmingen geh\u00f6rte nach dem zweiten Weltkrieg zu einer der meist-gesch\u00e4digten Landgemeinden. Es gab also allerhand zu tun. In der angesetzten Versammlung wurde also folgender Zweck beschossen:\u201c Zweck des Vereins ist die Hebung und F\u00f6rderung der verkehrlichen, sportlichen und landwirtschaftlichen Belange, sowie aller der Gemeinde dienenden Interessen bei engster Zusammenarbeit mit den \u00f6rtlichen Vereinen und Organisationen sowie der Gemeindeverwaltung\u201c. Aus meiner Sicht hat sich das Interesse und der Zweck des damals gegr\u00fcndeten Vereins bis heute nur unwesentlich ver\u00e4ndert. Einzig die sportlichen und verkehrstechnischen Belange fanden sp\u00e4ter keine Ber\u00fccksichtigung mehr. Im Jahre 1953 l\u00f6ste sich die Sparte aus der Kulturgemeinschaft Dirmingen und wurde in \u201eHeimat- und Verkehrsverein Dirmingen umbenannt.<\/p>\n\n\n<div class=\"wp-block-image\">\n<figure class=\"aligncenter size-large\"><img loading=\"lazy\" decoding=\"async\" width=\"700\" height=\"496\" src=\"https:\/\/echta-derminga.de\/wp-content\/uploads\/2023\/07\/F-Festzuege-10-700x496.jpg\" alt=\"\" class=\"wp-image-15513\" srcset=\"https:\/\/echta-derminga.de\/wp-content\/uploads\/2023\/07\/F-Festzuege-10-700x496.jpg 700w, https:\/\/echta-derminga.de\/wp-content\/uploads\/2023\/07\/F-Festzuege-10-300x213.jpg 300w, https:\/\/echta-derminga.de\/wp-content\/uploads\/2023\/07\/F-Festzuege-10-768x544.jpg 768w, https:\/\/echta-derminga.de\/wp-content\/uploads\/2023\/07\/F-Festzuege-10.jpg 800w\" sizes=\"auto, (max-width: 700px) 100vw, 700px\" \/><\/figure>\n<\/div>\n\n\n<p class=\"has-medium-font-size wp-block-paragraph\"><strong>In der damals einger\u00e4umten Mitgliederversammlung beschloss der neu gegr\u00fcndete Verein noch im Jahre 1949 ein gro\u00dfes Erntedankfest und im Jahre 1950 eine Handwerksausstellung durchzuf\u00fchren. Die vorgesehene Erntedankfeier wurde unter dem Motto: \u201eBauerntage in Dirmingen\u201c beworben.<\/strong>&nbsp;<strong>Im Jahre 1949 wurde somit eines der gr\u00f6\u00dften Dorffeste unseres Heimatortes organisiert und durchgef\u00fchrt. Diese ersten \u201eDirminger Bauerntage\u201c waren legend\u00e4r und haben sich \u00fcber viele Jahrzehnte bis heute in das Ged\u00e4chtnis der Dirminger verankert. Die Hingabe und Einsatzbereitschaft der Dorfgemeinschaft zu diesem Fest war grandios und kaum zu \u00fcberbieten. An drei Festtagen wurde beeindruckendes auf die Beine gestellt. Im ganzen Landkreis Ottweiler feierte man damals diese \u201cDirminger Bauerntage\u201d als echtes Markenzeichen.<\/strong><\/p>\n\n\n\n<p class=\"has-medium-font-size wp-block-paragraph\">Die Bauerntage wurden in der Zeit vom 14.bis zum 19.09.1949 durchgef\u00fchrt. Als Protektor dieses Volksfestes fungierte der damalige Landwirtschaftsminister Dr. Franz Singer. Alle \u00f6rtlichen Bauern und der Obst- und Gartenbauverein beteiligten sich an diesem Fest. Neben einer Obst- und Gem\u00fcseausstellung und zahlreichen Tanzveranstaltungen wurde ein gro\u00dfer Festzug am Festsonntag organisiert. Dieser Festumzug sucht bis heute seinesgleichen. Aus allen Nachbargemeinden wurden prachtvolle Festwagen geschickt. Auch die Kreisstadt Ottweiler und die Kreissparkasse Ottweiler nahmen an diesem Umzug teil. Vor dem Anwesen H\u00f6ll wurde eigens eine Trib\u00fcne f\u00fcr geladene G\u00e4ste aufgebaut. Eine Jury beurteilte die zahlreichen Festzugsteilnehmer und pr\u00e4mierte diese anschlie\u00dfend. Bei wunderbarem Wetter fanden sogenannte Ernteb\u00e4llen in den S\u00e4len der alteingesessenen Gastst\u00e4tten Schneider, Heintz-John, und Hessedenz statt. Montags erfolgte der Viehauftrieb der Landwirte im Landkreis Ottweiler zur Pr\u00e4mierung. Mit einem bunten Bauernball endeten die ersten Bauerntage in Dirmingen.<\/p>\n\n\n<div class=\"wp-block-image\">\n<figure class=\"aligncenter size-large\"><img loading=\"lazy\" decoding=\"async\" width=\"700\" height=\"433\" src=\"https:\/\/echta-derminga.de\/wp-content\/uploads\/2023\/07\/F-Festzuege-7-700x433.jpg\" alt=\"\" class=\"wp-image-15514\" srcset=\"https:\/\/echta-derminga.de\/wp-content\/uploads\/2023\/07\/F-Festzuege-7-700x433.jpg 700w, https:\/\/echta-derminga.de\/wp-content\/uploads\/2023\/07\/F-Festzuege-7-300x186.jpg 300w, https:\/\/echta-derminga.de\/wp-content\/uploads\/2023\/07\/F-Festzuege-7-768x475.jpg 768w, https:\/\/echta-derminga.de\/wp-content\/uploads\/2023\/07\/F-Festzuege-7.jpg 800w\" sizes=\"auto, (max-width: 700px) 100vw, 700px\" \/><\/figure>\n<\/div>\n\n\n<p class=\"has-medium-font-size wp-block-paragraph\"><strong>Vom 13- 15. September 1952 wurden die zweiten Dirminger Bauerntage durchgef\u00fchrt. Das Programm \u00e4hnelte sehr stark der ersten Veranstaltung. Zus\u00e4tzlich wurden damals eine Kreisstutenschau und eine Nutzvieh-Pr\u00e4mierung durchgef\u00fchrt. Im Rahmen dieser zweiten Bauerntage stand auch das Thema Flurbereinigungen auf der Agenda. Der damalige Verein \u201eVerkehr und Versch\u00f6nerung\u201c setzte sich enorm f\u00fcr eine dringend notwendige Flurbereinigung in Dirmingen ein. Im Jahre 1953 wurde ein entsprechender Umlagebeschluss f\u00fcr die Gemarkung Dirmingen verabschiedet. Aus meiner Sicht basiert das sp\u00e4tere Dirminger Volksfest auf der Grundlage dieser historischen Bauerntage in Dirmingen. Nie zuvor gelang es unserer Dorfgemeinschaft eine gr\u00f6\u00dfere Veranstaltung auf die Beine zu stellen. Nat\u00fcrlich wurden mit den Jahren immer gr\u00f6\u00dfere Ma\u00dfst\u00e4be gesetzt. Gerne denken wir an die 700- Jahrfeier Dirmingens oder die vielen wunderbaren Volksfeste, die zun\u00e4chst vom Vereinsring und sp\u00e4ter von unserem Kulturverein Dirmingen organisiert wurden.<\/strong> <strong>Das alles ist l\u00e4ngst vorbei und geh\u00f6rt zu unserer Geschichte. Was aber k\u00f6nnen wir von den historischen Bauerntagen in Dirmingen lernen?<\/strong><\/p>\n\n\n\n<p class=\"has-medium-font-size wp-block-paragraph\">Ich denke in erster Linie sollte es wieder mehr um Beharrlichkeit, Zusammenhalt und Idealismus gehen. Die H\u00fcrden zur Durchf\u00fchrung eines Dorffestes wurden in den letzten Jahren zugegebenerma\u00dfen immer h\u00f6her. Fr\u00fcher waren die Menschen praktisch dazu verdammt sich in der Dorfgemeinschaft einzuordnen und mitzumachen. Das ist heute nicht mehr m\u00f6glich und unvorstellbar. Fr\u00fcher war jeder Dorfbewohner praktisch dazu \u201everpflichtet\u201c mitzumachen und anzupacken. Das war einfach so und wurde auch von jedem mitgetragen. Die Frauen k\u00fcmmerten sich um das Essen und die M\u00e4nner verrichteten die Auf- und Abbauarbeiten. Dienstleistungen wurden zudem von allen Dorfbewohnern \u00fcbernommen. Dieser gute Brauch hat sich recht lange gehalten. Ich kann mich an meine Kinderzeit in den 1970-gern erinnern. Auch da war es so, dass die M\u00e4nner das Festzelt aufbauten und sich alle zum gemeinsamen Mittagessen einfanden. Heute ist das ganze etwas schwieriger zu handhaben, wobei sich der Kulturverein Dirmingen beste M\u00fche gibt und sehr viel f\u00fcr unser Dorf leistet. Die Zeiten haben sich ge\u00e4ndert und somit auch unsere Einstellung. Gro\u00dfe Dorffeste sind l\u00e4ngst nicht mehr in Mode. Heute besucht man viel lieber gro\u00dfe Events oder Konzerten. Mit einem Festumzug bekommt man schon lange nicht mehr die Leute auf die Stra\u00dfe. Was aber k\u00f6nnen wir von den Festen der Alten lernen und wie gehen wir mit dem Erbe um? Die Antwort liegt im gegenseitigen Miteinander und in unserer individuellen Einstellung. Mittlerweile tun sich schon unsere Vereine und Organisationen schwer eine aktive Teilnahme an unserem Dorffest verbindlich zuzusagen. Warum ist das so ? Nat\u00fcrlich haben die Vereine sehr viel mit sich selbst und mit ihrem j\u00e4hrlichen Vereinsleben zu tun, Wie aber werden wir unserer Verantwortung gerecht ?<\/p>\n\n\n<div class=\"wp-block-image\">\n<figure class=\"aligncenter size-large\"><img loading=\"lazy\" decoding=\"async\" width=\"700\" height=\"472\" src=\"https:\/\/echta-derminga.de\/wp-content\/uploads\/2023\/07\/F-Festzuege-4-700x472.jpg\" alt=\"\" class=\"wp-image-15515\" srcset=\"https:\/\/echta-derminga.de\/wp-content\/uploads\/2023\/07\/F-Festzuege-4-700x472.jpg 700w, https:\/\/echta-derminga.de\/wp-content\/uploads\/2023\/07\/F-Festzuege-4-300x202.jpg 300w, https:\/\/echta-derminga.de\/wp-content\/uploads\/2023\/07\/F-Festzuege-4-768x517.jpg 768w, https:\/\/echta-derminga.de\/wp-content\/uploads\/2023\/07\/F-Festzuege-4.jpg 800w\" sizes=\"auto, (max-width: 700px) 100vw, 700px\" \/><\/figure>\n<\/div>\n\n\n<p class=\"has-medium-font-size wp-block-paragraph\"><strong>Schlie\u00dflich ist es am Ende auch DEIN Dorf und jeder kann etwas zum gemeinsamen Erfolg beitragen. Genau das wurde fr\u00fcher mehr beherzigt und umgesetzt. Im Jahre 2024 plant unser Kulturverein sein n\u00e4chster Park und Strandfest. Wenn es uns gelingt, dieses Fest zu einem gemeinsamen Mitmachfest zu gestalten, wird ein Schuh daraus. Wir m\u00fcssen es nur wollen und wieder mehr Zusammenhalt pflegen. Dazu geh\u00f6rt vor allen Dingen Idealismus und Heimatliebe. Die letzten festlichen Aktivit\u00e4ten haben gezeigt zu was die Menschen in unserem Dorf f\u00e4hig sind. Dennoch gibt es da noch gen\u00fcgend Luft nach oben. Wenn man will, dass in diesem Dorf etwas passiert, muss man bereit sein anzupacken, vorzugehen und mitzumachen. F\u00fcr die Menschen, die unsere historischen Bauerntage im Jahre 1949 durchf\u00fchrten, war das eine Selbstverst\u00e4ndlichkeit. Schlie\u00dflich ging es um die Heimat und die damit verbundene wichtige Dorfgemeinschaft. Man braucht sich gegenseitig und wusste das Miteinander zu sch\u00e4tzen. Wir m\u00fcssen wieder lernen, dass aus dem Zusammenhalt und dem \u00f6rtlichen Zusammenleben eine funktionierende Dorfgemeinschaft wachsen und gedeihen kann. Wir brauchen Mut, Risikobereitschaft, Idealismus und Einsatzwillen. So schlecht ist es nicht bestellt um unser D\u00f6rfchen. Die Zeichen stehen gut! Es kann gelingen! Freuen wir uns auf das Park- und Strandfest im Jahre 2024!<\/strong><\/p>\n\n\n<div class=\"wp-block-image\">\n<figure class=\"aligncenter size-large\"><img loading=\"lazy\" decoding=\"async\" width=\"700\" height=\"446\" src=\"https:\/\/echta-derminga.de\/wp-content\/uploads\/2023\/07\/111-1-700x446.jpg\" alt=\"\" class=\"wp-image-15517\" srcset=\"https:\/\/echta-derminga.de\/wp-content\/uploads\/2023\/07\/111-1-700x446.jpg 700w, https:\/\/echta-derminga.de\/wp-content\/uploads\/2023\/07\/111-1-300x191.jpg 300w, https:\/\/echta-derminga.de\/wp-content\/uploads\/2023\/07\/111-1-768x489.jpg 768w, https:\/\/echta-derminga.de\/wp-content\/uploads\/2023\/07\/111-1.jpg 900w\" sizes=\"auto, (max-width: 700px) 100vw, 700px\" \/><\/figure>\n<\/div>\n\n<div class=\"wp-block-image\">\n<figure class=\"aligncenter size-large\"><img loading=\"lazy\" decoding=\"async\" width=\"700\" height=\"435\" src=\"https:\/\/echta-derminga.de\/wp-content\/uploads\/2023\/07\/F-Festzuege-2-700x435.jpg\" alt=\"\" class=\"wp-image-15516\" srcset=\"https:\/\/echta-derminga.de\/wp-content\/uploads\/2023\/07\/F-Festzuege-2-700x435.jpg 700w, https:\/\/echta-derminga.de\/wp-content\/uploads\/2023\/07\/F-Festzuege-2-300x186.jpg 300w, https:\/\/echta-derminga.de\/wp-content\/uploads\/2023\/07\/F-Festzuege-2-768x477.jpg 768w, https:\/\/echta-derminga.de\/wp-content\/uploads\/2023\/07\/F-Festzuege-2.jpg 900w\" sizes=\"auto, (max-width: 700px) 100vw, 700px\" \/><\/figure>\n<\/div>","protected":false},"excerpt":{"rendered":"<p>Sommerzeit, Ferienzeit! \u00dcberall ausgelassen Stimmung und entspannte Gesichter. Der Geruch von Feuer und Schwenker liegt in der Luft und irgendwo klatschen Arschbomben ins Wasser. Sommerzeit, dass ist auch die Zeit der Dorf -und Stadtfeste. Dabei wird es den Vereinen, gerade in den letzten Jahren, schwerer gemacht ein eigenes Dorffest auf die Beine zu stellen. Auflagen, Formalit\u00e4ten, Kostensteigerungen und personal M\u00e4ngel<\/p>\n","protected":false},"author":1,"featured_media":15510,"comment_status":"open","ping_status":"closed","sticky":false,"template":"","format":"standard","meta":{"_crdt_document":"","footnotes":""},"categories":[1,9,8],"tags":[1074,1075,5,618,349,127,634,795,310],"class_list":["post-15503","post","type-post","status-publish","format-standard","has-post-thumbnail","hentry","category-allgemein","category-dorfgetratsche","category-sellemols-und-awweile","tag-bauerntage-dirmingen-1949","tag-derminga-folxfeschd","tag-dirmingen","tag-gemeinde-eppelborn","tag-kulturverein-dirmingen","tag-landkreis-neunkirchen","tag-ortsvorsteher","tag-ortsvorsteher-dirmingen","tag-saarland"],"_links":{"self":[{"href":"https:\/\/echta-derminga.de\/index.php?rest_route=\/wp\/v2\/posts\/15503","targetHints":{"allow":["GET"]}}],"collection":[{"href":"https:\/\/echta-derminga.de\/index.php?rest_route=\/wp\/v2\/posts"}],"about":[{"href":"https:\/\/echta-derminga.de\/index.php?rest_route=\/wp\/v2\/types\/post"}],"author":[{"embeddable":true,"href":"https:\/\/echta-derminga.de\/index.php?rest_route=\/wp\/v2\/users\/1"}],"replies":[{"embeddable":true,"href":"https:\/\/echta-derminga.de\/index.php?rest_route=%2Fwp%2Fv2%2Fcomments&post=15503"}],"version-history":[{"count":7,"href":"https:\/\/echta-derminga.de\/index.php?rest_route=\/wp\/v2\/posts\/15503\/revisions"}],"predecessor-version":[{"id":15519,"href":"https:\/\/echta-derminga.de\/index.php?rest_route=\/wp\/v2\/posts\/15503\/revisions\/15519"}],"wp:featuredmedia":[{"embeddable":true,"href":"https:\/\/echta-derminga.de\/index.php?rest_route=\/wp\/v2\/media\/15510"}],"wp:attachment":[{"href":"https:\/\/echta-derminga.de\/index.php?rest_route=%2Fwp%2Fv2%2Fmedia&parent=15503"}],"wp:term":[{"taxonomy":"category","embeddable":true,"href":"https:\/\/echta-derminga.de\/index.php?rest_route=%2Fwp%2Fv2%2Fcategories&post=15503"},{"taxonomy":"post_tag","embeddable":true,"href":"https:\/\/echta-derminga.de\/index.php?rest_route=%2Fwp%2Fv2%2Ftags&post=15503"}],"curies":[{"name":"wp","href":"https:\/\/api.w.org\/{rel}","templated":true}]}}