{"id":15707,"date":"2023-09-21T15:26:47","date_gmt":"2023-09-21T14:26:47","guid":{"rendered":"https:\/\/echta-derminga.de\/?p=15707"},"modified":"2023-09-21T15:46:50","modified_gmt":"2023-09-21T14:46:50","slug":"kommunalwahl-2024-jetzt-ist-die-zeit-macht-es-besser","status":"publish","type":"post","link":"https:\/\/echta-derminga.de\/?p=15707","title":{"rendered":"Kommunalwahl 2024 \u2013 Jetzt ist die Zeit, macht es besser!"},"content":{"rendered":"\n<p class=\"has-medium-font-size wp-block-paragraph\"><strong>Die Kommunalwahlen 2024 werfen ihrer Schatten voraus. Knapp 8 Monate vor den Kommunal- und Europawahlen, am 09. Juni 2024 sind die politischen Ortsvereine damit besch\u00e4ftigt ihre Orts-Gemeinde- Stadt- und Kreistagslisten aufzustellen. Es ist an der Zeit, Inhalte, Themen sowie Kandidatinnen und Kandidaten zu finden. Dabei f\u00e4llt es den politischen Gliederungen zusehends schwerer, eine attraktive Kommunalwahlliste aufzustellen. Die Suche nach geeigneten Kandidatinnen und Kandidaten gestaltet sich in den letzten Jahren immer schwieriger. Der Stellenwert eines Politikers ist am Nullpunkt angelangt. Selbst schuld, werden einige Leserinnen und Leser entgegnen. Wirklich? Tatsache ist, kein Schwein m\u00f6chte sich diesen Kram wirklich noch antun. Viel einfacher ist es doch Zuhause auf der Couch zu sitzen, Brezeln zu knabbern und in den sozialen Medien Kritik zu \u00fcben und die handelnden Personen zu diffamieren.<\/strong><\/p>\n\n\n\n<p class=\"has-medium-font-size wp-block-paragraph\">In den letzten Jahren sind Anfeindungen gegen\u00fcber Kommunalpolitikerinnen und Kommunalpolitiker insbesondere auf Social Media stark angestiegen. Hasskommentare, Verunglimpfungen und ein harter und rauer Umgangston in Facebook, Instagramm oder Twitter rauben den wenigen hartgesottenen den letzten Funken Lust. Politikwissenschaftler bef\u00fcrchten, dass der \u00f6ffentliche Umgang mit der Kommunalpolitik dazu f\u00fchrt, dass immer weniger Menschen sich daf\u00fcr entscheiden ein Ehrenamt in der Kommunalpolitik anzunehmen. Der Respekt gegen\u00fcber Menschen, die Verantwortung \u00fcbernehmen und Entscheidungen treffen kommt immer mehr abhanden.<\/p>\n\n\n\n<p class=\"has-medium-font-size wp-block-paragraph\"><strong>Fakt ist, viele interessierte Frauen und M\u00e4nner scheuen aufgrund diverser Diffamierungen und herablassenden Umgangsformen ein Mandat im Orts- Stadt- oder Gemeinde anzunehmen. Ich habe das w\u00e4hrend meiner Suche nach geeigneten Mitstreitern selbst erfahren. Schade, irgendjemand muss den Job ja machen. Nur, wer sollte angesichts dieser kollektiven Frustbew\u00e4ltigung in den sozialen Medien noch Lust und Laune versp\u00fcren anzupacken und mitzumachen.<\/strong> <strong>Verkehrte Welt ! Man gewinnt mehr und mehr den Eindruck, dass die wahren Helden unserer Zeit vor den Tastaturen der Republik sitzen und nicht wie vielleicht gedacht in den Sitzungss\u00e4len unserer Rath\u00e4user. <\/strong><\/p>\n\n\n\n<p class=\"has-medium-font-size wp-block-paragraph\">Dass die Kommunalwahl gemeinsam mit der Europawahl am 9. Juni 2024 stattfindet, macht die Sache nicht leichter. Politikwissenschaftler bef\u00fcrchten das Aufglimmen extremer Parteien und vielerorts sogar einen Kantersieg f\u00fcr die AFD. Es wird bef\u00fcrchtet, dass die Menschen vor lauter Wut und Entt\u00e4uschung keine Unterschiede mehr zwischen den einzelnen Wahlen machen und somit auch gestandene Kommunalpolitiker ausgeknockt werden. Am Ende wird man erleben, was man davon hat. Was ist, wenn niemand mehr vor Ort ist, der auf die Menschen h\u00f6rt ? Hat die AFD wirklich alle antworten auf die Probleme unserer Zeit oder will man den gro\u00dfen Parteien lediglich ein Denkzettel verpassen ? Vorsicht, dieses Vorhaben k\u00f6nnte b\u00f6se ins Auge gehen.<\/p>\n\n\n\n<p class=\"has-medium-font-size wp-block-paragraph\"><strong>Gerade in den D\u00f6rfern sind wir darauf angewiesen, dass es Menschen gibt, die bereit sind, in ihrer Freizeit, ihre Kraft und ihr Engagement f\u00fcr das Allgemeinwohl einzubringen. Wo w\u00e4ren wir ohne das politische Ehrenamt? Dabei wird man in einem solchen Amt keineswegs reich oder ber\u00fchmt. Das Sitzungsgeld oder die Aufwandsentsch\u00e4digung f\u00fcr ein Mandat sind viel geringer als man denkt. Die pers\u00f6nlichen Ausgaben und der zeitliche Aufwand hingegen sind viel h\u00f6her und zeitraubender als so mancher Kritiker sich vorstellen kann.<\/strong><\/p>\n\n\n\n<p class=\"has-medium-font-size wp-block-paragraph\">Hasskommentare, P\u00f6beleien und in einzelnen F\u00e4llen sogar pers\u00f6nliche Angriffe, Vandalismus und Sachbesch\u00e4digung machen vor Niemandem halt. Die Hemmschwelle ist gleich null und man gewinnt immer mehr den Eindruck, dass viele Menschen \u00fcberhaupt nicht verstehen, was Sie mit ihrem geschriebenen Wort anrichten. Schlie\u00dflich geht es bei aller Kritik um Menschen! Ich kenne B\u00fcrgermeister, Ortsvorsteher und Mandatstr\u00e4ger die mir ihre Leidensgeschichte berichtet und konkrete F\u00e4lle aufgezeigt haben. Dabei habe ich selbst schon so manchen verbalen Tiefschlag unter der G\u00fcrtellinie hinnehmen m\u00fcssen. Mit welchem Recht ?<\/p>\n\n\n\n<p class=\"has-medium-font-size wp-block-paragraph\"><strong>Keine Frage, die Performance vieler Politikerinnen und Politiker und so mancher Partei lassen sehr zu w\u00fcnschen \u00fcbrig. Keine Frage, es gibt vieles, was man besser machen kann oder \u00e4ndern sollte. Auf der anderen Seite leben wir in schwierigen Zeiten. Ohne Zweifel ist in den letzten 3- 4 Jahren ziemlich viel Negatives \u00fcber die Welt hereingebrochen. Ich gebe zu, der Karren ist ganz sch\u00f6n verfahren und ich sehe niemanden der aktuell den richtigen Plan A in der Tasche tr\u00e4gt.<\/strong><\/p>\n\n\n\n<div class=\"wp-block-columns is-layout-flex wp-container-core-columns-is-layout-8f761849 wp-block-columns-is-layout-flex\">\n<div class=\"wp-block-column is-layout-flow wp-block-column-is-layout-flow\">\n<figure class=\"wp-block-image size-large\"><img loading=\"lazy\" decoding=\"async\" width=\"700\" height=\"851\" src=\"https:\/\/echta-derminga.de\/wp-content\/uploads\/2023\/09\/22-1-1-700x851.jpg\" alt=\"\" class=\"wp-image-15714\" srcset=\"https:\/\/echta-derminga.de\/wp-content\/uploads\/2023\/09\/22-1-1-700x851.jpg 700w, https:\/\/echta-derminga.de\/wp-content\/uploads\/2023\/09\/22-1-1-247x300.jpg 247w, https:\/\/echta-derminga.de\/wp-content\/uploads\/2023\/09\/22-1-1-768x934.jpg 768w, https:\/\/echta-derminga.de\/wp-content\/uploads\/2023\/09\/22-1-1.jpg 1060w\" sizes=\"auto, (max-width: 700px) 100vw, 700px\" \/><\/figure>\n<\/div>\n\n\n\n<div class=\"wp-block-column is-layout-flow wp-block-column-is-layout-flow\">\n<figure class=\"wp-block-image size-large\"><img loading=\"lazy\" decoding=\"async\" width=\"700\" height=\"684\" src=\"https:\/\/echta-derminga.de\/wp-content\/uploads\/2023\/09\/20230921_151521-700x684.jpg\" alt=\"\" class=\"wp-image-15713\" srcset=\"https:\/\/echta-derminga.de\/wp-content\/uploads\/2023\/09\/20230921_151521-700x684.jpg 700w, https:\/\/echta-derminga.de\/wp-content\/uploads\/2023\/09\/20230921_151521-300x293.jpg 300w, https:\/\/echta-derminga.de\/wp-content\/uploads\/2023\/09\/20230921_151521-768x750.jpg 768w, https:\/\/echta-derminga.de\/wp-content\/uploads\/2023\/09\/20230921_151521-1536x1500.jpg 1536w, https:\/\/echta-derminga.de\/wp-content\/uploads\/2023\/09\/20230921_151521.jpg 1942w\" sizes=\"auto, (max-width: 700px) 100vw, 700px\" \/><\/figure>\n<\/div>\n<\/div>\n\n\n\n<p class=\"has-medium-font-size wp-block-paragraph\">\u00dcber social Media hat jeder oder jede die Chance das eigene Wort zu ergreifen und seine Meinung zu \u00e4u\u00dfern. Dagegen ist grunds\u00e4tzlich nichts einzuwenden. W\u00e4re es da nicht besser den Worten Taten folgen zu lassen? W\u00e4re es nicht besser nicht nur dar\u00fcber zu meckern oder schreiben, was im Dorf nach eigenem Empfinden schiefl\u00e4uft, sondern sich in die Kommunalpolitik einzubringen und mitzugestalten?<\/p>\n\n\n\n<p class=\"has-medium-font-size wp-block-paragraph\"><strong>Das Leben eines Kommunalpolitikers ist gar nicht so einfach wie man es sich vielleicht vorstellt. Man verbringt endlose Stunden in den Sitzungss\u00e4len oder k\u00e4mpft sich tapfer durch so manche trockene Ausschusssitzung um am Ende in der \u00d6ffentlichkeit als unf\u00e4hig betitelt zu werden. Am Wochenende l\u00e4sst man gerne mal die Familie allein ins Schwimmbad fahren, weil man viel lieber an diversen Veranstaltungen teilnehmen m\u00f6chte. Als Kommunalpolitiker ist man gut beraten nicht alles an sich herankommen zu lassen. Am besten man schafft sich ein dickes Fell an. Nat\u00fcrlich sind mit einem pers\u00f6nlichen Mandat nicht nur sch\u00f6ne Dinge verbunden. Ich verstehe auch, dass man gerade in der Kommunalpolitik den Menschen zuh\u00f6ren und Kritik ernst nehmen sollte. B\u00fcrgern\u00e4he geh\u00f6rt zu einer der gr\u00f6\u00dften Pflichten eines Mandatstr\u00e4gers. Ich erkenne auch, dass viele Politiker sich mit Amtsantritt von der Basis verabschieden und zu einem H\u00f6henflug ansetzen. <\/strong><\/p>\n\n\n\n<p class=\"has-medium-font-size wp-block-paragraph\">Jetzt ist die Zeit, macht es besser! Sucht euch ne&#8216; Partei eurer Wahl und lasst euch aufstellen. Das geht auch ohne Parteibuch. Solltet ihr keine passende Partei finden, k\u00f6nnt ihr auch eine gr\u00fcnden oder sogar ohne Partei antreten. Alles m\u00f6glich! Jetzt ist die Zeit Verantwortung zu \u00fcbernehmen. Wenn ich mir die sozialen Medien so anschaue, gibt es da drau\u00dfen viele Leute, die das Talent und ein politisches Knowhow besitzen. Die Allgemeinheit braucht eure Stimme. Die Devise lautet: Aufstehen und besser machen! Die sozialen Medien sprudeln angesichts vieler interessanter Vorschl\u00e4ge, Meinungen und Ratschl\u00e4gen nur so \u00fcber. Zeit diesen Schatz zu nutzen und unsere Welt besser zu machen. Jetzt ist die Zeit, macht es besser und lasst euch aufstellen und schlie\u00dflich auch w\u00e4hlen.<\/p>\n\n\n\n<p class=\"has-medium-font-size wp-block-paragraph\"><strong>Man wird es mir nicht glauben, aber ich habe mir die pers\u00f6nliche Entscheidung \u00fcber meinen weiteren Werdegang in der Kommunalpolitik nicht leicht gemacht. Da gab es zuletzt so manche schlaflose Nacht und viele Selbstzweifel. Ganz oft habe ich mich tats\u00e4chlich gefragt, ob ich wirklich der Richtige bin. Ich kann nicht verhehlen, dass mir so manche pers\u00f6nliche Kritik sehr zugesetzt hat. Heute kann ich sehr gut verstehen, warum mein Freund und Vorg\u00e4nger Manfred Klein allzu oft resigniert wirkte. Wenn man nicht aufpasst, kann man von einem politischen Ehrenamt aufgefressen werden. Mein Denken hat sich ver\u00e4ndert. Heute f\u00e4llt es mir schwer aufgrund eines anderen Parteibuches mit Freunden oder Weggef\u00e4hrten zu streiten. Man ver\u00e4ndert sich im Laufe der Zeit und vielleicht wird man mit mit den Jahren auch etwas d\u00fcnnh\u00e4utiger.<\/strong> <strong>Ein politisches Ehrenamt sollte man als Hilfsmittel nutzen um damit die Probleme unserer Zeit zu l\u00f6sen.<\/strong> <strong>Mein Anspruch ist, mit meinem politischen Ehrenamt den Menschen helfen zu k\u00f6nnen.<\/strong> <strong>Wie sagte Willy Brandt: <\/strong>\u201e<strong>Es soll sich die Politik zum Teufel scheren, die &#8211; um welcher Prinzipien auch immer &#8211; den Menschen das Leben nicht leichter zu machen sucht.\u201c<\/strong><\/p>\n\n\n\n<p class=\"has-medium-font-size wp-block-paragraph\">Der SPD Ortsverein Dirmingen hat seine Listen f\u00fcr die Orts-Gemeinde- und Kreistag bereits im August aufgestellt. Dabei wurden die Weichen f\u00fcr die Kommunalwahl 2024 auf Zukunft gestellt. Viele neue Gesichter und motivierte Frauen und M\u00e4nner haben ihren Platz auf einer der Listen gefunden. Obwohl es dem SPD-Ortsverein mit seinen \u00fcber 70 Mitgliedern noch ganz gut geht, fehlt es auch bei uns an Nachwuchs. Gerade junge Menschen und auch Frauen werden h\u00e4nderingend gesucht. Immerhin konnten wir zumindest einige dazu bewegen bei uns mitzumachen.<\/p>\n\n\n\n<p class=\"has-medium-font-size wp-block-paragraph\"><strong>Jetzt ist die Zeit, Verantwortung zu \u00fcbernehmen. Jetzt ist die Zeit es besser zu machen. Ich m\u00f6chte es versuchen und stelle mich der Verantwortung. Der SPD Ortsverein Dirmingen hat mich zu ihrem Spitzenkandidaten auf Platz 1 der Ortsratsliste gew\u00e4hlt. Zudem werde ich mich erneut f\u00fcr ein Mandat im Gemeinderat bewerben.<\/strong> <\/p>\n\n\n\n<p class=\"has-medium-font-size wp-block-paragraph\"><strong>Warum? Weil ich dieses Dorf liebe und weil es mir nicht egal ist, was damit in Zukunft geschieht. Ich m\u00f6chte mich auch zuk\u00fcnftig f\u00fcr die Menschen in meiner Heimat einsetzen. Ein Ortsvorsteher sollte Dienstleister, Vision\u00e4r und Arbeiter sein. Ich m\u00f6chte den Menschen in meinem Dorf mein pers\u00f6nliches Angebot unterbreiten. Mal sehen, was am 09. Juni 2024 dabei herauskommt !<\/strong> <strong>Eines steht f\u00fcr mich bereits fest: Wenn es schiefgeht, bin ich weg !<\/strong> <strong>Wenn es Zeit ist Platz zu machen, sollte man nicht an irgendwelchen \u00c4mtern festhalten.<\/strong> <strong>Im Falle einer Wahlniederlage werde ich nat\u00fcrlich meine pers\u00f6nlichen Konsequenzen ziehen und das Feld r\u00e4umen.<\/strong> <strong>Das ist nicht mehr als fair !<\/strong><\/p>\n\n\n\n<p class=\"has-medium-font-size wp-block-paragraph\">Neben mir wird es auch andere Parteien geben, die ihren Hut in den Ring werfen. Gut so! \u201elarga vida a la democracia\u201c oder besser es lebe die Demokratie! Gut, dass weitere Menschen aus unserem Dorf Verantwortung \u00fcbernehmen m\u00f6chten. Diese Kandidaten bringen viele neue Ideen mit und werden unserem Dorf guttun. Ich habe mir fest vorgenommen jedem Einzelnen mit Respekt entgegenzutreten. Die Zeit von verbalen Entgleisungen und Diffamierungen im Wahlkampf m\u00fcssen ein Ende haben. Immerhin ist es unser gemeinsames Dorf und wer kann schon von sich behaupten den besten Plan zu besitzen. Ich glaube, dass der wahre Zauber in der Gemeinschaft und im Miteinander liegt ! Vor ein paar Jahren w\u00e4re mir dieser Satz wohl kaum \u00fcber die Lippen gekommen. Die Zeiten \u00e4ndern sich !<\/p>\n\n\n\n<p class=\"has-medium-font-size wp-block-paragraph\"><strong>Also Leute, bringt euch ein und packt mit an f\u00fcr unseren Heimatort Dirmingen und f\u00fcr eine besser Zukunft. Zeigt, wie man anpackt und gestaltet. Setzt eure Ideen um und wehrt euch gegen Missst\u00e4nde. Jetzt ist die Zeit, macht es besser\u2026.<\/strong><\/p>\n\n\n\n<blockquote class=\"wp-block-quote has-medium-font-size is-layout-flow wp-block-quote-is-layout-flow\">\n<p class=\"has-text-align-center has-medium-font-size wp-block-paragraph\"><strong>\u201eNichts kommt von selbst. Und nur wenig ist von Dauer. Darum \u2013 besinnt Euch auf Eure Kraft und darauf, dass jede Zeit eigene Antworten will und man auf ihrer H\u00f6he zu sein hat, wenn Gutes bewirkt werden soll.\u201c<\/strong><br><\/p>\n<cite><em>Willy Brandt, 15. September 1992<\/em><\/cite><\/blockquote>\n\n\n<div class=\"wp-block-image\">\n<figure class=\"aligncenter size-large\"><img loading=\"lazy\" decoding=\"async\" width=\"700\" height=\"673\" src=\"https:\/\/echta-derminga.de\/wp-content\/uploads\/2023\/09\/20230921_151008-700x673.jpg\" alt=\"\" class=\"wp-image-15710\" srcset=\"https:\/\/echta-derminga.de\/wp-content\/uploads\/2023\/09\/20230921_151008-700x673.jpg 700w, https:\/\/echta-derminga.de\/wp-content\/uploads\/2023\/09\/20230921_151008-300x289.jpg 300w, https:\/\/echta-derminga.de\/wp-content\/uploads\/2023\/09\/20230921_151008-768x739.jpg 768w, https:\/\/echta-derminga.de\/wp-content\/uploads\/2023\/09\/20230921_151008-1536x1477.jpg 1536w, https:\/\/echta-derminga.de\/wp-content\/uploads\/2023\/09\/20230921_151008-2048x1970.jpg 2048w\" sizes=\"auto, (max-width: 700px) 100vw, 700px\" \/><\/figure>\n<\/div>","protected":false},"excerpt":{"rendered":"<p>Die Kommunalwahlen 2024 werfen ihrer Schatten voraus. Knapp 8 Monate vor den Kommunal- und Europawahlen, am 09. Juni 2024 sind die politischen Ortsvereine damit besch\u00e4ftigt ihre Orts-Gemeinde- Stadt- und Kreistagslisten aufzustellen. Es ist an der Zeit, Inhalte, Themen sowie Kandidatinnen und Kandidaten zu finden. Dabei f\u00e4llt es den politischen Gliederungen zusehends schwerer, eine attraktive Kommunalwahlliste aufzustellen. Die Suche nach geeigneten<\/p>\n","protected":false},"author":1,"featured_media":15710,"comment_status":"closed","ping_status":"closed","sticky":false,"template":"","format":"standard","meta":{"_crdt_document":"","footnotes":""},"categories":[1,902,46],"tags":[5,618,1061,127,634,795,310],"class_list":["post-15707","post","type-post","status-publish","format-standard","has-post-thumbnail","hentry","category-allgemein","category-meine-meinung","category-meine-politik","tag-dirmingen","tag-gemeinde-eppelborn","tag-kommunalwahl-2024","tag-landkreis-neunkirchen","tag-ortsvorsteher","tag-ortsvorsteher-dirmingen","tag-saarland"],"_links":{"self":[{"href":"https:\/\/echta-derminga.de\/index.php?rest_route=\/wp\/v2\/posts\/15707","targetHints":{"allow":["GET"]}}],"collection":[{"href":"https:\/\/echta-derminga.de\/index.php?rest_route=\/wp\/v2\/posts"}],"about":[{"href":"https:\/\/echta-derminga.de\/index.php?rest_route=\/wp\/v2\/types\/post"}],"author":[{"embeddable":true,"href":"https:\/\/echta-derminga.de\/index.php?rest_route=\/wp\/v2\/users\/1"}],"replies":[{"embeddable":true,"href":"https:\/\/echta-derminga.de\/index.php?rest_route=%2Fwp%2Fv2%2Fcomments&post=15707"}],"version-history":[{"count":18,"href":"https:\/\/echta-derminga.de\/index.php?rest_route=\/wp\/v2\/posts\/15707\/revisions"}],"predecessor-version":[{"id":15733,"href":"https:\/\/echta-derminga.de\/index.php?rest_route=\/wp\/v2\/posts\/15707\/revisions\/15733"}],"wp:featuredmedia":[{"embeddable":true,"href":"https:\/\/echta-derminga.de\/index.php?rest_route=\/wp\/v2\/media\/15710"}],"wp:attachment":[{"href":"https:\/\/echta-derminga.de\/index.php?rest_route=%2Fwp%2Fv2%2Fmedia&parent=15707"}],"wp:term":[{"taxonomy":"category","embeddable":true,"href":"https:\/\/echta-derminga.de\/index.php?rest_route=%2Fwp%2Fv2%2Fcategories&post=15707"},{"taxonomy":"post_tag","embeddable":true,"href":"https:\/\/echta-derminga.de\/index.php?rest_route=%2Fwp%2Fv2%2Ftags&post=15707"}],"curies":[{"name":"wp","href":"https:\/\/api.w.org\/{rel}","templated":true}]}}