{"id":15779,"date":"2023-10-01T11:24:24","date_gmt":"2023-10-01T10:24:24","guid":{"rendered":"https:\/\/echta-derminga.de\/?p=15779"},"modified":"2023-10-01T11:25:54","modified_gmt":"2023-10-01T10:25:54","slug":"meine-gedanken-zwischen-erntedank-und-dem-tag-der-deutschen-einheit-nichts-ist-eine-selbstverstaendlichkeit","status":"publish","type":"post","link":"https:\/\/echta-derminga.de\/?p=15779","title":{"rendered":"Meine Gedanken zwischen Erntedank und dem &#8222;Tag der deutschen Einheit&#8220;- Nichts ist eine Selbstverst\u00e4ndlichkeit !"},"content":{"rendered":"\n<p class=\"has-medium-font-size wp-block-paragraph\"><strong>Das Erntedankfest ein kulturell verankertes Ritual dessen Ursprung in der christlichen Tradition liegt. Am ersten Wochenende im Oktober wird in unserem Land dieses alte Fest gefeiert. In unseren beiden Kirchen hat dieses Fest immer noch einen hohen Stellenwert. In unserer schnelllebigen und digitalisierten Welt geraten Braucht\u00fcmer wie das Erntedankfest schnell einmal an den Rand unseres Blickwinkels. Das Erntedankfest ist ein sch\u00f6ner Anlass, um sich mal wieder mit der eigenen Ern\u00e4hrung zu befassen. Ich glaube, dass wir alle wieder lernen m\u00fcssen unsere Lebensmittel zu sch\u00e4tzen. Wir m\u00fcssen das richtige Kochen und Essen wieder verst\u00e4rkt in den Vordergrund r\u00fccken. In einer Welt der Hektik, dem Stress und dem schnellen &#8222;Fastfood&#8220; ist das bestimmt keine leichte Aufgabe.<\/strong><\/p>\n\n\n\n<p class=\"has-medium-font-size wp-block-paragraph\">Zu fett, zu s\u00fc\u00df und zu viele Zusatzstoffe. In der Regel haben wir immer viel zu viel Ungesundes auf dem Teller. Weltweit sterben j\u00e4hrlich Millionen Menschen an den Folgen falscher Ern\u00e4hrung. Viele von uns wissen, dass Sie sich falsch ern\u00e4hren, wobei die wenigsten den Absprung schaffen. Ich pers\u00f6nlich geh\u00f6re zweifellos zu dieser Gruppe und befinde mich bereits seit Jahren in diesem Labyrinth. Meistens gibt es kein festes Essenritual. Gegessen wird zwischen T\u00fcr und Angel und auch unsere Kinder haben verlernt gemeinsam, zu bestimmten Zeiten, an einem Tisch zu essen. Das Familienleben ist w\u00e4hrend der Woche vom Alltagsstress gepr\u00e4gt. Gegessen wird vor dem Computer oder unterwegs beim \u201eKebab-Mann\u201c oder an der Imbissbude. Auch das Familienleben leidet unter unserem selbstgew\u00e4hlten Ern\u00e4hrungswahn. Nutella, Burger, Pizza, Pasta, Schokoriegel und vor der Glotze gibt\u2019s noch Chips. Jeder gr\u00e4bt sich sein Grab selbst. Manchmal muss es halt \u201cKlick\u201d machen, bevor man etwas \u00e4ndert.<\/p>\n\n\n\n<p class=\"has-medium-font-size wp-block-paragraph\"><strong>Bei vielen Menschen hat bereits ein Umdenken stattgefunden. Schlie\u00dflich geht es mittlerweile auch darum, ein paar Cent zu sparen. &nbsp;Wir machen auf unserem Weg so einiges richtig, auf der anderen Seite machen wir immer wieder die gleichen Fehler. Wir kaufen unser Obst und Gem\u00fcse in Plastik verpackt und sehen abends kopfsch\u00fcttelnd in den Nachrichten die verm\u00fcllten Weltmeere. Mit unserer Essenskultur ist auch der Umgang mit unserem Planeten fl\u00f6ten gegangen. Daran tr\u00e4gt niemand Schuld, au\u00dfer wir selbst. Tats\u00e4chlich gibt es Kinder, die noch nie auf einem Bauernhof waren oder auch noch nie ein frisches Obst, Salat oder Gem\u00fcse gegessen haben.<\/strong><\/p>\n\n\n\n<div class=\"wp-block-columns is-layout-flex wp-container-core-columns-is-layout-8f761849 wp-block-columns-is-layout-flex\">\n<div class=\"wp-block-column is-layout-flow wp-block-column-is-layout-flow\">\n<figure class=\"wp-block-image size-full\"><img loading=\"lazy\" decoding=\"async\" width=\"663\" height=\"487\" src=\"https:\/\/echta-derminga.de\/wp-content\/uploads\/2022\/10\/B-Kartoffelernte.jpg\" alt=\"\" class=\"wp-image-13744\" srcset=\"https:\/\/echta-derminga.de\/wp-content\/uploads\/2022\/10\/B-Kartoffelernte.jpg 663w, https:\/\/echta-derminga.de\/wp-content\/uploads\/2022\/10\/B-Kartoffelernte-300x220.jpg 300w\" sizes=\"auto, (max-width: 663px) 100vw, 663px\" \/><\/figure>\n<\/div>\n\n\n\n<div class=\"wp-block-column is-layout-flow wp-block-column-is-layout-flow\">\n<figure class=\"wp-block-image size-large\"><img loading=\"lazy\" decoding=\"async\" width=\"700\" height=\"461\" src=\"https:\/\/echta-derminga.de\/wp-content\/uploads\/2022\/10\/B-Auf-dem-Eller-700x461.jpg\" alt=\"\" class=\"wp-image-13742\" srcset=\"https:\/\/echta-derminga.de\/wp-content\/uploads\/2022\/10\/B-Auf-dem-Eller-700x461.jpg 700w, https:\/\/echta-derminga.de\/wp-content\/uploads\/2022\/10\/B-Auf-dem-Eller-300x198.jpg 300w, https:\/\/echta-derminga.de\/wp-content\/uploads\/2022\/10\/B-Auf-dem-Eller-768x506.jpg 768w, https:\/\/echta-derminga.de\/wp-content\/uploads\/2022\/10\/B-Auf-dem-Eller.jpg 1000w\" sizes=\"auto, (max-width: 700px) 100vw, 700px\" \/><\/figure>\n<\/div>\n<\/div>\n\n\n\n<p class=\"has-medium-font-size wp-block-paragraph\">Zu Erntedank sollte man sich das eigene Konsumverhalten und auch die eigene Essenkultur verst\u00e4rkt vor Augen f\u00fchren. Nachweislich wurde in der katholischen Kirche bereits im 3. Jahrhundert Erntedank gefeiert. Nach der Reformation wurde das Erntedankfest an unterschiedlichen Daten gefeiert. Die deutsche katholische Bischofskonferenz einigte sich im Jahre 1972 auf den ersten Sonntag im Oktober als Festtermin. Auch die evangelische Kirche empfiehlt ihren Gemeinden seit dem Jahre 1985 den ersten Sonntag im Oktober als Erntedankfest. Dirmingen geh\u00f6rte schon in der Grafschaft Nassau Saarbr\u00fccken zu wohlhabendsten Bauernd\u00f6rfern des Landes. Nach dem 30-j\u00e4hrigen Krieg basierte der Wohlstand unseres Heimatortes auf der Landwirtschaft. Mit seiner gro\u00dfen Gemarkung und den vielen Feldern, W\u00e4ldern und Wiesen ist das Tal-Dorf Dirmingen pr\u00e4destiniert f\u00fcr die Landwirtschaft. Unsere historischen Quellen verweisen bereits im Mittelalter auf die durch die Zisterzienser M\u00f6nche gelegte landwirtschaftliche Grundlage. Die Bergmannsbauern legten weitere Grundsteine f\u00fcr die Verbindung zwischen Landwirtschaft und der Montanindustrie. Morgens \u201cunter Tage\u201c Fr\u00fchschicht, mittags auf dem Felde. Kinder durften w\u00e4hrend der Ernte nicht zur Schule und mussten anpacken. Heute gibt es kaum noch Landwirtschaft in unserer Region. Wir alle haben mit unserem Konsumverhalten mit dazu beigetragen.<\/p>\n\n\n\n<p class=\"has-medium-font-size wp-block-paragraph\"><strong>Auf der anderen Seite finde ich schon, dass die Leute sich immer mehr ihrer Verantwortung bewusstwerden. Regionale Produkte wurden zuletzt immer st\u00e4rker angenommen. Bauerng\u00e4rten, Bauernm\u00e4rkte und das damit verbundene selbst angesetzte Gem\u00fcse und Obst kommt immer mehr in die Mode. Gut so! Bis zu einer guten und ausgeglichenen Ern\u00e4hrung ist es jedoch noch ein langer, steiniger Weg. Unsere Gro\u00dfv\u00e4ter und Gro\u00dfm\u00fctter haben uns eigentlich aufgezeigt, wie es funktionieren kann. Das Zauberwort hei\u00dft: Demut!<\/strong><\/p>\n\n\n\n<div class=\"wp-block-columns is-layout-flex wp-container-core-columns-is-layout-8f761849 wp-block-columns-is-layout-flex\">\n<div class=\"wp-block-column is-layout-flow wp-block-column-is-layout-flow\">\n<figure class=\"wp-block-image size-large\"><img loading=\"lazy\" decoding=\"async\" width=\"700\" height=\"433\" src=\"https:\/\/echta-derminga.de\/wp-content\/uploads\/2022\/10\/ernte-2-700x433.jpg\" alt=\"\" class=\"wp-image-13746\" srcset=\"https:\/\/echta-derminga.de\/wp-content\/uploads\/2022\/10\/ernte-2-700x433.jpg 700w, https:\/\/echta-derminga.de\/wp-content\/uploads\/2022\/10\/ernte-2-300x185.jpg 300w, https:\/\/echta-derminga.de\/wp-content\/uploads\/2022\/10\/ernte-2-768x475.jpg 768w, https:\/\/echta-derminga.de\/wp-content\/uploads\/2022\/10\/ernte-2.jpg 1000w\" sizes=\"auto, (max-width: 700px) 100vw, 700px\" \/><\/figure>\n<\/div>\n\n\n\n<div class=\"wp-block-column is-layout-flow wp-block-column-is-layout-flow\">\n<figure class=\"wp-block-image size-large\"><img loading=\"lazy\" decoding=\"async\" width=\"700\" height=\"460\" src=\"https:\/\/echta-derminga.de\/wp-content\/uploads\/2020\/10\/50-700x460.jpg\" alt=\"\" class=\"wp-image-7540\" srcset=\"https:\/\/echta-derminga.de\/wp-content\/uploads\/2020\/10\/50-700x460.jpg 700w, https:\/\/echta-derminga.de\/wp-content\/uploads\/2020\/10\/50-300x197.jpg 300w, https:\/\/echta-derminga.de\/wp-content\/uploads\/2020\/10\/50-768x504.jpg 768w, https:\/\/echta-derminga.de\/wp-content\/uploads\/2020\/10\/50-120x80.jpg 120w, https:\/\/echta-derminga.de\/wp-content\/uploads\/2020\/10\/50.jpg 816w\" sizes=\"auto, (max-width: 700px) 100vw, 700px\" \/><\/figure>\n<\/div>\n<\/div>\n\n\n\n<p class=\"has-medium-font-size wp-block-paragraph\">Wir m\u00fcssen lernen mit den Gegebenheiten unserer Zeit umzugehen und diese nicht als selbstverst\u00e4ndlich ansehen. Mit Blick auf das diesj\u00e4hrige Erntedankfest und dem darauffolgenden \u201eTag der Deutschen Einheit\u201c frage ich mich, wie viele von uns noch einen Wert auf das Erntedankfest legen. Ist dieser Feiertag nicht l\u00e4ngst \u00fcberholt? &nbsp;Kirchliche Feiertage wie das Erntedankfest oder der Bu\u00df- und Bettag geh\u00f6ren sicherlich zu der Kategorie: Wer braucht denn sowas? Das Erntedankfest genauso wie der \u201eTag der Deutschen Einheit\u201c sollten uns jedoch daran erinnern, dass nichts selbstverst\u00e4ndlich sein sollte.<\/p>\n\n\n\n<p class=\"has-medium-font-size wp-block-paragraph\"><strong>Haben wir ein Recht auf Gl\u00fcck und Wohlstand? Ist es nicht verdammtes Gl\u00fcck, dass wir genau hier mitten in Europa geboren wurden? Ein paar Jahre fr\u00fcher oder ein paar tausend Kilometer weiter entfernt h\u00e4tte die Sache mit dem Leben viel schlimmer enden k\u00f6nnen. Warum werden wir nicht satt? Warum immer mehr? Warum immer h\u00f6her, schneller, weiter? Wir haben l\u00e4ngst vergessen, wo wir herkommen und wie man Bescheidenheit aus\u00fcbt. Sch\u00e4tzen wir noch unsere Lebensmittel? In den letzten Monaten sind erneut nicht nur die Preise f\u00fcr Gas oder Heiz\u00f6l gestiegen, sondern auch f\u00fcr unsere Lebensmittel. Dennoch wird immer noch viel zu viel weggeschmissen und entsorgt. Haben wir Dankbarkeit verlernt? Fr\u00fcher mussten unsere Gro\u00dfeltern viel Arbeiten, um die eigene Familie zu versorgen. Die Arbeit auf dem Felde war schwierig und zeitintensiv. Gegessen wurde, was auf den Teller kam und zuvor von Mutter in m\u00fchevoller Arbeit vorbereitet wurde. Es gab Zeiten, in denen die Kinder vom heiligen Niklaus lediglich einen Apfel geschenkt bekamen.<\/strong><\/p>\n\n\n\n<div class=\"wp-block-columns is-layout-flex wp-container-core-columns-is-layout-8f761849 wp-block-columns-is-layout-flex\">\n<div class=\"wp-block-column is-layout-flow wp-block-column-is-layout-flow\">\n<figure class=\"wp-block-image size-large\"><img loading=\"lazy\" decoding=\"async\" width=\"700\" height=\"675\" src=\"https:\/\/echta-derminga.de\/wp-content\/uploads\/2022\/08\/IMG-20220516-WA0002-700x675.jpg\" alt=\"\" class=\"wp-image-13443\" srcset=\"https:\/\/echta-derminga.de\/wp-content\/uploads\/2022\/08\/IMG-20220516-WA0002-700x675.jpg 700w, https:\/\/echta-derminga.de\/wp-content\/uploads\/2022\/08\/IMG-20220516-WA0002-300x289.jpg 300w, https:\/\/echta-derminga.de\/wp-content\/uploads\/2022\/08\/IMG-20220516-WA0002-768x740.jpg 768w, https:\/\/echta-derminga.de\/wp-content\/uploads\/2022\/08\/IMG-20220516-WA0002.jpg 1000w\" sizes=\"auto, (max-width: 700px) 100vw, 700px\" \/><\/figure>\n<\/div>\n\n\n\n<div class=\"wp-block-column is-layout-flow wp-block-column-is-layout-flow\">\n<figure class=\"wp-block-image size-large\"><img loading=\"lazy\" decoding=\"async\" width=\"700\" height=\"637\" src=\"https:\/\/echta-derminga.de\/wp-content\/uploads\/2022\/08\/20220517_135456-700x637.jpg\" alt=\"\" class=\"wp-image-13440\" srcset=\"https:\/\/echta-derminga.de\/wp-content\/uploads\/2022\/08\/20220517_135456-700x637.jpg 700w, https:\/\/echta-derminga.de\/wp-content\/uploads\/2022\/08\/20220517_135456-300x273.jpg 300w, https:\/\/echta-derminga.de\/wp-content\/uploads\/2022\/08\/20220517_135456-768x699.jpg 768w, https:\/\/echta-derminga.de\/wp-content\/uploads\/2022\/08\/20220517_135456.jpg 1000w\" sizes=\"auto, (max-width: 700px) 100vw, 700px\" \/><\/figure>\n<\/div>\n<\/div>\n\n\n\n<p class=\"has-medium-font-size wp-block-paragraph\">Ist es dein Land, mein Land oder unser Land? Wir kennen unsere Pflichten und pochen auf unser Recht. Am \u201eTag der Deutschen Einheit\u201c spiegelt sich die Geschichte unseres Landes wider. Was haben wir nicht alles geleistet. Zukunftsland Deutschland! Wer hat geleistet? Wir, ihr oder die anderen?&nbsp; Der Tag der deutschen Einheit erinnert uns daran, dass unser Heimatland wieder vereint wurde. Unser \u201eTag der deutschen Einheit\u201c sollte ein Tag der Freude sein. Ist er das auch heute noch? Es regiert Hass, Missgunst und Neid. Wir d\u00fcrfen in einem Land leben, in dem es den Menschen \u00fcberwiegend gut geht. Wissen wir das noch zu sch\u00e4tzen? Neulich habe ich im Fernsehen eine Dokumentation \u00fcber das zerr\u00fcttete Verh\u00e4ltnis zwischen Ossis und Wessis gesehen. Harter Stoff! In einzelnen Interviews wurden S\u00e4tze ge\u00e4u\u00dfert, die einem echt eine\u2018 G\u00e4nsehaut verpassen.<\/p>\n\n\n\n<p class=\"has-medium-font-size wp-block-paragraph\"><strong>Viele Menschen sind im Kampf f\u00fcr Freiheit und Demokratie gestorben. Vielerorts wird heute noch f\u00fcr Freiheit geworben, gek\u00e4mpft und get\u00f6tet. Aufstehen, anpacken und besser machen sind Eigenschaften, die l\u00e4ngst in den Hintergrund ger\u00fcckt sind. Es ist ein Privileg in Europa zu leben. Die Teilung Deutschlands sollte uns immer daran erinnern, was geschehen kann, wenn Macht missbraucht wird. Haben wir aus dieser Zeit gelernt? Seit einigen Wochen breitet sich in unserer Gesellschaft eine enorme Verrohung aus. Politikern wird mit Gewalt gedroht und Fremdenhass breitet sich langsam, aber stetig aus. Haben wir nichts aus unseren Fehlern gelernt. Demokratisch gew\u00e4hlten Politikern unterstellen wir L\u00fcgen, Korruption und Volksverrat. Es werden Zeiten kommen, in denen wir dankbar sein m\u00fcssen, dass sich \u00fcberhaupt noch Menschen f\u00fcr ein politisches Mandat interessieren. Konzerne und Lobbyismus geben den Takt vor und bestimmen \u00fcber Preis, Gl\u00fcck und Geld. Die Presse wird als \u201eL\u00fcgenpresse\u201c bezeichnet und tut zugegebenerma\u00dfen vieles daf\u00fcr diesem Ruf gerecht zu werden. Populismus und Rufmord sind im Wechsel an der Tagesordnung.<\/strong><\/p>\n\n\n\n<div class=\"wp-block-columns is-layout-flex wp-container-core-columns-is-layout-8f761849 wp-block-columns-is-layout-flex\">\n<div class=\"wp-block-column is-layout-flow wp-block-column-is-layout-flow\">\n<figure class=\"wp-block-image size-large\"><img loading=\"lazy\" decoding=\"async\" width=\"700\" height=\"397\" src=\"https:\/\/echta-derminga.de\/wp-content\/uploads\/2023\/10\/20220516_112318-700x397.jpg\" alt=\"\" class=\"wp-image-15784\" srcset=\"https:\/\/echta-derminga.de\/wp-content\/uploads\/2023\/10\/20220516_112318-700x397.jpg 700w, https:\/\/echta-derminga.de\/wp-content\/uploads\/2023\/10\/20220516_112318-300x170.jpg 300w, https:\/\/echta-derminga.de\/wp-content\/uploads\/2023\/10\/20220516_112318-768x436.jpg 768w, https:\/\/echta-derminga.de\/wp-content\/uploads\/2023\/10\/20220516_112318.jpg 900w\" sizes=\"auto, (max-width: 700px) 100vw, 700px\" \/><\/figure>\n<\/div>\n\n\n\n<div class=\"wp-block-column is-layout-flow wp-block-column-is-layout-flow\">\n<figure class=\"wp-block-image size-large\"><img loading=\"lazy\" decoding=\"async\" width=\"700\" height=\"417\" src=\"https:\/\/echta-derminga.de\/wp-content\/uploads\/2023\/10\/20220517_141558-700x417.jpg\" alt=\"\" class=\"wp-image-15785\" srcset=\"https:\/\/echta-derminga.de\/wp-content\/uploads\/2023\/10\/20220517_141558-700x417.jpg 700w, https:\/\/echta-derminga.de\/wp-content\/uploads\/2023\/10\/20220517_141558-300x179.jpg 300w, https:\/\/echta-derminga.de\/wp-content\/uploads\/2023\/10\/20220517_141558-768x457.jpg 768w, https:\/\/echta-derminga.de\/wp-content\/uploads\/2023\/10\/20220517_141558.jpg 900w\" sizes=\"auto, (max-width: 700px) 100vw, 700px\" \/><\/figure>\n<\/div>\n<\/div>\n\n\n\n<p class=\"has-medium-font-size wp-block-paragraph\">Ich habe es schon einmal geschrieben, diese unsere Zeit erinnert stark an die \u201eWeimarer Republik\u201c. Zumindest findet man auf den ersten Blick gef\u00e4hrliche Parallelen zu den 20er Jahren des letzten Jahrhunderts. Auch damals wurden demokratisch gew\u00e4hlte Politiker als korrupte Gruppe abgestempelt und die Presse der L\u00fcge bezichtigt. Extremisten zogen die Macht an sich und was darauffolgte, kann jeder in den Geschichtsb\u00fcchern nachlesen. Wem geh\u00f6rt die Welt? Ist es dein Land, mein Land oder unser Land? Aus gro\u00dfer Angst w\u00e4chst Hass, Neid und Missgunst. Bist du ein besserer Mensch, nur weil du das Privileg besitzt, hier geboren zu sein? Aus meinem christlichen Verst\u00e4ndnis heraus d\u00fcrfen wir uns nicht verschlie\u00dfen und m\u00fcssen jedem Menschen der Hilfe sucht die Hand reichen. Nat\u00fcrlich sehen wir auf der anderen Seite, dass wir bez\u00fcglich der Fl\u00fcchtlingspolitik zumindest eine gemeinsame europ\u00e4ische Antwort suchen und finden m\u00fcssen. &nbsp;<\/p>\n\n\n\n<p class=\"has-medium-font-size wp-block-paragraph\">Ein vereintes, freundliches, demokratisches Deutschland f\u00fcr alle die hier in Einigkeit, Recht und Freiheit leben m\u00f6chten! Ich bin daf\u00fcr! Hautfarbe, Religion und Herkunft d\u00fcrfen nicht \u00fcber den Wert des Menschen entscheiden. Ich bin daf\u00fcr ! <strong>Auf der anderen Seite sollten Politiker unbedingt wieder MEHR auf die eigenen Leute h\u00f6ren. Wisst ihr noch: WIR sind das VOLK ! Ich denke: Die MAUER muss endlich aus den K\u00f6pfen !<\/strong><\/p>\n\n\n\n<p class=\"has-medium-font-size wp-block-paragraph\"><strong>Der \u201cTag der deutschen Einheit\u201d sollte uns daran erinnern, dass nichts Selbstverst\u00e4ndlich ist und wir immer wieder aufs Neue f\u00fcr unsere Freiheit und demokratischen Werte k\u00e4mpfen m\u00fcssen. Unsere Vorfahren haben nach dem zweiten Weltkrieg einen hohen Preis f\u00fcr unseren Wohlstand gezahlt. Wir sind an der Reihe diese Werte zu verteidigen. Das sind wir allein schon unseren Kindern schuldig. Lasst uns dem\u00fctig mit unserer Zeit umgehen. Lasst uns Vertrauen, G\u00f6nnen, Glauben und auf das Gute bauen. Einigkeit und Recht und Freiheit ist ein hohes Gut!<\/strong><\/p>\n\n\n<div class=\"wp-block-image\">\n<figure class=\"aligncenter size-large\"><img loading=\"lazy\" decoding=\"async\" width=\"700\" height=\"316\" src=\"https:\/\/echta-derminga.de\/wp-content\/uploads\/2023\/10\/20220517_133711-700x316.jpg\" alt=\"\" class=\"wp-image-15787\" srcset=\"https:\/\/echta-derminga.de\/wp-content\/uploads\/2023\/10\/20220517_133711-700x316.jpg 700w, https:\/\/echta-derminga.de\/wp-content\/uploads\/2023\/10\/20220517_133711-300x135.jpg 300w, https:\/\/echta-derminga.de\/wp-content\/uploads\/2023\/10\/20220517_133711-768x346.jpg 768w, https:\/\/echta-derminga.de\/wp-content\/uploads\/2023\/10\/20220517_133711.jpg 900w\" sizes=\"auto, (max-width: 700px) 100vw, 700px\" \/><\/figure>\n<\/div>","protected":false},"excerpt":{"rendered":"<p>Das Erntedankfest ein kulturell verankertes Ritual dessen Ursprung in der christlichen Tradition liegt. Am ersten Wochenende im Oktober wird in unserem Land dieses alte Fest gefeiert. In unseren beiden Kirchen hat dieses Fest immer noch einen hohen Stellenwert. In unserer schnelllebigen und digitalisierten Welt geraten Braucht\u00fcmer wie das Erntedankfest schnell einmal an den Rand unseres Blickwinkels. Das Erntedankfest ist ein<\/p>\n","protected":false},"author":1,"featured_media":15784,"comment_status":"open","ping_status":"closed","sticky":false,"template":"","format":"standard","meta":{"_crdt_document":"","footnotes":""},"categories":[1,9,902],"tags":[5,876,618,127,310,1085],"class_list":["post-15779","post","type-post","status-publish","format-standard","has-post-thumbnail","hentry","category-allgemein","category-dorfgetratsche","category-meine-meinung","tag-dirmingen","tag-erntedank","tag-gemeinde-eppelborn","tag-landkreis-neunkirchen","tag-saarland","tag-tag-der-deutschen-einheit"],"_links":{"self":[{"href":"https:\/\/echta-derminga.de\/index.php?rest_route=\/wp\/v2\/posts\/15779","targetHints":{"allow":["GET"]}}],"collection":[{"href":"https:\/\/echta-derminga.de\/index.php?rest_route=\/wp\/v2\/posts"}],"about":[{"href":"https:\/\/echta-derminga.de\/index.php?rest_route=\/wp\/v2\/types\/post"}],"author":[{"embeddable":true,"href":"https:\/\/echta-derminga.de\/index.php?rest_route=\/wp\/v2\/users\/1"}],"replies":[{"embeddable":true,"href":"https:\/\/echta-derminga.de\/index.php?rest_route=%2Fwp%2Fv2%2Fcomments&post=15779"}],"version-history":[{"count":7,"href":"https:\/\/echta-derminga.de\/index.php?rest_route=\/wp\/v2\/posts\/15779\/revisions"}],"predecessor-version":[{"id":15789,"href":"https:\/\/echta-derminga.de\/index.php?rest_route=\/wp\/v2\/posts\/15779\/revisions\/15789"}],"wp:featuredmedia":[{"embeddable":true,"href":"https:\/\/echta-derminga.de\/index.php?rest_route=\/wp\/v2\/media\/15784"}],"wp:attachment":[{"href":"https:\/\/echta-derminga.de\/index.php?rest_route=%2Fwp%2Fv2%2Fmedia&parent=15779"}],"wp:term":[{"taxonomy":"category","embeddable":true,"href":"https:\/\/echta-derminga.de\/index.php?rest_route=%2Fwp%2Fv2%2Fcategories&post=15779"},{"taxonomy":"post_tag","embeddable":true,"href":"https:\/\/echta-derminga.de\/index.php?rest_route=%2Fwp%2Fv2%2Ftags&post=15779"}],"curies":[{"name":"wp","href":"https:\/\/api.w.org\/{rel}","templated":true}]}}