{"id":1579,"date":"2018-06-28T18:18:58","date_gmt":"2018-06-28T17:18:58","guid":{"rendered":"http:\/\/echta-derminga.de\/?p=1579"},"modified":"2018-06-28T19:01:01","modified_gmt":"2018-06-28T18:01:01","slug":"mythos-belker-von-der-historischen-sportstaette-zum-schmucken-stadion","status":"publish","type":"post","link":"https:\/\/echta-derminga.de\/?p=1579","title":{"rendered":"Mythos  Belker &#8211; Von der nostalgischen Sportst\u00e4tte zum schmucken Stadion"},"content":{"rendered":"<div id=\"attachment_1601\" style=\"width: 310px\" class=\"wp-caption alignleft\"><img loading=\"lazy\" decoding=\"async\" aria-describedby=\"caption-attachment-1601\" class=\"wp-image-1601 size-medium\" src=\"https:\/\/echta-derminga.de\/wp-content\/uploads\/2018\/06\/001-9-300x197.jpg\" alt=\"\" width=\"300\" height=\"197\" srcset=\"https:\/\/echta-derminga.de\/wp-content\/uploads\/2018\/06\/001-9-300x197.jpg 300w, https:\/\/echta-derminga.de\/wp-content\/uploads\/2018\/06\/001-9-768x504.jpg 768w, https:\/\/echta-derminga.de\/wp-content\/uploads\/2018\/06\/001-9-644x422.jpg 644w, https:\/\/echta-derminga.de\/wp-content\/uploads\/2018\/06\/001-9.jpg 784w\" sizes=\"auto, (max-width: 300px) 100vw, 300px\" \/><p id=\"caption-attachment-1601\" class=\"wp-caption-text\">Wo bin ich ? Zeltlager mit der SVD- Jugend auf dem Belker<\/p><\/div>\n<p><em><b>&#8222;Das Wir vom Belker sind hallihallo, dass wei\u00df\u00a0doch jedes Kind hallihallo, wir rei\u00dfen B\u00e4ume aus, wo keine sind&#8220;<\/b><\/em><\/p>\n<p>Unser Dorf liegt in einem Tal und ist umgeben von mehreren Anh\u00f6hen.<\/p>\n<p><strong>Der dicht bewaldete \u201eGro\u00dfe Elmesberg\u201c ist mit 413, 8 Metern die h\u00f6chste Anh\u00f6he auf der Gemarkung Dirmingens. <\/strong><\/p>\n<p><strong>Neben dem Br\u00e4kert, dem Sprengenberg, dem Sch\u00f6nebuch und Geisberg, die allesamt unter der 400 Meter Marke bleiben, geh\u00f6rt der Belker zu den bekanntesten Anh\u00f6hen unseres Dorfes. <\/strong><\/p>\n<p><strong>Eigentlich ist der Belker eine, auf dem Kasholz befindliche Flur, die an dem sagenumwobenen Kasleswald grenzt.<\/strong><\/p>\n<p>Als Kind war genau das, mein Revier. Hier haben wir die Tage und manchmal auch die N\u00e4chte, im Zelt verbracht. Auf dem Belker habe ich das Fu\u00dfballspielen erlernt und meinen Heimatverein lieben gelernt. Das heutige Stadion befindet sich im Grunde auf historischen Boden.<\/p>\n<div id=\"attachment_1584\" style=\"width: 310px\" class=\"wp-caption alignleft\"><img loading=\"lazy\" decoding=\"async\" aria-describedby=\"caption-attachment-1584\" class=\"wp-image-1584 size-medium\" src=\"https:\/\/echta-derminga.de\/wp-content\/uploads\/2018\/06\/1-2-300x190.jpg\" alt=\"\" width=\"300\" height=\"190\" srcset=\"https:\/\/echta-derminga.de\/wp-content\/uploads\/2018\/06\/1-2-300x190.jpg 300w, https:\/\/echta-derminga.de\/wp-content\/uploads\/2018\/06\/1-2.jpg 622w\" sizes=\"auto, (max-width: 300px) 100vw, 300px\" \/><p id=\"caption-attachment-1584\" class=\"wp-caption-text\">Strukturen des heutigen Stadions waren schon damals erkennbar<\/p><\/div>\n<p><strong>In der Vergangenheit hat sich dort so einiges abgespielt. Eigentlich wurde auf dem Belker schon irgendwie immer Sport betrieben. <\/strong><\/p>\n<p><strong>Aber auch aus wirtschaftlichen Gr\u00fcnden war der Belker lange Zeit eine echte Marke. Die am Belker grenzende Kalkstollen-Mine hat viele Menschen jahrelang in Lohn und Brot gebracht. Heute ist davon nichts mehr zu sehen. Der Eingangsbereich zum Stollen wurde mittlerweile zugesch\u00fcttet und ist kaum noch zu finden.<\/strong><\/p>\n<p>Bevor der SV Dirmingen im Jahr 1974 endg\u00fcltig seine Heimat auf dem Belker fand wurde an Ort und Stelle nicht nur Fu\u00dfball gespielt.<\/p>\n<p>Bereits in den 50-ger Jahren baute der TV 04 Dirmingen mit gro\u00dfem Idealismus und unter dem ehrenamtlichen Einsatz zahlreicher Mitglieder eine Sportst\u00e4tte f\u00fcr Turn-und Leichtathletik auf dem Belker.<\/p>\n<div id=\"attachment_1585\" style=\"width: 310px\" class=\"wp-caption alignleft\"><img loading=\"lazy\" decoding=\"async\" aria-describedby=\"caption-attachment-1585\" class=\"wp-image-1585 size-medium\" src=\"https:\/\/echta-derminga.de\/wp-content\/uploads\/2018\/06\/3-1-300x202.jpg\" alt=\"\" width=\"300\" height=\"202\" srcset=\"https:\/\/echta-derminga.de\/wp-content\/uploads\/2018\/06\/3-1-300x202.jpg 300w, https:\/\/echta-derminga.de\/wp-content\/uploads\/2018\/06\/3-1.jpg 640w\" sizes=\"auto, (max-width: 300px) 100vw, 300px\" \/><p id=\"caption-attachment-1585\" class=\"wp-caption-text\">Im Hintergrund befindet sich noch kein Sportheim<\/p><\/div>\n<p>Nachdem der SV Dirmingen fr\u00fcher schon einmal auf dem Belker spielte und zwischendurch sein Gl\u00fcck auf dem alten Exerzierplatz (Kerschborn) und auf Wetschert versuchte, fand der Verein schlie\u00dflich im Br\u00fchl eine neue Heimat.<\/p>\n<p>Der TV Dirmingen hingegen betrieb in den 1950-ger Jahren eine Sportst\u00e4tte f\u00fcr Leichtathletik und Feldhandball auf dem Belker.<\/p>\n<p>Unmittelbar nach der Fertigstellung der neuen Sportanlage fanden auf dem Belker die ersten Turn- und Leichtathletikveranstaltungen statt.<\/p>\n<p><strong>Zum gleichen Zeitpunkt erlebte der SV Dirmingen einen sportlichen H\u00f6henflug auf dem neuen Sportplatz \u201eIm Br\u00fchl\u201c, dem heutigen Br\u00fchlpark. Der TV Dirmingen hingegen erzielte erste Erfolge im Feldhandball und legte den Grundstein f\u00fcr die sp\u00e4teren Erfolgsjahre im heutigen Hallenhandball. Nur einige Jahre sp\u00e4ter bestritt auch der TV 04 Dirmingen die ersten Feldhandballspiele im Br\u00fchl.<\/strong><\/p>\n<p>F\u00fcr eine kurze Zeit wurde die Sportanlage auf dem Belker lediglich f\u00fcr Turn-und Leichtathletikveranstaltungen genutzt. Die Leichtathletikveranstaltungen auf dem Belker waren \u00fcberregional bekannt und lockten zahlreiche Besucher an.<\/p>\n<div id=\"attachment_1599\" style=\"width: 310px\" class=\"wp-caption alignleft\"><img loading=\"lazy\" decoding=\"async\" aria-describedby=\"caption-attachment-1599\" class=\"wp-image-1599 size-medium\" src=\"https:\/\/echta-derminga.de\/wp-content\/uploads\/2018\/06\/117-300x204.jpg\" alt=\"\" width=\"300\" height=\"204\" srcset=\"https:\/\/echta-derminga.de\/wp-content\/uploads\/2018\/06\/117-300x204.jpg 300w, https:\/\/echta-derminga.de\/wp-content\/uploads\/2018\/06\/117-644x438.jpg 644w, https:\/\/echta-derminga.de\/wp-content\/uploads\/2018\/06\/117.jpg 743w\" sizes=\"auto, (max-width: 300px) 100vw, 300px\" \/><p id=\"caption-attachment-1599\" class=\"wp-caption-text\">Historische Landesbestzeit auf dem Belker<\/p><\/div>\n<p><strong>Im Jahre 1954, fand auf dem Belker ein Staffellauf \u00fcber 4\u00d7100 Meter statt. Dieser Lauf wurde damals in einer Landesbestzeit von 52,2 Sekunden absolviert.<\/strong><\/p>\n<p><strong>Im Jahre 1974 landete der SV Dirmingen wieder auf seiner alten Sportst\u00e4tte: dem&#8220;Belker&#8220;.Der Sportplatz &#8222;Im Br\u00fchl&#8220; war inzwischen in die Jahre gekommen und hatte seine beste Zeit l\u00e4ngst hinter sich gebracht.<\/strong><\/p>\n<p>Der neue Sportplatz &#8222;Zur Ziegeh\u00fctte&#8220; (heute Belker) sollte die Entwicklung des Vereins f\u00f6rdern.<\/p>\n<p>Im Laufe der Jahre wurde der &#8222;Belker&#8220; zur sportlichen Heimat des SV Dirmingen. Im Jahre 1999 wurde die Sportanlage zum heutigen &#8222;Belkerstadion&#8220; umbenannt. Nur kurze Zeit sp\u00e4ter entstand ein Rasenplatz und die Sportanlage wurde saniert.<\/p>\n<p><strong>Der TV 04 Dirmingen spielt inzwischen sehr erfolgreich auf hohem Niveau\u00a0 Hallenhandball. Leichtathletik wird in Dirmingen l\u00e4ngst nicht mehr betrieben. Der TV 04 Dirmingen bietet jedoch weiterhin Turnen in der Borrwieshalle an.<\/strong><\/p>\n<p><strong>Ihre erfolgreichste Zeit hatte die Turnabteilung des TVD jedoch auf dem Belker.<\/strong><\/p>\n<p>&nbsp;<\/p>\n","protected":false},"excerpt":{"rendered":"<p>&#8222;Das Wir vom Belker sind hallihallo, dass wei\u00df\u00a0doch jedes Kind hallihallo, wir rei\u00dfen B\u00e4ume aus, wo keine sind&#8220; Unser Dorf liegt in einem Tal und ist umgeben von mehreren Anh\u00f6hen. Der dicht bewaldete \u201eGro\u00dfe Elmesberg\u201c ist mit 413, 8 Metern die h\u00f6chste Anh\u00f6he auf der Gemarkung Dirmingens. Neben dem Br\u00e4kert, dem Sprengenberg, dem Sch\u00f6nebuch und Geisberg, die allesamt unter der<\/p>\n","protected":false},"author":1,"featured_media":1561,"comment_status":"closed","ping_status":"closed","sticky":false,"template":"","format":"standard","meta":{"_crdt_document":"","footnotes":""},"categories":[1,8],"tags":[267,324,271,327,326,24,329,328,325,330],"class_list":["post-1579","post","type-post","status-publish","format-standard","has-post-thumbnail","hentry","category-allgemein","category-sellemols-und-awweile","tag-belker","tag-belkerstadion","tag-bruehl","tag-rasenplatz","tag-sportanlage","tag-sv-dirmingen","tag-svd","tag-turnen","tag-tv-04-dirmingen","tag-tvd"],"_links":{"self":[{"href":"https:\/\/echta-derminga.de\/index.php?rest_route=\/wp\/v2\/posts\/1579","targetHints":{"allow":["GET"]}}],"collection":[{"href":"https:\/\/echta-derminga.de\/index.php?rest_route=\/wp\/v2\/posts"}],"about":[{"href":"https:\/\/echta-derminga.de\/index.php?rest_route=\/wp\/v2\/types\/post"}],"author":[{"embeddable":true,"href":"https:\/\/echta-derminga.de\/index.php?rest_route=\/wp\/v2\/users\/1"}],"replies":[{"embeddable":true,"href":"https:\/\/echta-derminga.de\/index.php?rest_route=%2Fwp%2Fv2%2Fcomments&post=1579"}],"version-history":[{"count":19,"href":"https:\/\/echta-derminga.de\/index.php?rest_route=\/wp\/v2\/posts\/1579\/revisions"}],"predecessor-version":[{"id":1609,"href":"https:\/\/echta-derminga.de\/index.php?rest_route=\/wp\/v2\/posts\/1579\/revisions\/1609"}],"wp:featuredmedia":[{"embeddable":true,"href":"https:\/\/echta-derminga.de\/index.php?rest_route=\/wp\/v2\/media\/1561"}],"wp:attachment":[{"href":"https:\/\/echta-derminga.de\/index.php?rest_route=%2Fwp%2Fv2%2Fmedia&parent=1579"}],"wp:term":[{"taxonomy":"category","embeddable":true,"href":"https:\/\/echta-derminga.de\/index.php?rest_route=%2Fwp%2Fv2%2Fcategories&post=1579"},{"taxonomy":"post_tag","embeddable":true,"href":"https:\/\/echta-derminga.de\/index.php?rest_route=%2Fwp%2Fv2%2Ftags&post=1579"}],"curies":[{"name":"wp","href":"https:\/\/api.w.org\/{rel}","templated":true}]}}