{"id":15945,"date":"2023-11-01T10:59:25","date_gmt":"2023-11-01T09:59:25","guid":{"rendered":"https:\/\/echta-derminga.de\/?p=15945"},"modified":"2023-11-01T11:01:04","modified_gmt":"2023-11-01T10:01:04","slug":"in-sachen-ortsvorsteher-von-einer-nassen-kerb-einem-schlimmen-feuer-und-vielen-schoenen-begegnungen","status":"publish","type":"post","link":"https:\/\/echta-derminga.de\/?p=15945","title":{"rendered":"In Sachen Ortsvorsteher: Von einer nassen &#8222;Kerb&#8220;, einem schlimmen Feuer und vielen sch\u00f6nen Begegnungen"},"content":{"rendered":"\n<p class=\"has-medium-font-size wp-block-paragraph\"><strong>Der Herbst pr\u00e4sentierte sich zuletzt von seiner feuchten Seite. W\u00e4hrend wir an unserem &#8222;Herbschdfeschd&#8220; noch viel Gl\u00fcck hatten und ausgelassen feiern durften, fiel die 277. &#8222;Derminga Kerb&#8220; buchst\u00e4blich ins Wasser.<\/strong> <strong>Unserer Dorfgemeinschaft wird in dieser Jahreszeit enorm viel angeboten. Mein Dank geht an alle Vereine und Organisationen f\u00fcr ihr ehrenamtlichen Engagement. Allen voran hat der Kulturverein Dirmingen in diesen Zeiten besonders viel zu tun. Nach der &#8222;Kerb&#8220; beginnen die Planungen f\u00fcr den &#8222;Mittelalterlichen Weihnachtsmarkt&#8220; und danach steht schon fast das Weihnachtsfest vor der T\u00fcr. Die Zeit vergeht im Fluge. Vergessen Sie nicht einmal innezuhalten und diesen sch\u00f6nen Monat mit seiner Farbenpracht zu genie\u00dfen<\/strong>.<\/p>\n\n\n\n<p class=\"has-medium-font-size wp-block-paragraph\"><strong>277. &#8222;Derminga Kerb&#8220; eine feuchte Angelegenheit<\/strong><\/p>\n\n\n\n<p class=\"has-medium-font-size wp-block-paragraph\">Die 277. &#8222;Derminga Kerb&#8220; wurde am Samstag, 28. Oktober 2023 feierlich er\u00f6ffnet. P\u00fcnktlich zur Er\u00f6ffnungszeremonie machte der Regen eine Pause. Gemeinsam mit den beiden Schirmherren Landrat S\u00f6ren Meng und unserem 1. Beigeordneten Christian Ney durfte ich das diesj\u00e4hrige &#8222;Kerwe-Lisje&#8220; Jessica Eckert und ihren &#8222;Hannes&#8220; Simon Kalb im \u201eKl\u00e4se Keller\u201c wachk\u00fcssen. Vor dem Fassanstich und der Er\u00f6ffnung der \u201eKerb\u201c auf dem Festplatz pr\u00e4sentierte unsere Kita \u201ePusteblume\u201c ihr Lied &#8222;Heimat, das sind Wir&#8220;. Ich bin sehr stolz darauf, dass trotz des m\u00e4\u00dfigen Wetters soviel Dirmingerinnen und Dirminger zur Er\u00f6ffnung der diesj\u00e4hrigen \u201eKerb\u201c pilgerten. Leider mussten die Schausteller aufgrund der starken anhaltenden Regenf\u00e4lle ihre Fahrgesch\u00e4fte am Kirmessonntag schlie\u00dfen. Nicht zuletzt ging es dabei auch um die Sicherheit der Kirmesbesucher. Die Durchf\u00fchrung der &#8222;Kerb&#8220; lag auch in diesem Jahr in den H\u00e4nden des Ortsrates und wurde erneut aktiv vom Kulturverein Dirmingen unterst\u00fctzt. Schon beim Kirchweih-Gottesdienst in der Evangelischen Kirche war eine aufsteigende Tendenz der Besucherzahl zu erkennen. Bis zum Kirmesmontag, 30. Oktober wurde besonders in den Gastst\u00e4tten ausgiebig Kirmes gefeiert. Vielen Dank an die Kita Pusteblume, die Kita-Leitung und alle Eltern, an den L\u00f6schbezirk Dirmingen der Freiwilligen Feuerwehr, an den Kulturverein Dirmingen, den Musikverein Wiesbach, alle Kinder, Familien, alle politischen und weltlichen G\u00e4ste, alle Ratsmitglieder und Ortsvorsteher und ganz besonders an alle Besucherinnen und Besucher der diesj\u00e4hrigen Kirmes. Mein besonderer Dank geht an unser diesj\u00e4hriges \u201eKerwepaar\u201c Jessica Eckert und Simon Kalb. Obwohl die diesj\u00e4hrige \u201eDerminga Kerb\u201c stark unter dem m\u00e4\u00dfigen Wetter gelitten hat, wurde das traditionelle Kirmestreiben ausgesprochen gut angenommen.<\/p>\n\n\n\n<div class=\"wp-block-columns is-layout-flex wp-container-core-columns-is-layout-8f761849 wp-block-columns-is-layout-flex\">\n<div class=\"wp-block-column is-layout-flow wp-block-column-is-layout-flow\">\n<figure class=\"wp-block-image size-large\"><img loading=\"lazy\" decoding=\"async\" width=\"700\" height=\"525\" src=\"https:\/\/echta-derminga.de\/wp-content\/uploads\/2023\/11\/11-700x525.jpg\" alt=\"\" class=\"wp-image-15947\" srcset=\"https:\/\/echta-derminga.de\/wp-content\/uploads\/2023\/11\/11-700x525.jpg 700w, https:\/\/echta-derminga.de\/wp-content\/uploads\/2023\/11\/11-300x225.jpg 300w, https:\/\/echta-derminga.de\/wp-content\/uploads\/2023\/11\/11-768x576.jpg 768w, https:\/\/echta-derminga.de\/wp-content\/uploads\/2023\/11\/11-1536x1152.jpg 1536w, https:\/\/echta-derminga.de\/wp-content\/uploads\/2023\/11\/11.jpg 2000w\" sizes=\"auto, (max-width: 700px) 100vw, 700px\" \/><\/figure>\n<\/div>\n\n\n\n<div class=\"wp-block-column is-layout-flow wp-block-column-is-layout-flow\">\n<figure class=\"wp-block-image size-large\"><img loading=\"lazy\" decoding=\"async\" width=\"700\" height=\"577\" src=\"https:\/\/echta-derminga.de\/wp-content\/uploads\/2023\/11\/22-700x577.jpg\" alt=\"\" class=\"wp-image-15948\" srcset=\"https:\/\/echta-derminga.de\/wp-content\/uploads\/2023\/11\/22-700x577.jpg 700w, https:\/\/echta-derminga.de\/wp-content\/uploads\/2023\/11\/22-300x247.jpg 300w, https:\/\/echta-derminga.de\/wp-content\/uploads\/2023\/11\/22-768x633.jpg 768w, https:\/\/echta-derminga.de\/wp-content\/uploads\/2023\/11\/22-1536x1267.jpg 1536w, https:\/\/echta-derminga.de\/wp-content\/uploads\/2023\/11\/22-2048x1689.jpg 2048w\" sizes=\"auto, (max-width: 700px) 100vw, 700px\" \/><\/figure>\n<\/div>\n<\/div>\n\n\n\n<div class=\"wp-block-columns is-layout-flex wp-container-core-columns-is-layout-8f761849 wp-block-columns-is-layout-flex\">\n<div class=\"wp-block-column is-layout-flow wp-block-column-is-layout-flow\">\n<figure class=\"wp-block-image size-large\"><img loading=\"lazy\" decoding=\"async\" width=\"700\" height=\"509\" src=\"https:\/\/echta-derminga.de\/wp-content\/uploads\/2023\/11\/333-700x509.jpg\" alt=\"\" class=\"wp-image-15949\" srcset=\"https:\/\/echta-derminga.de\/wp-content\/uploads\/2023\/11\/333-700x509.jpg 700w, https:\/\/echta-derminga.de\/wp-content\/uploads\/2023\/11\/333-300x218.jpg 300w, https:\/\/echta-derminga.de\/wp-content\/uploads\/2023\/11\/333-768x559.jpg 768w, https:\/\/echta-derminga.de\/wp-content\/uploads\/2023\/11\/333-1536x1118.jpg 1536w, https:\/\/echta-derminga.de\/wp-content\/uploads\/2023\/11\/333.jpg 1693w\" sizes=\"auto, (max-width: 700px) 100vw, 700px\" \/><\/figure>\n<\/div>\n\n\n\n<div class=\"wp-block-column is-layout-flow wp-block-column-is-layout-flow\">\n<figure class=\"wp-block-image size-large\"><img loading=\"lazy\" decoding=\"async\" width=\"700\" height=\"525\" src=\"https:\/\/echta-derminga.de\/wp-content\/uploads\/2023\/11\/397244755_6745841182177216_538640023025702735_n-700x525.jpg\" alt=\"\" class=\"wp-image-15950\" srcset=\"https:\/\/echta-derminga.de\/wp-content\/uploads\/2023\/11\/397244755_6745841182177216_538640023025702735_n-700x525.jpg 700w, https:\/\/echta-derminga.de\/wp-content\/uploads\/2023\/11\/397244755_6745841182177216_538640023025702735_n-300x225.jpg 300w, https:\/\/echta-derminga.de\/wp-content\/uploads\/2023\/11\/397244755_6745841182177216_538640023025702735_n-768x576.jpg 768w, https:\/\/echta-derminga.de\/wp-content\/uploads\/2023\/11\/397244755_6745841182177216_538640023025702735_n.jpg 1080w\" sizes=\"auto, (max-width: 700px) 100vw, 700px\" \/><\/figure>\n<\/div>\n<\/div>\n\n\n\n<div class=\"wp-block-columns is-layout-flex wp-container-core-columns-is-layout-8f761849 wp-block-columns-is-layout-flex\">\n<div class=\"wp-block-column is-layout-flow wp-block-column-is-layout-flow\">\n<figure class=\"wp-block-image size-large\"><img loading=\"lazy\" decoding=\"async\" width=\"700\" height=\"525\" src=\"https:\/\/echta-derminga.de\/wp-content\/uploads\/2023\/11\/397245374_6745843668843634_9062485373628028316_n-700x525.jpg\" alt=\"\" class=\"wp-image-15951\" srcset=\"https:\/\/echta-derminga.de\/wp-content\/uploads\/2023\/11\/397245374_6745843668843634_9062485373628028316_n-700x525.jpg 700w, https:\/\/echta-derminga.de\/wp-content\/uploads\/2023\/11\/397245374_6745843668843634_9062485373628028316_n-300x225.jpg 300w, https:\/\/echta-derminga.de\/wp-content\/uploads\/2023\/11\/397245374_6745843668843634_9062485373628028316_n-768x576.jpg 768w, https:\/\/echta-derminga.de\/wp-content\/uploads\/2023\/11\/397245374_6745843668843634_9062485373628028316_n.jpg 1080w\" sizes=\"auto, (max-width: 700px) 100vw, 700px\" \/><\/figure>\n<\/div>\n\n\n\n<div class=\"wp-block-column is-layout-flow wp-block-column-is-layout-flow\">\n<figure class=\"wp-block-image size-large\"><img loading=\"lazy\" decoding=\"async\" width=\"700\" height=\"403\" src=\"https:\/\/echta-derminga.de\/wp-content\/uploads\/2023\/11\/396534183_6745842858843715_3240011167247690320_n-700x403.jpg\" alt=\"\" class=\"wp-image-15952\" srcset=\"https:\/\/echta-derminga.de\/wp-content\/uploads\/2023\/11\/396534183_6745842858843715_3240011167247690320_n-700x403.jpg 700w, https:\/\/echta-derminga.de\/wp-content\/uploads\/2023\/11\/396534183_6745842858843715_3240011167247690320_n-300x173.jpg 300w, https:\/\/echta-derminga.de\/wp-content\/uploads\/2023\/11\/396534183_6745842858843715_3240011167247690320_n-768x442.jpg 768w, https:\/\/echta-derminga.de\/wp-content\/uploads\/2023\/11\/396534183_6745842858843715_3240011167247690320_n-1536x884.jpg 1536w, https:\/\/echta-derminga.de\/wp-content\/uploads\/2023\/11\/396534183_6745842858843715_3240011167247690320_n.jpg 2048w\" sizes=\"auto, (max-width: 700px) 100vw, 700px\" \/><\/figure>\n<\/div>\n<\/div>\n\n\n\n<p class=\"has-medium-font-size wp-block-paragraph\"><strong>Ein furchtbarer Samstagmorgen in Dirmingen<\/strong><\/p>\n\n\n\n<p class=\"has-medium-font-size wp-block-paragraph\">Heute morgen ereignete sich um ca. 5.30 Uhr in einer Wohnung eines Mehrfamilienhauses in der Lebacher Stra\u00dfe in Dirmingen ein Gro\u00dfbrand. Aus unserer Gemeinde beteiligten sich neben unserer eigenen Wehr des L\u00f6schbezirk Dirmingen auch die L\u00f6schbezirke aus Eppelborn, Bubach Calmesweiler und Wiesbach. Insgesamt waren \u00fcber 80 Kameradinnen und Kameraden im Einsatz. Ich m\u00f6chte mich ganz herzlich bei allen L\u00f6schbezirken und jedem einzelnen Feuerwehrmann oder Feuerwehrfrau bedanken. Unsere Freiwillige Feuerwehr und dazu alle Rettungskr\u00e4fte, inkl. der Polizei haben grossartige Arbeit geleistet und schlie\u00dflich auch Leben gerettet. F\u00fcr vier Haustiere kam jedoch jede Hilfe zu sp\u00e4t. Gemeinsam mit B\u00fcrgermeister Feld haben wir zun\u00e4chst vor Ort versucht den Menschen und Anwohnern zu helfen. Dabei wurden vorr\u00fcbergehend auch Menschen im Nebenraum der Halle untergebracht. Vielen Dank an die Mitarbeiter der Gemeindeverwaltung die sofort unterst\u00fctzten. F\u00fcr Dirmingen ein schrecklicher Morgen an dem wir jedoch froh sein d\u00fcrfen, dass alle Menschen gesund diese Feuerbrunst \u00fcberstanden haben.<\/p>\n\n\n\n<div class=\"wp-block-columns is-layout-flex wp-container-core-columns-is-layout-8f761849 wp-block-columns-is-layout-flex\">\n<div class=\"wp-block-column is-layout-flow wp-block-column-is-layout-flow\">\n<figure class=\"wp-block-image size-large\"><img loading=\"lazy\" decoding=\"async\" width=\"700\" height=\"525\" src=\"https:\/\/echta-derminga.de\/wp-content\/uploads\/2023\/11\/394205203_6716309048463763_509022710836737069_n-700x525.jpg\" alt=\"\" class=\"wp-image-15954\" srcset=\"https:\/\/echta-derminga.de\/wp-content\/uploads\/2023\/11\/394205203_6716309048463763_509022710836737069_n-700x525.jpg 700w, https:\/\/echta-derminga.de\/wp-content\/uploads\/2023\/11\/394205203_6716309048463763_509022710836737069_n-300x225.jpg 300w, https:\/\/echta-derminga.de\/wp-content\/uploads\/2023\/11\/394205203_6716309048463763_509022710836737069_n-768x576.jpg 768w, https:\/\/echta-derminga.de\/wp-content\/uploads\/2023\/11\/394205203_6716309048463763_509022710836737069_n.jpg 1080w\" sizes=\"auto, (max-width: 700px) 100vw, 700px\" \/><\/figure>\n<\/div>\n\n\n\n<div class=\"wp-block-column is-layout-flow wp-block-column-is-layout-flow\">\n<figure class=\"wp-block-image size-large\"><img loading=\"lazy\" decoding=\"async\" width=\"700\" height=\"525\" src=\"https:\/\/echta-derminga.de\/wp-content\/uploads\/2023\/11\/393217396_6716309155130419_106848998416020578_n-700x525.jpg\" alt=\"\" class=\"wp-image-15955\" srcset=\"https:\/\/echta-derminga.de\/wp-content\/uploads\/2023\/11\/393217396_6716309155130419_106848998416020578_n-700x525.jpg 700w, https:\/\/echta-derminga.de\/wp-content\/uploads\/2023\/11\/393217396_6716309155130419_106848998416020578_n-300x225.jpg 300w, https:\/\/echta-derminga.de\/wp-content\/uploads\/2023\/11\/393217396_6716309155130419_106848998416020578_n-768x576.jpg 768w, https:\/\/echta-derminga.de\/wp-content\/uploads\/2023\/11\/393217396_6716309155130419_106848998416020578_n.jpg 1080w\" sizes=\"auto, (max-width: 700px) 100vw, 700px\" \/><\/figure>\n<\/div>\n<\/div>\n\n\n\n<p class=\"has-medium-font-size wp-block-paragraph\"><strong>Aufbruch in den neuen &#8222;Pastoralen Raum&#8220;<\/strong><\/p>\n\n\n\n<p class=\"has-medium-font-size wp-block-paragraph\">Aufbruch hat etwas ermutigendes. Heute fand anl\u00e4sslich der Zusammenlegung des Pastoralen Raums Lebach, in der Eppelborner Pfarrkirche , ein w\u00fcrdiger und sch\u00f6ner Festgottesdienst statt. F\u00fcr mehrere Pfarrgemeinschaften darunter auch unsere katholische Pfarreiengemeinschaft Eppelborn-Dirmingen bedeutet dies einen Aufbruch in eine neue, spannende Zeit. Nach dem Festgottesdienst fand im Festsaal &#8222;bigEpple&#8220; ein bunter Abend zum Kennenlernen statt. Ich pers\u00f6nlich w\u00fcnsche unserem Pastor Achim Thieser und seinen Mitarbeitern in dem neuen Pastoralen Raum Lebach alles erdenklich Gute und Gottes Segen. Selbstverst\u00e4ndlich waren viele Schwestern und Br\u00fcder unserer Katholischen Pfarrgemeinde vor Ort. Ein guter Start in eine hoffentlich gute Zukunft. Unter den G\u00e4sten zahlreiche Kommunalpolitiker und auch Vertreter anderer Konfessionen. Ich w\u00fcnsche dem neuen Pastoralen Raum Lebach alles erdenklich Gute. Vertraut auf Gottes Wegen. Danke f\u00fcr die sch\u00f6ne Kerze.<\/p>\n\n\n<div class=\"wp-block-image\">\n<figure class=\"aligncenter size-large\"><img loading=\"lazy\" decoding=\"async\" width=\"700\" height=\"323\" src=\"https:\/\/echta-derminga.de\/wp-content\/uploads\/2023\/11\/393254695_6714318538662814_4664854822670602545_n-700x323.jpg\" alt=\"\" class=\"wp-image-15956\" srcset=\"https:\/\/echta-derminga.de\/wp-content\/uploads\/2023\/11\/393254695_6714318538662814_4664854822670602545_n-700x323.jpg 700w, https:\/\/echta-derminga.de\/wp-content\/uploads\/2023\/11\/393254695_6714318538662814_4664854822670602545_n-300x139.jpg 300w, https:\/\/echta-derminga.de\/wp-content\/uploads\/2023\/11\/393254695_6714318538662814_4664854822670602545_n-768x355.jpg 768w, https:\/\/echta-derminga.de\/wp-content\/uploads\/2023\/11\/393254695_6714318538662814_4664854822670602545_n-1536x710.jpg 1536w, https:\/\/echta-derminga.de\/wp-content\/uploads\/2023\/11\/393254695_6714318538662814_4664854822670602545_n.jpg 2048w\" sizes=\"auto, (max-width: 700px) 100vw, 700px\" \/><\/figure>\n<\/div>\n\n\n<p class=\"has-medium-font-size wp-block-paragraph\"><strong>Oktoberfest im &#8222;Derminga Treff&#8220;<\/strong><\/p>\n\n\n\n<p class=\"has-medium-font-size wp-block-paragraph\">Ich bin unheimlich stolz auf unser &#8222;Derminga Treff&#8220;. Zum heutigen Oktoberfest in das evangelische Gemeindehaus Dirmingen waren auch diesmal \u00fcber 70 Leute gekommen. Bei Weissw\u00fcrtschen, Brezeln und toller Live Musik von der &#8220; one Man Blasmusik&#8220; Uwe Hanson wurde z\u00fcnftig Oktoberfest gefeiert. B\u00fcrgermeister Dr. Andreas Feld besuchte das &#8222;Derminga Treff&#8220; und dankte allen Helferinnen und Helfer und \u00fcberreichte eine tolle Geldspende von 100,- \u20ac. Vielen Dank daf\u00fcr an den Rathauschef. Ich m\u00f6chte mich an dieser Stelle bei allen G\u00e4sten und bei meinen tollen, einzigartigen Helferteam bedanken. Das n\u00e4chste Treff findet am 04. November um 11 Uhr morgens statt. Wir wollen gemeinsam Mittagessen<\/p>\n\n\n\n<div class=\"wp-block-columns is-layout-flex wp-container-core-columns-is-layout-8f761849 wp-block-columns-is-layout-flex\">\n<div class=\"wp-block-column is-layout-flow wp-block-column-is-layout-flow\">\n<figure class=\"wp-block-image size-large\"><img loading=\"lazy\" decoding=\"async\" width=\"700\" height=\"442\" src=\"https:\/\/echta-derminga.de\/wp-content\/uploads\/2023\/11\/391664886_6717324228362245_3546818490165819531_n-700x442.jpg\" alt=\"\" class=\"wp-image-15957\" srcset=\"https:\/\/echta-derminga.de\/wp-content\/uploads\/2023\/11\/391664886_6717324228362245_3546818490165819531_n-700x442.jpg 700w, https:\/\/echta-derminga.de\/wp-content\/uploads\/2023\/11\/391664886_6717324228362245_3546818490165819531_n-300x189.jpg 300w, https:\/\/echta-derminga.de\/wp-content\/uploads\/2023\/11\/391664886_6717324228362245_3546818490165819531_n-768x485.jpg 768w, https:\/\/echta-derminga.de\/wp-content\/uploads\/2023\/11\/391664886_6717324228362245_3546818490165819531_n-1536x970.jpg 1536w, https:\/\/echta-derminga.de\/wp-content\/uploads\/2023\/11\/391664886_6717324228362245_3546818490165819531_n.jpg 2048w\" sizes=\"auto, (max-width: 700px) 100vw, 700px\" \/><\/figure>\n<\/div>\n\n\n\n<div class=\"wp-block-column is-layout-flow wp-block-column-is-layout-flow\">\n<figure class=\"wp-block-image size-large\"><img loading=\"lazy\" decoding=\"async\" width=\"700\" height=\"323\" src=\"https:\/\/echta-derminga.de\/wp-content\/uploads\/2023\/11\/391652937_6717324638362204_1172096738888164490_n-700x323.jpg\" alt=\"\" class=\"wp-image-15958\" srcset=\"https:\/\/echta-derminga.de\/wp-content\/uploads\/2023\/11\/391652937_6717324638362204_1172096738888164490_n-700x323.jpg 700w, https:\/\/echta-derminga.de\/wp-content\/uploads\/2023\/11\/391652937_6717324638362204_1172096738888164490_n-300x139.jpg 300w, https:\/\/echta-derminga.de\/wp-content\/uploads\/2023\/11\/391652937_6717324638362204_1172096738888164490_n-768x355.jpg 768w, https:\/\/echta-derminga.de\/wp-content\/uploads\/2023\/11\/391652937_6717324638362204_1172096738888164490_n-1536x710.jpg 1536w, https:\/\/echta-derminga.de\/wp-content\/uploads\/2023\/11\/391652937_6717324638362204_1172096738888164490_n.jpg 2048w\" sizes=\"auto, (max-width: 700px) 100vw, 700px\" \/><\/figure>\n<\/div>\n<\/div>\n\n\n\n<div class=\"wp-block-columns is-layout-flex wp-container-core-columns-is-layout-8f761849 wp-block-columns-is-layout-flex\">\n<div class=\"wp-block-column is-layout-flow wp-block-column-is-layout-flow\">\n<figure class=\"wp-block-image size-large\"><img loading=\"lazy\" decoding=\"async\" width=\"700\" height=\"525\" src=\"https:\/\/echta-derminga.de\/wp-content\/uploads\/2023\/11\/394273842_6717324518362216_4533698069821259800_n-700x525.jpg\" alt=\"\" class=\"wp-image-15959\" srcset=\"https:\/\/echta-derminga.de\/wp-content\/uploads\/2023\/11\/394273842_6717324518362216_4533698069821259800_n-700x525.jpg 700w, https:\/\/echta-derminga.de\/wp-content\/uploads\/2023\/11\/394273842_6717324518362216_4533698069821259800_n-300x225.jpg 300w, https:\/\/echta-derminga.de\/wp-content\/uploads\/2023\/11\/394273842_6717324518362216_4533698069821259800_n-768x576.jpg 768w, https:\/\/echta-derminga.de\/wp-content\/uploads\/2023\/11\/394273842_6717324518362216_4533698069821259800_n-1536x1152.jpg 1536w, https:\/\/echta-derminga.de\/wp-content\/uploads\/2023\/11\/394273842_6717324518362216_4533698069821259800_n.jpg 2048w\" sizes=\"auto, (max-width: 700px) 100vw, 700px\" \/><\/figure>\n<\/div>\n\n\n\n<div class=\"wp-block-column is-layout-flow wp-block-column-is-layout-flow\">\n<figure class=\"wp-block-image size-large\"><img loading=\"lazy\" decoding=\"async\" width=\"700\" height=\"385\" src=\"https:\/\/echta-derminga.de\/wp-content\/uploads\/2023\/11\/391676327_6717324358362232_2939349953606790311_n-700x385.jpg\" alt=\"\" class=\"wp-image-15960\" srcset=\"https:\/\/echta-derminga.de\/wp-content\/uploads\/2023\/11\/391676327_6717324358362232_2939349953606790311_n-700x385.jpg 700w, https:\/\/echta-derminga.de\/wp-content\/uploads\/2023\/11\/391676327_6717324358362232_2939349953606790311_n-300x165.jpg 300w, https:\/\/echta-derminga.de\/wp-content\/uploads\/2023\/11\/391676327_6717324358362232_2939349953606790311_n-768x422.jpg 768w, https:\/\/echta-derminga.de\/wp-content\/uploads\/2023\/11\/391676327_6717324358362232_2939349953606790311_n-1536x844.jpg 1536w, https:\/\/echta-derminga.de\/wp-content\/uploads\/2023\/11\/391676327_6717324358362232_2939349953606790311_n.jpg 2048w\" sizes=\"auto, (max-width: 700px) 100vw, 700px\" \/><\/figure>\n<\/div>\n<\/div>\n\n\n\n<p class=\"has-medium-font-size wp-block-paragraph\"><strong>Reformationstag 2023 in der evangelischen Kirchengemeinde Dirmingen<\/strong><\/p>\n\n\n\n<p class=\"has-medium-font-size wp-block-paragraph\">&#8222;Ein feste Burg ist unser Gott&#8220;. Vor \u00fcber 500 Jahren wollte Martin Luther Ver\u00e4nderungen ansto\u00dfen. Es war nie sein Ziel die Kirche zu entzweien. Die Sehnsucht nach der Einheit unserer Kirche bleibt bestehen. Ver\u00e4nderungen sind gut und notwendig. Der Reformationstag hat l\u00e4ngst keinen Alleinstellungsmerkmal mehr. Gerade unsere Kinder und Jugendlichen feiern an diesem Tag auch Halloween. Der Reformationsgottesdienst in der evangelischen Kirche Dirmingen war in diesem Jahr ausgesprochen gut besucht. Im Anschluss wurde im evangelischen Gemeindehaus bei Zwiebelkuchen, Federweisser und der Musik von Saitenklang gefeiert.<\/p>\n\n\n\n<div class=\"wp-block-columns is-layout-flex wp-container-core-columns-is-layout-8f761849 wp-block-columns-is-layout-flex\">\n<div class=\"wp-block-column is-layout-flow wp-block-column-is-layout-flow\">\n<figure class=\"wp-block-image size-large\"><img loading=\"lazy\" decoding=\"async\" width=\"700\" height=\"661\" src=\"https:\/\/echta-derminga.de\/wp-content\/uploads\/2023\/11\/397426222_6754650631296271_3949352320564495774_n-700x661.jpg\" alt=\"\" class=\"wp-image-15963\" srcset=\"https:\/\/echta-derminga.de\/wp-content\/uploads\/2023\/11\/397426222_6754650631296271_3949352320564495774_n-700x661.jpg 700w, https:\/\/echta-derminga.de\/wp-content\/uploads\/2023\/11\/397426222_6754650631296271_3949352320564495774_n-300x283.jpg 300w, https:\/\/echta-derminga.de\/wp-content\/uploads\/2023\/11\/397426222_6754650631296271_3949352320564495774_n-768x726.jpg 768w, https:\/\/echta-derminga.de\/wp-content\/uploads\/2023\/11\/397426222_6754650631296271_3949352320564495774_n.jpg 960w\" sizes=\"auto, (max-width: 700px) 100vw, 700px\" \/><\/figure>\n<\/div>\n\n\n\n<div class=\"wp-block-column is-layout-flow wp-block-column-is-layout-flow\">\n<figure class=\"wp-block-image size-large\"><img loading=\"lazy\" decoding=\"async\" width=\"700\" height=\"558\" src=\"https:\/\/echta-derminga.de\/wp-content\/uploads\/2023\/11\/397363054_6754651057962895_6225888884298017467_n-1-700x558.jpg\" alt=\"\" class=\"wp-image-15964\" srcset=\"https:\/\/echta-derminga.de\/wp-content\/uploads\/2023\/11\/397363054_6754651057962895_6225888884298017467_n-1-700x558.jpg 700w, https:\/\/echta-derminga.de\/wp-content\/uploads\/2023\/11\/397363054_6754651057962895_6225888884298017467_n-1-300x239.jpg 300w, https:\/\/echta-derminga.de\/wp-content\/uploads\/2023\/11\/397363054_6754651057962895_6225888884298017467_n-1-768x612.jpg 768w, https:\/\/echta-derminga.de\/wp-content\/uploads\/2023\/11\/397363054_6754651057962895_6225888884298017467_n-1-1536x1224.jpg 1536w, https:\/\/echta-derminga.de\/wp-content\/uploads\/2023\/11\/397363054_6754651057962895_6225888884298017467_n-1.jpg 1829w\" sizes=\"auto, (max-width: 700px) 100vw, 700px\" \/><\/figure>\n<\/div>\n<\/div>\n\n\n\n<p class=\"has-medium-font-size wp-block-paragraph\"><strong>Ballspende zur &#8222;Kerb&#8220;<\/strong> <strong>im Belkerstadion<\/strong><\/p>\n\n\n\n<p class=\"has-medium-font-size wp-block-paragraph\">Gemeinsam mit dem Kerwepaar 2023 Jessica Eckert und Simon Kalb \u00fcberreichte ich zum &#8222;Kerwespiel&#8220; der SVD Frauen gegen den 1.FC Saarbr\u00fccken einen neuen Spielball. Gerne habe ich als Ortsvorsteher diesen Spielball zu diesem Spitzenspiel gespendet. Immerhin brachte der Ball ein wenig Gl\u00fcck. Das Spiel unseren Tabellenf\u00fchrer SVD gegen den Tabellenzweiten FCS endete 3 &#8211; 3 unentschieden. Auch die M\u00e4nner der SG Dirmingen\/ Berschweiler spielten zur &#8222;Kerb&#8220; unentschieden. Unsere Handballer von der HF Illtal mussten sich leider geschlagen geben. Die zweite Mannschaft des HF Illtals hingegen konnte ihr &#8222;Kerwespiel&#8220; gewinnen.<\/p>\n\n\n<div class=\"wp-block-image\">\n<figure class=\"aligncenter size-large\"><img loading=\"lazy\" decoding=\"async\" width=\"700\" height=\"499\" src=\"https:\/\/echta-derminga.de\/wp-content\/uploads\/2023\/11\/398037498_6746758368752164_4297820375645791224_n-700x499.jpg\" alt=\"\" class=\"wp-image-15966\" srcset=\"https:\/\/echta-derminga.de\/wp-content\/uploads\/2023\/11\/398037498_6746758368752164_4297820375645791224_n-700x499.jpg 700w, https:\/\/echta-derminga.de\/wp-content\/uploads\/2023\/11\/398037498_6746758368752164_4297820375645791224_n-300x214.jpg 300w, https:\/\/echta-derminga.de\/wp-content\/uploads\/2023\/11\/398037498_6746758368752164_4297820375645791224_n.jpg 709w\" sizes=\"auto, (max-width: 700px) 100vw, 700px\" \/><\/figure>\n<\/div>\n\n\n<p class=\"has-medium-font-size wp-block-paragraph\"><strong>Einladung zum Volkstrauertag 2023<\/strong><\/p>\n\n\n\n<p class=\"has-medium-font-size wp-block-paragraph\">Unser Heimatort Dirmingen musste w\u00e4hrend den beiden Weltkriegen fast 300 Menschenleben beklagen. Darunter waren Soldaten, Familienv\u00e4ter, junge M\u00e4nner und zahlreiche Opfer aus der Zivilbev\u00f6lkerung. Sogar Frauen und Kinder mussten w\u00e4hrend den verheerenden Bombenangriffen auf Dirmingen ihr Leben lassen. Der Volkstrauertag ist aus meiner Sicht ein wichtiger Tag gegen das Vergessen. Erinnerungskultur ist gut \u2013 Ermahnen bleibt wichtig!&nbsp;Am Sonntag,19. November werden wir um 14:00 Uhr am Mahnmal auf dem Dirminger Friedhof einen Ehrenkranz niederlegen. Unterst\u00fctzt werden wir dabei von den beiden Kirchengemeinden, dem evangelischen Posaunenchor Dirmingen und von der Reservistenkameradschaft Illtal. Herzliche Einladung!<\/p>\n\n\n\n<div class=\"wp-block-columns is-layout-flex wp-container-core-columns-is-layout-8f761849 wp-block-columns-is-layout-flex\">\n<div class=\"wp-block-column is-layout-flow wp-block-column-is-layout-flow\">\n<figure class=\"wp-block-image size-full\"><img loading=\"lazy\" decoding=\"async\" width=\"591\" height=\"839\" src=\"https:\/\/echta-derminga.de\/wp-content\/uploads\/2023\/11\/395282546_6731777703583564_8703724082428969084_n.jpg\" alt=\"\" class=\"wp-image-15968\" srcset=\"https:\/\/echta-derminga.de\/wp-content\/uploads\/2023\/11\/395282546_6731777703583564_8703724082428969084_n.jpg 591w, https:\/\/echta-derminga.de\/wp-content\/uploads\/2023\/11\/395282546_6731777703583564_8703724082428969084_n-211x300.jpg 211w\" sizes=\"auto, (max-width: 591px) 100vw, 591px\" \/><\/figure>\n<\/div>\n\n\n\n<div class=\"wp-block-column is-layout-flow wp-block-column-is-layout-flow\">\n<figure class=\"wp-block-image size-full\"><img loading=\"lazy\" decoding=\"async\" width=\"552\" height=\"782\" src=\"https:\/\/echta-derminga.de\/wp-content\/uploads\/2023\/11\/395242736_6731950380232963_6155920259470766299_n.jpg\" alt=\"\" class=\"wp-image-15969\" srcset=\"https:\/\/echta-derminga.de\/wp-content\/uploads\/2023\/11\/395242736_6731950380232963_6155920259470766299_n.jpg 552w, https:\/\/echta-derminga.de\/wp-content\/uploads\/2023\/11\/395242736_6731950380232963_6155920259470766299_n-212x300.jpg 212w\" sizes=\"auto, (max-width: 552px) 100vw, 552px\" \/><\/figure>\n<\/div>\n<\/div>\n\n\n\n<p class=\"has-medium-font-size wp-block-paragraph\"><strong>St. Martinsfeier 2023<\/strong> <strong>auf dem Rotenberg<\/strong><\/p>\n\n\n\n<p class=\"has-medium-font-size wp-block-paragraph\">Die Kolpingfamilie Dirmingen wird am Samstag, 11. November 2023 ihre diesj\u00e4hrige St. Martinsfeier durchf\u00fchren. Die Veranstaltung beginnt um 17:45 Uhr mit einer kleinen Martinsandacht in der katholischen Kirche Dirmingen. Anschlie\u00dfend geht es in Begleitung des evangelischen Posaunenchors Dirmingen mit dem Martinszug auf das Gel\u00e4nde der Rothenbergschule. Die Kosten der Martinsbrezeln \u00fcbernimmt auch in diesem Jahr der Ortsrat. Herzliche Einladung an alle Kinder und Familien sowie jeden der sich angesprochen f\u00fchlt. <\/p>\n\n\n\n<p class=\"has-medium-font-size wp-block-paragraph\"><strong>Liebe Landsleute, in den n\u00e4chsten Wochen und Monate wird in unserem Heimatort so manche Aktivit\u00e4t angeboten. Dabei habe ich zuletzt die Erfahrung gemacht, dass immer mehr Menschen an unseren Veranstaltungen teilnehmen. Das ist sehr sch\u00f6n und freut besonders die Organisatoren. Obwohl die &#8222;Kerb&#8220; weitgehend dem m\u00e4\u00dfigen Wetter zum Opfer fiel, gab es in den Gastst\u00e4tten viele sch\u00f6ne Momente der Begegnung. Lassen Sie uns daran ankn\u00fcpfen.<\/strong><\/p>\n\n\n\n<p class=\"has-medium-font-size wp-block-paragraph\"><strong>&#8222;Es bewegt sich nichts, wenn wir es nicht gemeinsam bewegen&#8220;<\/strong><\/p>\n\n\n\n<p class=\"has-medium-font-size wp-block-paragraph\">In diesem Sinne.<\/p>\n\n\n\n<p class=\"has-medium-font-size wp-block-paragraph\">Ihr Ortsvorsteher<\/p>\n\n\n\n<p class=\"has-medium-font-size wp-block-paragraph\">Frank Klein<\/p>\n","protected":false},"excerpt":{"rendered":"<p>Der Herbst pr\u00e4sentierte sich zuletzt von seiner feuchten Seite. W\u00e4hrend wir an unserem &#8222;Herbschdfeschd&#8220; noch viel Gl\u00fcck hatten und ausgelassen feiern durften, fiel die 277. &#8222;Derminga Kerb&#8220; buchst\u00e4blich ins Wasser. Unserer Dorfgemeinschaft wird in dieser Jahreszeit enorm viel angeboten. Mein Dank geht an alle Vereine und Organisationen f\u00fcr ihr ehrenamtlichen Engagement. Allen voran hat der Kulturverein Dirmingen in diesen Zeiten<\/p>\n","protected":false},"author":1,"featured_media":15952,"comment_status":"open","ping_status":"closed","sticky":false,"template":"","format":"standard","meta":{"_crdt_document":"","footnotes":""},"categories":[1,812],"tags":[5,618,127,634,795,310],"class_list":["post-15945","post","type-post","status-publish","format-standard","has-post-thumbnail","hentry","category-allgemein","category-ortsvorsteher-dirmingen","tag-dirmingen","tag-gemeinde-eppelborn","tag-landkreis-neunkirchen","tag-ortsvorsteher","tag-ortsvorsteher-dirmingen","tag-saarland"],"_links":{"self":[{"href":"https:\/\/echta-derminga.de\/index.php?rest_route=\/wp\/v2\/posts\/15945","targetHints":{"allow":["GET"]}}],"collection":[{"href":"https:\/\/echta-derminga.de\/index.php?rest_route=\/wp\/v2\/posts"}],"about":[{"href":"https:\/\/echta-derminga.de\/index.php?rest_route=\/wp\/v2\/types\/post"}],"author":[{"embeddable":true,"href":"https:\/\/echta-derminga.de\/index.php?rest_route=\/wp\/v2\/users\/1"}],"replies":[{"embeddable":true,"href":"https:\/\/echta-derminga.de\/index.php?rest_route=%2Fwp%2Fv2%2Fcomments&post=15945"}],"version-history":[{"count":10,"href":"https:\/\/echta-derminga.de\/index.php?rest_route=\/wp\/v2\/posts\/15945\/revisions"}],"predecessor-version":[{"id":15974,"href":"https:\/\/echta-derminga.de\/index.php?rest_route=\/wp\/v2\/posts\/15945\/revisions\/15974"}],"wp:featuredmedia":[{"embeddable":true,"href":"https:\/\/echta-derminga.de\/index.php?rest_route=\/wp\/v2\/media\/15952"}],"wp:attachment":[{"href":"https:\/\/echta-derminga.de\/index.php?rest_route=%2Fwp%2Fv2%2Fmedia&parent=15945"}],"wp:term":[{"taxonomy":"category","embeddable":true,"href":"https:\/\/echta-derminga.de\/index.php?rest_route=%2Fwp%2Fv2%2Fcategories&post=15945"},{"taxonomy":"post_tag","embeddable":true,"href":"https:\/\/echta-derminga.de\/index.php?rest_route=%2Fwp%2Fv2%2Ftags&post=15945"}],"curies":[{"name":"wp","href":"https:\/\/api.w.org\/{rel}","templated":true}]}}