{"id":15975,"date":"2023-11-02T17:34:00","date_gmt":"2023-11-02T16:34:00","guid":{"rendered":"https:\/\/echta-derminga.de\/?p=15975"},"modified":"2023-11-02T17:46:51","modified_gmt":"2023-11-02T16:46:51","slug":"meine-gedanken-zur-nassen-kerb-2023-mir-werre-et-iwerlaewe-gewess-on-graad-se-laeaeds","status":"publish","type":"post","link":"https:\/\/echta-derminga.de\/?p=15975","title":{"rendered":"Meine Gedanken zur &#8222;nassen Kerb&#8220; 2023 &#8211; Mir werre et iwerl\u00e4we gewess on graad se l\u00e4\u00e4ds !"},"content":{"rendered":"\n<p class=\"has-medium-font-size wp-block-paragraph\"><strong>Die 277. &#8222;Derminga Kerb&#8220; stand unter keinem guten Stern. Obwohl es zur Kirmeser\u00f6ffnung aufhellte und eine Trockenphase einsetzte, waren insbesondere der &#8222;Kerwesonntag&#8220; und auch der traditionsreiche &#8222;Kerwemontag&#8220; total verregnet. Was bleibt am Ende dieser durchwachsenen &#8222;Kerb&#8220;? F\u00fcr die Schausteller und auch die vielen Kinder und Familien endete die hei\u00dfersehnte Kirmes 2023 in einem Fiasko. Viele Kinder mussten entt\u00e4uscht nachhause gehen und die Schausteller hatten praktisch umsonst ihre Fahrgesch\u00e4fte aufgebaut. Viel Arbeit und keinen Lohn ! Dabei stand die Sicherheit der Familien und Kinder immer in erster Linie. Die Fliegerbahn stand v\u00f6llig Unterwasser und die Fahrbahn des Autoscooters wurde durch das Wasser spiegelglatt. Die ganz wenigen Menschen die am Kirmessonntag bei str\u00f6menden Regen den Festplatz besuchten, hatten ein Einsehen und viel Verst\u00e4ndnis. Bleibt zu hoffen, dass unsere Schausteller im n\u00e4chsten Jahr wieder kommen und dann auch erfolgreicher sein werden.   <\/strong><\/p>\n\n\n\n<p class=\"has-medium-font-size wp-block-paragraph\">W\u00e4hrend die &#8222;Kerb&#8220; auf dem Festplatz kaum zur Durchf\u00fchrung kam, wurde in den Gastst\u00e4tten wild gefeiert. Besonders in den Gastst\u00e4tten erlangte die &#8222;Kerb&#8220; in den letzten Jahrzehnten einen besonderen Stellenwert. Schade, dass wir auf diesem Wege unsere Familien und Kinder nicht mitnehmen konnten. W\u00e4hrenddessen erlebten wir in den Gastst\u00e4tten viele sch\u00f6ne Momente und interessante Begegnungen. Harmonie, Heimatliebe, Zusammenhalt und das Bewahren alter Traditionen spiegeln sich jedes Jahr im Oktober in der &#8222;Derminga Kerb&#8220; wider. Diesen Status quo zu erhalten ist auch die Aufgabe der kommenden Generationen. Dabei geh\u00f6rte der Liedvortrag unserer Kita Pusteblume zu den sch\u00f6neren Momenten der Kirmeser\u00f6ffnung. Das diesj\u00e4hrige Wetter hat dem positiven Trend der letzten Jahre durchaus geschadet. Es wird im n\u00e4chsten Jahr schwierig sein unseren Schausteller das Kommen schmackhaft zu machen. Ich bin jedoch ganz zuversichtlich, dass wir auch im Jahre 2024 auch auf dem Festplatz ausgiebig feiern k\u00f6nnen.<\/p>\n\n\n\n<div class=\"wp-block-columns is-layout-flex wp-container-core-columns-is-layout-8f761849 wp-block-columns-is-layout-flex\">\n<div class=\"wp-block-column is-layout-flow wp-block-column-is-layout-flow\">\n<figure class=\"wp-block-image size-large\"><img loading=\"lazy\" decoding=\"async\" width=\"700\" height=\"467\" src=\"https:\/\/echta-derminga.de\/wp-content\/uploads\/2023\/11\/DSC03743-700x467.jpg\" alt=\"\" class=\"wp-image-15984\" srcset=\"https:\/\/echta-derminga.de\/wp-content\/uploads\/2023\/11\/DSC03743-700x467.jpg 700w, https:\/\/echta-derminga.de\/wp-content\/uploads\/2023\/11\/DSC03743-300x200.jpg 300w, https:\/\/echta-derminga.de\/wp-content\/uploads\/2023\/11\/DSC03743-768x512.jpg 768w, https:\/\/echta-derminga.de\/wp-content\/uploads\/2023\/11\/DSC03743.jpg 1000w\" sizes=\"auto, (max-width: 700px) 100vw, 700px\" \/><\/figure>\n<\/div>\n\n\n\n<div class=\"wp-block-column is-layout-flow wp-block-column-is-layout-flow\">\n<figure class=\"wp-block-image size-large\"><img loading=\"lazy\" decoding=\"async\" width=\"700\" height=\"467\" src=\"https:\/\/echta-derminga.de\/wp-content\/uploads\/2023\/11\/DSC03804-700x467.jpg\" alt=\"\" class=\"wp-image-15985\" srcset=\"https:\/\/echta-derminga.de\/wp-content\/uploads\/2023\/11\/DSC03804-700x467.jpg 700w, https:\/\/echta-derminga.de\/wp-content\/uploads\/2023\/11\/DSC03804-300x200.jpg 300w, https:\/\/echta-derminga.de\/wp-content\/uploads\/2023\/11\/DSC03804-768x512.jpg 768w, https:\/\/echta-derminga.de\/wp-content\/uploads\/2023\/11\/DSC03804.jpg 1000w\" sizes=\"auto, (max-width: 700px) 100vw, 700px\" \/><\/figure>\n<\/div>\n<\/div>\n\n\n\n<p class=\"has-medium-font-size wp-block-paragraph\"><strong>Danke an alle die mit dazu beigetragen haben, dass wir auch in diesem Jahr unsere Kirmes zelebrieren durften. Vielen Dank an den L\u00f6schbezirk Dirmingen, den MV Wiesbach, die Kita Pusteblume, den Kulturverein Dirmingen und alle Schausteller, Gewerbetreibenden und Gastst\u00e4tten.<\/strong> <strong>Ein besonderer Dank geht an das diesj\u00e4hrige &#8222;Kerwepaar&#8220; Jessica Eckert alias &#8222;Lisje&#8220; und Simon Kalb alias &#8222;Hennes&#8220;.<\/strong> <strong>Bedanken m\u00f6chten wir uns auch bei den Schirmherren Landrat S\u00f6ren Meng und B\u00fcrgermeister Dr. Andreas Feld in dessen Vertretung der Beigeordnete Christian Ney am bunten Treiben teilnahm.<\/strong> <strong>Vielen lieben Dank an alle G\u00e4ste der diesj\u00e4hrigen &#8222;Kerb&#8220;. Viele lie\u00dfen sich die Laune nicht vermiesen und feierten in gewohnter Manier. <\/strong><\/p>\n\n\n\n<div class=\"wp-block-columns is-layout-flex wp-container-core-columns-is-layout-8f761849 wp-block-columns-is-layout-flex\">\n<div class=\"wp-block-column is-layout-flow wp-block-column-is-layout-flow\">\n<figure class=\"wp-block-image size-large\"><img loading=\"lazy\" decoding=\"async\" width=\"700\" height=\"467\" src=\"https:\/\/echta-derminga.de\/wp-content\/uploads\/2023\/11\/DSC03807-700x467.jpg\" alt=\"\" class=\"wp-image-15986\" srcset=\"https:\/\/echta-derminga.de\/wp-content\/uploads\/2023\/11\/DSC03807-700x467.jpg 700w, https:\/\/echta-derminga.de\/wp-content\/uploads\/2023\/11\/DSC03807-300x200.jpg 300w, https:\/\/echta-derminga.de\/wp-content\/uploads\/2023\/11\/DSC03807-768x512.jpg 768w, https:\/\/echta-derminga.de\/wp-content\/uploads\/2023\/11\/DSC03807.jpg 1000w\" sizes=\"auto, (max-width: 700px) 100vw, 700px\" \/><\/figure>\n<\/div>\n\n\n\n<div class=\"wp-block-column is-layout-flow wp-block-column-is-layout-flow\">\n<figure class=\"wp-block-image size-large\"><img loading=\"lazy\" decoding=\"async\" width=\"700\" height=\"467\" src=\"https:\/\/echta-derminga.de\/wp-content\/uploads\/2023\/11\/DSC03813-700x467.jpg\" alt=\"\" class=\"wp-image-15987\" srcset=\"https:\/\/echta-derminga.de\/wp-content\/uploads\/2023\/11\/DSC03813-700x467.jpg 700w, https:\/\/echta-derminga.de\/wp-content\/uploads\/2023\/11\/DSC03813-300x200.jpg 300w, https:\/\/echta-derminga.de\/wp-content\/uploads\/2023\/11\/DSC03813-768x512.jpg 768w, https:\/\/echta-derminga.de\/wp-content\/uploads\/2023\/11\/DSC03813.jpg 1000w\" sizes=\"auto, (max-width: 700px) 100vw, 700px\" \/><\/figure>\n<\/div>\n<\/div>\n\n\n\n<p class=\"has-medium-font-size wp-block-paragraph\">Am Ende bleiben auch von dieser &#8222;Kerb&#8220; viele sch\u00f6ne Erinnerungen. Nicht zuletzt, weil wir immerhin noch die &#8222;Kerb&#8220; ausgraben durften. Kleine Niederlagen oder R\u00fcckschl\u00e4ge k\u00f6nnen hilf- und lehrreich sein. Wichtig ist nun, dass wir Aufstehen, mit der gleichen Motivation ins neue Jahr starten und uns auf die &#8222;Kerb&#8220; 2024 freuen. Das Wetter kann man nicht \u00e4ndern ! So bleibt trotz der Entt\u00e4uschung, die das miese Wetter mit sich brachte, doch ein gutes Gef\u00fchl. Dirmingen ist auf einem guten Wege und versucht mit der Durchf\u00fchrung der &#8222;Kerb&#8220; den jungen Menschen Heimatkultur und das Bewahren alter Traditionen n\u00e4herzubringen. Um unsere &#8222;Kerb&#8220; auch den folgenden Generationen schmackhaft zu machen, m\u00fcssen wir immer wieder innovativ und hei\u00dfbl\u00fctig zu Werke schreiten. Ich glaube fest daran, dass dies gelingen wird.<\/p>\n\n\n\n<div class=\"wp-block-columns is-layout-flex wp-container-core-columns-is-layout-8f761849 wp-block-columns-is-layout-flex\">\n<div class=\"wp-block-column is-layout-flow wp-block-column-is-layout-flow\">\n<figure class=\"wp-block-image size-large\"><img loading=\"lazy\" decoding=\"async\" width=\"700\" height=\"467\" src=\"https:\/\/echta-derminga.de\/wp-content\/uploads\/2023\/11\/DSC03872-700x467.jpg\" alt=\"\" class=\"wp-image-15988\" srcset=\"https:\/\/echta-derminga.de\/wp-content\/uploads\/2023\/11\/DSC03872-700x467.jpg 700w, https:\/\/echta-derminga.de\/wp-content\/uploads\/2023\/11\/DSC03872-300x200.jpg 300w, https:\/\/echta-derminga.de\/wp-content\/uploads\/2023\/11\/DSC03872-768x512.jpg 768w, https:\/\/echta-derminga.de\/wp-content\/uploads\/2023\/11\/DSC03872.jpg 1000w\" sizes=\"auto, (max-width: 700px) 100vw, 700px\" \/><\/figure>\n<\/div>\n\n\n\n<div class=\"wp-block-column is-layout-flow wp-block-column-is-layout-flow\">\n<figure class=\"wp-block-image size-large\"><img loading=\"lazy\" decoding=\"async\" width=\"700\" height=\"467\" src=\"https:\/\/echta-derminga.de\/wp-content\/uploads\/2023\/11\/DSC03887-700x467.jpg\" alt=\"\" class=\"wp-image-15989\" srcset=\"https:\/\/echta-derminga.de\/wp-content\/uploads\/2023\/11\/DSC03887-700x467.jpg 700w, https:\/\/echta-derminga.de\/wp-content\/uploads\/2023\/11\/DSC03887-300x200.jpg 300w, https:\/\/echta-derminga.de\/wp-content\/uploads\/2023\/11\/DSC03887-768x512.jpg 768w, https:\/\/echta-derminga.de\/wp-content\/uploads\/2023\/11\/DSC03887.jpg 1000w\" sizes=\"auto, (max-width: 700px) 100vw, 700px\" \/><\/figure>\n<\/div>\n<\/div>\n\n\n\n<p class=\"has-medium-font-size wp-block-paragraph\"><strong>Ich freue mich schon heute auf das bunte Kirmstreiben im Jahr 2024. Bestimmt wird es auch dann wieder \u00fcber den ganzen Festplatz schallern: &#8222;Wem es die Kerb?&#8230;.uuus!&#8220; Mag auch der Himmel weinen und es in str\u00f6men regnen, wir werden es \u00fcberleben und weitermachen, gewiss on graad se l\u00e4\u00e4ds ! <\/strong><\/p>\n\n\n\n<div class=\"wp-block-columns is-layout-flex wp-container-core-columns-is-layout-8f761849 wp-block-columns-is-layout-flex\">\n<div class=\"wp-block-column is-layout-flow wp-block-column-is-layout-flow\">\n<figure class=\"wp-block-image size-large\"><img loading=\"lazy\" decoding=\"async\" width=\"700\" height=\"467\" src=\"https:\/\/echta-derminga.de\/wp-content\/uploads\/2023\/11\/DSC03959-700x467.jpg\" alt=\"\" class=\"wp-image-15990\" srcset=\"https:\/\/echta-derminga.de\/wp-content\/uploads\/2023\/11\/DSC03959-700x467.jpg 700w, https:\/\/echta-derminga.de\/wp-content\/uploads\/2023\/11\/DSC03959-300x200.jpg 300w, https:\/\/echta-derminga.de\/wp-content\/uploads\/2023\/11\/DSC03959-768x512.jpg 768w, https:\/\/echta-derminga.de\/wp-content\/uploads\/2023\/11\/DSC03959.jpg 1000w\" sizes=\"auto, (max-width: 700px) 100vw, 700px\" \/><\/figure>\n<\/div>\n\n\n\n<div class=\"wp-block-column is-layout-flow wp-block-column-is-layout-flow\">\n<figure class=\"wp-block-image size-large\"><img loading=\"lazy\" decoding=\"async\" width=\"700\" height=\"467\" src=\"https:\/\/echta-derminga.de\/wp-content\/uploads\/2023\/11\/DSC03964-700x467.jpg\" alt=\"\" class=\"wp-image-15991\" srcset=\"https:\/\/echta-derminga.de\/wp-content\/uploads\/2023\/11\/DSC03964-700x467.jpg 700w, https:\/\/echta-derminga.de\/wp-content\/uploads\/2023\/11\/DSC03964-300x200.jpg 300w, https:\/\/echta-derminga.de\/wp-content\/uploads\/2023\/11\/DSC03964-768x512.jpg 768w, https:\/\/echta-derminga.de\/wp-content\/uploads\/2023\/11\/DSC03964.jpg 1000w\" sizes=\"auto, (max-width: 700px) 100vw, 700px\" \/><\/figure>\n<\/div>\n<\/div>\n\n\n\n<div class=\"wp-block-columns is-layout-flex wp-container-core-columns-is-layout-8f761849 wp-block-columns-is-layout-flex\">\n<div class=\"wp-block-column is-layout-flow wp-block-column-is-layout-flow\">\n<figure class=\"wp-block-image size-large\"><img loading=\"lazy\" decoding=\"async\" width=\"700\" height=\"467\" src=\"https:\/\/echta-derminga.de\/wp-content\/uploads\/2023\/11\/DSC03969-700x467.jpg\" alt=\"\" class=\"wp-image-15992\" srcset=\"https:\/\/echta-derminga.de\/wp-content\/uploads\/2023\/11\/DSC03969-700x467.jpg 700w, https:\/\/echta-derminga.de\/wp-content\/uploads\/2023\/11\/DSC03969-300x200.jpg 300w, https:\/\/echta-derminga.de\/wp-content\/uploads\/2023\/11\/DSC03969-768x512.jpg 768w, https:\/\/echta-derminga.de\/wp-content\/uploads\/2023\/11\/DSC03969.jpg 1000w\" sizes=\"auto, (max-width: 700px) 100vw, 700px\" \/><\/figure>\n<\/div>\n\n\n\n<div class=\"wp-block-column is-layout-flow wp-block-column-is-layout-flow\">\n<figure class=\"wp-block-image size-large\"><img loading=\"lazy\" decoding=\"async\" width=\"700\" height=\"467\" src=\"https:\/\/echta-derminga.de\/wp-content\/uploads\/2023\/11\/DSC04001-700x467.jpg\" alt=\"\" class=\"wp-image-15993\" srcset=\"https:\/\/echta-derminga.de\/wp-content\/uploads\/2023\/11\/DSC04001-700x467.jpg 700w, https:\/\/echta-derminga.de\/wp-content\/uploads\/2023\/11\/DSC04001-300x200.jpg 300w, https:\/\/echta-derminga.de\/wp-content\/uploads\/2023\/11\/DSC04001-768x512.jpg 768w, https:\/\/echta-derminga.de\/wp-content\/uploads\/2023\/11\/DSC04001.jpg 1000w\" sizes=\"auto, (max-width: 700px) 100vw, 700px\" \/><\/figure>\n<\/div>\n<\/div>\n\n\n\n<div class=\"wp-block-columns is-layout-flex wp-container-core-columns-is-layout-8f761849 wp-block-columns-is-layout-flex\">\n<div class=\"wp-block-column is-layout-flow wp-block-column-is-layout-flow\">\n<figure class=\"wp-block-image size-large\"><img loading=\"lazy\" decoding=\"async\" width=\"700\" height=\"467\" src=\"https:\/\/echta-derminga.de\/wp-content\/uploads\/2023\/11\/DSC04050-700x467.jpg\" alt=\"\" class=\"wp-image-15994\" srcset=\"https:\/\/echta-derminga.de\/wp-content\/uploads\/2023\/11\/DSC04050-700x467.jpg 700w, https:\/\/echta-derminga.de\/wp-content\/uploads\/2023\/11\/DSC04050-300x200.jpg 300w, https:\/\/echta-derminga.de\/wp-content\/uploads\/2023\/11\/DSC04050-768x512.jpg 768w, https:\/\/echta-derminga.de\/wp-content\/uploads\/2023\/11\/DSC04050.jpg 1000w\" sizes=\"auto, (max-width: 700px) 100vw, 700px\" \/><\/figure>\n<\/div>\n\n\n\n<div class=\"wp-block-column is-layout-flow wp-block-column-is-layout-flow\">\n<figure class=\"wp-block-image size-large\"><img loading=\"lazy\" decoding=\"async\" width=\"700\" height=\"525\" src=\"https:\/\/echta-derminga.de\/wp-content\/uploads\/2023\/11\/DSC04072-700x525.jpg\" alt=\"\" class=\"wp-image-15995\" srcset=\"https:\/\/echta-derminga.de\/wp-content\/uploads\/2023\/11\/DSC04072-700x525.jpg 700w, https:\/\/echta-derminga.de\/wp-content\/uploads\/2023\/11\/DSC04072-300x225.jpg 300w, https:\/\/echta-derminga.de\/wp-content\/uploads\/2023\/11\/DSC04072-768x576.jpg 768w, https:\/\/echta-derminga.de\/wp-content\/uploads\/2023\/11\/DSC04072.jpg 1000w\" sizes=\"auto, (max-width: 700px) 100vw, 700px\" \/><\/figure>\n<\/div>\n<\/div>\n\n\n\n<div class=\"wp-block-columns is-layout-flex wp-container-core-columns-is-layout-8f761849 wp-block-columns-is-layout-flex\">\n<div class=\"wp-block-column is-layout-flow wp-block-column-is-layout-flow\">\n<figure class=\"wp-block-image size-large\"><img loading=\"lazy\" decoding=\"async\" width=\"700\" height=\"467\" src=\"https:\/\/echta-derminga.de\/wp-content\/uploads\/2023\/11\/DSC04079-700x467.jpg\" alt=\"\" class=\"wp-image-15996\" srcset=\"https:\/\/echta-derminga.de\/wp-content\/uploads\/2023\/11\/DSC04079-700x467.jpg 700w, https:\/\/echta-derminga.de\/wp-content\/uploads\/2023\/11\/DSC04079-300x200.jpg 300w, https:\/\/echta-derminga.de\/wp-content\/uploads\/2023\/11\/DSC04079-768x512.jpg 768w, https:\/\/echta-derminga.de\/wp-content\/uploads\/2023\/11\/DSC04079.jpg 1000w\" sizes=\"auto, (max-width: 700px) 100vw, 700px\" \/><\/figure>\n<\/div>\n\n\n\n<div class=\"wp-block-column is-layout-flow wp-block-column-is-layout-flow\">\n<figure class=\"wp-block-image size-large\"><img loading=\"lazy\" decoding=\"async\" width=\"700\" height=\"467\" src=\"https:\/\/echta-derminga.de\/wp-content\/uploads\/2023\/11\/DSC04081-700x467.jpg\" alt=\"\" class=\"wp-image-15997\" srcset=\"https:\/\/echta-derminga.de\/wp-content\/uploads\/2023\/11\/DSC04081-700x467.jpg 700w, https:\/\/echta-derminga.de\/wp-content\/uploads\/2023\/11\/DSC04081-300x200.jpg 300w, https:\/\/echta-derminga.de\/wp-content\/uploads\/2023\/11\/DSC04081-768x512.jpg 768w, https:\/\/echta-derminga.de\/wp-content\/uploads\/2023\/11\/DSC04081.jpg 1000w\" sizes=\"auto, (max-width: 700px) 100vw, 700px\" \/><\/figure>\n<\/div>\n<\/div>\n\n\n\n<div class=\"wp-block-columns is-layout-flex wp-container-core-columns-is-layout-8f761849 wp-block-columns-is-layout-flex\">\n<div class=\"wp-block-column is-layout-flow wp-block-column-is-layout-flow\">\n<figure class=\"wp-block-image size-large\"><img loading=\"lazy\" decoding=\"async\" width=\"700\" height=\"509\" src=\"https:\/\/echta-derminga.de\/wp-content\/uploads\/2023\/11\/333-1-700x509.jpg\" alt=\"\" class=\"wp-image-16009\" srcset=\"https:\/\/echta-derminga.de\/wp-content\/uploads\/2023\/11\/333-1-700x509.jpg 700w, https:\/\/echta-derminga.de\/wp-content\/uploads\/2023\/11\/333-1-300x218.jpg 300w, https:\/\/echta-derminga.de\/wp-content\/uploads\/2023\/11\/333-1-768x559.jpg 768w, https:\/\/echta-derminga.de\/wp-content\/uploads\/2023\/11\/333-1-1536x1118.jpg 1536w, https:\/\/echta-derminga.de\/wp-content\/uploads\/2023\/11\/333-1.jpg 1693w\" sizes=\"auto, (max-width: 700px) 100vw, 700px\" \/><\/figure>\n<\/div>\n\n\n\n<div class=\"wp-block-column is-layout-flow wp-block-column-is-layout-flow\">\n<figure class=\"wp-block-image size-large\"><img loading=\"lazy\" decoding=\"async\" width=\"700\" height=\"454\" src=\"https:\/\/echta-derminga.de\/wp-content\/uploads\/2023\/11\/20231028_163215-700x454.jpg\" alt=\"\" class=\"wp-image-16010\" srcset=\"https:\/\/echta-derminga.de\/wp-content\/uploads\/2023\/11\/20231028_163215-700x454.jpg 700w, https:\/\/echta-derminga.de\/wp-content\/uploads\/2023\/11\/20231028_163215-300x194.jpg 300w, https:\/\/echta-derminga.de\/wp-content\/uploads\/2023\/11\/20231028_163215-768x498.jpg 768w, https:\/\/echta-derminga.de\/wp-content\/uploads\/2023\/11\/20231028_163215-1536x996.jpg 1536w, https:\/\/echta-derminga.de\/wp-content\/uploads\/2023\/11\/20231028_163215-2048x1328.jpg 2048w\" sizes=\"auto, (max-width: 700px) 100vw, 700px\" \/><\/figure>\n<\/div>\n<\/div>\n\n\n\n<div class=\"wp-block-columns is-layout-flex wp-container-core-columns-is-layout-8f761849 wp-block-columns-is-layout-flex\">\n<div class=\"wp-block-column is-layout-flow wp-block-column-is-layout-flow\">\n<figure class=\"wp-block-image size-large\"><img loading=\"lazy\" decoding=\"async\" width=\"700\" height=\"403\" src=\"https:\/\/echta-derminga.de\/wp-content\/uploads\/2023\/11\/396534183_6745842858843715_3240011167247690320_n-1-700x403.jpg\" alt=\"\" class=\"wp-image-16011\" srcset=\"https:\/\/echta-derminga.de\/wp-content\/uploads\/2023\/11\/396534183_6745842858843715_3240011167247690320_n-1-700x403.jpg 700w, https:\/\/echta-derminga.de\/wp-content\/uploads\/2023\/11\/396534183_6745842858843715_3240011167247690320_n-1-300x173.jpg 300w, https:\/\/echta-derminga.de\/wp-content\/uploads\/2023\/11\/396534183_6745842858843715_3240011167247690320_n-1-768x442.jpg 768w, https:\/\/echta-derminga.de\/wp-content\/uploads\/2023\/11\/396534183_6745842858843715_3240011167247690320_n-1-1536x884.jpg 1536w, https:\/\/echta-derminga.de\/wp-content\/uploads\/2023\/11\/396534183_6745842858843715_3240011167247690320_n-1.jpg 2048w\" sizes=\"auto, (max-width: 700px) 100vw, 700px\" \/><\/figure>\n<\/div>\n\n\n\n<div class=\"wp-block-column is-layout-flow wp-block-column-is-layout-flow\">\n<figure class=\"wp-block-image size-large\"><img loading=\"lazy\" decoding=\"async\" width=\"700\" height=\"323\" src=\"https:\/\/echta-derminga.de\/wp-content\/uploads\/2023\/11\/397315683_6752410674853600_2912356006629003232_n-700x323.jpg\" alt=\"\" class=\"wp-image-16014\" srcset=\"https:\/\/echta-derminga.de\/wp-content\/uploads\/2023\/11\/397315683_6752410674853600_2912356006629003232_n-700x323.jpg 700w, https:\/\/echta-derminga.de\/wp-content\/uploads\/2023\/11\/397315683_6752410674853600_2912356006629003232_n-300x139.jpg 300w, https:\/\/echta-derminga.de\/wp-content\/uploads\/2023\/11\/397315683_6752410674853600_2912356006629003232_n-768x355.jpg 768w, https:\/\/echta-derminga.de\/wp-content\/uploads\/2023\/11\/397315683_6752410674853600_2912356006629003232_n-1536x710.jpg 1536w, https:\/\/echta-derminga.de\/wp-content\/uploads\/2023\/11\/397315683_6752410674853600_2912356006629003232_n.jpg 2048w\" sizes=\"auto, (max-width: 700px) 100vw, 700px\" \/><\/figure>\n<\/div>\n<\/div>\n\n\n\n<div class=\"wp-block-columns is-layout-flex wp-container-core-columns-is-layout-8f761849 wp-block-columns-is-layout-flex\">\n<div class=\"wp-block-column is-layout-flow wp-block-column-is-layout-flow\">\n<figure class=\"wp-block-image size-large\"><img loading=\"lazy\" decoding=\"async\" width=\"700\" height=\"525\" src=\"https:\/\/echta-derminga.de\/wp-content\/uploads\/2023\/11\/FB_IMG_1698562868097-700x525.jpg\" alt=\"\" class=\"wp-image-16015\" srcset=\"https:\/\/echta-derminga.de\/wp-content\/uploads\/2023\/11\/FB_IMG_1698562868097-700x525.jpg 700w, https:\/\/echta-derminga.de\/wp-content\/uploads\/2023\/11\/FB_IMG_1698562868097-300x225.jpg 300w, https:\/\/echta-derminga.de\/wp-content\/uploads\/2023\/11\/FB_IMG_1698562868097-768x576.jpg 768w, https:\/\/echta-derminga.de\/wp-content\/uploads\/2023\/11\/FB_IMG_1698562868097.jpg 1080w\" sizes=\"auto, (max-width: 700px) 100vw, 700px\" \/><\/figure>\n<\/div>\n\n\n\n<div class=\"wp-block-column is-layout-flow wp-block-column-is-layout-flow\">\n<figure class=\"wp-block-image size-large\"><img loading=\"lazy\" decoding=\"async\" width=\"700\" height=\"525\" src=\"https:\/\/echta-derminga.de\/wp-content\/uploads\/2023\/11\/IMG-20231028-WA0010-700x525.jpg\" alt=\"\" class=\"wp-image-16016\" srcset=\"https:\/\/echta-derminga.de\/wp-content\/uploads\/2023\/11\/IMG-20231028-WA0010-700x525.jpg 700w, https:\/\/echta-derminga.de\/wp-content\/uploads\/2023\/11\/IMG-20231028-WA0010-300x225.jpg 300w, https:\/\/echta-derminga.de\/wp-content\/uploads\/2023\/11\/IMG-20231028-WA0010-768x576.jpg 768w, https:\/\/echta-derminga.de\/wp-content\/uploads\/2023\/11\/IMG-20231028-WA0010-1536x1152.jpg 1536w, https:\/\/echta-derminga.de\/wp-content\/uploads\/2023\/11\/IMG-20231028-WA0010.jpg 1824w\" sizes=\"auto, (max-width: 700px) 100vw, 700px\" \/><\/figure>\n<\/div>\n<\/div>\n\n\n<div class=\"wp-block-image\">\n<figure class=\"aligncenter size-large\"><img loading=\"lazy\" decoding=\"async\" width=\"700\" height=\"525\" src=\"https:\/\/echta-derminga.de\/wp-content\/uploads\/2023\/11\/DSC04102-700x525.jpg\" alt=\"\" class=\"wp-image-15998\" srcset=\"https:\/\/echta-derminga.de\/wp-content\/uploads\/2023\/11\/DSC04102-700x525.jpg 700w, https:\/\/echta-derminga.de\/wp-content\/uploads\/2023\/11\/DSC04102-300x225.jpg 300w, https:\/\/echta-derminga.de\/wp-content\/uploads\/2023\/11\/DSC04102-768x576.jpg 768w, https:\/\/echta-derminga.de\/wp-content\/uploads\/2023\/11\/DSC04102.jpg 1000w\" sizes=\"auto, (max-width: 700px) 100vw, 700px\" \/><\/figure>\n<\/div>","protected":false},"excerpt":{"rendered":"<p>Die 277. &#8222;Derminga Kerb&#8220; stand unter keinem guten Stern. Obwohl es zur Kirmeser\u00f6ffnung aufhellte und eine Trockenphase einsetzte, waren insbesondere der &#8222;Kerwesonntag&#8220; und auch der traditionsreiche &#8222;Kerwemontag&#8220; total verregnet. Was bleibt am Ende dieser durchwachsenen &#8222;Kerb&#8220;? F\u00fcr die Schausteller und auch die vielen Kinder und Familien endete die hei\u00dfersehnte Kirmes 2023 in einem Fiasko. Viele Kinder mussten entt\u00e4uscht nachhause gehen<\/p>\n","protected":false},"author":1,"featured_media":15983,"comment_status":"open","ping_status":"closed","sticky":false,"template":"","format":"standard","meta":{"_crdt_document":"","footnotes":""},"categories":[1,9,100],"tags":[1092,5,618,127,634,310],"class_list":["post-15975","post","type-post","status-publish","format-standard","has-post-thumbnail","hentry","category-allgemein","category-dorfgetratsche","category-meine-kulturaner","tag-derminga-kerb-2023","tag-dirmingen","tag-gemeinde-eppelborn","tag-landkreis-neunkirchen","tag-ortsvorsteher","tag-saarland"],"_links":{"self":[{"href":"https:\/\/echta-derminga.de\/index.php?rest_route=\/wp\/v2\/posts\/15975","targetHints":{"allow":["GET"]}}],"collection":[{"href":"https:\/\/echta-derminga.de\/index.php?rest_route=\/wp\/v2\/posts"}],"about":[{"href":"https:\/\/echta-derminga.de\/index.php?rest_route=\/wp\/v2\/types\/post"}],"author":[{"embeddable":true,"href":"https:\/\/echta-derminga.de\/index.php?rest_route=\/wp\/v2\/users\/1"}],"replies":[{"embeddable":true,"href":"https:\/\/echta-derminga.de\/index.php?rest_route=%2Fwp%2Fv2%2Fcomments&post=15975"}],"version-history":[{"count":9,"href":"https:\/\/echta-derminga.de\/index.php?rest_route=\/wp\/v2\/posts\/15975\/revisions"}],"predecessor-version":[{"id":16017,"href":"https:\/\/echta-derminga.de\/index.php?rest_route=\/wp\/v2\/posts\/15975\/revisions\/16017"}],"wp:featuredmedia":[{"embeddable":true,"href":"https:\/\/echta-derminga.de\/index.php?rest_route=\/wp\/v2\/media\/15983"}],"wp:attachment":[{"href":"https:\/\/echta-derminga.de\/index.php?rest_route=%2Fwp%2Fv2%2Fmedia&parent=15975"}],"wp:term":[{"taxonomy":"category","embeddable":true,"href":"https:\/\/echta-derminga.de\/index.php?rest_route=%2Fwp%2Fv2%2Fcategories&post=15975"},{"taxonomy":"post_tag","embeddable":true,"href":"https:\/\/echta-derminga.de\/index.php?rest_route=%2Fwp%2Fv2%2Ftags&post=15975"}],"curies":[{"name":"wp","href":"https:\/\/api.w.org\/{rel}","templated":true}]}}