{"id":16018,"date":"2023-11-05T13:49:25","date_gmt":"2023-11-05T12:49:25","guid":{"rendered":"https:\/\/echta-derminga.de\/?p=16018"},"modified":"2023-11-05T13:57:26","modified_gmt":"2023-11-05T12:57:26","slug":"kommunalwahl-2024-warum-ich-wieder-antrete-und-kandidiere","status":"publish","type":"post","link":"https:\/\/echta-derminga.de\/?p=16018","title":{"rendered":"Kommunalwahl 2024 \u2013 Warum ich wieder antrete und kandidiere!"},"content":{"rendered":"\n<p class=\"has-medium-font-size wp-block-paragraph\"><strong>Am 09. Juni 2024 finden in unserem Bundesland die Kommunal- und Europawahlen statt. Bereits seit Oktober und November des Jahres 2023 besch\u00e4ftigen sich die verschiedenen politischen Landesverb\u00e4nde und somit auch Ortsgliederungen mit den Aufstellungen der einzelnen Listen. W\u00e4hrend die ersten Landesverb\u00e4nde ihre Bereichs- und Gebietslisten mit ihren Kandidaten bereits festgelegt haben, lassen sich andere noch ein wenig Zeit. Fakt ist jedoch, dass sich sp\u00e4testens im Januar 2024 jede Partei mit der Verabschiedung ihrer Listen befasst haben sollte.<\/strong><\/p>\n\n\n\n<p class=\"has-medium-font-size wp-block-paragraph\">Die Dirminger SPD hat bereits im Fr\u00fchherbst ihre Listen f\u00fcr den Orts- und Gemeinderat sowie ihren Spitzenkandidaten f\u00fcr den Kreistag gew\u00e4hlt. Dabei wurde bei den Dirminger Sozialdemokraten bereits zu Jahresanfang ein Neuanfang herbeigef\u00fchrt. Das Gesicht der Dirminger SPD hat sich in den letzten Jahren stark ver\u00e4ndert. Viele gute Leute sind von uns gegangen und neue engagierte Mitglieder haben sich neue Ziele gesetzt. Irgendwie bedeuteten die letzten Monate auch f\u00fcr die Dirminger SPD eine Art Zeitenwende. Der Verlust von vielen verdienten allzu fr\u00fch verstorbenen Mitgliedern schmerzt bis heute und hat tiefe Wunden hinterlassen. Von daher war ein Neuanfang nicht nur w\u00fcnschenswert, sondern auch dringend notwendig.<\/p>\n\n\n\n<p class=\"has-medium-font-size wp-block-paragraph\"><strong>W\u00e4hrend der Delegiertenversammlung der Dirminger SPD wurde ich zum Spitzenkandidaten der Ortsratsliste und somit zum Ortsvorsteherkandidaten gew\u00e4hlt. Auf den Pl\u00e4tzen folgen viele gute altbew\u00e4hrte Kandidaten aber auch viele neue, junge Gesichter.&nbsp;Mit meinem bisherigen Stellvertreter Michael Polotzek, Susanne Pesch, Bjorn Krabbe, Arian Islami, Daniel Klein, Blerta Islami und auch dem SPD-Vorsitzenden und neuen Spitzenkandidaten f\u00fcr den Kreistag Stephan Br\u00fcck hat die Dirminger SPD gute Leute gefunden die bereit sind Herzblut zu investieren und Verantwortung zu \u00fcbernehmen.<\/strong><\/p>\n\n\n\n<p class=\"has-medium-font-size wp-block-paragraph\">Ich habe mich also dazu entschlossen wieder anzutreten und erneut f\u00fcr das Amt als Ortsvorsteher zu kandidieren. Man wird es mir nicht glauben, aber ich habe mir die Entscheidung nicht leicht gemacht und mich gr\u00fcndlich hinterfragt. Seit 2020 darf ich nun als Ortsvorsteher unseres Heimatortes Dirmingen arbeiten. Nach dem Tod meines Freundes und ehemaligen Ortsvorstehers Manfred Klein mussten von jetzt auf gleich wichtige Entscheidungen getroffen und \u00c4mter neu besetzt werden. In diesem Zusammenhang m\u00f6chte ich meinem engsten Freundeskreis und meiner Familie, allen voran meiner Frau und meinen Kindern danken, die mich ermutigt haben, den eingeschlagenen Weg weiterzugehen.<\/p>\n\n\n\n<p class=\"has-medium-font-size wp-block-paragraph\"><strong>Nun sind drei Jahre ins Land gezogen und wir befinden uns in der Vorbereitung zur Kommunalwahl 2024. Ich stelle mich der Verantwortung und werfe meinen Hut in den Ring. Gemeinsam mit vielen Freunden und Weggef\u00e4hrten haben wir in den letzten Jahren so einiges angesto\u00dfen. Wir alle sind in st\u00e4ndiger Bewegung und suchen M\u00f6glichkeiten unseren Heimatort aufzuwerten und sch\u00f6ner zu machen. Dirmingen soll liebens- und lebensw\u00fcrdiger werden! Dabei m\u00f6chte ich es nicht unerw\u00e4hnt lassen, dass wir st\u00e4ndig bem\u00fcht sind auch \u00fcber die Parteigrenzen hinaus, einen Schulterschluss zu finden. Wenn es um unseren Heimatort geht, sollte die Partei eine eher untergeordnete Rolle spielen. Wichtig ist ein faires Miteinander. Genau das findet man aktuell in unserem Ortsrat und auch im Gemeinderat. Wir leben in schwierigen Zeiten und d\u00fcrfen uns nicht in Eitelkeiten und Kleinkriegen verlieren. Mein Dank geht an alle Mandatstr\u00e4ger meiner Partei und auch an den politische Mitbewerber.<\/strong><\/p>\n\n\n\n<p class=\"has-medium-font-size wp-block-paragraph\">Ich m\u00f6chte weiterhin Verantwortung \u00fcbernehmen und Dinge antreiben. Ich bin noch nicht fertig und m\u00f6chte noch einiges vorantreiben. Dabei verliefen die letzten drei Jahre nicht gerade schlecht. Die B\u00fcrgerinnen und B\u00fcrger werden jedoch am Ende dar\u00fcber entscheiden ob es uns gelungen ist, die richtigen Antworten aufzugreifen. Gemeinsam konnten wir den Br\u00fchlpark sanieren, die Kita- Situation verbessern, den Dirminger Friedhof aufwerten, mit dem \u201eDerminga Treff\u201c die Dorfgemeinschaft festigen, mit neuen Angeboten die Ortsmitte aufwerten und unsere Vereinslandschaft st\u00e4rken. Letztendlich geht es aber auch in Zukunft darum, mit immer neuen Ideen und Angeboten unseren Heimatort voranzubringen. Dabei ist es wichtig Partner und Freunde an seiner Seite zu haben. Besonders stolz war ich auf das gemeinsame Miteinander unserer Dorfgemeinschaft w\u00e4hrend der Pandemie. Aus der gegr\u00fcndeten Nachbarschaftshilfe sind echte Freundschaften entstanden. Ehrenamt zu st\u00e4rken hat oberste Priorit\u00e4t. Dabei geht es nicht nur um das Ehrenamt in unseren Vereinen und Organisationen, sondern auch um das private Ehrenamt das mit einer Patenschaft oder einem sozialen Engagement heimgeht. Aus vielen pers\u00f6nlichen Gespr\u00e4chen durfte ich Mut, Kraft und Zuversicht sammeln. Immerhin gibt es noch einiges zu tun: Ich glaube fest daran, dass wir bez\u00fcglich eines Nahversorgers auf einem guten Wege sind. Au\u00dferdem ben\u00f6tigen wir dringend eine Anlaufstelle f\u00fcr Kinder- und Jugendliche. Bez\u00fcglich der Seniorenarbeit m\u00fcssen wir den eingeschlagenen Weg weitergehen. Schlie\u00dflich m\u00fcssen wir unser Gewerbe und die vorhandene Infrastruktur st\u00e4rken. Ein Traum w\u00e4re ein neues Dorfgemeinschaftshaus, die Verbesserung des inner\u00f6rtlichen Stra\u00dfennetzes und nat\u00fcrlich die lange erwartete Ansiedlung eines Nahversorgers. So viele Tr\u00e4ume und Visionen die nur mit viel Energie, Flei\u00df und Unterst\u00fctzung von engagierten Weggef\u00e4hrten umzusetzen sind. Was wir brauchen, ist Mut zur Ver\u00e4nderung. Dabei ist mir bewusst, dass der Ton gegen\u00fcber der Politik rauer geworden ist. Auch Kommunalpolitiker werden in den sozialen Medien hart angegangen und aufs \u00fcbelste beschimpft. Wenn man in Verantwortung steht, muss man das aushalten. Ich m\u00f6chte Sie schon heute darum bitten von ihrem Wahlrecht Gebrauch zu machen. Sollten Sie in der Vergangenheit nicht mit meiner Arbeit einverstanden gewesen sein, m\u00f6chte ich ihnen ans Herz legen zumindest eine ortsverbundene demokratische Partei ihrer Wahl zu unterst\u00fctzen. Bitte lassen Sie auf keinen Fall ihren Frust \u00fcber Politiker auf andere Ebenen an den ehrenamtlichen Kommunalpolitiker auf Dorf -und gemeindeebene aus. Bei allem Verst\u00e4ndnis k\u00f6nnte der Preis f\u00fcr diese Wahl am Ende sehr hoch werden.<\/p>\n\n\n<div class=\"wp-block-image\">\n<figure class=\"aligncenter size-large\"><img loading=\"lazy\" decoding=\"async\" width=\"700\" height=\"739\" src=\"https:\/\/echta-derminga.de\/wp-content\/uploads\/2023\/11\/DSC00843B-700x739.jpg\" alt=\"\" class=\"wp-image-16023\" srcset=\"https:\/\/echta-derminga.de\/wp-content\/uploads\/2023\/11\/DSC00843B-700x739.jpg 700w, https:\/\/echta-derminga.de\/wp-content\/uploads\/2023\/11\/DSC00843B-284x300.jpg 284w, https:\/\/echta-derminga.de\/wp-content\/uploads\/2023\/11\/DSC00843B-768x811.jpg 768w, https:\/\/echta-derminga.de\/wp-content\/uploads\/2023\/11\/DSC00843B-1455x1536.jpg 1455w, https:\/\/echta-derminga.de\/wp-content\/uploads\/2023\/11\/DSC00843B-1940x2048.jpg 1940w, https:\/\/echta-derminga.de\/wp-content\/uploads\/2023\/11\/DSC00843B.jpg 2000w\" sizes=\"auto, (max-width: 700px) 100vw, 700px\" \/><\/figure>\n<\/div>\n\n\n<p class=\"has-medium-font-size wp-block-paragraph\"><strong>Ich m\u00f6chte meine Arbeit als Ortsvorsteher von Dirmingen \u00fcber den 09. Juni 2024 hinaus fortsetzen. Ich werbe um ihr Vertrauen und ihre Unterst\u00fctzung. Dabei ist mir l\u00e4ngst klar, dass ich nicht alle Menschen erreichen kann und mitnehmen werde. Schon bei meiner Wahl zum Spitzenkandidaten der Dirminger SPD ist es mir nicht gelungen, alle Freunde an meine Seite bringen. Dennoch habe ich mich \u00fcber das Ergebnis von 95 % sehr gefreut. Es gibt noch so viel zu tun. Ich w\u00fcrde gerne weitermachen und den Menschen in meinem Heimatort dienen. Dirmingen ist mir eine Herzenssache! Genau darum wird dies auch mein oder unser Motto f\u00fcr den Wahlkampf 2024 werden. Ich freue mich auf einen interessanten und fairen Wahlkampf. Dabei ist es mir wichtig nochmal zu verdeutlichen, dass die Dirminger SPD einen fairen Wahlkampf auf Augenh\u00f6he anstrebt. Wir sehen nicht ein, mit Menschen unseres Heimatdorfes, nur aufgrund eines anderen Parteibuches, zu streiten. Wir respektieren unseren politischen Mitbewerber und reichen freundschaftlich die Hand zum Wohle unseres Heimatortes.<\/strong><\/p>\n\n\n\n<p class=\"has-medium-font-size wp-block-paragraph\">Am Freitag, 17. November 2023 findet im Gasthaus &#8222;Schuhhannesse&#8220; eine Veranstaltung des SPD Ortsvereins Dirmingen statt. Dabei wird es neben &#8222;Eier- und Zwiebelschmeer&#8220; und guter Live- Musik von Mac Gabler auch die M\u00f6glichkeit geben die Kandidaten der Dirminger SPD n\u00e4her kennenzulernen und sich mit ihnen auszutauschen. Ziel ist es, im gemeinsamen Gespr\u00e4ch und lockerer Runde, Themen anzusprechen und dar\u00fcber auch einmal zu diskutieren. Genau das macht doch Dorfpolitik aus: Gemeinsam \u00fcber unser Dorf nachzudenken und \u00fcber die Themen die uns alle besch\u00e4ftigen zu reden. Ich m\u00f6chte Sie gerne einladen sich einzubringen und uns ihre Meinung mitzuteilen. Aus organisatorischen Gr\u00fcnden w\u00e4re es sch\u00f6n wenn Sie sich im Gasthaus &#8222;Schuhhannesse&#8220; unter 06827\/429 anmelden w\u00fcrden. Ich freue mich auf jede Besucherin und jeden Besucher unserer Veranstaltung: &#8222;Eierschmeer, Mussik on Dorfpolitik&#8220;<\/p>\n\n\n\n<p class=\"has-medium-font-size wp-block-paragraph\"><strong>Ich bin bereit anzupacken, zu gestalten und meinem Dorf auch zuk\u00fcnftig zu dienen. Ich bitte Sie um ihr Vertrauen. Am Ende geht es auch um die Zukunft unseres Heimatortes. F\u00fcr mich wird meine \u201eechte Derminga-Liebe\u201c zu reiner Herzenssache!<\/strong><\/p>\n\n\n<div class=\"wp-block-image\">\n<figure class=\"aligncenter size-full\"><img loading=\"lazy\" decoding=\"async\" width=\"551\" height=\"782\" src=\"https:\/\/echta-derminga.de\/wp-content\/uploads\/2023\/11\/Dorfpolitik-im-Schuhhannesse.png\" alt=\"\" class=\"wp-image-16025\" srcset=\"https:\/\/echta-derminga.de\/wp-content\/uploads\/2023\/11\/Dorfpolitik-im-Schuhhannesse.png 551w, https:\/\/echta-derminga.de\/wp-content\/uploads\/2023\/11\/Dorfpolitik-im-Schuhhannesse-211x300.png 211w\" sizes=\"auto, (max-width: 551px) 100vw, 551px\" \/><\/figure>\n<\/div>","protected":false},"excerpt":{"rendered":"<p>Am 09. Juni 2024 finden in unserem Bundesland die Kommunal- und Europawahlen statt. Bereits seit Oktober und November des Jahres 2023 besch\u00e4ftigen sich die verschiedenen politischen Landesverb\u00e4nde und somit auch Ortsgliederungen mit den Aufstellungen der einzelnen Listen. W\u00e4hrend die ersten Landesverb\u00e4nde ihre Bereichs- und Gebietslisten mit ihren Kandidaten bereits festgelegt haben, lassen sich andere noch ein wenig Zeit. Fakt ist<\/p>\n","protected":false},"author":1,"featured_media":16023,"comment_status":"open","ping_status":"closed","sticky":false,"template":"","format":"standard","meta":{"_crdt_document":"","footnotes":""},"categories":[1,9,902,46],"tags":[1093,5,618,1061,127,634,795,310],"class_list":["post-16018","post","type-post","status-publish","format-standard","has-post-thumbnail","hentry","category-allgemein","category-dorfgetratsche","category-meine-meinung","category-meine-politik","tag-derminga-herzenssache","tag-dirmingen","tag-gemeinde-eppelborn","tag-kommunalwahl-2024","tag-landkreis-neunkirchen","tag-ortsvorsteher","tag-ortsvorsteher-dirmingen","tag-saarland"],"_links":{"self":[{"href":"https:\/\/echta-derminga.de\/index.php?rest_route=\/wp\/v2\/posts\/16018","targetHints":{"allow":["GET"]}}],"collection":[{"href":"https:\/\/echta-derminga.de\/index.php?rest_route=\/wp\/v2\/posts"}],"about":[{"href":"https:\/\/echta-derminga.de\/index.php?rest_route=\/wp\/v2\/types\/post"}],"author":[{"embeddable":true,"href":"https:\/\/echta-derminga.de\/index.php?rest_route=\/wp\/v2\/users\/1"}],"replies":[{"embeddable":true,"href":"https:\/\/echta-derminga.de\/index.php?rest_route=%2Fwp%2Fv2%2Fcomments&post=16018"}],"version-history":[{"count":7,"href":"https:\/\/echta-derminga.de\/index.php?rest_route=\/wp\/v2\/posts\/16018\/revisions"}],"predecessor-version":[{"id":16027,"href":"https:\/\/echta-derminga.de\/index.php?rest_route=\/wp\/v2\/posts\/16018\/revisions\/16027"}],"wp:featuredmedia":[{"embeddable":true,"href":"https:\/\/echta-derminga.de\/index.php?rest_route=\/wp\/v2\/media\/16023"}],"wp:attachment":[{"href":"https:\/\/echta-derminga.de\/index.php?rest_route=%2Fwp%2Fv2%2Fmedia&parent=16018"}],"wp:term":[{"taxonomy":"category","embeddable":true,"href":"https:\/\/echta-derminga.de\/index.php?rest_route=%2Fwp%2Fv2%2Fcategories&post=16018"},{"taxonomy":"post_tag","embeddable":true,"href":"https:\/\/echta-derminga.de\/index.php?rest_route=%2Fwp%2Fv2%2Ftags&post=16018"}],"curies":[{"name":"wp","href":"https:\/\/api.w.org\/{rel}","templated":true}]}}