{"id":16029,"date":"2023-11-10T17:41:29","date_gmt":"2023-11-10T16:41:29","guid":{"rendered":"https:\/\/echta-derminga.de\/?p=16029"},"modified":"2023-11-10T18:05:24","modified_gmt":"2023-11-10T17:05:24","slug":"16029","status":"publish","type":"post","link":"https:\/\/echta-derminga.de\/?p=16029","title":{"rendered":"Nie wieder, ist jetzt &#8211; K\u00f6nnen wir mit Denkm\u00e4lern unsere Erinnerungskultur st\u00e4rken ?"},"content":{"rendered":"\n<blockquote class=\"wp-block-quote is-layout-flow wp-block-quote-is-layout-flow\">\n<p class=\"has-medium-font-size wp-block-paragraph\"><strong>Denkm\u00e4ler erf\u00fcllen keine Hoffnungen mehr, sie taugen viel besser als Mahnmale entt\u00e4uschter Erwartungen. )<\/strong><\/p>\n<cite><strong>Martin Gerhard Reisenberg (*1949), Diplom-Bibliothekar und Autor<\/strong><\/cite><\/blockquote>\n\n\n\n<p class=\"has-medium-font-size wp-block-paragraph\"><strong>\u201eFrank\u201c, schallte es durch das Haus, \u201cbist du fertig?\u201c Dabei stand ich l\u00e4ngst schon seit Minuten in der T\u00fcr und wartete auf meinen Vater. Aus dem Bad h\u00f6rte ich laufendes Wasser und leises fluchen. Wir waren mal wieder viel zu sp\u00e4t dran und mussten uns beeilen. Als mein Vater aus dem Bad gest\u00fcrmt kam, griff er mich am \u00c4rmel und stupste mich liebevoll vor sich her aus der Haust\u00fcr hinaus. \u201eEs ist Zeit\u201c herrschte mich mein alter Herr an und rannte an mir vorbei zu unserem alten R4.<\/strong><\/p>\n\n\n\n<p class=\"has-medium-font-size wp-block-paragraph\"><strong>Volkstrauertag! Ein Pflichttermin im Hause Klein. W\u00e4hrend mein Bruder immerzu zuhause bleiben durfte, musste ich meinen Vater zum alten Denkmal auf dem Hundsberg begleiten. &#8222;Du bist der \u00c4lteste&#8220; erkl\u00e4rte mir mein Vater seine Vorgehensweise. F\u00fcr meinen Vater war der Volkstrauertag immer ein wichtiger Termin. Sein Vater, mein Opa Artur, verlor im Jahre 1944 an der Ostfront sein Leben im Kampf f\u00fcr Ehre und Vaterland. Mein Vater sagte mal zu mir:\u201c Ich mag keine Fahnen\u201c. Ich werde diesen Satz nie vergessen und kann mich gut in sein Denken hineinversetzen. Dieser verdammte Weltkrieg hatte dem kleinen Knirps den Vater geraubt und meiner Oma ihren Mann. Schon mein Ur-Gro\u00dfvater fiel im ersten Weltkrieg in Russland. Diese beiden Weltkriege haben meiner Familie vieles genommen. Auch meine Gro\u00dftante fiel w\u00e4hrend eines Bombenangriffs auf Dirmingen.<\/strong><\/p>\n\n\n\n<div class=\"wp-block-columns is-layout-flex wp-container-core-columns-is-layout-8f761849 wp-block-columns-is-layout-flex\">\n<div class=\"wp-block-column is-layout-flow wp-block-column-is-layout-flow\">\n<figure class=\"wp-block-image size-large\"><img loading=\"lazy\" decoding=\"async\" width=\"700\" height=\"482\" src=\"https:\/\/echta-derminga.de\/wp-content\/uploads\/2023\/11\/dirmingen786-700x482.jpg\" alt=\"\" class=\"wp-image-16034\" srcset=\"https:\/\/echta-derminga.de\/wp-content\/uploads\/2023\/11\/dirmingen786-700x482.jpg 700w, https:\/\/echta-derminga.de\/wp-content\/uploads\/2023\/11\/dirmingen786-300x207.jpg 300w, https:\/\/echta-derminga.de\/wp-content\/uploads\/2023\/11\/dirmingen786-768x529.jpg 768w, https:\/\/echta-derminga.de\/wp-content\/uploads\/2023\/11\/dirmingen786-1536x1059.jpg 1536w, https:\/\/echta-derminga.de\/wp-content\/uploads\/2023\/11\/dirmingen786-2048x1412.jpg 2048w\" sizes=\"auto, (max-width: 700px) 100vw, 700px\" \/><figcaption class=\"wp-element-caption\">Denkmal ohne Ehrentafeln<\/figcaption><\/figure>\n<\/div>\n\n\n\n<div class=\"wp-block-column is-layout-flow wp-block-column-is-layout-flow\">\n<figure class=\"wp-block-image size-large\"><img loading=\"lazy\" decoding=\"async\" width=\"700\" height=\"489\" src=\"https:\/\/echta-derminga.de\/wp-content\/uploads\/2023\/11\/dirmingen791-700x489.jpg\" alt=\"\" class=\"wp-image-16035\" srcset=\"https:\/\/echta-derminga.de\/wp-content\/uploads\/2023\/11\/dirmingen791-700x489.jpg 700w, https:\/\/echta-derminga.de\/wp-content\/uploads\/2023\/11\/dirmingen791-300x210.jpg 300w, https:\/\/echta-derminga.de\/wp-content\/uploads\/2023\/11\/dirmingen791-768x536.jpg 768w, https:\/\/echta-derminga.de\/wp-content\/uploads\/2023\/11\/dirmingen791-1536x1073.jpg 1536w, https:\/\/echta-derminga.de\/wp-content\/uploads\/2023\/11\/dirmingen791-2048x1431.jpg 2048w\" sizes=\"auto, (max-width: 700px) 100vw, 700px\" \/><figcaption class=\"wp-element-caption\">Denkmal mit Ehrentafeln im Jahre 1965<\/figcaption><\/figure>\n<\/div>\n<\/div>\n\n\n\n<p class=\"has-medium-font-size wp-block-paragraph\">Mein Vater hatte also allen Grund dazu den Opfern der beiden Weltkriege zu gedenken. Nein, mein Vater war alles andere als patriotisch. Irgendwie bot der Volkstrauertag jedoch immer wieder die M\u00f6glichkeit ganz offiziell den Familienangeh\u00f6rigen mit Stolz zu gedenken. Ansonsten wurde das Thema totgeschwiegen. \u00dcber den Krieg redete man nicht! Das war alles l\u00e4ngst vorbei und musste nicht wieder aufgerollt werden. Wenn ich meine Oma nach dem Krieg fragte, wurde ich meistens abgespeist und des Feldes verwiesen. Nein, nach dem Krieg fragte man nicht. Nur am Volkstrauertag durfte man offen seine Gef\u00fchle und seinem Stolz freien Lauf lassen.<\/p>\n\n\n\n<p class=\"has-medium-font-size wp-block-paragraph\"><strong>Wir sprinteten aus dem gelben R4 in Richtung Eingang zum Denkmal. Vorbei an dem gro\u00dfen silbernen Schild mit Aufschrift \u201eZum Denkmal\u201c an den gro\u00dfen B\u00e4umen vorbei, die sich wie W\u00e4chter links und rechts des Weges aufb\u00e4umten. Mein Vater hatte es eilig und zerrte mich an meiner Hand in Richtung des gro\u00dfen Denkmals. Schon von unten konnte ich das m\u00e4chtige Mahnmal erblicken. Ich h\u00f6rte Blasmusik und viele Leute durcheinanderreden. Als wir endlich die paar Stufen zum Plateau des Denkmals erklommen hatten h\u00f6rte auch schon die Musik auf zu spielen. Geschafft, ich merkte, dass mein Vater ruhiger wurde. Sein H\u00e4ndedruck wurde zarter und er blickte mich von oben zufrieden an und nickte mir zu. \u201eSchick dich\u201c fl\u00fcsterte er leise und nahm sofort wieder Haltung an. Der B\u00fcrgermeister und der Ortsvorsteher traten an das Rednerpult und begannen zu reden. Ich verstand nichts! Ich wusste nur, dass dieser Termin f\u00fcr meinen Vater sehr wichtig war. Ich stand einfach so da und musterte die vielen Menschen die anl\u00e4sslich dieses \u201estillen Feiertages\u201c zum Denkmal auf den Hundsberg gekommen waren. Ich war eines der wenigen Kinder die vor Ort waren. Als zum Schluss die Nationalhymne ert\u00f6nte, blickte ich in viele ergriffene Gesichter. \u00dcber viele Jahre hinweg hatte ich ein gespaltenes Verh\u00e4ltnis zum Volkstrauertag. Ich wusste, dass dieser Tag meinem Vater vieles bedeutete. Auf der anderen Seite hatte ich schon sehr fr\u00fch gemerkt, wie sehr ich jede Form von Krieg und Gewalt verabscheute. Ich konnte es schon damals kaum verstehen, warum Menschen in den Krieg zogen. Dieses Gef\u00fchl hat sich bis heute nicht ge\u00e4ndert.<\/strong><\/p>\n\n\n\n<div class=\"wp-block-columns is-layout-flex wp-container-core-columns-is-layout-8f761849 wp-block-columns-is-layout-flex\">\n<div class=\"wp-block-column is-layout-flow wp-block-column-is-layout-flow\">\n<figure class=\"wp-block-image size-large\"><img loading=\"lazy\" decoding=\"async\" width=\"700\" height=\"525\" src=\"https:\/\/echta-derminga.de\/wp-content\/uploads\/2023\/11\/Volkstrauer2005_K1024_PICT0005-700x525.jpg\" alt=\"\" class=\"wp-image-16032\" srcset=\"https:\/\/echta-derminga.de\/wp-content\/uploads\/2023\/11\/Volkstrauer2005_K1024_PICT0005-700x525.jpg 700w, https:\/\/echta-derminga.de\/wp-content\/uploads\/2023\/11\/Volkstrauer2005_K1024_PICT0005-300x225.jpg 300w, https:\/\/echta-derminga.de\/wp-content\/uploads\/2023\/11\/Volkstrauer2005_K1024_PICT0005-768x576.jpg 768w, https:\/\/echta-derminga.de\/wp-content\/uploads\/2023\/11\/Volkstrauer2005_K1024_PICT0005.jpg 1024w\" sizes=\"auto, (max-width: 700px) 100vw, 700px\" \/><\/figure>\n<\/div>\n\n\n\n<div class=\"wp-block-column is-layout-flow wp-block-column-is-layout-flow\">\n<figure class=\"wp-block-image size-large\"><img loading=\"lazy\" decoding=\"async\" width=\"644\" height=\"483\" src=\"https:\/\/echta-derminga.de\/wp-content\/uploads\/2018\/11\/Volkstrauer2005_K1024_PICT0008-644x483.jpg\" alt=\"\" class=\"wp-image-2704\" srcset=\"https:\/\/echta-derminga.de\/wp-content\/uploads\/2018\/11\/Volkstrauer2005_K1024_PICT0008-644x483.jpg 644w, https:\/\/echta-derminga.de\/wp-content\/uploads\/2018\/11\/Volkstrauer2005_K1024_PICT0008-300x225.jpg 300w, https:\/\/echta-derminga.de\/wp-content\/uploads\/2018\/11\/Volkstrauer2005_K1024_PICT0008-768x576.jpg 768w, https:\/\/echta-derminga.de\/wp-content\/uploads\/2018\/11\/Volkstrauer2005_K1024_PICT0008.jpg 1024w\" sizes=\"auto, (max-width: 644px) 100vw, 644px\" \/><\/figure>\n<\/div>\n<\/div>\n\n\n\n<p class=\"has-medium-font-size wp-block-paragraph\">Zeitensprung ! Als ich letztens in Richtung \u201eSteinrutsch\u201c spazierte, pilgerte ich zum alten Denkmal und nahm dabei ganz bewusst den alten schon zu gewildertem Weg hinauf zur Ged\u00e4chtnisst\u00e4tte. Mit jedem Schritt mehr wurde ich nachdenklicher und eine gewisse Traurigkeit erwachte. Bei aller Freude \u00fcber das neue 2016 eingeweihte Mahnmal auf dem Friedhof wuchs in mir die Erkenntnis, dass wir ein historisches Werk unserer V\u00e4ter dem langsamen Verfall hingeben haben. Von dem alten stolzen Alleeweg aus kann man kaum noch das alte Denkmal sehen. Wenn man dann am Ende des Weges das alte Denkmal erreicht, muss man den Anblick erst einmal ertragen und verarbeiten. Die komplette Anlage ist verwildert und das Denkmal, mit seinen Str\u00e4uchern, in einem erb\u00e4rmlichen Zustand. Haben wir das so gewollt?\u00a0 Konnten wir nicht vorhersehen, dass mit dem Bau eines neuen Denkmals noch weniger Wert auf das alte Mahnmal gelegt wird? Ich pers\u00f6nlich empfand diesen Anblick des alten \u201eHundsberger Denkmals\u201c besch\u00e4mend und entw\u00fcrdigend.<\/p>\n\n\n\n<p class=\"has-medium-font-size wp-block-paragraph\"><strong>Dabei war die Intention ein neues Mahnmal auf dem Friedhof zu erschaffen eine verst\u00e4ndliche Entscheidung. Die meisten Dirminger sehnten sich nach der schrecklichen Sch\u00e4ndung des alten Mahnmals auf dem Hundsberg, im Februar 2014, nach einer L\u00f6sung. Nein, wie es war konnte es nicht bleiben und wie es jetzt ist, sollte es auch nicht sein. Irgendwie hatte das alte Denkmal im Laufe der Zeit seinen Zauber verloren. Die Menschen nahmen das Mahnmal als Solches kaum noch wahr und auch die Gemeinde war nicht im Stande die idyllische Anlage, am Waldrand, zu pflegen. Die ersten Bem\u00fchungen, dass alte Denkmal zu erhalten und aufzuwerten, mussten recht fr\u00fchzeitig begraben werden.<\/strong><\/p>\n\n\n\n<div class=\"wp-block-columns is-layout-flex wp-container-core-columns-is-layout-8f761849 wp-block-columns-is-layout-flex\">\n<div class=\"wp-block-column is-layout-flow wp-block-column-is-layout-flow\">\n<figure class=\"wp-block-image size-full\"><img loading=\"lazy\" decoding=\"async\" width=\"640\" height=\"480\" src=\"https:\/\/echta-derminga.de\/wp-content\/uploads\/2018\/07\/11.jpg\" alt=\"\" class=\"wp-image-1628\" srcset=\"https:\/\/echta-derminga.de\/wp-content\/uploads\/2018\/07\/11.jpg 640w, https:\/\/echta-derminga.de\/wp-content\/uploads\/2018\/07\/11-300x225.jpg 300w\" sizes=\"auto, (max-width: 640px) 100vw, 640px\" \/><\/figure>\n<\/div>\n\n\n\n<div class=\"wp-block-column is-layout-flow wp-block-column-is-layout-flow\">\n<figure class=\"wp-block-image size-large\"><img loading=\"lazy\" decoding=\"async\" width=\"644\" height=\"483\" src=\"https:\/\/echta-derminga.de\/wp-content\/uploads\/2018\/07\/111-1-644x483.jpg\" alt=\"\" class=\"wp-image-1629\" srcset=\"https:\/\/echta-derminga.de\/wp-content\/uploads\/2018\/07\/111-1-644x483.jpg 644w, https:\/\/echta-derminga.de\/wp-content\/uploads\/2018\/07\/111-1-300x225.jpg 300w, https:\/\/echta-derminga.de\/wp-content\/uploads\/2018\/07\/111-1-768x576.jpg 768w, https:\/\/echta-derminga.de\/wp-content\/uploads\/2018\/07\/111-1.jpg 800w\" sizes=\"auto, (max-width: 644px) 100vw, 644px\" \/><\/figure>\n<\/div>\n<\/div>\n\n\n\n<p class=\"has-medium-font-size wp-block-paragraph\">Als wir uns im Jahre 2016 auf den Weg machten ein neues Mahnmal zu schaffen, stellten sich einige Dirminger die Frage, ob man \u00fcberhaupt noch ein Denkmal zu Ehren der zahlreichen Kriegsopfer ben\u00f6tigt. Ich pers\u00f6nlich denke schon und vertrete bis heute die Meinung, dass wir unser Denkmal vielmehr als Mahnmal gegen das Vergessen verstehen sollten. Kein heroisches Denkmal mit Vaterlandstolz verziert, sondern ein Gedenkmal f\u00fcr die vielen Opfer von Krieg, Terror und Gewalt.<\/p>\n\n\n\n<p class=\"has-medium-font-size wp-block-paragraph\"><strong>Am Volkstrauertag 2016 wurde das neue Mahnmal auf dem Friedhof feierlich eingeweiht. Eigentlich war somit alles gut und genau so, wie wir es uns gew\u00fcnscht hatten. Nein, es war eigentlich nicht der Plan, dass alte Denkmal dem Verfall zu \u00fcberlassen. Tats\u00e4chlich sind wir nun an einem Punkt angelangt, an dem wir eine Idee brauchen. Der Ortsrat hat sich schon einige Male mit diesem Thema besch\u00e4ftigt. Wie aber k\u00f6nnen wir tats\u00e4chlich verhindern, dass dieses historische Bauwerk, aus dem Jahre 1955, v\u00f6llig verf\u00e4llt und als Ruine im Wald dahinbr\u00f6ckelt? Guter Rat ist teuer. Die Gemeindeverwaltung hatte es schon damals nicht geschafft sich regelm\u00e4\u00dfig um die Anlage zu k\u00fcmmern. Der Versuch einen \u201ePflege-Paten\u201c zu finden, musste ebenfalls aufgegeben werden. Ich bin nach wie vor der Meinung, dass es richtig und gut war ein neues Denkmal gegen das Vergessen auf dem Friedhof zu errichten. Dennoch macht mich der Zustand des alten Mahnmals auf dem Hundsberg traurig.<\/strong><\/p>\n\n\n\n<div class=\"wp-block-columns is-layout-flex wp-container-core-columns-is-layout-8f761849 wp-block-columns-is-layout-flex\">\n<div class=\"wp-block-column is-layout-flow wp-block-column-is-layout-flow\">\n<figure class=\"wp-block-image size-full\"><img loading=\"lazy\" decoding=\"async\" width=\"600\" height=\"450\" src=\"https:\/\/echta-derminga.de\/wp-content\/uploads\/2018\/07\/66.jpg\" alt=\"\" class=\"wp-image-1630\" srcset=\"https:\/\/echta-derminga.de\/wp-content\/uploads\/2018\/07\/66.jpg 600w, https:\/\/echta-derminga.de\/wp-content\/uploads\/2018\/07\/66-300x225.jpg 300w\" sizes=\"auto, (max-width: 600px) 100vw, 600px\" \/><\/figure>\n<\/div>\n\n\n\n<div class=\"wp-block-column is-layout-flow wp-block-column-is-layout-flow\">\n<figure class=\"wp-block-image size-full\"><img loading=\"lazy\" decoding=\"async\" width=\"600\" height=\"450\" src=\"https:\/\/echta-derminga.de\/wp-content\/uploads\/2018\/07\/6.jpg\" alt=\"\" class=\"wp-image-1631\" srcset=\"https:\/\/echta-derminga.de\/wp-content\/uploads\/2018\/07\/6.jpg 600w, https:\/\/echta-derminga.de\/wp-content\/uploads\/2018\/07\/6-300x225.jpg 300w\" sizes=\"auto, (max-width: 600px) 100vw, 600px\" \/><\/figure>\n<\/div>\n\n\n\n<div class=\"wp-block-column is-layout-flow wp-block-column-is-layout-flow\">\n<figure class=\"wp-block-image size-large\"><img loading=\"lazy\" decoding=\"async\" width=\"644\" height=\"483\" src=\"https:\/\/echta-derminga.de\/wp-content\/uploads\/2018\/07\/1-644x483.jpg\" alt=\"\" class=\"wp-image-1623\" srcset=\"https:\/\/echta-derminga.de\/wp-content\/uploads\/2018\/07\/1-644x483.jpg 644w, https:\/\/echta-derminga.de\/wp-content\/uploads\/2018\/07\/1-300x225.jpg 300w, https:\/\/echta-derminga.de\/wp-content\/uploads\/2018\/07\/1-768x576.jpg 768w, https:\/\/echta-derminga.de\/wp-content\/uploads\/2018\/07\/1.jpg 800w\" sizes=\"auto, (max-width: 644px) 100vw, 644px\" \/><\/figure>\n<\/div>\n<\/div>\n\n\n\n<p class=\"has-medium-font-size wp-block-paragraph\">Beide Weltkriege haben in Dirmingen tiefe Spuren hinterlassen. Bereits am 28.August 1928 wurde das erste Denkmal, an gleicher Stelle wie das heutige vom Zerfall bedrohte Mahnmal, auf dem Hundsberg eingeweiht. Dieses Denkmal stand auch w\u00e4hrend des zweiten Weltkrieges und verfiel im Laufe der Jahre ebenfalls in einen erb\u00e4rmlichen Zustand. In den fr\u00fchen 1950-ger Jahre wurde auch dieses eher heroisch wirkende Denkmal bauf\u00e4llig und musste von der Verwaltung zur\u00fcck gebaut werden. Mit gro\u00dfem ehrenamtlichem Engagement wurde ein neues Denkmal an gleicher Stelle in Auftrag gegeben und erbaut.<\/p>\n\n\n\n<p class=\"has-medium-font-size wp-block-paragraph\"><strong>Am 06.November 1955 fand die Einweihung dieses heutigen heruntergekommenen Denkmals auf dem Hundsberg statt. Im Fr\u00fchjahr des Jahres 1965 wurden Namenstafeln angefertigt und an einer Mauer hinter dem Denkmal angebracht. Ich erinnere mich: Nach jeder Volkstrauertags Zeremonie standen zahlreiche Menschen vor den Ehrentafeln und suchten die Namen ihrer Familienangeh\u00f6rigen. Heute befindet sich eine neue Ehrentafel in der Einsegnungshalle auf dem Friedhof. Auch diese Tatsache sorgte bereits f\u00fcr gen\u00fcgend Gespr\u00e4chsstoff. Nach den Namen seiner Angeh\u00f6rigen kann man dort leider nur suchen, wenn die Einsegnungshalle ge\u00f6ffnet ist.<\/strong><\/p>\n\n\n\n<div class=\"wp-block-columns is-layout-flex wp-container-core-columns-is-layout-8f761849 wp-block-columns-is-layout-flex\">\n<div class=\"wp-block-column is-layout-flow wp-block-column-is-layout-flow\">\n<figure class=\"wp-block-image size-large\"><img loading=\"lazy\" decoding=\"async\" width=\"644\" height=\"859\" src=\"https:\/\/echta-derminga.de\/wp-content\/uploads\/2018\/07\/2-644x859.jpg\" alt=\"\" class=\"wp-image-1625\" srcset=\"https:\/\/echta-derminga.de\/wp-content\/uploads\/2018\/07\/2-644x859.jpg 644w, https:\/\/echta-derminga.de\/wp-content\/uploads\/2018\/07\/2-225x300.jpg 225w, https:\/\/echta-derminga.de\/wp-content\/uploads\/2018\/07\/2.jpg 720w\" sizes=\"auto, (max-width: 644px) 100vw, 644px\" \/><\/figure>\n<\/div>\n\n\n\n<div class=\"wp-block-column is-layout-flow wp-block-column-is-layout-flow\">\n<figure class=\"wp-block-image size-large\"><img loading=\"lazy\" decoding=\"async\" width=\"644\" height=\"1020\" src=\"https:\/\/echta-derminga.de\/wp-content\/uploads\/2018\/07\/00-644x1020.jpeg\" alt=\"\" class=\"wp-image-1626\" srcset=\"https:\/\/echta-derminga.de\/wp-content\/uploads\/2018\/07\/00-644x1020.jpeg 644w, https:\/\/echta-derminga.de\/wp-content\/uploads\/2018\/07\/00-189x300.jpeg 189w, https:\/\/echta-derminga.de\/wp-content\/uploads\/2018\/07\/00.jpeg 657w\" sizes=\"auto, (max-width: 644px) 100vw, 644px\" \/><\/figure>\n<\/div>\n\n\n\n<div class=\"wp-block-column is-layout-flow wp-block-column-is-layout-flow\">\n<figure class=\"wp-block-image size-full\"><img loading=\"lazy\" decoding=\"async\" width=\"576\" height=\"1024\" src=\"https:\/\/echta-derminga.de\/wp-content\/uploads\/2018\/07\/neu.jpg\" alt=\"\" class=\"wp-image-1636\" srcset=\"https:\/\/echta-derminga.de\/wp-content\/uploads\/2018\/07\/neu.jpg 576w, https:\/\/echta-derminga.de\/wp-content\/uploads\/2018\/07\/neu-169x300.jpg 169w\" sizes=\"auto, (max-width: 576px) 100vw, 576px\" \/><\/figure>\n<\/div>\n<\/div>\n\n\n\n<p class=\"has-medium-font-size wp-block-paragraph\">Ich frage mich, ob es noch irgendeine Chance gibt, dass alte Denkmal in irgendeiner Form zu erhalten. M\u00fcssen wir wirklich zusehen, wie dieses Bauwerk verwuchert und v\u00f6llig verf\u00e4llt? Die Gemeindeverwaltung verfolgt Pl\u00e4ne, dieses alte Bauwerk irgendwann zur\u00fcck zubauen.  Bleibt die Frage, ob wir tats\u00e4chlich in der heutigen Zeit noch ein Denk- oder Mahnmal ben\u00f6tigen? Das Gedenken an Helden und verdienstvolle Mitb\u00fcrger f\u00e4llt leicht. Mit dem Gedenken f\u00fcr Opfer \u2013 und auch daran, dass es unter unseren Soldaten auch T\u00e4ter gab \u2013 ist es weitaus schwieriger umzugehen. Ist so ein Gedenkort heute noch notwendig? Wie gesagt, nur wenn wir aus dem Wort Denkmal ein Mahnmal machen, wird ein Schuh daraus! \u00a0Wir leben in unruhigen Zeiten und aus meiner Sicht sind Denkm\u00e4ler und die damit verbundene Erinnerungskultur, gerade heute, gerade jetzt wichtiger denn je. Mensch, vergiss nicht was deinen V\u00e4tern geschah !<\/p>\n\n\n\n<p class=\"has-medium-font-size wp-block-paragraph\"><strong>Jede oder Jeder von uns hat im Laufe der beiden Weltkriege Familienmitglieder, Freunde oder Bekannte verloren. Seit 1992 verloren bei Auslandseins\u00e4tzen unserer Bundeswehr insgesamt 108 Soldaten ihr Leben. Das Gedenken an diese Opfer wird aus meiner Sicht zu wenig gepflegt. Unsere Welt ist voller Hass und Gewalt. In Europa herrscht 80 Jahre nach dem zweiten Weltkrieg wieder ein schrecklicher Krieg, in dem jeden Tag auch Kinder und Frauen sterben. Denkm\u00e4ler wurden in einer friedlichen Zeit errichtet. Meistens entstanden diese Bauwerke aus Ehrfurcht, aus Dankbarkeit, zur Propaganda oder auch aus einem gewissen Schamgef\u00fchl heraus. Am besten sie gehen aus Trauer und einem stillen Gedenken hervor. Denkm\u00e4ler m\u00fcssen immer wieder neu gelesen, hinterfragt und interpretiert werden. Unsere pers\u00f6nliche Auseinandersetzung mit Denkm\u00e4lern ist auch eine Abrechnung mit der eigenen Geschichte.<\/strong><\/p>\n\n\n\n<div class=\"wp-block-columns is-layout-flex wp-container-core-columns-is-layout-8f761849 wp-block-columns-is-layout-flex\">\n<div class=\"wp-block-column is-layout-flow wp-block-column-is-layout-flow\">\n<figure class=\"wp-block-image size-large\"><img loading=\"lazy\" decoding=\"async\" width=\"700\" height=\"1160\" src=\"https:\/\/echta-derminga.de\/wp-content\/uploads\/2023\/11\/20220531_191823-700x1160.jpg\" alt=\"\" class=\"wp-image-16042\" srcset=\"https:\/\/echta-derminga.de\/wp-content\/uploads\/2023\/11\/20220531_191823-700x1160.jpg 700w, https:\/\/echta-derminga.de\/wp-content\/uploads\/2023\/11\/20220531_191823-181x300.jpg 181w, https:\/\/echta-derminga.de\/wp-content\/uploads\/2023\/11\/20220531_191823-768x1272.jpg 768w, https:\/\/echta-derminga.de\/wp-content\/uploads\/2023\/11\/20220531_191823-927x1536.jpg 927w, https:\/\/echta-derminga.de\/wp-content\/uploads\/2023\/11\/20220531_191823-1236x2048.jpg 1236w, https:\/\/echta-derminga.de\/wp-content\/uploads\/2023\/11\/20220531_191823-scaled.jpg 1545w\" sizes=\"auto, (max-width: 700px) 100vw, 700px\" \/><\/figure>\n<\/div>\n\n\n\n<div class=\"wp-block-column is-layout-flow wp-block-column-is-layout-flow\">\n<figure class=\"wp-block-image size-large\"><img loading=\"lazy\" decoding=\"async\" width=\"700\" height=\"963\" src=\"https:\/\/echta-derminga.de\/wp-content\/uploads\/2023\/11\/Denkmol-700x963.jpeg\" alt=\"\" class=\"wp-image-16043\" srcset=\"https:\/\/echta-derminga.de\/wp-content\/uploads\/2023\/11\/Denkmol-700x963.jpeg 700w, https:\/\/echta-derminga.de\/wp-content\/uploads\/2023\/11\/Denkmol-218x300.jpeg 218w, https:\/\/echta-derminga.de\/wp-content\/uploads\/2023\/11\/Denkmol-768x1056.jpeg 768w, https:\/\/echta-derminga.de\/wp-content\/uploads\/2023\/11\/Denkmol-1117x1536.jpeg 1117w, https:\/\/echta-derminga.de\/wp-content\/uploads\/2023\/11\/Denkmol-1489x2048.jpeg 1489w, https:\/\/echta-derminga.de\/wp-content\/uploads\/2023\/11\/Denkmol.jpeg 1700w\" sizes=\"auto, (max-width: 700px) 100vw, 700px\" \/><\/figure>\n<\/div>\n<\/div>\n\n\n\n<p class=\"has-medium-font-size wp-block-paragraph\"><strong>Heute werden Volkstrauertags Zeremonien nur noch m\u00e4\u00dfig besucht. Gerade junge Menschen machen sich kaum noch auf den Weg, um eine solche Veranstaltung zu besuchen. Am diesj\u00e4hrigen Volkstrauertag, 19.November werden wieder vielerorts Kr\u00e4nze niedergelegt. Auch in Dirmingen wird dies, am neuen Mahnmal, auf dem Friedhof um 14:00 Uhr Ortszeit geschehen. Seit dem Bau des neuen Denkmals auf dem Friedhof im Jahre 2016 pflegt der Ortsrat wieder die Tradition der Kranzniederlegung zum Volkstrauertag. Die Bev\u00f6lkerung nimmt daran mal mehr oder weniger teil. Auch hier stellt sich wieder die Frage, brauchen wir noch diese Zeremonie der Kranzniederlegung oder ist dies alles l\u00e4ngst \u00fcberholt? Ich sehe es an meinen Kindern, die Bindung zu den beiden Weltkriegen ist nicht vorhanden und auch die Tatsache, dass ihr Ur-Ur- Gro\u00dfvater und der Ur-Gro\u00dfvater den beiden Kriegen zum Opfer fielen, \u00e4ndert nichts daran. Man kann und darf das der heutigen Generation nicht vorwerfen. Unsere Kinder wurden in Friedenszeiten geboren und haben Gott sei Dank keine Kriegswirrungen erfahren. Ich hoffe das bleibt auch in Zukunft genauso!<\/strong><\/p>\n\n\n\n<blockquote class=\"wp-block-quote has-medium-font-size is-layout-flow wp-block-quote-is-layout-flow\">\n<p class=\"has-medium-font-size wp-block-paragraph\"><strong>\u201cDas sch\u00f6nste Denkmal, das ein Mensch bekommen kann, steht in den Herzen der Mitmenschen\u201d. <\/strong><\/p>\n<cite>Albert Schweitzer<\/cite><\/blockquote>\n\n\n\n<div class=\"wp-block-columns is-layout-flex wp-container-core-columns-is-layout-8f761849 wp-block-columns-is-layout-flex\">\n<div class=\"wp-block-column is-layout-flow wp-block-column-is-layout-flow\">\n<figure class=\"wp-block-image size-full\"><img loading=\"lazy\" decoding=\"async\" width=\"600\" height=\"913\" src=\"https:\/\/echta-derminga.de\/wp-content\/uploads\/2023\/11\/fhh.jpg\" alt=\"\" class=\"wp-image-16045\" srcset=\"https:\/\/echta-derminga.de\/wp-content\/uploads\/2023\/11\/fhh.jpg 600w, https:\/\/echta-derminga.de\/wp-content\/uploads\/2023\/11\/fhh-197x300.jpg 197w\" sizes=\"auto, (max-width: 600px) 100vw, 600px\" \/><\/figure>\n<\/div>\n\n\n\n<div class=\"wp-block-column is-layout-flow wp-block-column-is-layout-flow\">\n<figure class=\"wp-block-image size-full\"><img loading=\"lazy\" decoding=\"async\" width=\"552\" height=\"781\" src=\"https:\/\/echta-derminga.de\/wp-content\/uploads\/2023\/11\/Volkstrauertag-2023.png\" alt=\"\" class=\"wp-image-16046\" srcset=\"https:\/\/echta-derminga.de\/wp-content\/uploads\/2023\/11\/Volkstrauertag-2023.png 552w, https:\/\/echta-derminga.de\/wp-content\/uploads\/2023\/11\/Volkstrauertag-2023-212x300.png 212w\" sizes=\"auto, (max-width: 552px) 100vw, 552px\" \/><\/figure>\n<\/div>\n<\/div>\n","protected":false},"excerpt":{"rendered":"<p>Denkm\u00e4ler erf\u00fcllen keine Hoffnungen mehr, sie taugen viel besser als Mahnmale entt\u00e4uschter Erwartungen. ) Martin Gerhard Reisenberg (*1949), Diplom-Bibliothekar und Autor \u201eFrank\u201c, schallte es durch das Haus, \u201cbist du fertig?\u201c Dabei stand ich l\u00e4ngst schon seit Minuten in der T\u00fcr und wartete auf meinen Vater. Aus dem Bad h\u00f6rte ich laufendes Wasser und leises fluchen. Wir waren mal wieder viel<\/p>\n","protected":false},"author":1,"featured_media":14059,"comment_status":"open","ping_status":"closed","sticky":false,"template":"","format":"standard","meta":{"_crdt_document":"","footnotes":""},"categories":[1,9,8],"tags":[1095,5,618,127,310,1094],"class_list":["post-16029","post","type-post","status-publish","format-standard","has-post-thumbnail","hentry","category-allgemein","category-dorfgetratsche","category-sellemols-und-awweile","tag-denkmal-dirmingen","tag-dirmingen","tag-gemeinde-eppelborn","tag-landkreis-neunkirchen","tag-saarland","tag-volkstrauertag-2023"],"_links":{"self":[{"href":"https:\/\/echta-derminga.de\/index.php?rest_route=\/wp\/v2\/posts\/16029","targetHints":{"allow":["GET"]}}],"collection":[{"href":"https:\/\/echta-derminga.de\/index.php?rest_route=\/wp\/v2\/posts"}],"about":[{"href":"https:\/\/echta-derminga.de\/index.php?rest_route=\/wp\/v2\/types\/post"}],"author":[{"embeddable":true,"href":"https:\/\/echta-derminga.de\/index.php?rest_route=\/wp\/v2\/users\/1"}],"replies":[{"embeddable":true,"href":"https:\/\/echta-derminga.de\/index.php?rest_route=%2Fwp%2Fv2%2Fcomments&post=16029"}],"version-history":[{"count":15,"href":"https:\/\/echta-derminga.de\/index.php?rest_route=\/wp\/v2\/posts\/16029\/revisions"}],"predecessor-version":[{"id":18147,"href":"https:\/\/echta-derminga.de\/index.php?rest_route=\/wp\/v2\/posts\/16029\/revisions\/18147"}],"wp:featuredmedia":[{"embeddable":true,"href":"https:\/\/echta-derminga.de\/index.php?rest_route=\/wp\/v2\/media\/14059"}],"wp:attachment":[{"href":"https:\/\/echta-derminga.de\/index.php?rest_route=%2Fwp%2Fv2%2Fmedia&parent=16029"}],"wp:term":[{"taxonomy":"category","embeddable":true,"href":"https:\/\/echta-derminga.de\/index.php?rest_route=%2Fwp%2Fv2%2Fcategories&post=16029"},{"taxonomy":"post_tag","embeddable":true,"href":"https:\/\/echta-derminga.de\/index.php?rest_route=%2Fwp%2Fv2%2Ftags&post=16029"}],"curies":[{"name":"wp","href":"https:\/\/api.w.org\/{rel}","templated":true}]}}