{"id":16055,"date":"2023-11-12T16:21:24","date_gmt":"2023-11-12T15:21:24","guid":{"rendered":"https:\/\/echta-derminga.de\/?p=16055"},"modified":"2023-11-12T16:34:03","modified_gmt":"2023-11-12T15:34:03","slug":"ein-ende-kann-ein-neubeginn-sein-trauriger-abschied-von-der-evangelischen-kirche-in-berschweiler","status":"publish","type":"post","link":"https:\/\/echta-derminga.de\/?p=16055","title":{"rendered":"Ein Ende kann ein Neubeginn sein &#8211; Trauriger Abschied von der evangelischen Kirche in Berschweiler"},"content":{"rendered":"\n<p class=\"has-medium-font-size wp-block-paragraph\"><strong>Selbst ein &#8222;echta Derminga&#8220; sollte ab und an einmal \u00fcber die Dorfgrenzen blicken und Kontakte zu anderen D\u00f6rfern pflegen. Bez\u00fcglich unseres Nachbarortes Berschweiler ist das relativ einfach und problemlos. Beide D\u00f6rfer verbindet seit dem Mittelalter eine enge Verbundenheit die sich bis heute in den gemeinsamen Kirchengemeinden und beispielsweise auch in der Fusion beider Fu\u00dfballvereine widerspiegelt. <\/strong><strong>Ein trauriger Anlass f\u00fchrte nun dazu, dass am Sonntag, 12. November zahlreiche Menschen auch aus Dirmingen nach Berschweiler pilgerten. Der triste und graue Novembermorgen war wie geschaffen f\u00fcr einen schmerzlichen und hochemotionalen Entwidmungsgottesdienst.<\/strong> <strong>Nach 70 Jahren wurde die Evangelische Kirche Berschweiler oder auch bekannt als Evangelisches Gemeindehaus Berschweiler entwidmet. Besonders f\u00fcr die evangelischen Christen aus Berschweiler und die dortige Dorfgemeinschaft sicherlich ein harter und sehr schmerzlicher Einschnitt. Am Ende dieses hochemotionalen Gottesdienstes blickte ich in viele todtraurige Augen.<\/strong> <strong>Wie gerne h\u00e4tte ich den Freunden aus Berschweiler diesen Schritt erspart.<\/strong> <strong>Am Ende wurde die evangelische Kirche in Berschweiler auch ein Opfer des Zeitgeistes. <\/strong><\/p>\n\n\n\n<p class=\"has-medium-font-size wp-block-paragraph\">Es ist eine historische Z\u00e4sur f\u00fcr die Kirchen in Deutschland. Die\u00a0sexualisierte Gewalt in der katholischen\u00a0und\u00a0der evangelischen Kirche sowie die\u00a0Vers\u00e4umnisse bei ihrer Aufkl\u00e4rung, die queer- und frauenfeindliche Strukturen und die Orientierungslosigkeit w\u00e4hrend der Pandemie brachten unsere beiden Kirchen in eine bis heute anhaltende Krise. Das christliche Abendland schafft sich ab und zeigt mit dem Finger auf das immer st\u00e4rker werdende Aufkommen anderer Religionen. Wenn wir es nicht schaffen an unseren Br\u00e4uchen und Religionen festzuhalten, d\u00fcrfen wir uns nicht \u00fcber die St\u00e4rke der Anderen wundern. Mittlerweile sind nur noch knapp 50 Prozent der Deutschen Mitglied in der Evangelischen oder katholischen Kirche. Eine wichtige Institution steuert mit Vollgas in Richtung Abgrund und ein Volk entwurzelt sich selbst. Wie ist diese Irrfahrt aufzuhalten und wie k\u00f6nnen wir entgegensteuern ?<\/p>\n\n\n<div class=\"wp-block-image\">\n<figure class=\"aligncenter size-large\"><img loading=\"lazy\" decoding=\"async\" width=\"700\" height=\"707\" src=\"https:\/\/echta-derminga.de\/wp-content\/uploads\/2023\/11\/399693776_6790456501049017_5512252695420982808_n-1-700x707.jpg\" alt=\"\" class=\"wp-image-16074\" srcset=\"https:\/\/echta-derminga.de\/wp-content\/uploads\/2023\/11\/399693776_6790456501049017_5512252695420982808_n-1-700x707.jpg 700w, https:\/\/echta-derminga.de\/wp-content\/uploads\/2023\/11\/399693776_6790456501049017_5512252695420982808_n-1-297x300.jpg 297w, https:\/\/echta-derminga.de\/wp-content\/uploads\/2023\/11\/399693776_6790456501049017_5512252695420982808_n-1-90x90.jpg 90w, https:\/\/echta-derminga.de\/wp-content\/uploads\/2023\/11\/399693776_6790456501049017_5512252695420982808_n-1-75x75.jpg 75w, https:\/\/echta-derminga.de\/wp-content\/uploads\/2023\/11\/399693776_6790456501049017_5512252695420982808_n-1.jpg 748w\" sizes=\"auto, (max-width: 700px) 100vw, 700px\" \/><\/figure>\n<\/div>\n\n\n<p class=\"has-medium-font-size wp-block-paragraph\">Mit der Entscheidung, das Gemeindehaus in Berschweiler zum 12 November zu entwidmen, hat das Presbyterium der evangelischen Kirchengemeinde Dirmingen weitreichende aber auch zukunftsorientierte Entscheidungen getroffen. Dabei hat sich das Presbyterium diese Entscheidung keineswegs leicht gemacht. Ich erinnere mich an viele emotionale und schmerzhafte Diskussionen. Gerade f\u00fcr die Freunde aus Berschweiler war der Beschluss zur Entwidmung eine schmerzliche Angelegenheit. In den vergangenen Jahren hat sich aufgrund der angespannten Finanzsituation ein wahrer Investitionsstau gebildet. Das Presbyterium war praktisch gezwungen diese Entscheidung zu treffen. Unsere Kirchen sind f\u00fcr viele Menschen Anlaufstelle und Heimat zugleich. Das Ortsbild unserer St\u00e4dte und Gemeinden sind gepr\u00e4gt von den Kircht\u00fcrmen unserer Region. Niemand schlie\u00dft freiwillig eine Kirche. Wir alle h\u00e4tten uns diesen Schritt sicherlich gerne erspart.<\/p>\n\n\n\n<p class=\"has-medium-font-size wp-block-paragraph\"><strong>Der Gottesdienst, der bei der Entwidmung der evangelische Kirche in Berschweiler gefeiert wurde, bedeutete Ende und Neubeginn zugleich. Die Gemeinde und insbesondere die Menschen in Berschweiler nahmen Abschied von \u201eihrer\u201c Kirche. In Gebeten, Liedern und einer emotionalen Predigt des Superintendenten Pfarrer Markus Karsch gab es viel Raum f\u00fcr einen pers\u00f6nlichen R\u00fcckblick. Die Gottesdienstbesucher waren eingeladen sich selbst zu reflektieren und ihre pers\u00f6nlichen Erlebnisse einflie\u00dfen zu lassen. Zum Ende des Gottesdienstes wurden die ligurgischen Gegenst\u00e4nde in einer Prozession aus der Kirche getragen. Abendmahlsgeschirr, Bibel, Taufschale, Osterkerze und das Altarkreuz. Sp\u00e4testens bei dieser Zeremonie flossen die ersten Tr\u00e4nen. Mit diesem Akt endet die Geschichte der evangelischen Kirche von Berschweiler.<\/strong> <strong>Traurig aber wahr !<\/strong><\/p>\n\n\n<div class=\"wp-block-image\">\n<figure class=\"aligncenter size-large\"><img loading=\"lazy\" decoding=\"async\" width=\"700\" height=\"323\" src=\"https:\/\/echta-derminga.de\/wp-content\/uploads\/2023\/11\/399975786_6798266946934639_3217729530972121602_n-1-700x323.jpg\" alt=\"\" class=\"wp-image-16064\" srcset=\"https:\/\/echta-derminga.de\/wp-content\/uploads\/2023\/11\/399975786_6798266946934639_3217729530972121602_n-1-700x323.jpg 700w, https:\/\/echta-derminga.de\/wp-content\/uploads\/2023\/11\/399975786_6798266946934639_3217729530972121602_n-1-300x139.jpg 300w, https:\/\/echta-derminga.de\/wp-content\/uploads\/2023\/11\/399975786_6798266946934639_3217729530972121602_n-1-768x355.jpg 768w, https:\/\/echta-derminga.de\/wp-content\/uploads\/2023\/11\/399975786_6798266946934639_3217729530972121602_n-1-1536x710.jpg 1536w, https:\/\/echta-derminga.de\/wp-content\/uploads\/2023\/11\/399975786_6798266946934639_3217729530972121602_n-1.jpg 2048w\" sizes=\"auto, (max-width: 700px) 100vw, 700px\" \/><figcaption class=\"wp-element-caption\">Nach der Entwidmung.<\/figcaption><\/figure>\n<\/div>\n\n\n<p class=\"has-medium-font-size wp-block-paragraph\">So schwer die Entscheidung zur Aufgabe dieser Kirche f\u00fcr die Kirchengemeinde Dirmingen auch sein mag, sie war mit Blick auf die M\u00f6glichkeiten der Gegenwart und der Zukunft vollkommen richtig. Manchmal muss man loslassen um in eine bessere Zukunft zu starten. Schlie\u00dflich geht es am Ende auch um die Zukunft unserer Kirchengemeinde. Eine Gemeinde mit unserer Gr\u00f6\u00dfenordnung kann sich auf Dauer keine zwei Gottesh\u00e4user leisten. Der Investitionsstau in der Berschweiler Kirche h\u00e4tte uns auf kurz oder lang an den Rande des Abgrunds gebracht. Die nun ehemalige evangelische Kirche in Berschweiler ist nun zum Verkauf ausgeschrieben und wird irgendwann einer neuen Bestimmung zugef\u00fchrt. Es ist schon ein seltsames Gef\u00fchl. Wie viele Menschen wurden dort in dieser Kirche getauft, beerdigt oder feierten Hochzeit. Keine Frage, es ist eine traurige Entwicklung und ein schmerzlicher Verlust. <\/p>\n\n\n\n<p class=\"has-medium-font-size wp-block-paragraph\"><strong>Zum 01. Januar 2024 wird es die evangelische Kirchengemeinde Dirmingen nicht mehr geben. Ein komisches Gef\u00fchl ! Seit dem Ende der Reformation im Jahre 1575 trug unsere Kirchengemeinde diesen Namen. Und nun? Alles neu! Genauso wie unsere katholischen Br\u00fcder und Schwestern, die ihren Weg in den neuen &#8222;Pastoralen Raum Lebach&#8220; gefunden haben, werden wir unseren Weg in die neuen Evangelische Kirchengemeinde St. Wendel &#8211; Illtal finden. Gemeinsam mit den Kirchengemeinden aus Uchtelfangen und St. Wendel gilt die Devise: Auf zu neuen Ufern ! Dabei sollte eine gewisse Aufbruchstimmung nicht zu kurz kommen. Auf unserem Weg d\u00fcrfen wir getrost die Erinnerung an alles was wir in unseren &#8222;alten&#8220; Kirchengemeinden erfahren haben in die neue Kirchengemeinde mitnehmen. Dazu geh\u00f6rt auch die Geschichte der Evangelischen Kirche zu Berschweiler.<\/strong><\/p>\n\n\n<div class=\"wp-block-image\">\n<figure class=\"aligncenter size-large\"><img loading=\"lazy\" decoding=\"async\" width=\"700\" height=\"1027\" src=\"https:\/\/echta-derminga.de\/wp-content\/uploads\/2023\/11\/399987611_6798267420267925_6824266517056579614_n-700x1027.jpg\" alt=\"\" class=\"wp-image-16065\" srcset=\"https:\/\/echta-derminga.de\/wp-content\/uploads\/2023\/11\/399987611_6798267420267925_6824266517056579614_n-700x1027.jpg 700w, https:\/\/echta-derminga.de\/wp-content\/uploads\/2023\/11\/399987611_6798267420267925_6824266517056579614_n-204x300.jpg 204w, https:\/\/echta-derminga.de\/wp-content\/uploads\/2023\/11\/399987611_6798267420267925_6824266517056579614_n-768x1127.jpg 768w, https:\/\/echta-derminga.de\/wp-content\/uploads\/2023\/11\/399987611_6798267420267925_6824266517056579614_n-1047x1536.jpg 1047w, https:\/\/echta-derminga.de\/wp-content\/uploads\/2023\/11\/399987611_6798267420267925_6824266517056579614_n.jpg 1396w\" sizes=\"auto, (max-width: 700px) 100vw, 700px\" \/><figcaption class=\"wp-element-caption\">Abschiedsgeschenk der evangelischen Kita Berschweiler<\/figcaption><\/figure>\n<\/div>","protected":false},"excerpt":{"rendered":"<p>Selbst ein &#8222;echta Derminga&#8220; sollte ab und an einmal \u00fcber die Dorfgrenzen blicken und Kontakte zu anderen D\u00f6rfern pflegen. Bez\u00fcglich unseres Nachbarortes Berschweiler ist das relativ einfach und problemlos. Beide D\u00f6rfer verbindet seit dem Mittelalter eine enge Verbundenheit die sich bis heute in den gemeinsamen Kirchengemeinden und beispielsweise auch in der Fusion beider Fu\u00dfballvereine widerspiegelt. Ein trauriger Anlass f\u00fchrte nun<\/p>\n","protected":false},"author":1,"featured_media":16061,"comment_status":"open","ping_status":"closed","sticky":false,"template":"","format":"standard","meta":{"_crdt_document":"","footnotes":""},"categories":[1,9,47],"tags":[5,1096,451,618,127,634,310],"class_list":["post-16055","post","type-post","status-publish","format-standard","has-post-thumbnail","hentry","category-allgemein","category-dorfgetratsche","category-meine-kirche","tag-dirmingen","tag-evangelische-kirche-berschweiler","tag-evangelische-kirchengemeinde-dirmingen","tag-gemeinde-eppelborn","tag-landkreis-neunkirchen","tag-ortsvorsteher","tag-saarland"],"_links":{"self":[{"href":"https:\/\/echta-derminga.de\/index.php?rest_route=\/wp\/v2\/posts\/16055","targetHints":{"allow":["GET"]}}],"collection":[{"href":"https:\/\/echta-derminga.de\/index.php?rest_route=\/wp\/v2\/posts"}],"about":[{"href":"https:\/\/echta-derminga.de\/index.php?rest_route=\/wp\/v2\/types\/post"}],"author":[{"embeddable":true,"href":"https:\/\/echta-derminga.de\/index.php?rest_route=\/wp\/v2\/users\/1"}],"replies":[{"embeddable":true,"href":"https:\/\/echta-derminga.de\/index.php?rest_route=%2Fwp%2Fv2%2Fcomments&post=16055"}],"version-history":[{"count":25,"href":"https:\/\/echta-derminga.de\/index.php?rest_route=\/wp\/v2\/posts\/16055\/revisions"}],"predecessor-version":[{"id":16091,"href":"https:\/\/echta-derminga.de\/index.php?rest_route=\/wp\/v2\/posts\/16055\/revisions\/16091"}],"wp:featuredmedia":[{"embeddable":true,"href":"https:\/\/echta-derminga.de\/index.php?rest_route=\/wp\/v2\/media\/16061"}],"wp:attachment":[{"href":"https:\/\/echta-derminga.de\/index.php?rest_route=%2Fwp%2Fv2%2Fmedia&parent=16055"}],"wp:term":[{"taxonomy":"category","embeddable":true,"href":"https:\/\/echta-derminga.de\/index.php?rest_route=%2Fwp%2Fv2%2Fcategories&post=16055"},{"taxonomy":"post_tag","embeddable":true,"href":"https:\/\/echta-derminga.de\/index.php?rest_route=%2Fwp%2Fv2%2Ftags&post=16055"}],"curies":[{"name":"wp","href":"https:\/\/api.w.org\/{rel}","templated":true}]}}