{"id":16092,"date":"2023-11-13T17:19:33","date_gmt":"2023-11-13T16:19:33","guid":{"rendered":"https:\/\/echta-derminga.de\/?p=16092"},"modified":"2023-11-13T17:19:55","modified_gmt":"2023-11-13T16:19:55","slug":"bloss-nicht-zum-lachen-in-den-keller-warum-mir-jetzt-graad-se-laeaeds-faasend-feiere-sollte","status":"publish","type":"post","link":"https:\/\/echta-derminga.de\/?p=16092","title":{"rendered":"Blo\u00df nicht zum Lachen in den Keller &#8211; Warum mir jetzt graad se l\u00e4\u00e4ds Faasend feiere sollte !"},"content":{"rendered":"\n<p class=\"has-medium-font-size wp-block-paragraph\"><strong>Endlich ist es so weit: am 11.11.23 um 11:11 Uhr begann f\u00fcr die vielen Narren dieser Republik die sch\u00f6ne 5. Jahreszeit. Eine sicherlich spannende, sch\u00f6ne, aber auch arbeitsreiche und stressige Session liegt vor den zahlreichen Karnevalisten in den Vereinen dieses Landes. Bis zum H\u00f6hepunkt der Session am Rosenmontag wartet noch viel Arbeit auf die Akteure in den verschiedenen Karnevalsvereinen. Schon seit August befinden sich T\u00e4nzerinnen und T\u00e4nzer, Gardem\u00e4dchen und B\u00fcttenredner in der hei\u00dfen Vorbereitungsphase. Bereits Ende Januar 2024 findet in Dirmingen die erste Kappensitzung statt. Fastnacht wird in diesem Jahr sehr fr\u00fch gefeiert. Bis dahin m\u00fcssen die Reden, Showt\u00e4nze und Hebefiguren sitzen.<\/strong><\/p>\n\n\n\n<p class=\"has-medium-font-size wp-block-paragraph\">Erinnerungen an die letzte Session werden geweckt und Pl\u00e4ne geschmiedet. Was m\u00fcssen wir in diesem Jahr \u00e4ndern und wie k\u00f6nnen wir unsere karnevalistische Arbeit aufwerten. Da ist so viel zu tun. \u00a0Bis hin zu den ersten Auftritten mit Marsch- und Showtanz ist es nicht mehr lange hin. Die Nervosit\u00e4t steigt von Woche zu Woche. Am h\u00e4rtesten trifft es unsere Garde. Die M\u00e4dels haben nie richtig Pause. Nach der Session ist vor der Session. W\u00e4hrend andere Akteure ihre wohl verdiente Pause genie\u00dfen, geht es bei den Garden schon im Sommer wieder voll zur Sache! Jetzt ist die Zeit f\u00fcr alle Marsch und Showt\u00e4nze. Das Thema und die Musik m\u00fcssen ausgesucht und die ersten Schritte einstudiert werden. Andere wiederum haben viel Arbeit mit der Organisation der Kappensitzungen. Das Sicherheitskonzept muss eingereicht und Personalplanungen und erste Programmnotizen m\u00fcssen auf den Weg gebracht werden.<\/p>\n\n\n\n<div class=\"wp-block-columns is-layout-flex wp-container-core-columns-is-layout-8f761849 wp-block-columns-is-layout-flex\">\n<div class=\"wp-block-column is-layout-flow wp-block-column-is-layout-flow\">\n<figure class=\"wp-block-image size-large\"><img loading=\"lazy\" decoding=\"async\" width=\"644\" height=\"459\" src=\"https:\/\/echta-derminga.de\/wp-content\/uploads\/2019\/02\/Fas-13-644x459.jpg\" alt=\"\" class=\"wp-image-3238\" srcset=\"https:\/\/echta-derminga.de\/wp-content\/uploads\/2019\/02\/Fas-13-644x459.jpg 644w, https:\/\/echta-derminga.de\/wp-content\/uploads\/2019\/02\/Fas-13-300x214.jpg 300w, https:\/\/echta-derminga.de\/wp-content\/uploads\/2019\/02\/Fas-13-768x548.jpg 768w, https:\/\/echta-derminga.de\/wp-content\/uploads\/2019\/02\/Fas-13.jpg 1153w\" sizes=\"auto, (max-width: 644px) 100vw, 644px\" \/><\/figure>\n<\/div>\n\n\n\n<div class=\"wp-block-column is-layout-flow wp-block-column-is-layout-flow\">\n<figure class=\"wp-block-image size-large\"><img loading=\"lazy\" decoding=\"async\" width=\"644\" height=\"458\" src=\"https:\/\/echta-derminga.de\/wp-content\/uploads\/2019\/02\/Fas-14-644x458.jpg\" alt=\"\" class=\"wp-image-3235\" srcset=\"https:\/\/echta-derminga.de\/wp-content\/uploads\/2019\/02\/Fas-14-644x458.jpg 644w, https:\/\/echta-derminga.de\/wp-content\/uploads\/2019\/02\/Fas-14-300x213.jpg 300w, https:\/\/echta-derminga.de\/wp-content\/uploads\/2019\/02\/Fas-14.jpg 700w\" sizes=\"auto, (max-width: 644px) 100vw, 644px\" \/><\/figure>\n<\/div>\n<\/div>\n\n\n\n<p class=\"has-medium-font-size wp-block-paragraph\"><strong>Es ist wie es ist: Fu\u00dfballer und Handballer spielen mit dem Ball und Karnevalsvereine feiern Fastnacht. Die Aufgabe unseres KKV Dirmingen liegt also darin, die f\u00fcnfte Jahreszeit so gut wie m\u00f6glich zu organisieren, damit der Rest des Dorfes das ganze genie\u00dfen und feiern kann. Dabei kann ausgerechnet der Karneval eine ernste, anstrengende und arbeitsreiche Sache sein. Wenn es um das Detail geht, verstehen selbst eingefleischte Karnevalisten keinen Spa\u00df. Das Publikum muss begeistert und die Show muss ein Erfolg werden. Die \u201eFaasend\u201c l\u00e4sst sich eben nicht wie ein Fu\u00dfball oder Handballspiel verlegen. Karnevalisten m\u00fcssen auf den Punkt gut vorbetreitet sein.<\/strong> <strong>In der Regel funktioniert das auch mehr oder weniger gut. Wichtig ist, dass das Publikum nichts von Problemen oder Fehlern mitbekommt. Wobei, der ein oder andere Fehler auch mal ganz sympathisch und authentisch sein kann. Wir sind alle keine Profis. Dennoch steigt bei vielen Akteuren von Jahr zu Jahr der eigene Anspruch.<\/strong><\/p>\n\n\n\n<p class=\"has-medium-font-size wp-block-paragraph\">Am 11. November habe ich in der Zeitung gelesen, dass der K\u00f6lner Karnevalspr\u00e4sidenten Christoph Kuckelkorn das Feiern der Fastnacht in Krisensituationen verteidigt: \u00abWir erleben immer wieder, dass gerade in schwierigen Zeiten das Bed\u00fcrfnis nach Karneval-Feiern bei den Menschen sehr gro\u00df ist\u00bb, sagte Kuckelkorn der Deutschen Presse-Agentur. \u00ab Gemeinsam mit Freunden und Familie Brauchtum zu leben, tut gut, nachdem die Krisen der letzten Jahre sehr belastend sind und waren. \u00dcbrigens schlie\u00dfen sich Feiern und Solidarit\u00e4t zeigen auch nicht aus.\u00bb Hau, wei\u00dfer Mann hat gut gesprochen gesprochen ! Genau darin liegt ein wichtiger Punkt. Es mag vielleicht etwas weit hergeholt sein, aber schon im Mittelalter haben Gaukler und Narren auf ihre Art und Weise die Politik und das Weltgeschehen aufs Korn genommen. Auch wenn dem ein oder anderen aktuell so gar nicht nach Feiern zu Mute ist, k\u00f6nnte der Karneval den Menschen eine St\u00fctze sein. Lachen ist gut und richtig!<\/p>\n\n\n\n<div class=\"wp-block-columns is-layout-flex wp-container-core-columns-is-layout-8f761849 wp-block-columns-is-layout-flex\">\n<div class=\"wp-block-column is-layout-flow wp-block-column-is-layout-flow\">\n<figure class=\"wp-block-image size-full\"><img loading=\"lazy\" decoding=\"async\" width=\"600\" height=\"400\" src=\"https:\/\/echta-derminga.de\/wp-content\/uploads\/2019\/02\/frank.jpg\" alt=\"\" class=\"wp-image-3244\" srcset=\"https:\/\/echta-derminga.de\/wp-content\/uploads\/2019\/02\/frank.jpg 600w, https:\/\/echta-derminga.de\/wp-content\/uploads\/2019\/02\/frank-300x200.jpg 300w\" sizes=\"auto, (max-width: 600px) 100vw, 600px\" \/><\/figure>\n<\/div>\n\n\n\n<div class=\"wp-block-column is-layout-flow wp-block-column-is-layout-flow\">\n<figure class=\"wp-block-image size-large\"><img loading=\"lazy\" decoding=\"async\" width=\"2048\" height=\"1536\" src=\"https:\/\/echta-derminga.de\/wp-content\/uploads\/2019\/02\/3-644x483.jpg\" alt=\"\" class=\"wp-image-3219\" srcset=\"https:\/\/echta-derminga.de\/wp-content\/uploads\/2019\/02\/3-644x483.jpg 644w, https:\/\/echta-derminga.de\/wp-content\/uploads\/2019\/02\/3-300x225.jpg 300w, https:\/\/echta-derminga.de\/wp-content\/uploads\/2019\/02\/3-768x576.jpg 768w, https:\/\/echta-derminga.de\/wp-content\/uploads\/2019\/02\/3.jpg 2048w\" sizes=\"auto, (max-width: 2048px) 100vw, 2048px\" \/><\/figure>\n<\/div>\n<\/div>\n\n\n\n<p class=\"has-medium-font-size wp-block-paragraph\"><strong>Sicherlich l\u00e4sst sich dar\u00fcber diskutieren, ob man sich lachend auf dem R\u00fccken w\u00e4lzen sollte, w\u00e4hrend anderswo Menschen sterben. Auf der anderen Seite nutzt es den Menschen in Gaza oder der Ukraine wenig, wenn wir hier auf die Fastnacht verzichten. Unsere eigene Kultur geht ohnehin St\u00fcck f\u00fcr St\u00fcck den Bach herunter. Putin w\u00fcrde ein Fastnachtsverzicht nur wenig interessieren. Vielmehr stellt sich mir die Frage, ob eine Absage der Fastnacht aus kriegsbedingten Gr\u00fcnden, die ohnehin schon angeschlagene Bev\u00f6lkerung nicht vollkommen in eine kollektive Depression st\u00fcrzen w\u00fcrde. Nein, ein solidarischer Verzicht auf das n\u00e4rrische Treiben w\u00fcrde diesem Land, in diesen Zeiten, nicht guttun. Vielmehr sollten Karnevalisten ihr Talent und ihre scharfe Zunge nutzen, um einmal mehr wachzur\u00fctteln. Ich erinnere mich an eine engagierte B\u00fcttenrede bei der TV-Sitzung &#8222;Mainz bleibt Mainz\u201c, in der &#8222;Obermessdiener&#8220; Andreas Schmitt eine wahre Glanzleistung vollbrachte und mit seiner Brandrede der Bev\u00f6lkerung aus der Seele redete.<\/strong><\/p>\n\n\n\n<p class=\"has-medium-font-size wp-block-paragraph\">\u201eFaasend\u201c ist eine erste Sache. Jetzt ist die Zeit! Etliche Trainingsstunden, Schwei\u00df, Verzweiflung, Hoffnung und auch ab und zu eine Tr\u00e4ne werden am Ende durch den Applaus des n\u00e4rrischen Publikums vergoldet. Ich bin \u00fcberzeugt davon, dass unser KKV Dirmingen auch in diesem Jahr eine gro\u00dfartige Session durchleben wird. Dabei gibt es ein neues Highlight zu verk\u00fcnden. Erstmals wird unser KKV Dirmingen eine Fastnachtsveranstaltung f\u00fcr Kinder anbieten. Viele kluge K\u00f6pfe, \u00fcberwiegend weiblicher Natur, haben sich so einiges f\u00fcr die Kids einfallen lassen. Genau das braucht ein Verein. Innovation, Inspiration und Einfallsreichtum.<\/p>\n\n\n\n<div class=\"wp-block-columns is-layout-flex wp-container-core-columns-is-layout-8f761849 wp-block-columns-is-layout-flex\">\n<div class=\"wp-block-column is-layout-flow wp-block-column-is-layout-flow\">\n<figure class=\"wp-block-image size-large\"><img loading=\"lazy\" decoding=\"async\" width=\"644\" height=\"533\" src=\"https:\/\/echta-derminga.de\/wp-content\/uploads\/2020\/02\/sd-644x533.jpg\" alt=\"\" class=\"wp-image-5560\" srcset=\"https:\/\/echta-derminga.de\/wp-content\/uploads\/2020\/02\/sd-644x533.jpg 644w, https:\/\/echta-derminga.de\/wp-content\/uploads\/2020\/02\/sd-300x248.jpg 300w, https:\/\/echta-derminga.de\/wp-content\/uploads\/2020\/02\/sd-768x635.jpg 768w, https:\/\/echta-derminga.de\/wp-content\/uploads\/2020\/02\/sd.jpg 1075w\" sizes=\"auto, (max-width: 644px) 100vw, 644px\" \/><\/figure>\n<\/div>\n\n\n\n<div class=\"wp-block-column is-layout-flow wp-block-column-is-layout-flow\">\n<figure class=\"wp-block-image size-large\"><img loading=\"lazy\" decoding=\"async\" width=\"644\" height=\"483\" src=\"https:\/\/echta-derminga.de\/wp-content\/uploads\/2020\/02\/6-644x483.jpg\" alt=\"\" class=\"wp-image-5557\" srcset=\"https:\/\/echta-derminga.de\/wp-content\/uploads\/2020\/02\/6-644x483.jpg 644w, https:\/\/echta-derminga.de\/wp-content\/uploads\/2020\/02\/6-300x225.jpg 300w, https:\/\/echta-derminga.de\/wp-content\/uploads\/2020\/02\/6-768x576.jpg 768w, https:\/\/echta-derminga.de\/wp-content\/uploads\/2020\/02\/6.jpg 960w\" sizes=\"auto, (max-width: 644px) 100vw, 644px\" \/><\/figure>\n<\/div>\n<\/div>\n\n\n\n<p class=\"has-medium-font-size wp-block-paragraph\"><strong>\u201eFaasend\u201c hat viel mit Heimat, Dorfkultur und dem eigenen Dialekt zu tun. Die \u201eFaasend\u201c kann uns allen helfen diese am Ende doch schweren Zeiten einigerma\u00dfen glimpflich zu \u00fcberstehen. Wer nie lacht und sich auch nie \u00fcber Dinge freuen kann, wird irgendwann erkranken. Lasst uns nicht zum Lachen in den Keller gehen. Der Mensch braucht Abwechslung, Spa\u00df und Unterhaltung. Genau daf\u00fcr steht diese wunderbare 5. Jahreszeit. Ich w\u00fcnsche allen \u201eFaasebooze\u201c eine wundersch\u00f6ne, unbeschwerte Session. Hoppla Hopp !<\/strong><\/p>\n\n\n\n<div class=\"wp-block-columns is-layout-flex wp-container-core-columns-is-layout-8f761849 wp-block-columns-is-layout-flex\">\n<div class=\"wp-block-column is-layout-flow wp-block-column-is-layout-flow\">\n<figure class=\"wp-block-image size-large\"><img loading=\"lazy\" decoding=\"async\" width=\"644\" height=\"429\" src=\"https:\/\/echta-derminga.de\/wp-content\/uploads\/2020\/02\/Blog-644x429.jpg\" alt=\"\" class=\"wp-image-5474\" srcset=\"https:\/\/echta-derminga.de\/wp-content\/uploads\/2020\/02\/Blog-644x429.jpg 644w, https:\/\/echta-derminga.de\/wp-content\/uploads\/2020\/02\/Blog-300x200.jpg 300w, https:\/\/echta-derminga.de\/wp-content\/uploads\/2020\/02\/Blog-768x511.jpg 768w, https:\/\/echta-derminga.de\/wp-content\/uploads\/2020\/02\/Blog.jpg 1000w\" sizes=\"auto, (max-width: 644px) 100vw, 644px\" \/><\/figure>\n<\/div>\n\n\n\n<div class=\"wp-block-column is-layout-flow wp-block-column-is-layout-flow\">\n<figure class=\"wp-block-image size-large\"><img loading=\"lazy\" decoding=\"async\" width=\"644\" height=\"483\" src=\"https:\/\/echta-derminga.de\/wp-content\/uploads\/2020\/02\/Kappe-644x483.jpg\" alt=\"\" class=\"wp-image-5462\" srcset=\"https:\/\/echta-derminga.de\/wp-content\/uploads\/2020\/02\/Kappe-644x483.jpg 644w, https:\/\/echta-derminga.de\/wp-content\/uploads\/2020\/02\/Kappe-300x225.jpg 300w, https:\/\/echta-derminga.de\/wp-content\/uploads\/2020\/02\/Kappe-768x576.jpg 768w, https:\/\/echta-derminga.de\/wp-content\/uploads\/2020\/02\/Kappe-1536x1152.jpg 1536w, https:\/\/echta-derminga.de\/wp-content\/uploads\/2020\/02\/Kappe-2048x1536.jpg 2048w\" sizes=\"auto, (max-width: 644px) 100vw, 644px\" \/><\/figure>\n<\/div>\n<\/div>\n","protected":false},"excerpt":{"rendered":"<p>Endlich ist es so weit: am 11.11.23 um 11:11 Uhr begann f\u00fcr die vielen Narren dieser Republik die sch\u00f6ne 5. Jahreszeit. Eine sicherlich spannende, sch\u00f6ne, aber auch arbeitsreiche und stressige Session liegt vor den zahlreichen Karnevalisten in den Vereinen dieses Landes. Bis zum H\u00f6hepunkt der Session am Rosenmontag wartet noch viel Arbeit auf die Akteure in den verschiedenen Karnevalsvereinen. Schon<\/p>\n","protected":false},"author":1,"featured_media":423,"comment_status":"open","ping_status":"closed","sticky":false,"template":"","format":"standard","meta":{"_crdt_document":"","footnotes":""},"categories":[1,9,44,902],"tags":[5,1098,618,36,127,1097],"class_list":["post-16092","post","type-post","status-publish","format-standard","has-post-thumbnail","hentry","category-allgemein","category-dorfgetratsche","category-meine-faasend","category-meine-meinung","tag-dirmingen","tag-fastnacht-2024","tag-gemeinde-eppelborn","tag-kkv-dirmingen","tag-landkreis-neunkirchen","tag-session-2024"],"_links":{"self":[{"href":"https:\/\/echta-derminga.de\/index.php?rest_route=\/wp\/v2\/posts\/16092","targetHints":{"allow":["GET"]}}],"collection":[{"href":"https:\/\/echta-derminga.de\/index.php?rest_route=\/wp\/v2\/posts"}],"about":[{"href":"https:\/\/echta-derminga.de\/index.php?rest_route=\/wp\/v2\/types\/post"}],"author":[{"embeddable":true,"href":"https:\/\/echta-derminga.de\/index.php?rest_route=\/wp\/v2\/users\/1"}],"replies":[{"embeddable":true,"href":"https:\/\/echta-derminga.de\/index.php?rest_route=%2Fwp%2Fv2%2Fcomments&post=16092"}],"version-history":[{"count":14,"href":"https:\/\/echta-derminga.de\/index.php?rest_route=\/wp\/v2\/posts\/16092\/revisions"}],"predecessor-version":[{"id":16106,"href":"https:\/\/echta-derminga.de\/index.php?rest_route=\/wp\/v2\/posts\/16092\/revisions\/16106"}],"wp:featuredmedia":[{"embeddable":true,"href":"https:\/\/echta-derminga.de\/index.php?rest_route=\/wp\/v2\/media\/423"}],"wp:attachment":[{"href":"https:\/\/echta-derminga.de\/index.php?rest_route=%2Fwp%2Fv2%2Fmedia&parent=16092"}],"wp:term":[{"taxonomy":"category","embeddable":true,"href":"https:\/\/echta-derminga.de\/index.php?rest_route=%2Fwp%2Fv2%2Fcategories&post=16092"},{"taxonomy":"post_tag","embeddable":true,"href":"https:\/\/echta-derminga.de\/index.php?rest_route=%2Fwp%2Fv2%2Ftags&post=16092"}],"curies":[{"name":"wp","href":"https:\/\/api.w.org\/{rel}","templated":true}]}}