{"id":16108,"date":"2023-11-19T18:21:58","date_gmt":"2023-11-19T17:21:58","guid":{"rendered":"https:\/\/echta-derminga.de\/?p=16108"},"modified":"2023-11-19T18:36:00","modified_gmt":"2023-11-19T17:36:00","slug":"zerreisst-den-mantel-der-gleichgueltigkeit-den-ihr-um-euren-herz-gelegt-volkstrauertag-2023-meine-gedanken-und-meine-worte-zum-diesjaehrigen-stillen-gedenktag","status":"publish","type":"post","link":"https:\/\/echta-derminga.de\/?p=16108","title":{"rendered":"\u00abZerrei\u00dft den Mantel der Gleichg\u00fcltigkeit, den Ihr um Euren Herz gelegt! &#8211; Volkstrauertag 2023 &#8211; Meine Gedanken und meine Worte zum diesj\u00e4hrigen stillen Gedenktag"},"content":{"rendered":"\n<blockquote class=\"wp-block-quote has-medium-font-size is-layout-flow wp-block-quote-is-layout-flow\">\n<p class=\"has-medium-font-size wp-block-paragraph\"><strong>Drau\u00dfen vor der Festung, bis zum Horizont, Lagern sie und warten, n\u00e4her r\u00fcckt die Front, Grollende Kanonen, Angst in ihrem Blick,  Hunger reckt die Arme, nirgends geht&#8217;s zur\u00fcck,  Aufmerksam die Wachen, kalt und konsequent, Selbst schuld, wer den Sch\u00e4del gegen Mauern rennt,  Du wirst nie zu Hause sein, Wenn du keinen Gast, keine Freunde hast, Dir f\u00e4llt nie der Zauber ein, Wenn du dich verschlie\u00dft, nur dich selber siehst !<\/strong><\/p>\n<cite>Quelle: Lied: &#8222;Alle Herren L\u00e4nder&#8220; Heinz Rudolf Kunze<\/cite><\/blockquote>\n\n\n\n<p class=\"has-medium-font-size wp-block-paragraph\">Der Volkstrauertag findet jedes Jahr zwei Sonntage vor dem ersten Advent statt. Damit f\u00e4llt dieser stille Gedenktag zwischen die katholischen Gedenktage Allerheiligen\/Allerseelen und den protestantischen Totensonntag. Seinen Ursprung hat der Volkstrauertag im Gedenken an die get\u00f6teten Soldaten des Ersten Weltkrieges. Nach Kriegsende 1918 setzen sich unter anderem der Volksbund Deutsche Kriegsgr\u00e4berf\u00fcrsorge, Politiker und Vereine f\u00fcr das Gedenken an die gefallenen deutschen Soldaten ein. Damals ging es in erster Linie um Heldenverehrung und Anteilnahme der Angeh\u00f6rigen. Nach dem Waffenstillstand im Jahr 1945 war die Erinnerungskultur im geteilten Deutschland zun\u00e4chst unterschiedlich ausgepr\u00e4gt. Die Bundesrepublik verlieh dem Volkstrauertag im Jahre 1952 den Status eines gesetzlichen Gedenktags. An diesem Tag sollte den Opfer von Krieg, Terror und Gewalt erinnert werden.<\/p>\n\n\n\n<p class=\"has-medium-font-size wp-block-paragraph\"><strong>W\u00e4hrend der Volkstrauertag in den letzten Jahren immer mehr an Zuspruch verlor, scheint er in diesem Jahr an Aktualit\u00e4t hinzugewonnen zu haben.<\/strong> <strong>In unserem Heimatort Dirmingen mussten w\u00e4hrend der beiden Weltkriege fast 300 Menschen ihr Leben lassen. Darunter waren Soldaten, Familienv\u00e4ter, junge M\u00e4nner und zahlreiche Opfer aus der Zivilbev\u00f6lkerung. Auch Frauen und Kinder kamen w\u00e4hrend den verheerenden Bombenangriffen auf Dirmingen zu Tode. Heute m\u00fcssen wir mehr als zuvor f\u00fcrchten, dass unsere Soldaten wieder f\u00fcr unsere demokratische Freiheit k\u00e4mpfen m\u00fcssen. Der Volkstrauertag bleibt aus meiner Sicht ein wichtiger Tag gegen das Vergessen.<\/strong> <strong>Mit dem Bau eines neuen Mahnmals auf dem Dirminger Friedhof, im Jahre 2016, hat der Ortsrat Dirmingen beschlossen wieder eine offizielle Kranzniederlegung durchzuf\u00fchren. Dabei wird der Ortsrat immer von den beiden Kirchengemeinden, dem evangelischen Posaunenchor Dirmingen und der Reservistenkameradschaft Illtal unterst\u00fctzt. Wir haben in Dirmingen auch am diesj\u00e4hrigen Volkstrauertag, dem 19.November 2023, einen Ehrenkranz f\u00fcr unsere Kriegsopfer niedergelegt.<\/strong> <strong>Ich bin freue mich sehr dar\u00fcber, dass der Ortsrat an dieser Tradition der Kranzniederlegung zum Volkstrauertag festh\u00e4lt, Sch\u00f6n, dass dabei immer noch zahlreiche Menschen aus der Dorfgemeinschaft an dieser Zeremonie teilnehmen.&nbsp;<\/strong><\/p>\n\n\n\n<div class=\"wp-block-columns is-layout-flex wp-container-core-columns-is-layout-8f761849 wp-block-columns-is-layout-flex\">\n<div class=\"wp-block-column is-layout-flow wp-block-column-is-layout-flow\">\n<figure class=\"wp-block-image size-large\"><img loading=\"lazy\" decoding=\"async\" width=\"700\" height=\"537\" src=\"https:\/\/echta-derminga.de\/wp-content\/uploads\/2023\/11\/IMG-20231119-WA0016-700x537.jpg\" alt=\"\" class=\"wp-image-16120\" srcset=\"https:\/\/echta-derminga.de\/wp-content\/uploads\/2023\/11\/IMG-20231119-WA0016-700x537.jpg 700w, https:\/\/echta-derminga.de\/wp-content\/uploads\/2023\/11\/IMG-20231119-WA0016-300x230.jpg 300w, https:\/\/echta-derminga.de\/wp-content\/uploads\/2023\/11\/IMG-20231119-WA0016-768x589.jpg 768w, https:\/\/echta-derminga.de\/wp-content\/uploads\/2023\/11\/IMG-20231119-WA0016.jpg 1100w\" sizes=\"auto, (max-width: 700px) 100vw, 700px\" \/><\/figure>\n<\/div>\n\n\n\n<div class=\"wp-block-column is-layout-flow wp-block-column-is-layout-flow\">\n<figure class=\"wp-block-image size-large\"><img loading=\"lazy\" decoding=\"async\" width=\"700\" height=\"532\" src=\"https:\/\/echta-derminga.de\/wp-content\/uploads\/2023\/11\/404510979_6824907464270587_3120335893101805742_n-1-700x532.jpg\" alt=\"\" class=\"wp-image-16123\" srcset=\"https:\/\/echta-derminga.de\/wp-content\/uploads\/2023\/11\/404510979_6824907464270587_3120335893101805742_n-1-700x532.jpg 700w, https:\/\/echta-derminga.de\/wp-content\/uploads\/2023\/11\/404510979_6824907464270587_3120335893101805742_n-1-300x228.jpg 300w, https:\/\/echta-derminga.de\/wp-content\/uploads\/2023\/11\/404510979_6824907464270587_3120335893101805742_n-1-768x584.jpg 768w, https:\/\/echta-derminga.de\/wp-content\/uploads\/2023\/11\/404510979_6824907464270587_3120335893101805742_n-1.jpg 883w\" sizes=\"auto, (max-width: 700px) 100vw, 700px\" \/><\/figure>\n<\/div>\n<\/div>\n\n\n\n<div class=\"wp-block-columns is-layout-flex wp-container-core-columns-is-layout-8f761849 wp-block-columns-is-layout-flex\">\n<div class=\"wp-block-column is-layout-flow wp-block-column-is-layout-flow\">\n<figure class=\"wp-block-image size-large\"><img loading=\"lazy\" decoding=\"async\" width=\"700\" height=\"459\" src=\"https:\/\/echta-derminga.de\/wp-content\/uploads\/2023\/11\/404437194_6824907724270561_5169077876160050393_n-700x459.jpg\" alt=\"\" class=\"wp-image-16124\" srcset=\"https:\/\/echta-derminga.de\/wp-content\/uploads\/2023\/11\/404437194_6824907724270561_5169077876160050393_n-700x459.jpg 700w, https:\/\/echta-derminga.de\/wp-content\/uploads\/2023\/11\/404437194_6824907724270561_5169077876160050393_n-300x197.jpg 300w, https:\/\/echta-derminga.de\/wp-content\/uploads\/2023\/11\/404437194_6824907724270561_5169077876160050393_n-768x504.jpg 768w, https:\/\/echta-derminga.de\/wp-content\/uploads\/2023\/11\/404437194_6824907724270561_5169077876160050393_n.jpg 910w\" sizes=\"auto, (max-width: 700px) 100vw, 700px\" \/><\/figure>\n<\/div>\n\n\n\n<div class=\"wp-block-column is-layout-flow wp-block-column-is-layout-flow\">\n<figure class=\"wp-block-image size-large\"><img loading=\"lazy\" decoding=\"async\" width=\"700\" height=\"450\" src=\"https:\/\/echta-derminga.de\/wp-content\/uploads\/2023\/11\/IMG-20231119-WA0035-700x450.jpg\" alt=\"\" class=\"wp-image-16125\" srcset=\"https:\/\/echta-derminga.de\/wp-content\/uploads\/2023\/11\/IMG-20231119-WA0035-700x450.jpg 700w, https:\/\/echta-derminga.de\/wp-content\/uploads\/2023\/11\/IMG-20231119-WA0035-300x193.jpg 300w, https:\/\/echta-derminga.de\/wp-content\/uploads\/2023\/11\/IMG-20231119-WA0035-768x494.jpg 768w, https:\/\/echta-derminga.de\/wp-content\/uploads\/2023\/11\/IMG-20231119-WA0035.jpg 862w\" sizes=\"auto, (max-width: 700px) 100vw, 700px\" \/><\/figure>\n<\/div>\n<\/div>\n\n\n\n<div class=\"wp-block-columns is-layout-flex wp-container-core-columns-is-layout-8f761849 wp-block-columns-is-layout-flex\">\n<div class=\"wp-block-column is-layout-flow wp-block-column-is-layout-flow\">\n<figure class=\"wp-block-image size-large\"><img loading=\"lazy\" decoding=\"async\" width=\"700\" height=\"933\" src=\"https:\/\/echta-derminga.de\/wp-content\/uploads\/2023\/11\/402579180_6824908950937105_1689061668450048015_n-700x933.jpg\" alt=\"\" class=\"wp-image-16126\" srcset=\"https:\/\/echta-derminga.de\/wp-content\/uploads\/2023\/11\/402579180_6824908950937105_1689061668450048015_n-700x933.jpg 700w, https:\/\/echta-derminga.de\/wp-content\/uploads\/2023\/11\/402579180_6824908950937105_1689061668450048015_n-225x300.jpg 225w, https:\/\/echta-derminga.de\/wp-content\/uploads\/2023\/11\/402579180_6824908950937105_1689061668450048015_n-768x1024.jpg 768w, https:\/\/echta-derminga.de\/wp-content\/uploads\/2023\/11\/402579180_6824908950937105_1689061668450048015_n-1152x1536.jpg 1152w, https:\/\/echta-derminga.de\/wp-content\/uploads\/2023\/11\/402579180_6824908950937105_1689061668450048015_n.jpg 1200w\" sizes=\"auto, (max-width: 700px) 100vw, 700px\" \/><\/figure>\n<\/div>\n\n\n\n<div class=\"wp-block-column is-layout-flow wp-block-column-is-layout-flow\">\n<figure class=\"wp-block-image size-large\"><img loading=\"lazy\" decoding=\"async\" width=\"700\" height=\"942\" src=\"https:\/\/echta-derminga.de\/wp-content\/uploads\/2023\/11\/20231119_143117-1-700x942.jpg\" alt=\"\" class=\"wp-image-16128\" srcset=\"https:\/\/echta-derminga.de\/wp-content\/uploads\/2023\/11\/20231119_143117-1-700x942.jpg 700w, https:\/\/echta-derminga.de\/wp-content\/uploads\/2023\/11\/20231119_143117-1-223x300.jpg 223w, https:\/\/echta-derminga.de\/wp-content\/uploads\/2023\/11\/20231119_143117-1-768x1034.jpg 768w, https:\/\/echta-derminga.de\/wp-content\/uploads\/2023\/11\/20231119_143117-1-1141x1536.jpg 1141w, https:\/\/echta-derminga.de\/wp-content\/uploads\/2023\/11\/20231119_143117-1-1521x2048.jpg 1521w, https:\/\/echta-derminga.de\/wp-content\/uploads\/2023\/11\/20231119_143117-1.jpg 1779w\" sizes=\"auto, (max-width: 700px) 100vw, 700px\" \/><\/figure>\n<\/div>\n<\/div>\n\n\n\n<p class=\"has-medium-font-size wp-block-paragraph\"><strong>Hier meine Rede zur Volkstrauertagszeremonie 2023:<\/strong><\/p>\n\n\n\n<p class=\"has-medium-font-size wp-block-paragraph\"><em>Sehr geehrte Pfarrerin Britt Goedeking, \u00a0Sehr geehrte Herr Dechant Pfarrer Thieser, sehr geehrter Herr Beigeordneter Michel vielen Dank f\u00fcr ihren Besuch in Vertretung unseres B\u00fcrgermeisters, verehrte Mitglieder des Orts- und Gemeinderates, sehr geehrter Mitglieder der Reservistenkameradschaft Illtal, liebe Mitglieder des L\u00f6schbezirks Dirmingen, Geehrter Herr Schuhmacher, Verehrte Mitglieder des evangelischen Posaunenchores Dirmingen vielen Dank f\u00fcr die musikalische Umrahmung, sehr geehrte anwesende Mitb\u00fcrger, vielen Dank, dass Sie alle mit mir gemeinsam diese Kranzniederlegung am Volkstrauertag zelebrieren.<\/em><\/p>\n\n\n\n<p class=\"has-medium-font-size wp-block-paragraph\"><em><strong>\u00abZerrei\u00dft den Mantel der Gleichg\u00fcltigkeit, den Ihr um Euren Herz gelegt!\u00bb Mit diesem Zitat der Widerstandsgruppe \u201eWei\u00dfe Rose\u201c m\u00f6chte ich Sie zu unserer diesj\u00e4hrigen Volkstrauertags Zeremonie begr\u00fc\u00dfen.<\/strong><\/em><\/p>\n\n\n\n<p class=\"has-medium-font-size wp-block-paragraph\"><em>Der Volkstrauertag ist ein Tag des stillen Gedenkens an alle Opfer von Krieg und Gewalt. Zeitgleich stellt uns dieser stille Gedenktag jedes Jahr aufs Neue vor die Frage, wie wir heute auf Krieg, Gewalt und Terror reagieren. Welche Bedeutung hat gerade in diesen Tage Frieden, Freiheit, Gerechtigkeit und Menschlichkeit? Brauchen wir mehr als 80 Jahre nach dem zweiten Weltkrieg immer noch einen solchen stillen Gedenktag? &nbsp;<\/em><\/p>\n\n\n\n<p class=\"has-medium-font-size wp-block-paragraph\"><strong><em>Ja, wir brauchen ihn! Wir brauchen ihn aus Respekt vor den Millionen Opfern von Krieg und Gewalt. Wir brauchen diesen Tag zum Innehalten und zum pers\u00f6nlichen Einordnen der kriegerischen oder terroristischen Geschehnisse. Jeder von uns hat w\u00e4hrend den letzten Weltkriegen Menschen aus seiner Familie verloren.<\/em><\/strong><\/p>\n\n\n\n<p class=\"has-medium-font-size wp-block-paragraph\"><em>Die Kriege des 20. Jahrhunderts haben Millionen von Opfern gefordert. Hinzu kommen Millionen Menschen, die verwundet, verst\u00fcmmelt oder entsetzlich entstellt wurden. Angesichts der unz\u00e4hligen Opfer von Krieg, Terror und Gewalt versagt unsere Vorstellungskraft.<\/em><\/p>\n\n\n\n<p class=\"has-medium-font-size wp-block-paragraph\"><strong><em>Mehr als 3.300 Bundeswehrangeh\u00f6rige sind seit der Gr\u00fcndung der Bundeswehr im Jahre 1955 in Aus\u00fcbung ihres Dienstes ums Leben gekommen, 116 von ihnen starben im Auslandseinsatz oder in anerkannten Missionen. In den letzten Jahren ist der Krieg langsam und schleichend in unsere Wohnzimmer zur\u00fcckgekommen. Wir f\u00fcrchten, dass unsere Soldaten in Zukunft verst\u00e4rkt zu den Waffen gerufen werden.<\/em><\/strong><\/p>\n\n\n\n<p class=\"has-medium-font-size wp-block-paragraph\"><em>Die Angst vor einem neuen Weltkrieg und einem Nuklearkrieg ist allgegenw\u00e4rtig und seltsamerweise n\u00e4her als je zuvor. Der Holocaust- \u00dcberlebende Max Mannheimer sagte einmal: \u201eIhr seid nicht schuld an dem, was war, aber verantwortlich daf\u00fcr, dass es nicht mehr geschieht. \u201c Sind wir im Begriff zu versagen?<\/em><\/p>\n\n\n\n<p class=\"has-medium-font-size wp-block-paragraph\"><strong><em>Letztens bin ich in den sozialen Medien \u00fcber einen interessanten Post gestolpert. Darin war zu lesen:\u201c &#8230; und wenn Euch Eure Kinder morgen fragen, &#8222;Was habt Ihr dagegen getan&#8220;, wollt Ihr dann wieder sagen &#8222;Wir haben nichts gewusst?&#8220; Zugegeben erweise bezog sich dieses Zitat auf den aufflammenden Antisemitismus und die Ausl\u00e4nderfeindlichkeit in unserem Land. Aber irgendwie zieht man zwangsl\u00e4ufig einen Vergleich zu den Kriegen dieser Welt.&nbsp;<\/em><\/strong><\/p>\n\n\n\n<p class=\"has-medium-font-size wp-block-paragraph\"><em>Nach dem ersten Weltkrieg musste unser Heimatort Dirmingen 55 Menschenopfer beklagen. Dabei handelte es sich in diesem Krieg \u00fcberwiegend um Soldaten, die an der Front starben. Der zweite Weltkrieg riss noch gr\u00f6\u00dfere Wunden in unseren Heimatort. Am Ende verloren 182 Menschen in den Kriegswirren ihr Leben. Im Fr\u00fchjahr des Jahres 1945 war f\u00fcr die Bev\u00f6lkerung unseres Heimatortes der Krieg zu Ende. Am Ende des zweiten Weltkrieges war unser Heimatort mit 25 Fliegerangriffen die meist bombardierteste Ortschaft unseres Landkreises.<\/em><\/p>\n\n\n\n<p class=\"has-medium-font-size wp-block-paragraph\"><strong><em>Erstmals waren massive Opfer in der Bev\u00f6lkerung zu beklagen. Allein 20 B\u00fcrgerinnen und B\u00fcrger starben w\u00e4hrend den massiven Angriffen auf unser Dorf. Das j\u00fcngste Opfer war grade einmal zwei Jahre alt. \u00dcber 20 Geb\u00e4ude darunter die katholische Kirche, das Gemeindehaus und das Feuerwehrhaus wurden zerst\u00f6rt. Am 13.M\u00e4rz 1945 berichtet der Kriegsberichter, dass es nach den vielen schweren Luftangriff kaum noch ein unbesch\u00e4digtes Haus in Dirmingen gab. Am 16.M\u00e4rz 1945 m\u00fcssen in Dirmingen katastrophale Zust\u00e4nde geherrscht haben. \u00dcber 95% der H\u00e4user und Geb\u00e4uden waren durch Luftangriffe zumindest in Mitleidenschaft gezogen.<\/em><\/strong><\/p>\n\n\n\n<p class=\"has-medium-font-size wp-block-paragraph\"><em>Heute Gedenken wir auch den vielen Zivilisten darunter Familien und Kinder, die beispielsweise in der Ukraine oder im Gaza-Streifen unter den Kriegswirren leiden. Das alles gab es auch hier bei uns in unserem Dorf. Am 25. November 1944 um 22 Uhr: Dirmingen unter Dauerbeschuss, Trommelfeuer, Blitzlichtbombe in H\u00f6he G\u00e4nseberg, im Dorf: Haus Jakob und Haus Kiefer total bis leicht besch\u00e4digt, mehrere Frauen verletzt, ein Offizier gefallen. Auch &nbsp;Erinnerungen an den Heiligabend 1944 werden wach: Haus Br\u00fcck, Haus Klein, Haus Schorr, Haus Schneider und ein Bauernhaus im M\u00fcllbach vollkommen zerst\u00f6rt, 4 Frauen verwundet, mehrere leicht verletzt, 2 Soldaten gefallen. Ein Angriff um 12:45 und ein Angriff um 16:00 Uhr. Die katholische Lehrerin Anna Andres schrieb damals: \u201eAm Heiligen Abend 1944 erlebte das Dorf wieder zwei schwere Jabo Angriffe und es waren Menschenleben und gro\u00dfer Sachschaden zu beklagen. Die Bewohner verbrachten diesen Heiligen Abend in Bunkern und Kellern. Zeitensprung! Wie mag es den Menschen in den Kriegsgebieten dieser Welt im kommenden Weihnachtsfest ergehen?<\/em><\/p>\n\n\n\n<p class=\"has-medium-font-size wp-block-paragraph\"><strong><em>Von der Widerstandsk\u00e4mpferin Sophie Scholl, die ich pers\u00f6nlich sehr sch\u00e4tze und verehre stammt das Zitat; \u00abIch kann es nicht begreifen, dass nun dauernd Menschen in Lebensgefahr gebracht werden von anderen Menschen. Ich kann es nie begreifen und ich finde es entsetzlich. Sag nicht, es ist f\u00fcr\u2019s Vaterland.\u00bb<\/em><\/strong><\/p>\n\n\n\n<p class=\"has-medium-font-size wp-block-paragraph\"><em>Liebe G\u00e4ste. Jetzt ist die Zeit, Zeichen zu setzen und aus dem Slogan \u201eNie wieder\u201c gerecht zu werden und echte Fakten zu schaffen. Wir haben uns heute hier an dem neuen Mahnmal auf dem Friedhof versammelt um den Opfern von Krieg, Terror, Fremdenhass und Gewalt zu gedenken.<\/em><\/p>\n\n\n\n<p class=\"has-medium-font-size wp-block-paragraph\"><strong><em>Dabei hat die heutige Kranzniederlegung keinen heroischen Stellenwert. Vielmehr geht es uns darum, den Frieden und die Menschlichkeit in den Mittelpunkt zu stellen. Wir m\u00fcssen unsere Gedenkst\u00e4hle vor dieser Einsegnungshalle als Mahnmal verstehen. Genau unter diesem Gesichtspunkt macht eine Kranzniederlegung Sinn. An diesem Mahnmal erinnern wir uns daran, dass Krieg, Hass, Verfolgung, Fremdenhass und Terror keinen Platz in unserer Gesellschaft haben.<\/em><\/strong><\/p>\n\n\n\n<p class=\"has-medium-font-size wp-block-paragraph\"><em>Ich m\u00f6chte mit einem weiteren Zitat von Sophie Scholl enden:\u201c \u00abMan muss etwas machen, um selbst keine Schuld zu haben. Dazu brauchen wir einen harten Geist und ein weiches Herz. Wir haben alle unsere Ma\u00dfst\u00e4be in uns selbst, nur suchen wir sie zu wenig.\u00bb &nbsp;<\/em><\/p>\n\n\n\n<p class=\"has-medium-font-size wp-block-paragraph\"><em>Dieses Mahnmal soll uns immer wieder seine wahre Botschaft vor Augen f\u00fchren: Nie wieder Krieg! JETZT ist Nie wieder! Lassen Sie uns unmittelbar nach der Kranzniederlegung bei der Musik des Posaunenchors ein pers\u00f6nliches Zeichen des Friedens setzen. Reichen wir uns die H\u00e4nde und setzen ein gemeinsames Zeichen f\u00fcr Frieden, Menschlichkeit und Freiheit.<\/em><\/p>\n\n\n\n<p class=\"has-medium-font-size wp-block-paragraph\"><strong><em>In Gedenken an die Opfer von Krieg, Terror, Fremdenhass und Gewalt insbesondere auch in unserem Heimatort Dirmingen legen wir im Namen unserer Dorfgemeinschaft und des Ortsrates Dirmingen diesen Ehrenkranz nieder.<\/em><\/strong><\/p>\n\n\n\n<p class=\"has-medium-font-size wp-block-paragraph\">Ortsvorsteher<\/p>\n\n\n\n<p class=\"has-medium-font-size wp-block-paragraph\">Frank Klein<\/p>\n\n\n<div class=\"wp-block-image\">\n<figure class=\"aligncenter size-large\"><img loading=\"lazy\" decoding=\"async\" width=\"700\" height=\"550\" src=\"https:\/\/echta-derminga.de\/wp-content\/uploads\/2023\/11\/404419440_6824906880937312_6088158487256300000_n-1-700x550.jpg\" alt=\"\" class=\"wp-image-16119\" srcset=\"https:\/\/echta-derminga.de\/wp-content\/uploads\/2023\/11\/404419440_6824906880937312_6088158487256300000_n-1-700x550.jpg 700w, https:\/\/echta-derminga.de\/wp-content\/uploads\/2023\/11\/404419440_6824906880937312_6088158487256300000_n-1-300x236.jpg 300w, https:\/\/echta-derminga.de\/wp-content\/uploads\/2023\/11\/404419440_6824906880937312_6088158487256300000_n-1-768x603.jpg 768w, https:\/\/echta-derminga.de\/wp-content\/uploads\/2023\/11\/404419440_6824906880937312_6088158487256300000_n-1.jpg 960w\" sizes=\"auto, (max-width: 700px) 100vw, 700px\" \/><\/figure>\n<\/div>\n\n\n<div class=\"wp-block-columns is-layout-flex wp-container-core-columns-is-layout-8f761849 wp-block-columns-is-layout-flex\">\n<div class=\"wp-block-column is-layout-flow wp-block-column-is-layout-flow\">\n<figure class=\"wp-block-image size-large\"><img loading=\"lazy\" decoding=\"async\" width=\"700\" height=\"933\" src=\"https:\/\/echta-derminga.de\/wp-content\/uploads\/2023\/11\/402981605_6824908790937121_5781602170508834823_n-700x933.jpg\" alt=\"\" class=\"wp-image-16131\" srcset=\"https:\/\/echta-derminga.de\/wp-content\/uploads\/2023\/11\/402981605_6824908790937121_5781602170508834823_n-700x933.jpg 700w, https:\/\/echta-derminga.de\/wp-content\/uploads\/2023\/11\/402981605_6824908790937121_5781602170508834823_n-225x300.jpg 225w, https:\/\/echta-derminga.de\/wp-content\/uploads\/2023\/11\/402981605_6824908790937121_5781602170508834823_n-768x1024.jpg 768w, https:\/\/echta-derminga.de\/wp-content\/uploads\/2023\/11\/402981605_6824908790937121_5781602170508834823_n-1152x1536.jpg 1152w, https:\/\/echta-derminga.de\/wp-content\/uploads\/2023\/11\/402981605_6824908790937121_5781602170508834823_n.jpg 1368w\" sizes=\"auto, (max-width: 700px) 100vw, 700px\" \/><\/figure>\n<\/div>\n\n\n\n<div class=\"wp-block-column is-layout-flow wp-block-column-is-layout-flow\">\n<figure class=\"wp-block-image size-large\"><img loading=\"lazy\" decoding=\"async\" width=\"700\" height=\"933\" src=\"https:\/\/echta-derminga.de\/wp-content\/uploads\/2023\/11\/404220194_6824909147603752_1991692723821491387_n-700x933.jpg\" alt=\"\" class=\"wp-image-16132\" srcset=\"https:\/\/echta-derminga.de\/wp-content\/uploads\/2023\/11\/404220194_6824909147603752_1991692723821491387_n-700x933.jpg 700w, https:\/\/echta-derminga.de\/wp-content\/uploads\/2023\/11\/404220194_6824909147603752_1991692723821491387_n-225x300.jpg 225w, https:\/\/echta-derminga.de\/wp-content\/uploads\/2023\/11\/404220194_6824909147603752_1991692723821491387_n-768x1024.jpg 768w, https:\/\/echta-derminga.de\/wp-content\/uploads\/2023\/11\/404220194_6824909147603752_1991692723821491387_n-1152x1536.jpg 1152w, https:\/\/echta-derminga.de\/wp-content\/uploads\/2023\/11\/404220194_6824909147603752_1991692723821491387_n.jpg 1368w\" sizes=\"auto, (max-width: 700px) 100vw, 700px\" \/><\/figure>\n<\/div>\n<\/div>\n","protected":false},"excerpt":{"rendered":"<p>Drau\u00dfen vor der Festung, bis zum Horizont, Lagern sie und warten, n\u00e4her r\u00fcckt die Front, Grollende Kanonen, Angst in ihrem Blick, Hunger reckt die Arme, nirgends geht&#8217;s zur\u00fcck, Aufmerksam die Wachen, kalt und konsequent, Selbst schuld, wer den Sch\u00e4del gegen Mauern rennt, Du wirst nie zu Hause sein, Wenn du keinen Gast, keine Freunde hast, Dir f\u00e4llt nie der Zauber<\/p>\n","protected":false},"author":1,"featured_media":16119,"comment_status":"open","ping_status":"closed","sticky":false,"template":"","format":"standard","meta":{"_crdt_document":"","footnotes":""},"categories":[1,9,902,46,8],"tags":[5,618,127,795,310,1099,1094],"class_list":["post-16108","post","type-post","status-publish","format-standard","has-post-thumbnail","hentry","category-allgemein","category-dorfgetratsche","category-meine-meinung","category-meine-politik","category-sellemols-und-awweile","tag-dirmingen","tag-gemeinde-eppelborn","tag-landkreis-neunkirchen","tag-ortsvorsteher-dirmingen","tag-saarland","tag-stiller-gedenktag","tag-volkstrauertag-2023"],"_links":{"self":[{"href":"https:\/\/echta-derminga.de\/index.php?rest_route=\/wp\/v2\/posts\/16108","targetHints":{"allow":["GET"]}}],"collection":[{"href":"https:\/\/echta-derminga.de\/index.php?rest_route=\/wp\/v2\/posts"}],"about":[{"href":"https:\/\/echta-derminga.de\/index.php?rest_route=\/wp\/v2\/types\/post"}],"author":[{"embeddable":true,"href":"https:\/\/echta-derminga.de\/index.php?rest_route=\/wp\/v2\/users\/1"}],"replies":[{"embeddable":true,"href":"https:\/\/echta-derminga.de\/index.php?rest_route=%2Fwp%2Fv2%2Fcomments&post=16108"}],"version-history":[{"count":8,"href":"https:\/\/echta-derminga.de\/index.php?rest_route=\/wp\/v2\/posts\/16108\/revisions"}],"predecessor-version":[{"id":16136,"href":"https:\/\/echta-derminga.de\/index.php?rest_route=\/wp\/v2\/posts\/16108\/revisions\/16136"}],"wp:featuredmedia":[{"embeddable":true,"href":"https:\/\/echta-derminga.de\/index.php?rest_route=\/wp\/v2\/media\/16119"}],"wp:attachment":[{"href":"https:\/\/echta-derminga.de\/index.php?rest_route=%2Fwp%2Fv2%2Fmedia&parent=16108"}],"wp:term":[{"taxonomy":"category","embeddable":true,"href":"https:\/\/echta-derminga.de\/index.php?rest_route=%2Fwp%2Fv2%2Fcategories&post=16108"},{"taxonomy":"post_tag","embeddable":true,"href":"https:\/\/echta-derminga.de\/index.php?rest_route=%2Fwp%2Fv2%2Ftags&post=16108"}],"curies":[{"name":"wp","href":"https:\/\/api.w.org\/{rel}","templated":true}]}}