{"id":16179,"date":"2023-11-26T15:45:23","date_gmt":"2023-11-26T14:45:23","guid":{"rendered":"https:\/\/echta-derminga.de\/?p=16179"},"modified":"2023-11-26T15:48:49","modified_gmt":"2023-11-26T14:48:49","slug":"neues-heimatheft-des-foerderkreis-fuer-heimatkunde-und-denkmalpflege-e-v-2","status":"publish","type":"post","link":"https:\/\/echta-derminga.de\/?p=16179","title":{"rendered":"Dirminger Geschichte im neuen Heimatheft des F\u00f6rderkreis f\u00fcr Heimatkunde und Denkmalpflege e.V"},"content":{"rendered":"\n<p class=\"has-medium-font-size wp-block-paragraph\"><strong>Nachdem ich bereits am 18. und 19. Heimatheft des F\u00f6rdervereins f\u00fcr Heimatkunde und Denkmalpflege e.V mitgearbeitet und einen ausf\u00fchrlichen Bericht zum Thema \u201cDerminga Kerb\u201d und &#8222;Sch\u00e4fer Brauerei Dirmingen&#8220; eingereicht hatte, durfte ich nun auch zur diesj\u00e4hrigen Neuausgabe meinen Beitrag leisten. Ich bin m\u00e4chtig stolz auf meine Beteiligung an dem diesj\u00e4hrigen 21. Eppelborner Heimatheft. Schlie\u00dflich tr\u00e4umt man als Heimatforscher davon, mit eigenen Publikationen auf seine eigene Forschungsarbeit aufmerksam zu machen. <\/strong><\/p>\n\n\n\n<p class=\"has-medium-font-size wp-block-paragraph\"><strong>In der neuen Ausgabe des Heimatheftes, dass am 28.12.23 w\u00e4hrend einer Feierstunde vorgestellt wird, findet man meinen ausf\u00fchrlichen Bericht \u00fcber die Entstehung und die Geschichte der &#8222;Alten M\u00fchle&#8220; in Dirmingen.<\/strong><\/p>\n\n\n\n<p class=\"has-medium-font-size wp-block-paragraph\">Im Eppelborner Heimatheftes, dass alle zwei Jahre ver\u00f6ffentlicht wird, findet man historische und biographische Beitr\u00e4ge aus unserer Heimatgemeinde. In der Regel werden die Beitr\u00e4ge von Heimatforschern oder geschichtlich interessierten Mitb\u00fcrger\/innen verfasst. Der F\u00f6rderkreis f\u00fcr Heimatkunde und Denkmalpflege Eppelborn e.V. wurde im Jahre 1979 gegr\u00fcndet. Er versteht sich der Verein als Interessenvertreter aller heimatverbundenen B\u00fcrger der Gro\u00dfgemeinde, bestehend aus den einstmals selbst\u00e4ndigen Gemeinden Bubach-Calmesweiler, Dirmingen, Eppelborn, Habach, Hierscheid, Humes, Macherbach und Wiesbach. Die aktiven Mitglieder, ca. 60 an der Zahl, engagieren sich auf vielf\u00e4ltige Weise und verfolgen die nachstehend genannten Ziele: Erforschung und Publizierung der Heimatgeschichte, Mitwirkung bei der Denkmalpflege des Landesdenkmalamtes, Betreiben von Ahnen- und Familienforschung in allen Gemeindebezirken, Erhaltung alter Sitten und Br\u00e4uche, Pflege der heimischen Mundart, Sammlung und Archivierung von Dokumenten zur Eppelborner Geschichte, Unterhaltung und Betreuung des Eppelborner Heimatmuseums, Sammlung von alten Fotos und Pr\u00e4sentation im Rahmen von Ausstellungen.<\/p>\n\n\n<div class=\"wp-block-image\">\n<figure class=\"aligncenter size-large\"><img loading=\"lazy\" decoding=\"async\" width=\"700\" height=\"537\" src=\"https:\/\/echta-derminga.de\/wp-content\/uploads\/2023\/11\/Eppelborner-Heimatheft-700x537.png\" alt=\"\" class=\"wp-image-16181\" srcset=\"https:\/\/echta-derminga.de\/wp-content\/uploads\/2023\/11\/Eppelborner-Heimatheft-700x537.png 700w, https:\/\/echta-derminga.de\/wp-content\/uploads\/2023\/11\/Eppelborner-Heimatheft-300x230.png 300w, https:\/\/echta-derminga.de\/wp-content\/uploads\/2023\/11\/Eppelborner-Heimatheft-768x589.png 768w, https:\/\/echta-derminga.de\/wp-content\/uploads\/2023\/11\/Eppelborner-Heimatheft.png 874w\" sizes=\"auto, (max-width: 700px) 100vw, 700px\" \/><\/figure>\n<\/div>\n\n\n<p class=\"has-medium-font-size wp-block-paragraph\">Insbesondere auf dem Gebiet der Heimatgeschichte und der Fotopr\u00e4sentation konnten beachtliche Erfolge erzielt werden. Die Herausgabe von insgesamt 21 Heimatheften in \u00fcber 30 Jahren und allj\u00e4hrliche Fotoausstellungen zur Pfingstkirmes sind hierf\u00fcr ein ausreichender Beweis. Aber auch die Genealogen des Vereines haben&nbsp; flei\u00dfig gearbeitet. Familienb\u00fccher f\u00fcr Eppelborn, Dirmingen und Wiesbach\/Humes konnten bereits vorgestellt werden. Sorgenkind unseres Vereines ist das 1980 eingerichtete Heimatmuseum.<\/p>\n\n\n\n<p class=\"has-medium-font-size wp-block-paragraph\"><strong>Vielleicht m\u00f6chtet ihr das Buch einem Familienmitglied, Freund oder Bekannten unter den Weihnachtsbaum legen. W\u00fcrde mich echt freuen, wenn unsere Heimatgeschichte weiter in die Welt getragen w\u00fcrde. Neben meinem Text findet ihr in dem Buch weitere Berichte und Geschichten von Dirmingen. Dabei wird unter anderem \u00fcber das KZ-Opfer Rudolf Wohlfart aus Dirmingen berichtet. Seit der Verlegung seines Stolpersteins vor seinem Wohnhaus d\u00fcrfte der Name Rudolf Wohlfart f\u00fcr jeden echten Dirminger ein Begriff sein. In seinem Text berichtet Dr. Werner\u00a0Morgenthal\u00a0\u00fcber das Leben, die Gefangenschaft und das Sterben des Dirmingers. Ausserdem wird in der neuesten Ausgabe des Heimatheftes \u00fcber das mysteri\u00f6se Ableben eines Dirminger F\u00f6rsters berichtet. Dazu, wie bereits erw\u00e4hnt, mein pers\u00f6nlicher Aufsatz \u00fcber die Entstehung und Entwicklung der &#8222;Alten M\u00fchle&#8220;. <\/strong><\/p>\n\n\n\n<p class=\"has-medium-font-size wp-block-paragraph\"><strong>Das nunmehr 21. Eppelborner Heimatheft wird am Dienstag, 28. November 2023 um 18:30 Uhr im Ko\u00dfmannforum des Big Eppel, in Eppelborn, Europaplatz 4 vorgestellt.  Diese neueste Publikation des F\u00f6rderkreises f\u00fcr Heimatkunde und Denkmalpflege Eppelborn, ein bestens geeignetes Weihnachtsgeschenk, kann ab dem 1. Dezember zum Preis von 15,00 \u20ac bei folgenden Verkaufsstellen erworben werden:<\/strong><\/p>\n\n\n\n<p class=\"has-medium-font-size wp-block-paragraph\">levoBank in Eppelborn, Wiesbach, Dirmingen und Humes<\/p>\n\n\n\n<p class=\"has-medium-font-size wp-block-paragraph\">Sparkasse Neunkirchen in Eppelborn<\/p>\n\n\n\n<p class=\"has-medium-font-size wp-block-paragraph\">Cafe Resch, Eppelborn, Am Markt 12<\/p>\n\n\n\n<p class=\"has-medium-font-size wp-block-paragraph\">Tabak &amp; More, Eppelborn, Europaplatz 2<\/p>\n\n\n\n<p class=\"has-medium-font-size wp-block-paragraph\">Gemeindeverwaltung Eppelborn, B\u00fcrgerinfo, Rathausstr. 27<\/p>\n","protected":false},"excerpt":{"rendered":"<p>Nachdem ich bereits am 18. und 19. Heimatheft des F\u00f6rdervereins f\u00fcr Heimatkunde und Denkmalpflege e.V mitgearbeitet und einen ausf\u00fchrlichen Bericht zum Thema \u201cDerminga Kerb\u201d und &#8222;Sch\u00e4fer Brauerei Dirmingen&#8220; eingereicht hatte, durfte ich nun auch zur diesj\u00e4hrigen Neuausgabe meinen Beitrag leisten. Ich bin m\u00e4chtig stolz auf meine Beteiligung an dem diesj\u00e4hrigen 21. Eppelborner Heimatheft. Schlie\u00dflich tr\u00e4umt man als Heimatforscher davon, mit<\/p>\n","protected":false},"author":1,"featured_media":16181,"comment_status":"open","ping_status":"closed","sticky":false,"template":"","format":"standard","meta":{"_crdt_document":"","footnotes":""},"categories":[1,9,8],"tags":[5,962,618,127,310],"class_list":["post-16179","post","type-post","status-publish","format-standard","has-post-thumbnail","hentry","category-allgemein","category-dorfgetratsche","category-sellemols-und-awweile","tag-dirmingen","tag-eppelborner-heimatheft","tag-gemeinde-eppelborn","tag-landkreis-neunkirchen","tag-saarland"],"_links":{"self":[{"href":"https:\/\/echta-derminga.de\/index.php?rest_route=\/wp\/v2\/posts\/16179","targetHints":{"allow":["GET"]}}],"collection":[{"href":"https:\/\/echta-derminga.de\/index.php?rest_route=\/wp\/v2\/posts"}],"about":[{"href":"https:\/\/echta-derminga.de\/index.php?rest_route=\/wp\/v2\/types\/post"}],"author":[{"embeddable":true,"href":"https:\/\/echta-derminga.de\/index.php?rest_route=\/wp\/v2\/users\/1"}],"replies":[{"embeddable":true,"href":"https:\/\/echta-derminga.de\/index.php?rest_route=%2Fwp%2Fv2%2Fcomments&post=16179"}],"version-history":[{"count":7,"href":"https:\/\/echta-derminga.de\/index.php?rest_route=\/wp\/v2\/posts\/16179\/revisions"}],"predecessor-version":[{"id":16187,"href":"https:\/\/echta-derminga.de\/index.php?rest_route=\/wp\/v2\/posts\/16179\/revisions\/16187"}],"wp:featuredmedia":[{"embeddable":true,"href":"https:\/\/echta-derminga.de\/index.php?rest_route=\/wp\/v2\/media\/16181"}],"wp:attachment":[{"href":"https:\/\/echta-derminga.de\/index.php?rest_route=%2Fwp%2Fv2%2Fmedia&parent=16179"}],"wp:term":[{"taxonomy":"category","embeddable":true,"href":"https:\/\/echta-derminga.de\/index.php?rest_route=%2Fwp%2Fv2%2Fcategories&post=16179"},{"taxonomy":"post_tag","embeddable":true,"href":"https:\/\/echta-derminga.de\/index.php?rest_route=%2Fwp%2Fv2%2Ftags&post=16179"}],"curies":[{"name":"wp","href":"https:\/\/api.w.org\/{rel}","templated":true}]}}