{"id":16282,"date":"2023-12-14T13:40:41","date_gmt":"2023-12-14T12:40:41","guid":{"rendered":"https:\/\/echta-derminga.de\/?p=16282"},"modified":"2023-12-14T13:40:43","modified_gmt":"2023-12-14T12:40:43","slug":"in-sachen-ortsvorsteher-von-einem-ereignisreichen-advent-und-der-hoffnung-auf-frohe-weihnachten-im-derminga-doerfche","status":"publish","type":"post","link":"https:\/\/echta-derminga.de\/?p=16282","title":{"rendered":"In Sachen Ortsvorsteher: Von einem ereignisreichen Advent und der Hoffnung auf frohe Weihnachten im &#8222;Derminga D\u00f6rfche&#8220;"},"content":{"rendered":"\n<p class=\"has-medium-font-size wp-block-paragraph\">Liebe Mitb\u00fcrgerinnen, liebe Mitb\u00fcrger,<\/p>\n\n\n\n<p class=\"has-medium-font-size wp-block-paragraph\">Advent \u2013 Zeit der Ankunft &#8211; Zeit zur inneren Ruhe und Besinnlichkeit. P\u00fcnktlich zum diesj\u00e4hrigen \u201eMittelalterlichen Weihnachtsmarkt\u201c erlebte unser Dorf den ersten Wintereinbruch. Der Schneefall sorgte f\u00fcr die ersten vorweihnachtlichen Gef\u00fchle und besinnliche Momente. Der \u201eMittelalterliche Weihnachtsmarkt\u201c hingegen hat alle gesteckten Erwartungen erf\u00fcllt. Tausende von Besucherinnen und Besucher genossen das bunte Markttreiben an der \u201eDerminga Burg Borrwiesa\u201c. Vielen lieben Dank an alle teilnehmenden Vereine und Organisationen. In der Adventszeit finden in unserem Dorf zahlreiche Veranstaltungen statt. Nat\u00fcrlich k\u00f6nnen Sie auch in diesem Jahr bei einem Besuch im \u201eKl\u00e4se Keller\u201c die Adventszeit genie\u00dfen. \u00dcbrigens: Das Wort &#8222;Advent&#8220; leitet sich vom lateinischen &#8222;Adventus&#8220; ab und bedeutet soviel wie &#8222;Ankunft&#8220;<strong>.<\/strong> F\u00fcr Christen ist der Advent die Zeit der Erwartung auf die Ankunft des Erl\u00f6sers Jesus Christus. Ich w\u00fcnsche Ihnen, dass Sie in dieser oftmals stressigen Adventszeit ihre pers\u00f6nliche Ankunft finden.<\/p>\n\n\n\n<p class=\"has-medium-font-size wp-block-paragraph\"><strong>Mittelalterlicher Weihnachtsmarkt in Dirmingen<\/strong><\/p>\n\n\n\n<p class=\"has-medium-font-size wp-block-paragraph\">Unser \u201cMittelalterlicher Weihnachtsmarkt\u201d in Dirmingen lockte am ersten Adventswochenende tausende von Besuchern aus der gesamten Region an. Rund um die Dirminger Borrwieshalle fand der gr\u00f6\u00dfte Weihnachtsmarkt unserer Gemeinde und sicherlich auch einer der sch\u00f6nsten im gesamten Illtal statt. Der Kulturverein Dirmingen und die teilnehmenden Vereine und Organisationen steckten erneut enorm viel Herzblut in diesen besonderen Markt. Dabei standen im Vorfeld der Veranstaltung eine Vielzahl von Vorbereitungs- und Aufbauarbeiten an. Kaum eine andere Veranstaltung verlangt unserer Dorfgemeinschaft mehr an ehrenamtlichem Engagement ab. Schon zwei Wochen vor dem Markttreiben wurde mit vereinten Kr\u00e4ften am einzigartigen Ambiente des Marktes gearbeitet. Genau, dass bewirkt am Ende wahre Wunder in unserer Dorfgemeinschaft. Der Mittelalterliche Weihnachtsmarkt in Dirmingen st\u00e4rkt jedes Jahr aufs Neue unsere Dorfgemeinschaft. Vielen Dank an alle teilnehmenden Vereine, Organisationen und an alle Besucherinnen und Besucher. Ein besonderer Dank geht an den Kulturverein Dirmingen um seinen Vorsitzenden Reimund Klein und dem tollen Organisationsteam.<\/p>\n\n\n\n<div class=\"wp-block-columns is-layout-flex wp-container-core-columns-is-layout-8f761849 wp-block-columns-is-layout-flex\">\n<div class=\"wp-block-column is-layout-flow wp-block-column-is-layout-flow\">\n<figure class=\"wp-block-image size-large\"><img loading=\"lazy\" decoding=\"async\" width=\"700\" height=\"500\" src=\"https:\/\/echta-derminga.de\/wp-content\/uploads\/2023\/12\/A7_4719-700x500.jpg\" alt=\"\" class=\"wp-image-16262\" srcset=\"https:\/\/echta-derminga.de\/wp-content\/uploads\/2023\/12\/A7_4719-700x500.jpg 700w, https:\/\/echta-derminga.de\/wp-content\/uploads\/2023\/12\/A7_4719-300x214.jpg 300w, https:\/\/echta-derminga.de\/wp-content\/uploads\/2023\/12\/A7_4719-768x549.jpg 768w, https:\/\/echta-derminga.de\/wp-content\/uploads\/2023\/12\/A7_4719-1536x1097.jpg 1536w, https:\/\/echta-derminga.de\/wp-content\/uploads\/2023\/12\/A7_4719-2048x1463.jpg 2048w\" sizes=\"auto, (max-width: 700px) 100vw, 700px\" \/><\/figure>\n<\/div>\n\n\n\n<div class=\"wp-block-column is-layout-flow wp-block-column-is-layout-flow\">\n<figure class=\"wp-block-image size-large\"><img loading=\"lazy\" decoding=\"async\" width=\"700\" height=\"564\" src=\"https:\/\/echta-derminga.de\/wp-content\/uploads\/2023\/12\/407718382_6875575839203749_2476991360405063276_n-1-700x564.jpg\" alt=\"\" class=\"wp-image-16241\" srcset=\"https:\/\/echta-derminga.de\/wp-content\/uploads\/2023\/12\/407718382_6875575839203749_2476991360405063276_n-1-700x564.jpg 700w, https:\/\/echta-derminga.de\/wp-content\/uploads\/2023\/12\/407718382_6875575839203749_2476991360405063276_n-1-300x242.jpg 300w, https:\/\/echta-derminga.de\/wp-content\/uploads\/2023\/12\/407718382_6875575839203749_2476991360405063276_n-1-768x619.jpg 768w, https:\/\/echta-derminga.de\/wp-content\/uploads\/2023\/12\/407718382_6875575839203749_2476991360405063276_n-1.jpg 981w\" sizes=\"auto, (max-width: 700px) 100vw, 700px\" \/><\/figure>\n<\/div>\n<\/div>\n\n\n\n<p class=\"has-medium-font-size wp-block-paragraph\"><strong>Herzlichen Gl\u00fcckwunsch zum 90. Geburtstag<\/strong><\/p>\n\n\n\n<p class=\"has-medium-font-size wp-block-paragraph\">Am Freitag, 08. Dezember 2023 feierte Pietro Varano sein nunmehr 90. Wiengenfest. Der gelernte Maurer hat bereits im Jahre 1956 in Dirmingen eine neue Heimat gefunden. Gemeinsam mit seiner Ehefrau Maria hat der geb\u00fcrtige Italiener 3 Kinder, 5 Enkelkinder und einen Urenkel. Pietro Varano ist l\u00e4ngst zu einem echten Dirminger geworden und f\u00fchlt sich mit seiner Familie sichtlich wohl in unserem Heimatort. Gemeinsam mit seiner Familie wurde das 90. Wiegenfest ausgiebig gefeiert. Neben meinen pers\u00f6nlichen Gl\u00fcckw\u00fcnschen \u00fcberbrachte ich die Gratulationsgr\u00fc\u00dfe des B\u00fcrgermeisters Dr. Feld, des Landrates S\u00f6ren Meng, der Ministerpr\u00e4sidentin Anke Rehlinger und unseres Ortsrates. Herzlichen Gl\u00fcckwunsch auch an dieser Stelle und alles erdenklich Gute f\u00fcr die Zukunft.<\/p>\n\n\n<div class=\"wp-block-image\">\n<figure class=\"aligncenter size-large\"><img loading=\"lazy\" decoding=\"async\" width=\"700\" height=\"669\" src=\"https:\/\/echta-derminga.de\/wp-content\/uploads\/2023\/12\/Pietro-700x669.jpg\" alt=\"\" class=\"wp-image-16284\" srcset=\"https:\/\/echta-derminga.de\/wp-content\/uploads\/2023\/12\/Pietro-700x669.jpg 700w, https:\/\/echta-derminga.de\/wp-content\/uploads\/2023\/12\/Pietro-300x287.jpg 300w, https:\/\/echta-derminga.de\/wp-content\/uploads\/2023\/12\/Pietro-768x734.jpg 768w, https:\/\/echta-derminga.de\/wp-content\/uploads\/2023\/12\/Pietro.jpg 1333w\" sizes=\"auto, (max-width: 700px) 100vw, 700px\" \/><\/figure>\n<\/div>\n\n\n<p class=\"has-medium-font-size wp-block-paragraph\"><strong>Musikalischer Advent in Dirmingen<\/strong><\/p>\n\n\n\n<p class=\"has-medium-font-size wp-block-paragraph\">Der Evangelische Kirchenchor Dirmingen richtet seit vielen Jahrzehnten sein traditionelles Adventskonzert in der evangelischen Kirche Dirmingen aus. In diesem Jahr wurde der Chor vom Akkordeon Club Dirmingen und dem Ensemble sowie vom Solisten Patric Welsch unterst\u00fctzt.\u00a0 Das Konzert war mit fast 80 Menschen gut besucht. Das Team des Gasthaus Wutze Walter hingegen hatte unter dem Motto &#8222;Seemanns Weihnacht&#8220; ein gro\u00dfartiges Konzert des Shanty Chors MK SSS Passat in der Borrwieshalle durchgef\u00fchrt. Die Halle war bis auf den letzten Platz restlos besetzt. Am 15.\/16. Dezember ist es wieder Zeit f\u00fcr Zimtkl\u00e4nge. Das inzwischen traditionelle Konzert der drei Vollblutmusiker findet in der evangelischen Kirche Dirmingen statt. Unsere Musiker sorgen wie gewohnt f\u00fcr die optimale vorweihnachtliche Stimmung.<\/p>\n\n\n\n<div class=\"wp-block-columns is-layout-flex wp-container-core-columns-is-layout-8f761849 wp-block-columns-is-layout-flex\">\n<div class=\"wp-block-column is-layout-flow wp-block-column-is-layout-flow\">\n<figure class=\"wp-block-image size-large\"><img loading=\"lazy\" decoding=\"async\" width=\"700\" height=\"525\" src=\"https:\/\/echta-derminga.de\/wp-content\/uploads\/2023\/12\/409547694_6901750159919650_2477670510763471978_n-700x525.jpg\" alt=\"\" class=\"wp-image-16286\" srcset=\"https:\/\/echta-derminga.de\/wp-content\/uploads\/2023\/12\/409547694_6901750159919650_2477670510763471978_n-700x525.jpg 700w, https:\/\/echta-derminga.de\/wp-content\/uploads\/2023\/12\/409547694_6901750159919650_2477670510763471978_n-300x225.jpg 300w, https:\/\/echta-derminga.de\/wp-content\/uploads\/2023\/12\/409547694_6901750159919650_2477670510763471978_n-768x576.jpg 768w, https:\/\/echta-derminga.de\/wp-content\/uploads\/2023\/12\/409547694_6901750159919650_2477670510763471978_n-1536x1153.jpg 1536w, https:\/\/echta-derminga.de\/wp-content\/uploads\/2023\/12\/409547694_6901750159919650_2477670510763471978_n.jpg 1599w\" sizes=\"auto, (max-width: 700px) 100vw, 700px\" \/><\/figure>\n<\/div>\n\n\n\n<div class=\"wp-block-column is-layout-flow wp-block-column-is-layout-flow\">\n<figure class=\"wp-block-image size-full\"><img loading=\"lazy\" decoding=\"async\" width=\"640\" height=\"558\" src=\"https:\/\/echta-derminga.de\/wp-content\/uploads\/2023\/12\/378137963_920909499402011_3412445281619223790_n.jpg\" alt=\"\" class=\"wp-image-16326\" srcset=\"https:\/\/echta-derminga.de\/wp-content\/uploads\/2023\/12\/378137963_920909499402011_3412445281619223790_n.jpg 640w, https:\/\/echta-derminga.de\/wp-content\/uploads\/2023\/12\/378137963_920909499402011_3412445281619223790_n-300x262.jpg 300w\" sizes=\"auto, (max-width: 640px) 100vw, 640px\" \/><\/figure>\n<\/div>\n<\/div>\n\n\n<div class=\"wp-block-image\">\n<figure class=\"aligncenter size-large\"><img loading=\"lazy\" decoding=\"async\" width=\"700\" height=\"327\" src=\"https:\/\/echta-derminga.de\/wp-content\/uploads\/2023\/12\/409571964_6901721916589141_7021266830854832525_n-700x327.jpg\" alt=\"\" class=\"wp-image-16287\" srcset=\"https:\/\/echta-derminga.de\/wp-content\/uploads\/2023\/12\/409571964_6901721916589141_7021266830854832525_n-700x327.jpg 700w, https:\/\/echta-derminga.de\/wp-content\/uploads\/2023\/12\/409571964_6901721916589141_7021266830854832525_n-300x140.jpg 300w, https:\/\/echta-derminga.de\/wp-content\/uploads\/2023\/12\/409571964_6901721916589141_7021266830854832525_n-768x359.jpg 768w, https:\/\/echta-derminga.de\/wp-content\/uploads\/2023\/12\/409571964_6901721916589141_7021266830854832525_n-1536x717.jpg 1536w, https:\/\/echta-derminga.de\/wp-content\/uploads\/2023\/12\/409571964_6901721916589141_7021266830854832525_n.jpg 1600w\" sizes=\"auto, (max-width: 700px) 100vw, 700px\" \/><\/figure>\n<\/div>\n\n\n<p class=\"has-medium-font-size wp-block-paragraph\"><strong>Nikolausaktion der Kolpingfamilie Dirmingen<\/strong><\/p>\n\n\n\n<p class=\"has-medium-font-size wp-block-paragraph\">Die Kolpingfamilie Dirmingen richtet seit vielen Jahrzehnten ihre traditionelle Nikolausaktion aus. Jedes Jahr aufs Neue helfen engagierte Mitglieder des Vereins dem heiligen Nikolaus bei dem Besuch der Kinder. Dabei werden auch unsere beiden Kinderg\u00e4rten und die Grundschule Wiesbach-Dirmingen ber\u00fccksichtigt. Ich m\u00f6chte den wunderbaren Nikol\u00e4usen und den Ruprechten ganz herzlich f\u00fcr das ehrenamtliche Engagement danken. Die gesammelten Spenden dieser Aktion werden jedes Jahr einem karikativen Zweck zugef\u00fchrt. Gut f\u00fcr unsere Kinder und gut f\u00fcr Dirmingen !<\/p>\n\n\n\n<div class=\"wp-block-columns is-layout-flex wp-container-core-columns-is-layout-8f761849 wp-block-columns-is-layout-flex\">\n<div class=\"wp-block-column is-layout-flow wp-block-column-is-layout-flow\">\n<figure class=\"wp-block-image size-large\"><img loading=\"lazy\" decoding=\"async\" width=\"700\" height=\"375\" src=\"https:\/\/echta-derminga.de\/wp-content\/uploads\/2023\/12\/407942596_6886725284755471_1156947093742231017_n-700x375.jpg\" alt=\"\" class=\"wp-image-16289\" srcset=\"https:\/\/echta-derminga.de\/wp-content\/uploads\/2023\/12\/407942596_6886725284755471_1156947093742231017_n-700x375.jpg 700w, https:\/\/echta-derminga.de\/wp-content\/uploads\/2023\/12\/407942596_6886725284755471_1156947093742231017_n-300x161.jpg 300w, https:\/\/echta-derminga.de\/wp-content\/uploads\/2023\/12\/407942596_6886725284755471_1156947093742231017_n-768x412.jpg 768w, https:\/\/echta-derminga.de\/wp-content\/uploads\/2023\/12\/407942596_6886725284755471_1156947093742231017_n.jpg 1440w\" sizes=\"auto, (max-width: 700px) 100vw, 700px\" \/><\/figure>\n<\/div>\n\n\n\n<div class=\"wp-block-column is-layout-flow wp-block-column-is-layout-flow\">\n<figure class=\"wp-block-image size-large\"><img loading=\"lazy\" decoding=\"async\" width=\"700\" height=\"506\" src=\"https:\/\/echta-derminga.de\/wp-content\/uploads\/2023\/12\/407943625_6886718911422775_1191734149510305374_n-700x506.jpg\" alt=\"\" class=\"wp-image-16290\" srcset=\"https:\/\/echta-derminga.de\/wp-content\/uploads\/2023\/12\/407943625_6886718911422775_1191734149510305374_n-700x506.jpg 700w, https:\/\/echta-derminga.de\/wp-content\/uploads\/2023\/12\/407943625_6886718911422775_1191734149510305374_n-300x217.jpg 300w, https:\/\/echta-derminga.de\/wp-content\/uploads\/2023\/12\/407943625_6886718911422775_1191734149510305374_n-768x555.jpg 768w, https:\/\/echta-derminga.de\/wp-content\/uploads\/2023\/12\/407943625_6886718911422775_1191734149510305374_n-1536x1109.jpg 1536w, https:\/\/echta-derminga.de\/wp-content\/uploads\/2023\/12\/407943625_6886718911422775_1191734149510305374_n.jpg 2048w\" sizes=\"auto, (max-width: 700px) 100vw, 700px\" \/><\/figure>\n<\/div>\n<\/div>\n\n\n\n<p class=\"has-medium-font-size wp-block-paragraph\"><strong>Weihnachtsb\u00e4ume in Dirmingen<\/strong><\/p>\n\n\n\n<p class=\"has-medium-font-size wp-block-paragraph\">In dieser Woche beginnt bei den \u201eDerminga Weihnachtsbaumaktionen\u201c die hei\u00dfe Verkaufsphase. Alle Verkaufsst\u00e4nde bieten zudem die Gelegenheit zum Aufw\u00e4rmen oder Gl\u00fchweintanken. Traditionell trifft sich unsere Dorfgemeinschaft am Verkaufsstand des Kulturvereins am \u201eKl\u00e4se Keller\u201c. Ebenso haben Sie die Gelegenheit bei Volker Klein, in der Waldstra\u00dfe, oder bei dem Dirminger Elmar Kiefer, in Uchtelfangen, ihren Weihnachtsbaum zu kaufen. Machen Sie von unserem Angebot Gebrauch! Ich w\u00fcnsche unseren &#8222;Baumverk\u00e4ufern&#8220; viel Erfolg !<\/p>\n\n\n\n<div class=\"wp-block-columns is-layout-flex wp-container-core-columns-is-layout-8f761849 wp-block-columns-is-layout-flex\">\n<div class=\"wp-block-column is-layout-flow wp-block-column-is-layout-flow\">\n<figure class=\"wp-block-image size-full\"><img loading=\"lazy\" decoding=\"async\" width=\"450\" height=\"608\" src=\"https:\/\/echta-derminga.de\/wp-content\/uploads\/2023\/12\/407373699_6881537555274244_7997396158930485488_n-1.jpg\" alt=\"\" class=\"wp-image-16292\" srcset=\"https:\/\/echta-derminga.de\/wp-content\/uploads\/2023\/12\/407373699_6881537555274244_7997396158930485488_n-1.jpg 450w, https:\/\/echta-derminga.de\/wp-content\/uploads\/2023\/12\/407373699_6881537555274244_7997396158930485488_n-1-222x300.jpg 222w\" sizes=\"auto, (max-width: 450px) 100vw, 450px\" \/><\/figure>\n<\/div>\n\n\n\n<div class=\"wp-block-column is-layout-flow wp-block-column-is-layout-flow\">\n<figure class=\"wp-block-image size-large\"><img loading=\"lazy\" decoding=\"async\" width=\"700\" height=\"520\" src=\"https:\/\/echta-derminga.de\/wp-content\/uploads\/2023\/12\/407257073_7074146782641479_3244942066541045002_n-700x520.jpg\" alt=\"\" class=\"wp-image-16293\" srcset=\"https:\/\/echta-derminga.de\/wp-content\/uploads\/2023\/12\/407257073_7074146782641479_3244942066541045002_n-700x520.jpg 700w, https:\/\/echta-derminga.de\/wp-content\/uploads\/2023\/12\/407257073_7074146782641479_3244942066541045002_n-300x223.jpg 300w, https:\/\/echta-derminga.de\/wp-content\/uploads\/2023\/12\/407257073_7074146782641479_3244942066541045002_n.jpg 768w\" sizes=\"auto, (max-width: 700px) 100vw, 700px\" \/><\/figure>\n<\/div>\n\n\n\n<div class=\"wp-block-column is-layout-flow wp-block-column-is-layout-flow\">\n<figure class=\"wp-block-image size-large\"><img loading=\"lazy\" decoding=\"async\" width=\"700\" height=\"990\" src=\"https:\/\/echta-derminga.de\/wp-content\/uploads\/2023\/12\/407652848_6881541585273841_1830339999468180875_n-700x990.jpg\" alt=\"\" class=\"wp-image-16294\" srcset=\"https:\/\/echta-derminga.de\/wp-content\/uploads\/2023\/12\/407652848_6881541585273841_1830339999468180875_n-700x990.jpg 700w, https:\/\/echta-derminga.de\/wp-content\/uploads\/2023\/12\/407652848_6881541585273841_1830339999468180875_n-212x300.jpg 212w, https:\/\/echta-derminga.de\/wp-content\/uploads\/2023\/12\/407652848_6881541585273841_1830339999468180875_n-768x1087.jpg 768w, https:\/\/echta-derminga.de\/wp-content\/uploads\/2023\/12\/407652848_6881541585273841_1830339999468180875_n.jpg 1080w\" sizes=\"auto, (max-width: 700px) 100vw, 700px\" \/><\/figure>\n<\/div>\n<\/div>\n\n\n\n<p class=\"has-medium-font-size wp-block-paragraph\"><strong>Weihnachtsfeier bei der Seniorenbegegnungsst\u00e4tte des RK Illtal<\/strong><\/p>\n\n\n\n<p class=\"has-medium-font-size wp-block-paragraph\">Weihnachtsfeier der DRK Begegnungsst\u00e4tte im Gasthaus Schuhhannesse. Die Begegnungsst\u00e4tte bietet monatlich eine wichtige Anlaufstelle f\u00fcr die Seniorinnen und Senioren in unserem Dorf. Vielen Dank an alle Helferinnen und Helfer und den Arbeitskreis unseres DRK. F\u00fcr unseren Heimatort ist die Anlaufstelle &#8222;Begegnungsst\u00e4tte&#8220; essenziell wichtig. Im Rahmen dieser Veranstaltung im Gasthaus &#8222;Schuhhannesse&#8220; wurde Benno Fries f\u00fcr seine 60. J\u00e4hrige Mitgliedschaft in der DRK ausgezeichnet. Zudem erhielt Benno Fries die DRK Ehrennadel des Bundes. Ich m\u00f6chte Benno Fries auch an dieser Stelle ganz herzlich gratulieren und danken. Benno Fries lebt ein Leben im Ehrenamt.\u00a0Danke f\u00fcr das tolle Engagement f\u00fcr unseren Heimatort und unsere Gemeinde. Gemeinsam mit B\u00fcrgermeister Dr. Andreas Feld \u00fcberbrachte ich die Gl\u00fcckw\u00fcnsche der Verwaltung und des Ortsrates. <\/p>\n\n\n<div class=\"wp-block-image\">\n<figure class=\"aligncenter size-large\"><img loading=\"lazy\" decoding=\"async\" width=\"700\" height=\"525\" src=\"https:\/\/echta-derminga.de\/wp-content\/uploads\/2023\/12\/409638973_6912150562212943_4432683952642708748_n-1-700x525.jpg\" alt=\"\" class=\"wp-image-16298\" srcset=\"https:\/\/echta-derminga.de\/wp-content\/uploads\/2023\/12\/409638973_6912150562212943_4432683952642708748_n-1-700x525.jpg 700w, https:\/\/echta-derminga.de\/wp-content\/uploads\/2023\/12\/409638973_6912150562212943_4432683952642708748_n-1-300x225.jpg 300w, https:\/\/echta-derminga.de\/wp-content\/uploads\/2023\/12\/409638973_6912150562212943_4432683952642708748_n-1-768x576.jpg 768w, https:\/\/echta-derminga.de\/wp-content\/uploads\/2023\/12\/409638973_6912150562212943_4432683952642708748_n-1-1536x1152.jpg 1536w, https:\/\/echta-derminga.de\/wp-content\/uploads\/2023\/12\/409638973_6912150562212943_4432683952642708748_n-1.jpg 2048w\" sizes=\"auto, (max-width: 700px) 100vw, 700px\" \/><\/figure>\n<\/div>\n\n\n<p class=\"has-medium-font-size wp-block-paragraph\"><strong>Abfuhrkalender 2024 f\u00fcr Dirmingen<\/strong><\/p>\n\n\n\n<p class=\"has-medium-font-size wp-block-paragraph\">Die hei\u00dfbegehrten Abfuhrkalender der Gemeinde Eppelborn f\u00fcr unseren Ortsteil Dirmingen sind eingetroffen. Die Kalender sind ab Montag, 05. Dezember 2023 bei B\u00e4ckerei Bost und bei \u201cSchreiben und Schenken\u201d erh\u00e4ltlich. Gerne k\u00f6nnen Sie sich eine Kopie davon auch auf der Homepage der Gemeinde Eppelborn oder hier auf meinem Blog herunterladen.<\/p>\n\n\n\n<p class=\"has-medium-font-size wp-block-paragraph\"><a href=\"https:\/\/www.afze.de\/files\/Upload\/PDF\/Abfuhrkalender%20PDF\/Abfuhrkalender_2024_Dirmingen.pdf\">https:\/\/www.afze.de\/files\/Upload\/PDF\/Abfuhrkalender%20PDF\/Abfuhrkalender_2024_Dirmingen.pdf<\/a><\/p>\n\n\n\n<div class=\"wp-block-columns is-layout-flex wp-container-core-columns-is-layout-8f761849 wp-block-columns-is-layout-flex\">\n<div class=\"wp-block-column is-layout-flow wp-block-column-is-layout-flow\">\n<figure class=\"wp-block-image size-large\"><img loading=\"lazy\" decoding=\"async\" width=\"700\" height=\"505\" src=\"https:\/\/echta-derminga.de\/wp-content\/uploads\/2023\/12\/Abfuhr-1-700x505.png\" alt=\"\" class=\"wp-image-16300\" srcset=\"https:\/\/echta-derminga.de\/wp-content\/uploads\/2023\/12\/Abfuhr-1-700x505.png 700w, https:\/\/echta-derminga.de\/wp-content\/uploads\/2023\/12\/Abfuhr-1-300x216.png 300w, https:\/\/echta-derminga.de\/wp-content\/uploads\/2023\/12\/Abfuhr-1-768x554.png 768w, https:\/\/echta-derminga.de\/wp-content\/uploads\/2023\/12\/Abfuhr-1.png 1204w\" sizes=\"auto, (max-width: 700px) 100vw, 700px\" \/><\/figure>\n<\/div>\n\n\n\n<div class=\"wp-block-column is-layout-flow wp-block-column-is-layout-flow\">\n<figure class=\"wp-block-image size-large\"><img loading=\"lazy\" decoding=\"async\" width=\"700\" height=\"512\" src=\"https:\/\/echta-derminga.de\/wp-content\/uploads\/2023\/12\/Abfuhr-2-700x512.png\" alt=\"\" class=\"wp-image-16301\" srcset=\"https:\/\/echta-derminga.de\/wp-content\/uploads\/2023\/12\/Abfuhr-2-700x512.png 700w, https:\/\/echta-derminga.de\/wp-content\/uploads\/2023\/12\/Abfuhr-2-300x219.png 300w, https:\/\/echta-derminga.de\/wp-content\/uploads\/2023\/12\/Abfuhr-2-768x561.png 768w, https:\/\/echta-derminga.de\/wp-content\/uploads\/2023\/12\/Abfuhr-2.png 1029w\" sizes=\"auto, (max-width: 700px) 100vw, 700px\" \/><\/figure>\n<\/div>\n<\/div>\n\n\n\n<p class=\"has-medium-font-size wp-block-paragraph\"><strong>Defekte Stra\u00dfenbeleuchtung!<\/strong><\/p>\n\n\n\n<p class=\"has-medium-font-size wp-block-paragraph\">Zahlreiche Anwohner haben mich zuletzt wegen der defekten Stra\u00dfenbeleuchtung an der Ecke Herreng\u00e4rten, Steinbruch, Lachwies kontaktiert. Die Bauverwaltung hat mit der zust\u00e4ndigen &#8222;energis&#8220; R\u00fccksprache gehalten. Danach ist bekannt, dass die Leuchte, Herreng\u00e4rten 13 in Dirmingen immer noch nicht funktioniert. Der Grund daf\u00fcr liegt darin, dass eine Reparatur der Stra\u00dfenleuchte nicht mehr m\u00f6glich sei und die &#8222;energis&#8220; nach einer M\u00f6glichkeit zur Erneuerung sucht. Wir bitten um Verst\u00e4ndnis !!!<\/p>\n\n\n\n<p class=\"has-medium-font-size wp-block-paragraph\"><strong>Gottesdienst am dritten Advent aus der Evangelische Kirche Dirmingen live auf SR2 KulturRadio<\/strong><\/p>\n\n\n\n<p class=\"has-medium-font-size wp-block-paragraph\">Am Sonntag, den 17. Dezember 2023, l\u00e4dt die Evangelische Kirchengemeinde Dirmingen und das Ev. Rundfunkreferat Saar zu einem Gottesdienst ein, der live auf SR2 KulturRadio \u00fcbertragen wird. Das Team um Pfarrerin Britt Goedeking zeigt in Texten und Gebeten selig machende Spuren des menschgewordenen Gottes auf. Die musikalische Gestaltung mit vielen jazzig-poppig arrangierten Adventsliedern \u00fcbernehmen die Band \u201eGef\u00fchlsecht\u201c und der Posaunenchor Dirmingen. Solo-Posaune: Peter Hedrich. Solo-Trompete: Felix Blum. Musikalische Leitung: Thomas Zimmermann. Wer live dabei sein m\u00f6chte, wird gebeten bereits vor 10 Uhr in der Kirche zu sein. Die \u00dcbertragung im Saarl\u00e4ndischen Rundfunk beginnt um 10:04h nach den Nachrichten. Ich m\u00f6chte Ihnen diesen wunderbaren Gottesdienst ans Herz legen. Sollten Sie verhindert sein und nicht zur Kirche kommen k\u00f6nnen, sollten Sie unbedingt um 10:00 Uhr den Sender SR2 einschalten.<\/p>\n\n\n<div class=\"wp-block-image\">\n<figure class=\"aligncenter size-large\"><img loading=\"lazy\" decoding=\"async\" width=\"700\" height=\"657\" src=\"https:\/\/echta-derminga.de\/wp-content\/uploads\/2023\/12\/sr2-700x657.jpg\" alt=\"\" class=\"wp-image-16343\" srcset=\"https:\/\/echta-derminga.de\/wp-content\/uploads\/2023\/12\/sr2-700x657.jpg 700w, https:\/\/echta-derminga.de\/wp-content\/uploads\/2023\/12\/sr2-300x282.jpg 300w, https:\/\/echta-derminga.de\/wp-content\/uploads\/2023\/12\/sr2-768x721.jpg 768w, https:\/\/echta-derminga.de\/wp-content\/uploads\/2023\/12\/sr2.jpg 1440w\" sizes=\"auto, (max-width: 700px) 100vw, 700px\" \/><\/figure>\n<\/div>\n\n\n<p class=\"has-medium-font-size wp-block-paragraph\"><strong>Virtuelle Weihnachtsgr\u00fc\u00dfe der Dirminger Vereine und Organisationen<\/strong><\/p>\n\n\n\n<p class=\"has-medium-font-size wp-block-paragraph\">Die Dirminger Vereine und Organisationen haben auch in diesem Jahr ein Weihnachtsvideo mit ihren pers\u00f6nlichen Gr\u00fc\u00dfen aufgenommen. Das Video findet man ganz leicht auf Youtube unter dem Namen : Derminga Weihnachtsgr\u00fc\u00dfe 2023. Anschauen lohnt sich in jedem Fall ! Ich danke allen Vereinen und Organisationen sowie allen Mitgliedern f\u00fcr das gute Miteinander im Jahre 2023!<\/p>\n\n\n\n<figure class=\"wp-block-embed is-type-video is-provider-youtube wp-block-embed-youtube wp-embed-aspect-16-9 wp-has-aspect-ratio\"><div class=\"wp-block-embed__wrapper\">\n<iframe loading=\"lazy\" title=\"&quot;Derminga&quot; Weihnachtsgr\u00fc\u00dfe 2023\" width=\"860\" height=\"484\" src=\"https:\/\/www.youtube.com\/embed\/c33ffB5hAhw?start=14&#038;feature=oembed\" frameborder=\"0\" allow=\"accelerometer; autoplay; clipboard-write; encrypted-media; gyroscope; picture-in-picture; web-share\" allowfullscreen><\/iframe>\n<\/div><\/figure>\n\n\n\n<p class=\"has-medium-font-size wp-block-paragraph\"><strong>Sch\u00f6nes Weihnachtsgeschenk &#8211;<\/strong> <strong>Neues Eppelborner Heimatheft <\/strong><\/p>\n\n\n\n<p class=\"has-medium-font-size wp-block-paragraph\">Nachdem ich bereits am 18. und 19. Heimatheft des F\u00f6rdervereins f\u00fcr Heimatkunde und Denkmalpflege e.V mitgearbeitet und einen ausf\u00fchrlichen Bericht zum Thema \u201cDerminga Kerb\u201d und \u201cSch\u00e4fer Brauerei Dirmingen\u201d eingereicht hatte, durfte ich nun auch zur diesj\u00e4hrigen Neuausgabe meinen Beitrag leisten. Ich bin m\u00e4chtig stolz auf meine Beteiligung an dem diesj\u00e4hrigen 21. Eppelborner Heimatheft. Schlie\u00dflich tr\u00e4umt man als Heimatforscher davon, mit eigenen Publikationen auf seine eigene Forschungsarbeit aufmerksam zu machen. In der neuen Ausgabe des Heimatheftes, dass Anfang Dezember w\u00e4hrend einer Feierstunde vorgestellt wurde, findet man meinen ausf\u00fchrlichen Bericht \u00fcber die Entstehung und die Geschichte der \u201cAlten M\u00fchle\u201d in Dirmingen. Diese neueste Publikation des F\u00f6rderkreises f\u00fcr Heimatkunde und Denkmalpflege Eppelborn, ein bestens geeignetes Weihnachtsgeschenk, kann ab dem 1. Dezember zum Preis von 15,00 \u20ac bei folgenden Verkaufsstellen erworben werden: <strong>levoBank in Eppelborn, Sparkasse Neunkirchen in Eppelborn, Cafe Resch, Eppelborn, Am Markt 12,Tabak &amp; More, Eppelborn, Europaplatz 2, Gemeindeverwaltung Eppelborn, B\u00fcrgerinfo, Rathausstr. 27<\/strong><\/p>\n\n\n<div class=\"wp-block-image\">\n<figure class=\"aligncenter size-large\"><img loading=\"lazy\" decoding=\"async\" width=\"700\" height=\"745\" src=\"https:\/\/echta-derminga.de\/wp-content\/uploads\/2023\/12\/409734254_6911474995613833_8060738345138929431_n-700x745.jpg\" alt=\"\" class=\"wp-image-16304\" srcset=\"https:\/\/echta-derminga.de\/wp-content\/uploads\/2023\/12\/409734254_6911474995613833_8060738345138929431_n-700x745.jpg 700w, https:\/\/echta-derminga.de\/wp-content\/uploads\/2023\/12\/409734254_6911474995613833_8060738345138929431_n-282x300.jpg 282w, https:\/\/echta-derminga.de\/wp-content\/uploads\/2023\/12\/409734254_6911474995613833_8060738345138929431_n-768x817.jpg 768w, https:\/\/echta-derminga.de\/wp-content\/uploads\/2023\/12\/409734254_6911474995613833_8060738345138929431_n-1443x1536.jpg 1443w, https:\/\/echta-derminga.de\/wp-content\/uploads\/2023\/12\/409734254_6911474995613833_8060738345138929431_n.jpg 1924w\" sizes=\"auto, (max-width: 700px) 100vw, 700px\" \/><\/figure>\n<\/div>\n\n\n<p class=\"has-medium-font-size wp-block-paragraph\"><strong>Zu Gast bei Freunden in der Partnerstadt Finsterwalde<\/strong><\/p>\n\n\n\n<p class=\"has-medium-font-size wp-block-paragraph\">Im Rahmen der bestehenden St\u00e4dtepartnerschaft zwischen Eppelborn und der Stadt Finsterwalde besuchte eine Delegation der Gemeinde Eppelborn bestehend aus Kommunalpolitiker, Tennisverein Eppelborn- Dirmingen und dem L\u00f6schbezirk Dirmingen die Stadt Finsterwalde. Auf Einladung des B\u00fcrgermeisters Dr. Andreas Feld durfte auch ich an dieser Reise teilnehmen. Gemeinsam mit meinem Ortsvorsteherkollegen Sebastian Michel durfte ich aus den H\u00e4nden des Finsterwalder B\u00fcrgermeisters J\u00f6rg Gampe die Patenschaft Urkunde f\u00fcr den Esel Paule entgegennehmen. Die Ortsvorsteher unserer Gemeinde hatten bei ihrer gemeinsamen Fahrt nach Finsterwalde, im September dieses Jahres, diese Patenschaft f\u00fcr das Tier aus dem Tierpark Finsterwalde \u00fcbernommen. W\u00e4hrend der Reise nach Finsterwalde haben wir viele neue Eindr\u00fccke gewonnen. Vieles davon k\u00f6nnte man auch gut und gerne in unserer Heimatgemeinde umsetzen. Ich m\u00f6chte mich an dieser Stelle f\u00fcr die Gastfreundschaft bedanken. Die Verwaltung um B\u00fcrgermeister J\u00f6rg Gampe war sehr entgegenkommend und freundlich.<\/p>\n\n\n\n<div class=\"wp-block-columns is-layout-flex wp-container-core-columns-is-layout-8f761849 wp-block-columns-is-layout-flex\">\n<div class=\"wp-block-column is-layout-flow wp-block-column-is-layout-flow\">\n<figure class=\"wp-block-image size-large\"><img loading=\"lazy\" decoding=\"async\" width=\"700\" height=\"1025\" src=\"https:\/\/echta-derminga.de\/wp-content\/uploads\/2023\/12\/409861861_6900054466755886_4033938013642806731_n-1-700x1025.jpg\" alt=\"\" class=\"wp-image-16306\" srcset=\"https:\/\/echta-derminga.de\/wp-content\/uploads\/2023\/12\/409861861_6900054466755886_4033938013642806731_n-1-700x1025.jpg 700w, https:\/\/echta-derminga.de\/wp-content\/uploads\/2023\/12\/409861861_6900054466755886_4033938013642806731_n-1-205x300.jpg 205w, https:\/\/echta-derminga.de\/wp-content\/uploads\/2023\/12\/409861861_6900054466755886_4033938013642806731_n-1-768x1125.jpg 768w, https:\/\/echta-derminga.de\/wp-content\/uploads\/2023\/12\/409861861_6900054466755886_4033938013642806731_n-1.jpg 775w\" sizes=\"auto, (max-width: 700px) 100vw, 700px\" \/><\/figure>\n<\/div>\n\n\n\n<div class=\"wp-block-column is-layout-flow wp-block-column-is-layout-flow\">\n<figure class=\"wp-block-image size-large\"><img loading=\"lazy\" decoding=\"async\" width=\"700\" height=\"1070\" src=\"https:\/\/echta-derminga.de\/wp-content\/uploads\/2023\/12\/409817326_6900054590089207_7754782281856891966_n-700x1070.jpg\" alt=\"\" class=\"wp-image-16307\" srcset=\"https:\/\/echta-derminga.de\/wp-content\/uploads\/2023\/12\/409817326_6900054590089207_7754782281856891966_n-700x1070.jpg 700w, https:\/\/echta-derminga.de\/wp-content\/uploads\/2023\/12\/409817326_6900054590089207_7754782281856891966_n-196x300.jpg 196w, https:\/\/echta-derminga.de\/wp-content\/uploads\/2023\/12\/409817326_6900054590089207_7754782281856891966_n-768x1174.jpg 768w, https:\/\/echta-derminga.de\/wp-content\/uploads\/2023\/12\/409817326_6900054590089207_7754782281856891966_n-1005x1536.jpg 1005w, https:\/\/echta-derminga.de\/wp-content\/uploads\/2023\/12\/409817326_6900054590089207_7754782281856891966_n.jpg 1340w\" sizes=\"auto, (max-width: 700px) 100vw, 700px\" \/><\/figure>\n<\/div>\n<\/div>\n\n\n<div class=\"wp-block-image\">\n<figure class=\"aligncenter size-large\"><img loading=\"lazy\" decoding=\"async\" width=\"700\" height=\"525\" src=\"https:\/\/echta-derminga.de\/wp-content\/uploads\/2023\/12\/FB_IMG_1702329671248-1-700x525.jpg\" alt=\"\" class=\"wp-image-16339\" srcset=\"https:\/\/echta-derminga.de\/wp-content\/uploads\/2023\/12\/FB_IMG_1702329671248-1-700x525.jpg 700w, https:\/\/echta-derminga.de\/wp-content\/uploads\/2023\/12\/FB_IMG_1702329671248-1-300x225.jpg 300w, https:\/\/echta-derminga.de\/wp-content\/uploads\/2023\/12\/FB_IMG_1702329671248-1-768x576.jpg 768w, https:\/\/echta-derminga.de\/wp-content\/uploads\/2023\/12\/FB_IMG_1702329671248-1.jpg 1080w\" sizes=\"auto, (max-width: 700px) 100vw, 700px\" \/><\/figure>\n<\/div>\n\n\n<p class=\"has-medium-font-size wp-block-paragraph\"><strong>Sie haben Fragen zur Gelben Tonne?<\/strong><\/p>\n\n\n\n<p class=\"has-medium-font-size wp-block-paragraph\">Bei Fragen zur Aufstellung der Gelben Tonnen, Reklamationen oder unterbliebenen Leerungen richten Sie Ihr Anliegen bitte an: RMG Rohstoffmanagement GmbH, Telefon: 0800-400 600 5, E-Mail: <a href=\"mailto:gelbe-tonne.neunkirchen@rmg-gmbh.de\">gelbe-tonne.neunkirchen@rmg-gmbh.de<\/a>, Webseite: <a href=\"http:\/\/www.rmg-gmbh.de\/gelber-sack\/landkreis-neunkirchen\">www.rmg-gmbh.de\/gelber-sack\/landkreis-neunkirchen<\/a>. Die Gemeindeverwaltung und auch ich als Ortsvorsteher helfen gerne bei der Kontaktaufnahme. Der Dienstleister RMG legt jedoch Wert darauf, dass Sie sich pers\u00f6nlich mit ihren Angaben melden.<\/p>\n\n\n<div class=\"wp-block-image\">\n<figure class=\"aligncenter size-full\"><img loading=\"lazy\" decoding=\"async\" width=\"430\" height=\"552\" src=\"https:\/\/echta-derminga.de\/wp-content\/uploads\/2023\/12\/399922627_6778860312208636_6757671209663875098_n-1.jpg\" alt=\"\" class=\"wp-image-16311\" srcset=\"https:\/\/echta-derminga.de\/wp-content\/uploads\/2023\/12\/399922627_6778860312208636_6757671209663875098_n-1.jpg 430w, https:\/\/echta-derminga.de\/wp-content\/uploads\/2023\/12\/399922627_6778860312208636_6757671209663875098_n-1-234x300.jpg 234w\" sizes=\"auto, (max-width: 430px) 100vw, 430px\" \/><\/figure>\n<\/div>\n\n\n<p class=\"has-medium-font-size wp-block-paragraph\"><strong>Die Fastnacht wirft ihre Schatten voraus<\/strong> <strong>&#8211; Sinnvolle \u00c4nderung bei der Kinderfastnacht<\/strong><\/p>\n\n\n\n<p class=\"has-medium-font-size wp-block-paragraph\">Der SPD Ortsverein Dirmingen hat sich dazu entschlossen die Ausrichtung der Kinderfastnacht in &#8222;bessere&#8220; H\u00e4nde&#8220; zu geben. \u00dcber 20 Jahre hat die Dirminger SPD am Fastnachtssonntag die &#8222;Derminga Kinderfaasend&#8220; durchgef\u00fchrt. Dabei lag die Intention der Sozialdemokraten ausschlie\u00dflich im Wohle der Kinder und Familien unseres Heimatdorfes. Als kommunalpolitischer Ortsverein war die Dirminger SPD eigentlich nie pr\u00e4destiniert daf\u00fcr eine Kinderfastnacht durchzuf\u00fchren. Der Verein hat das jedoch gerne f\u00fcr die Menschen in unserem Dorf gemacht. Nun haben sich nach Gespr\u00e4chen mit dem KKV Dirmingen neue M\u00f6glichkeiten ergeben. Die &#8222;Derminga Faasebooze&#8220; haben sich nun dankenswerterweise bereiterkl\u00e4rt an dem Freitag vor der letzten Kappensitzung eine &#8222;Kinder-Fastnachtsparty&#8220; durchzuf\u00fchren. Auch im Hinblick auf die Qualit\u00e4tsaufwertung dieser Veranstaltung und das viel gr\u00f6\u00dfere &#8222;fachliche Knowhow&#8220; unseres Karnevalsvereins hat die Dirminger SPD die Durchf\u00fchrung der Kinderfastnacht gerne in die H\u00e4nde unserer &#8222;Faasebooze&#8220; gelegt. Ich bin dem KKV Dirmingen sehr dankbar f\u00fcr die wertvolle \u00dcbernahme der &#8222;Derminga Kinderfaasend&#8220;. Ich glaube fest daran, dass unsere Kinderfastnacht mit dieser \u00c4nderung eine Aufwertung erf\u00e4hrt. Ich danke beiden Vereinen f\u00fcr das harmonische und gute Miteinander im Sinne unseres Heimatortes. Danke an alle Kinder und Familien, G\u00f6nnern, Sponsoren und Freunden die in den letzten Jahren den Kindermaskenball in der Borrwieshalle besucht haben. Nun gehen wir gemeinsam einen neuen Weg. Ich w\u00fcnsche dem KKV Dirmingen alles erdenklich Gute, viel Erfolg und viele sch\u00f6ne Momente in einer hoffentlich erfolgreichen Session. Besuchen Sie die NEUE &#8222;Kinder- Faasendparty&#8220; des KKV Dirmingen in der Derminga Borrwieshalle. Hoppla Hopp !!!!!<\/p>\n\n\n\n<div class=\"wp-block-columns is-layout-flex wp-container-core-columns-is-layout-8f761849 wp-block-columns-is-layout-flex\">\n<div class=\"wp-block-column is-layout-flow wp-block-column-is-layout-flow\">\n<figure class=\"wp-block-image size-large\"><img loading=\"lazy\" decoding=\"async\" width=\"700\" height=\"901\" src=\"https:\/\/echta-derminga.de\/wp-content\/uploads\/2023\/12\/409728900_6911118825649450_132979343748704926_n-700x901.jpg\" alt=\"\" class=\"wp-image-16336\" srcset=\"https:\/\/echta-derminga.de\/wp-content\/uploads\/2023\/12\/409728900_6911118825649450_132979343748704926_n-700x901.jpg 700w, https:\/\/echta-derminga.de\/wp-content\/uploads\/2023\/12\/409728900_6911118825649450_132979343748704926_n-233x300.jpg 233w, https:\/\/echta-derminga.de\/wp-content\/uploads\/2023\/12\/409728900_6911118825649450_132979343748704926_n-768x988.jpg 768w, https:\/\/echta-derminga.de\/wp-content\/uploads\/2023\/12\/409728900_6911118825649450_132979343748704926_n.jpg 796w\" sizes=\"auto, (max-width: 700px) 100vw, 700px\" \/><\/figure>\n<\/div>\n\n\n\n<div class=\"wp-block-column is-layout-flow wp-block-column-is-layout-flow\">\n<figure class=\"wp-block-image size-large\"><img loading=\"lazy\" decoding=\"async\" width=\"700\" height=\"972\" src=\"https:\/\/echta-derminga.de\/wp-content\/uploads\/2023\/12\/408346116_6881577488603584_1648062302710437903_n-700x972.jpg\" alt=\"\" class=\"wp-image-16337\" srcset=\"https:\/\/echta-derminga.de\/wp-content\/uploads\/2023\/12\/408346116_6881577488603584_1648062302710437903_n-700x972.jpg 700w, https:\/\/echta-derminga.de\/wp-content\/uploads\/2023\/12\/408346116_6881577488603584_1648062302710437903_n-216x300.jpg 216w, https:\/\/echta-derminga.de\/wp-content\/uploads\/2023\/12\/408346116_6881577488603584_1648062302710437903_n-768x1067.jpg 768w, https:\/\/echta-derminga.de\/wp-content\/uploads\/2023\/12\/408346116_6881577488603584_1648062302710437903_n-1106x1536.jpg 1106w, https:\/\/echta-derminga.de\/wp-content\/uploads\/2023\/12\/408346116_6881577488603584_1648062302710437903_n.jpg 1151w\" sizes=\"auto, (max-width: 700px) 100vw, 700px\" \/><\/figure>\n<\/div>\n<\/div>\n\n\n\n<p class=\"has-medium-font-size wp-block-paragraph\"><strong>Besinnliche Adventsfeier im \u201eDerminga Treff\u201c<\/strong><\/p>\n\n\n\n<p class=\"has-medium-font-size wp-block-paragraph\">Das letzte \u201eDerminga Treff\u201c in diesem Jahr lockte erneut zahlreiche B\u00fcrgerinnen und B\u00fcrger an. Das \u201eTreff\u201c ist im Laufe dieses Jahres zu einer echten Bereicherung f\u00fcr unsere Dorfgemeinschaft geworden. Bei der musikalischen Umrahmung der Gruppe &#8222;Saitenklang&#8220; wurden Pl\u00e4tzchen, Christstollen und Kuchen genossen sowie hei\u00dfen Gl\u00fchwein getrunken. Ich m\u00f6chte dem Helferkries des \u201eDerminga Treffs\u201c ganz herzlich f\u00fcr das ehrenamtliche Engagement danken. Das n\u00e4chste Treffen findet im Januar 2024 statt. Das Helferteam des &#8222;Treffs&#8220; freut sich \u00fcber jede Form der Unterst\u00fctzung. Bei Interesse k\u00f6nnen Sie mich gerne kontaktieren !<\/p>\n\n\n<div class=\"wp-block-image\">\n<figure class=\"aligncenter size-large\"><img loading=\"lazy\" decoding=\"async\" width=\"700\" height=\"525\" src=\"https:\/\/echta-derminga.de\/wp-content\/uploads\/2023\/12\/409898459_6897722616989071_4853716741153266689_n-700x525.jpg\" alt=\"\" class=\"wp-image-16312\" srcset=\"https:\/\/echta-derminga.de\/wp-content\/uploads\/2023\/12\/409898459_6897722616989071_4853716741153266689_n-700x525.jpg 700w, https:\/\/echta-derminga.de\/wp-content\/uploads\/2023\/12\/409898459_6897722616989071_4853716741153266689_n-300x225.jpg 300w, https:\/\/echta-derminga.de\/wp-content\/uploads\/2023\/12\/409898459_6897722616989071_4853716741153266689_n-768x576.jpg 768w, https:\/\/echta-derminga.de\/wp-content\/uploads\/2023\/12\/409898459_6897722616989071_4853716741153266689_n.jpg 1440w\" sizes=\"auto, (max-width: 700px) 100vw, 700px\" \/><\/figure>\n<\/div>\n\n\n<p class=\"has-medium-font-size wp-block-paragraph\"><strong>Advent im \u201eKl\u00e4se Keller\u201c<\/strong> <strong>mit Aktionen und Spenden\u00fcbergabe !<\/strong><\/p>\n\n\n\n<p class=\"has-medium-font-size wp-block-paragraph\">Was w\u00e4re der Advent ohne den \u201eKl\u00e4se Keller\u201c in unserer Ortsmitte? Die Kultst\u00e4tte st\u00e4rkt unsere Dorfgemeinschaft und sorgt f\u00fcr viele sch\u00f6ne emotionale Momente. Seit Generationen bietet der \u201eKl\u00e4se Keller\u201c eine Anlaufstelle f\u00fcr die Menschen unseres Dorfes. Besonders im Advent lockt der \u201eKl\u00e4se Keller\u201c mit seinem einzigartigen Ambiente. Der Keller hat w\u00e4hrend den \u00d6ffnungszeiten unserer Weihnachtsbaumaktion des Kulturvereins t\u00e4glich ge\u00f6ffnet. Die Weihnachtsbaumaktion des Kulturvereins l\u00e4uft vom 13. -21. Dezember wobei Sie am Dienstag, 19. 12. Gulaschsuppe vom Gasthaus Schuhhannesse und am 21.12. Lyoner Pfanne von Stefan Resch serviert bekommen. Das alles f\u00fcr den guten Zweck. Am Donnerstag, 21. 12.23 findet zudem eine Spenden\u00fcbergabe des Kulturvereins Dirmingen und des Benefizkonzertes im November an die Eppelborner Tafelrunde statt. Genie\u00dfen Sie im \u201eKl\u00e4se Keller\u201c die Dirminger Kultur hautnah!<\/p>\n\n\n<div class=\"wp-block-image\">\n<figure class=\"aligncenter size-large\"><img loading=\"lazy\" decoding=\"async\" width=\"700\" height=\"467\" src=\"https:\/\/echta-derminga.de\/wp-content\/uploads\/2023\/12\/Baeume-700x467.jpg\" alt=\"\" class=\"wp-image-16313\" srcset=\"https:\/\/echta-derminga.de\/wp-content\/uploads\/2023\/12\/Baeume-700x467.jpg 700w, https:\/\/echta-derminga.de\/wp-content\/uploads\/2023\/12\/Baeume-300x200.jpg 300w, https:\/\/echta-derminga.de\/wp-content\/uploads\/2023\/12\/Baeume-768x512.jpg 768w, https:\/\/echta-derminga.de\/wp-content\/uploads\/2023\/12\/Baeume.jpg 1400w\" sizes=\"auto, (max-width: 700px) 100vw, 700px\" \/><\/figure>\n<\/div>\n\n\n<div class=\"wp-block-columns is-layout-flex wp-container-core-columns-is-layout-8f761849 wp-block-columns-is-layout-flex\">\n<div class=\"wp-block-column is-layout-flow wp-block-column-is-layout-flow\">\n<figure class=\"wp-block-image size-large\"><img loading=\"lazy\" decoding=\"async\" width=\"700\" height=\"323\" src=\"https:\/\/echta-derminga.de\/wp-content\/uploads\/2023\/12\/20231213_185931-700x323.jpg\" alt=\"\" class=\"wp-image-16331\" srcset=\"https:\/\/echta-derminga.de\/wp-content\/uploads\/2023\/12\/20231213_185931-700x323.jpg 700w, https:\/\/echta-derminga.de\/wp-content\/uploads\/2023\/12\/20231213_185931-300x139.jpg 300w, https:\/\/echta-derminga.de\/wp-content\/uploads\/2023\/12\/20231213_185931-768x355.jpg 768w, https:\/\/echta-derminga.de\/wp-content\/uploads\/2023\/12\/20231213_185931-1536x710.jpg 1536w, https:\/\/echta-derminga.de\/wp-content\/uploads\/2023\/12\/20231213_185931-2048x946.jpg 2048w\" sizes=\"auto, (max-width: 700px) 100vw, 700px\" \/><\/figure>\n<\/div>\n\n\n\n<div class=\"wp-block-column is-layout-flow wp-block-column-is-layout-flow\">\n<figure class=\"wp-block-image size-large\"><img loading=\"lazy\" decoding=\"async\" width=\"700\" height=\"323\" src=\"https:\/\/echta-derminga.de\/wp-content\/uploads\/2023\/12\/20231213_200828-700x323.jpg\" alt=\"\" class=\"wp-image-16332\" srcset=\"https:\/\/echta-derminga.de\/wp-content\/uploads\/2023\/12\/20231213_200828-700x323.jpg 700w, https:\/\/echta-derminga.de\/wp-content\/uploads\/2023\/12\/20231213_200828-300x139.jpg 300w, https:\/\/echta-derminga.de\/wp-content\/uploads\/2023\/12\/20231213_200828-768x355.jpg 768w, https:\/\/echta-derminga.de\/wp-content\/uploads\/2023\/12\/20231213_200828-1536x710.jpg 1536w, https:\/\/echta-derminga.de\/wp-content\/uploads\/2023\/12\/20231213_200828-2048x946.jpg 2048w\" sizes=\"auto, (max-width: 700px) 100vw, 700px\" \/><\/figure>\n<\/div>\n<\/div>\n\n\n\n<p class=\"has-medium-font-size wp-block-paragraph\"><strong>Sternsingeraktion in Dirmingen <\/strong><\/p>\n\n\n\n<p class=\"has-medium-font-size wp-block-paragraph\">Unter dem Motto \u201eGemeinsam f\u00fcr unsere Erde \u2013 in Amazonien und weltweit\u201c stehen die Bewahrung der Sch\u00f6pfung und der respektvolle Umgang mit Mensch und Natur im Fokus der Aktion Dreik\u00f6nigssingen 2024. Brandrodung, Abholzung und die r\u00fccksichtslose Ausbeutung von Ressourcen zerst\u00f6ren die Lebensgrundlage der einheimischen Bev\u00f6lkerung der s\u00fcdamerikanischen L\u00e4nder Amazoniens. Dort und in vielen anderen Regionen der Welt setzen sich Partnerorganisationen der Sternsinger daf\u00fcr ein, dass das Recht der Kinder auf eine gesch\u00fctzte Umwelt umgesetzt wird. Die Aktion Dreik\u00f6nigssingen 2024 bringt den Sternsingern nahe, vor welchen Herausforderungen Kinder und Jugendliche in Amazonien stehen. Sie zeigt ihnen, wie die Projektpartner der Sternsinger die jungen Menschen dabei unterst\u00fctzen, ihre Umwelt und ihre Kultur zu sch\u00fctzen. Zugleich macht die Aktion deutlich, dass Mensch und Natur am Amazonas, aber auch hier bei uns eine Einheit bilden. Sie ermutigt die Sternsinger, sich gemeinsam mit Gleichaltrigen aller Kontinente f\u00fcr ihr Recht auf eine gesunde Umwelt einzusetzen. Wenn Sie Interesse an der Sternsingeraktion unserer katholischen Pfarreiengemeinschaft Eppelborn-Dirmingen haben und gerne einen Besuch der Sternsinger h\u00e4tten, sollten Sie sich im Pfarrb\u00fcro anmelden.  ( Informationsquelle &#8211; Quelle Text; Sternsinger.de \/ Dreik\u00f6nigssingen)<\/p>\n\n\n<div class=\"wp-block-image\">\n<figure class=\"aligncenter size-large\"><img loading=\"lazy\" decoding=\"async\" width=\"700\" height=\"495\" src=\"https:\/\/echta-derminga.de\/wp-content\/uploads\/2023\/12\/csm_231121_Anmeldung_Sternsingeraktion_519877f43d-700x495.png\" alt=\"\" class=\"wp-image-16345\" srcset=\"https:\/\/echta-derminga.de\/wp-content\/uploads\/2023\/12\/csm_231121_Anmeldung_Sternsingeraktion_519877f43d-700x495.png 700w, https:\/\/echta-derminga.de\/wp-content\/uploads\/2023\/12\/csm_231121_Anmeldung_Sternsingeraktion_519877f43d-300x212.png 300w, https:\/\/echta-derminga.de\/wp-content\/uploads\/2023\/12\/csm_231121_Anmeldung_Sternsingeraktion_519877f43d-768x543.png 768w, https:\/\/echta-derminga.de\/wp-content\/uploads\/2023\/12\/csm_231121_Anmeldung_Sternsingeraktion_519877f43d.png 842w\" sizes=\"auto, (max-width: 700px) 100vw, 700px\" \/><\/figure>\n<\/div>\n\n\n<p class=\"has-medium-font-size wp-block-paragraph\"><strong>Gottesdienste oder heilige Messen zu Weihnachten<\/strong><\/p>\n\n\n\n<p class=\"has-medium-font-size wp-block-paragraph\">Unsere beiden Kirchengemeinden m\u00f6chten ihre Gemeindeglieder und auch alle B\u00fcrgerinnen und B\u00fcrger zu den diesj\u00e4hrigen Gottesdiensten und Messen zu Weihnachten ganz herzlich einladen. Die katholische Pfarreiengemeinschaft Eppelborn- Dirmingen l\u00e4dt am Heiligenabend um 18:00 Uhr mit Pfarrer Sergio in der katholischen St. Wendelinus Kirche zur Christmette ein. Unsere Evangelische Kirchengemeinde Dirmingen hingegen bietet am heiligen Abend um 17:00 Uhr in der Evangelischen Kirche ein Gottesdienst mit Krippenspiel an. Am sp\u00e4ten Heiligabend l\u00e4dt die Evangelische Kirchengemeinde um 22:00 Uhr zur Christmette ein. Am zweiten Weihnachtstag findet um 11:00 Uhr in der katholischen Kirche Dirmingen ein Festhochamt statt. Herzliche Einladung an alle B\u00fcrgerinnen und B\u00fcrger. Ich w\u00fcnsche ein gesegnetes Weihnachtsfest !<\/p>\n\n\n\n<div class=\"wp-block-columns is-layout-flex wp-container-core-columns-is-layout-8f761849 wp-block-columns-is-layout-flex\">\n<div class=\"wp-block-column is-layout-flow wp-block-column-is-layout-flow\">\n<figure class=\"wp-block-image size-large\"><img loading=\"lazy\" decoding=\"async\" width=\"700\" height=\"920\" src=\"https:\/\/echta-derminga.de\/wp-content\/uploads\/2023\/12\/29_Heimatheft-Gross-700x920.jpg\" alt=\"\" class=\"wp-image-16314\" srcset=\"https:\/\/echta-derminga.de\/wp-content\/uploads\/2023\/12\/29_Heimatheft-Gross-700x920.jpg 700w, https:\/\/echta-derminga.de\/wp-content\/uploads\/2023\/12\/29_Heimatheft-Gross-228x300.jpg 228w, https:\/\/echta-derminga.de\/wp-content\/uploads\/2023\/12\/29_Heimatheft-Gross-768x1010.jpg 768w, https:\/\/echta-derminga.de\/wp-content\/uploads\/2023\/12\/29_Heimatheft-Gross.jpg 1080w\" sizes=\"auto, (max-width: 700px) 100vw, 700px\" \/><\/figure>\n<\/div>\n\n\n\n<div class=\"wp-block-column is-layout-flow wp-block-column-is-layout-flow\">\n<figure class=\"wp-block-image size-large\"><img loading=\"lazy\" decoding=\"async\" width=\"700\" height=\"1053\" src=\"https:\/\/echta-derminga.de\/wp-content\/uploads\/2023\/12\/Dirmingen_Evangelische_Kirche_01commons.wikimedia.orgatreyu-700x1053.jpeg\" alt=\"\" class=\"wp-image-16316\" srcset=\"https:\/\/echta-derminga.de\/wp-content\/uploads\/2023\/12\/Dirmingen_Evangelische_Kirche_01commons.wikimedia.orgatreyu-700x1053.jpeg 700w, https:\/\/echta-derminga.de\/wp-content\/uploads\/2023\/12\/Dirmingen_Evangelische_Kirche_01commons.wikimedia.orgatreyu-200x300.jpeg 200w, https:\/\/echta-derminga.de\/wp-content\/uploads\/2023\/12\/Dirmingen_Evangelische_Kirche_01commons.wikimedia.orgatreyu-768x1155.jpeg 768w, https:\/\/echta-derminga.de\/wp-content\/uploads\/2023\/12\/Dirmingen_Evangelische_Kirche_01commons.wikimedia.orgatreyu.jpeg 800w\" sizes=\"auto, (max-width: 700px) 100vw, 700px\" \/><\/figure>\n<\/div>\n<\/div>\n\n\n\n<p class=\"has-medium-font-size wp-block-paragraph\"><strong>Weihnachtsbaum in der Ortsmitte<\/strong><\/p>\n\n\n\n<p class=\"has-medium-font-size wp-block-paragraph\">Nat\u00fcrlich schm\u00fcckt auch in diesem Jahr ein Weihnachtsbaum unsere Ortsmitte. Daneben wurde auch am \u201eB\u00fcttels Eck\u201c ein Weihnachtsbaum aufgestellt. Beide B\u00e4ume wurden von dem Dirminger Elmar Kiefer gespendet. Vielen lieben Dank f\u00fcr diese gro\u00dfartige Geste. Ich danke dem Baubetriebshof und der Haustechnik der Gemeinde Eppelborn f\u00fcr die wertvolle Arbeit zum Wohle unseres Heimatortes. Ich hoffe, dass Sie sich an diesem Weihnachtsbaum ein weinig erfreuen k\u00f6nnen und ihnen dieser Baum ab und zu als Ruhepol in einer allzu hektischen Adventszeit dient. Ich w\u00fcnsche ihnen eine wundersch\u00f6ne Adventszeit und ihre ganz pers\u00f6nliche innere Ankunft.<\/p>\n\n\n<div class=\"wp-block-image\">\n<figure class=\"aligncenter size-large\"><img loading=\"lazy\" decoding=\"async\" width=\"700\" height=\"802\" src=\"https:\/\/echta-derminga.de\/wp-content\/uploads\/2023\/12\/409205143_6903917439702922_5239618120343663969_n-700x802.jpg\" alt=\"\" class=\"wp-image-16318\" srcset=\"https:\/\/echta-derminga.de\/wp-content\/uploads\/2023\/12\/409205143_6903917439702922_5239618120343663969_n-700x802.jpg 700w, https:\/\/echta-derminga.de\/wp-content\/uploads\/2023\/12\/409205143_6903917439702922_5239618120343663969_n-262x300.jpg 262w, https:\/\/echta-derminga.de\/wp-content\/uploads\/2023\/12\/409205143_6903917439702922_5239618120343663969_n-768x880.jpg 768w, https:\/\/echta-derminga.de\/wp-content\/uploads\/2023\/12\/409205143_6903917439702922_5239618120343663969_n.jpg 941w\" sizes=\"auto, (max-width: 700px) 100vw, 700px\" \/><\/figure>\n<\/div>\n\n\n<p class=\"has-medium-font-size wp-block-paragraph\"><strong>Advent \u2013 das ist eine Zeit der Vorfreude und Vorbereitung, der Stille und der Erwartung. Vier Kerzen am Adventskranz, vier Sonntage zwischen dem Ewigkeitssonntag und dem Heiligen Abend stimmen ein auf das gro\u00dfe Fest. Denn Advent hei\u00dft Ankunft: Christinnen und Christen erwarten die Ankunft Gottes in dieser Welt, als kleines Kind in der Krippe zu Weihnachten. Ich w\u00fcnsche Ihnen eine besinnliche und ruhige Adventszeit mit vielen sch\u00f6nen Momenten und etwas weniger Stress und MEHR Weihnachten.<\/strong><\/p>\n\n\n\n<p class=\"has-medium-font-size wp-block-paragraph\"><strong>Ihr Ortsvorsteher<\/strong><\/p>\n\n\n\n<p class=\"has-medium-font-size wp-block-paragraph\"><strong>Frank Klein<\/strong><\/p>\n","protected":false},"excerpt":{"rendered":"<p>Liebe Mitb\u00fcrgerinnen, liebe Mitb\u00fcrger, Advent \u2013 Zeit der Ankunft &#8211; Zeit zur inneren Ruhe und Besinnlichkeit. P\u00fcnktlich zum diesj\u00e4hrigen \u201eMittelalterlichen Weihnachtsmarkt\u201c erlebte unser Dorf den ersten Wintereinbruch. Der Schneefall sorgte f\u00fcr die ersten vorweihnachtlichen Gef\u00fchle und besinnliche Momente. Der \u201eMittelalterliche Weihnachtsmarkt\u201c hingegen hat alle gesteckten Erwartungen erf\u00fcllt. Tausende von Besucherinnen und Besucher genossen das bunte Markttreiben an der \u201eDerminga Burg<\/p>\n","protected":false},"author":1,"featured_media":16321,"comment_status":"open","ping_status":"closed","sticky":false,"template":"","format":"standard","meta":{"_crdt_document":"","footnotes":""},"categories":[1,9,812],"tags":[5,618,127,634,795,310],"class_list":["post-16282","post","type-post","status-publish","format-standard","has-post-thumbnail","hentry","category-allgemein","category-dorfgetratsche","category-ortsvorsteher-dirmingen","tag-dirmingen","tag-gemeinde-eppelborn","tag-landkreis-neunkirchen","tag-ortsvorsteher","tag-ortsvorsteher-dirmingen","tag-saarland"],"_links":{"self":[{"href":"https:\/\/echta-derminga.de\/index.php?rest_route=\/wp\/v2\/posts\/16282","targetHints":{"allow":["GET"]}}],"collection":[{"href":"https:\/\/echta-derminga.de\/index.php?rest_route=\/wp\/v2\/posts"}],"about":[{"href":"https:\/\/echta-derminga.de\/index.php?rest_route=\/wp\/v2\/types\/post"}],"author":[{"embeddable":true,"href":"https:\/\/echta-derminga.de\/index.php?rest_route=\/wp\/v2\/users\/1"}],"replies":[{"embeddable":true,"href":"https:\/\/echta-derminga.de\/index.php?rest_route=%2Fwp%2Fv2%2Fcomments&post=16282"}],"version-history":[{"count":29,"href":"https:\/\/echta-derminga.de\/index.php?rest_route=\/wp\/v2\/posts\/16282\/revisions"}],"predecessor-version":[{"id":16346,"href":"https:\/\/echta-derminga.de\/index.php?rest_route=\/wp\/v2\/posts\/16282\/revisions\/16346"}],"wp:featuredmedia":[{"embeddable":true,"href":"https:\/\/echta-derminga.de\/index.php?rest_route=\/wp\/v2\/media\/16321"}],"wp:attachment":[{"href":"https:\/\/echta-derminga.de\/index.php?rest_route=%2Fwp%2Fv2%2Fmedia&parent=16282"}],"wp:term":[{"taxonomy":"category","embeddable":true,"href":"https:\/\/echta-derminga.de\/index.php?rest_route=%2Fwp%2Fv2%2Fcategories&post=16282"},{"taxonomy":"post_tag","embeddable":true,"href":"https:\/\/echta-derminga.de\/index.php?rest_route=%2Fwp%2Fv2%2Ftags&post=16282"}],"curies":[{"name":"wp","href":"https:\/\/api.w.org\/{rel}","templated":true}]}}