{"id":16350,"date":"2023-12-23T17:48:48","date_gmt":"2023-12-23T16:48:48","guid":{"rendered":"https:\/\/echta-derminga.de\/?p=16350"},"modified":"2023-12-23T18:07:32","modified_gmt":"2023-12-23T17:07:32","slug":"wo-ist-mein-weihnachtsgefuehl-geblieben-auf-der-eigenen-suche-nach-weihnachten-wuensche-frohe-festtage","status":"publish","type":"post","link":"https:\/\/echta-derminga.de\/?p=16350","title":{"rendered":"Wo ist mein Weihnachtsgef\u00fchl geblieben ? \u2013 Auf der eigenen Suche nach Weihnachten &#8211; W\u00fcnsche frohe Festtage !"},"content":{"rendered":"\n<p class=\"has-medium-font-size wp-block-paragraph\"><strong>Vom Weihnachtsgef\u00fchl bin ich so weit entfernt wie die Erde vom Mond. Wo ist sie geblieben, diese zarte und altvertraute Vorfreude auf das Fest. Wo habe ich sie nochmal versteckt? Liegt sie irgendwo auf dem Speicher verpackt in S\u00e4cken oder in einer alten Truhe? Habe ich das Gef\u00fchl vielleicht irgendwo in einer Schublade verlegt und finde es nicht wieder? Was ist in diesem Jahr los mit mir? So sehr ich mich auch bem\u00fche ich komme nicht an und finde auch keine Ruhe. Keine Spur von Weihnachtsfreude, geschweige denn einem kleinen pers\u00f6nlichen Weihnachtswunder. Dabei habe ich mich schon im Herbst auf Weihnachten gefreut. P\u00fcnktlich mit dem ersten Advent machte ich mich auf die Suche nach diesem vertrauten Gef\u00fchl. Weihnachten ist wie Nachhause kommen, wie ein langer Kuss nach schweren Zeiten oder ein k\u00fchles Wasser nach Wochen in der W\u00fcste. Klingt kitschig, ist aber so!<\/strong><\/p>\n\n\n\n<p class=\"has-medium-font-size wp-block-paragraph\">Ich kann machen, was ich will, ich komme dieses Jahr nicht in Fahrt. Dabei habe ich alles versucht. Ich st\u00fcrze von einem Weihnachtsmarkt in den n\u00e4chsten, stopfe flei\u00dfig Lebkuchen und Pl\u00e4tzchen in mich hinein und trinke bereits seit St. Martin flei\u00dfig Gl\u00fchwein. Nutzt alles nichts! Es soll nicht sein. In meiner Not greife ich zum \u00e4u\u00dfersten und lasse \u201eLast Christmas\u201c und &#8222;Do They Know It&#8217;s Christmas?&#8220; laufen. Keine Chance! Dabei liegt in der Musik tats\u00e4chlich ein gewisser Zauber. Gibt es vielleicht doch noch Hoffnung f\u00fcr mich? Ich lasse Alexa alle m\u00f6glichen Weihnachtshits rauf und runter spielen. Ab und zu werde ich sentimental und nachdenklich, mehr passiert aber leider nicht.<\/p>\n\n\n\n<p class=\"has-medium-font-size wp-block-paragraph\"><strong>&#8222;Have yout self a merry littel Christmas\u201c w\u00fcrde ich ja gerne, geht aber nicht. \u201eLet it snow\u201c, ja Pustekuchen. Liegt es vielleicht am Wetter? Wann hatten wir zuletzt wei\u00dfe Weihnachten? Wird es \u00fcberhaupt irgendwann wieder wei\u00dfe Weihnacht geben? Dabei tr\u00e4ume auch ich immer wieder von &#8222;White Christmas\u201c. Ich lasse alle englischen Weihnachtsklassiker in der Dauerschleife spielen und nippe an meinem Adventstee. Leider ist auch das kein Heilmittel. Na gut, dann m\u00fcssen es der gute Rolf Zuckowski oder die Swinger Tom Gaebel oder Michael Buble richten. Irgendwie muss ich doch in Stimmung kommen. Als letzter Joker greife ich zum gro\u00dfen Orchester, dass Weihnachtsoratorium von Bach wird es wohl schaffen mich mitzunehmen. Ich stecke ein Pl\u00e4tzchen in den Mund und lasse mich inspirieren. Leider bleibt auch diese Ma\u00dfnahme ohne gro\u00dfen Erfolg. Egal was ich mache oder auflegen, von Udo J\u00fcrgens, Rolf Zuckowski bis hin zu Peter Alexander. Ich sp\u00fcre nichts! \u00dcberhaupt nichts, Nada !<\/strong><\/p>\n\n\n\n<p class=\"has-medium-font-size wp-block-paragraph\">Ist es ein Wunder ? Was ist das f\u00fcr ein Land und was f\u00fcr eine Zeit. Krieg Terror, Klimawandel, Korruption, Neid , Hass und Wut ver\u00e4ndern unsere Welt. Wie soll man in diesen Zeiten an Weihnachten denken. Auf meiner Suche nach Weihnachten stolpere ich durch einen stressigen und nassen Advent. Von Besinnlichkeit und inneren Ruhe keine Spur. Termine, Termine, Termine: Sitzungen, Gratulationen, Abschlussfeier, Weihnachtsbaumaktion, ein Selfie hier ein Selfie dort. Keine Zeit zum Gespr\u00e4ch oder zur Besinnlichkeit. Irgendwas habe ich auf meinem Weg \u00fcbersehen oder vergessen.<\/p>\n\n\n<div class=\"wp-block-image\">\n<figure class=\"aligncenter size-large\"><img loading=\"lazy\" decoding=\"async\" width=\"700\" height=\"500\" src=\"https:\/\/echta-derminga.de\/wp-content\/uploads\/2023\/12\/A7N00297-700x500.jpg\" alt=\"\" class=\"wp-image-16379\" srcset=\"https:\/\/echta-derminga.de\/wp-content\/uploads\/2023\/12\/A7N00297-700x500.jpg 700w, https:\/\/echta-derminga.de\/wp-content\/uploads\/2023\/12\/A7N00297-300x214.jpg 300w, https:\/\/echta-derminga.de\/wp-content\/uploads\/2023\/12\/A7N00297-768x549.jpg 768w, https:\/\/echta-derminga.de\/wp-content\/uploads\/2023\/12\/A7N00297-1536x1097.jpg 1536w, https:\/\/echta-derminga.de\/wp-content\/uploads\/2023\/12\/A7N00297-2048x1463.jpg 2048w\" sizes=\"auto, (max-width: 700px) 100vw, 700px\" \/><\/figure>\n<\/div>\n\n\n<p class=\"has-medium-font-size wp-block-paragraph\"><strong>Der Glaube muss mich retten. Wobei kann uns der Glaube \u00fcberhaupt retten? Viele Menschen sehen das anders. Die Zahl der Kirchenaustritte ist auf einem weiteren H\u00f6chstwert. Haben die Menschen ihren Glauben verloren oder brauchen Sie f\u00fcr ihren Glauben keine Kirche? Ich nehme die Bibel in die Hand und lesen die Weihnachtsgeschichte. Ich wechsle den Modus und setze nun auf christliche Weihnachtslieder : &#8222;Lobt Gott ihr Christen&#8220;, &#8222;O du Fr\u00f6hliche&#8220;, &#8222;Gloria&#8220;, &#8222;O Tannenbaum&#8220; oder &#8222;Maria durch ein Dornwald ging&#8220;, ja sogar das Ave Maria lasse ich spielen, aber nein, es regt sich nichts. Ich glaube ich gebe es auf, es soll in diesem Jahr nicht sein. Ich lehne mich zur\u00fcck und bitte die liebe Alexa &#8222;Christmas Lullabye&#8220; von John Rutter zu spielen. Sch\u00f6n, wunderbarer Chorgesang. Aber, wieder nix !<\/strong><\/p>\n\n\n\n<p class=\"has-medium-font-size wp-block-paragraph\">W\u00e4hrend wir feiern liegen andere verwundet an der Front, sitzen alleine und einsam Zuhause oder haben gerade einen geliebten Menschen verloren. Kann man so einfach den Schalter auf Weihnachten umlegen und losfeiern. Wie geht das ? Knopf an, grinsen ins Gesicht und los geht\u2019s ?!? Nein! Man kann es nicht erzwingen. Ich konzentriere mich auf musikalische Heimatkl\u00e4nge, h\u00f6re Perlregen und lege anschlie\u00dfend Zimtkl\u00e4nge auf. Jetzt aber ! Das muss doch passen ! Dass Zimtkl\u00e4nge Konzert in diesem Jahr war wieder Weltklasse. Schon bei den ersten T\u00f6nen beginne ich mit zu wippen und zu summen. Na, da regt sich doch noch etwas. Es gibt neue Hoffnung. Bei dem Johannes Oerding Klassiker \u201eIch komm nachhause zu euch\u201c, gesungen vom guten Sven werde ich melancholisch. Aha, ich bin auf dem richtigen Weg. Jetzt packe ich die Geheimwaffe aus: AVA meine T\u00f6chter und die liebe Aileen werden es bestimmt richten: Ich klicke ihr Video auf Youtube an und lausche den T\u00f6nen von \u201eSilber und Gold\u201c. Komisch, von den M\u00e4dels gesungen wird der alte Zuckowski Klassiker gleich noch mal ein St\u00fcck sch\u00f6ner. Ich sch\u00f6pfe neue Hoffnung. Das k\u00f6nnte was werden. Ist mein Weihnachten doch noch zu retten? In meiner Verzweiflung begebe ich mich in die K\u00fcche und backe Pl\u00e4tzchen.<\/p>\n\n\n\n<p class=\"has-medium-font-size wp-block-paragraph\"><strong>Ich schalte das Radio an. Mein Fehler ! Nachrichten h\u00f6ren sollte man aktuell tunlichst vermeiden. Irgendein Wahnsinniger hat in Prag 14 Menschenleben ausgel\u00f6scht. Wo liegt da der Sinn? Warum l\u00e4sst Gott das zu? Ich frage mich, ob wir wirklich f\u00fcr alle Entscheidungen Gott brauchen. Der &#8222;liebe Gott&#8220; wird in unserer Zeit leider viel zu oft gebraucht. Zeit eine Kerze anzuz\u00fcnden. Ein Geschenk der katholischen Pfarreiengemeinschaft Eppelborn- Dirmingen. Ich lese die Aufschrift &#8222;Aufbruch&#8220; und komme ins Gr\u00fcbeln. Ja, Aufbruch und Ver\u00e4nderungen sind immer gut und erstrebenswert. Nur wohin sollen wir Aufbrechen ? In eine neue bessere Zeit ? Das gelingt nicht vor der eigenen Haust\u00fcr. Daf\u00fcr muss die Welt zusammenr\u00fccken. Davon sind die Menschen auf diesem Planeten soweit entfernt wie ich von einem Weihnachtsgef\u00fchl.<\/strong> <strong>Dabei kann bekanntlich Gro\u00dfes im Kleinen entstehen.<\/strong><\/p>\n\n\n\n<p class=\"has-medium-font-size wp-block-paragraph\">Alexa muss wieder herhalten. &#8222;Driving home f\u00fcr Chtristmas\u201c, Ja, dass ist gut ! Ich schwelge in Erinnerungen und erinnere mich an meine Kinderzeit. Weihnachten bei dem Klein&#8217;s, auf der Hohl, in meinem Elternhaus. Nicht immer sehr harmonisch, daf\u00fcr aber immer hochemotional. Vielleicht bin ich zu alt f\u00fcr Weihnachten? Vielleicht habe ich einfach verlernt zu Glauben wie ein Kind. Irgendwie geht es mir wie dem Jungen im Polarexpress. Traurig, oder? Weihnachten. Fest der Liebe, Familie und des Friedens. \u00dcberall auf dieser Erde feiern Christen die Menschwerdung Jesu Christi. Auf der anderen Seite Probleme ohne Ende: Krieg, Terror, Klimawandel und Wirtschaftskrise. Wie soll man so in Weihnachtsstimmung geraten? Ich glaube ich gebe es auf undlasse es einfach vor\u00fcbergehen. <\/p>\n\n\n<div class=\"wp-block-image\">\n<figure class=\"aligncenter size-large\"><img loading=\"lazy\" decoding=\"async\" width=\"700\" height=\"1220\" src=\"https:\/\/echta-derminga.de\/wp-content\/uploads\/2023\/12\/20231219_201616-700x1220.jpg\" alt=\"\" class=\"wp-image-16381\" srcset=\"https:\/\/echta-derminga.de\/wp-content\/uploads\/2023\/12\/20231219_201616-700x1220.jpg 700w, https:\/\/echta-derminga.de\/wp-content\/uploads\/2023\/12\/20231219_201616-172x300.jpg 172w, https:\/\/echta-derminga.de\/wp-content\/uploads\/2023\/12\/20231219_201616-768x1338.jpg 768w, https:\/\/echta-derminga.de\/wp-content\/uploads\/2023\/12\/20231219_201616-882x1536.jpg 882w, https:\/\/echta-derminga.de\/wp-content\/uploads\/2023\/12\/20231219_201616-1175x2048.jpg 1175w, https:\/\/echta-derminga.de\/wp-content\/uploads\/2023\/12\/20231219_201616-scaled.jpg 1469w\" sizes=\"auto, (max-width: 700px) 100vw, 700px\" \/><\/figure>\n<\/div>\n\n\n<p class=\"has-medium-font-size wp-block-paragraph\"><strong>Alexa gibt alles ! Rolf Zuckowski singt \u201e Auf der Suche nach Weihnachten\u201c und \u201eInsel der Stille\u201c. Der gute Rolf Zuckowski ist schon so ein richtiger Weihnachtsheld oder ? Generationen sind mit den Weihnachtshits des alten Weihnachts-Romantikers aufgewachsen. Weihnachten ohne &#8222;Weihnachtsb\u00e4ckerei&#8220; oder &#8222;Kling Gl\u00f6ckchen&#8220; geht ja wohl gar nicht, oder ? Irgendwann ist es aber auch mal gut und ich fordere meine Elektrodame auf, eine neue Playlist zu spielen. Der gro\u00dfartige Frank Sinatra ist die letzte Hoffnung. Vielleicht schafft er es, dass&#8230;.naja, wie gesagt: Es soll dieses Jahr einfach nicht sein. Wenn es doch nur irgendein Zeichen g\u00e4be, vielleicht ein kleines Weihnachtswunder<\/strong><\/p>\n\n\n\n<p class=\"has-medium-font-size wp-block-paragraph\">Stille Nacht -Heilige Nacht ! Letzte Chance \u2013 ich nehme meinen frisch gekauften Stick von Zimtkl\u00e4nge und lasse \u201eStille Nacht\u201c spielen. Die Geschichte dieses Liedes ist bekannt: Das Lied wurde im Jahre 1818 uraufgef\u00fchrt. Nun singen es alle Menschen, zumindest in christlich gepr\u00e4gten L\u00e4ndern, auf der ganzen Welt. Als die Liveversion von Zimtkl\u00e4nge langsam zu Ende geht, h\u00f6re ich wie ich die ganze Kirche lauthals mitsingt. Kein Wunder jeder von uns kennt dieses Lied oder musste oder wollte das Lied Zuhause mitsingen. Wir sind damit aufgewachsen und geben es von Generation zu Generation weiter. Auch bei den Kleins ist das so ! Unsere Kinder m\u00fcssen das zu jedem Weihnachtsfest Zuhause mitsingen. Sch\u00f6n oder ? Ups, da war doch was !? Weihnachten kommen unsere Kinder zu Besuch. Alle, auch mein Enkel, Schwiegersohn oder angehende Schwiegerkinder. Wir werden wieder &#8222;Stille Nacht&#8220; singen und Weihnachten feiern. Zusammen jeder in seiner Version, Fassung, Stimmlage oder nach seinen vorhanden M\u00f6glichkeiten. Leider wird das nicht mehr am heiligen Abend m\u00f6glich sein. Jeder hat mittlerweile seine eigene kleine Familie. Wir werden am ersten Weihnachtstag zusammen kommen und gemeinsam &#8222;Stille Nacht singen&#8220; So wie die Leute vom Live-Mittschnitt in der evangelischen Kirche! Jeder kennt das Lied und kann zumindest die ersten zwei Strophen auswendig. Ist \u201eStille Nacht\u201c vielleicht so etwas wie unsere innere, kindliche Verbindung ?<\/p>\n\n\n\n<p class=\"has-medium-font-size wp-block-paragraph\"><strong>Vielleicht haben wir verlernt, dass es uns eigentlich gut geht. W\u00e4hrend anderswo Soldaten in ihrem Blut liegen, suchen wir nach der richtigen Weihnachtsstimmung. Ich nehme mir vor Weihnachtsfilme anzusehen und \u00fcber Weihnachten keine Nachrichten anzuschalten. \u201eSch\u00f6ne Bescherung\u201c, \u201e..und obendr\u00fcber schneit es\u201c, \u201ePolarexpress\u201c, &#8222;Der kleine Lord&#8220;, &#8222;Kevin allein zu Haus&#8220; und zur Not auch &#8222;Drei Haseln\u00fcsse f\u00fcr Aschenbr\u00f6del&#8220;. Ich will sie mir alle ansehen, danach schlafen und tr\u00e4umen. Abschalten, Ruhe finden und wegtr\u00e4umen geh\u00f6ren doch irgendwie auch zum Weihnachtsfest. Am besten die Welt dort drau\u00dfen vergessen.<\/strong><\/p>\n\n\n\n<p class=\"has-medium-font-size wp-block-paragraph\">Stille Nacht \u2013 heilige Nacht. 80 Jahre nach dem zweiten Weltkrieg steuern wir mit Vollgas auf die n\u00e4chste globale Katastrophe zu. Wer zieht die Notbremse? Weltweit gibt es aktuell mehr als 100 bewaffnete Konflikte. W\u00e4hrend Europa sorgenvoll auf Israel und die Ukraine blickt, herrschen besonders in Afrika zahlreiche Konflikte die offensichtlich nur mit Waffengewalt zu l\u00f6sen sind. Die Uno berichtet, dass mehr als 1 Million Menschen weltweit ihre Heimat verlassen haben. Dabei spielen bei diesen kriegerischen Auseinandersetzungen immer auch der Hunger und auch der Glaube eine gewichtige Rolle. Haben wir nichts aus unseren Fehlern gelernt?<\/p>\n\n\n\n<p class=\"has-medium-font-size wp-block-paragraph\"><strong>Unsere Vorfahren m\u00fcssten es besser wissen. Die Menschen in unserem Dorf erlebten am Heiligen Abend des Jahre 1944 zerst\u00f6rerische Jabo- Angriffe. Dabei verloren Menschen ihr Leben und H\u00e4user wurden vollkommen zerst\u00f6rt. Die Bewohner unseres Heimatortes verbrachten den Heiligen Abend in Bunkern und Kellern. Die katholische Kirchengemeinde Dirmingen gelobte damals am ersten Weihnachtstag, dass man der Mutter Gottes eine Kapelle erbaut, wenn man nur diesen schrecklichen Krieg \u00fcberstehen w\u00fcrde. Leider sollte es f\u00fcr die Katholiken unseres Dorfes noch schlimmer kommen. Am 21. Februar 1945 wurde die damalige Kirche der Pfarrgemeinde w\u00e4hrend eines Bombenangriffes zerst\u00f6rt. Ich frage mich immer wieder: Wie haben die Menschen damals in den Bunkern und Kellern den Heiligen Abend verbracht?&nbsp; Bestimmt in Angst, Trauer und Leid. Auch im \u201eKl\u00e4se Keller\u201c, an dem Ort an dem es gerade in der Adventszeit so viel sch\u00f6ne, emotionale Momente gibt, d\u00fcrften die Menschen damals um ihr Leben gebangt haben. Bestimmt sind die damaligen Dorfbewohner enger zusammenger\u00fcckt und haben das Weihnachtsfest viel intensiver als wir heute erlebt. Vielleicht waren die damaligen Dorfbewohner auf irgendeine besondere Art dem Himmel n\u00e4her als es wir es in der heutigen Zeit seien k\u00f6nnen. Ist es das? Geht es uns einfach zu gut?<\/strong><\/p>\n\n\n\n<p class=\"has-medium-font-size wp-block-paragraph\">Wir brauchen ein Wunder. Ein Weihnachtswunder wie am 24. Dezember 1914. Der erste Weltkrieg tobt und an der Front sterben auf beiden Seiten t\u00e4glich unz\u00e4hlige Soldaten. Pl\u00f6tzlich Waffenstillstand. Soldaten, die eben noch aufeinander geschossen haben, treffen sich zwischen den Fronten und feiern gemeinsam Weihnachten. Die Soldaten sangen gemeinsam, tauschten kleine Geschenke oder sogar ihre Adressen aus. Manche verabredeten sich sogar f\u00fcr die Zeit nach dem Krieg. Unglaublich, unm\u00f6glich, nicht vorstellbar? Genauso ist es aber an belgisch-franz\u00f6sischen Grenze geschehen. Es herrschte Weltkrieg, und doch feierten an Heiligabend 1914 die Feinde an der Westfront spontan gemeinsam Weihnachten: Tausende deutsche, britische, belgische und franz\u00f6sische Soldaten beteiligten sich daran \u2013 und schossen nicht mehr aufeinander. Das Weihnachtswunder des 1- Weltkrieges fand in Arras statt. Die Geschichte berichtet, dass ein deutscher Soldat in einer Feuerpause \u201egood old Warwick\u201c rief. Der Deutsche wusste welches englische Regiment an vorderster Front k\u00e4mpfte und versuchte mit diesem Ausruf einen Kontakt aufzubauen. \u201eEin Deutscher Soldat fing an zu rufen, Kameraden, Kameraden nicht schie\u00dfen, nicht schie\u00dfen, und die Deutschen sangen \u201eStille Nacht\u201c oder \u201eO Tannenbaum\u201c und die Engl\u00e4nder antworteten, indem sie ihre Nationalhymne sangen. Und ein Deutscher sang dann auch die englische Nationalhymne.\u201c Jeder Britische Soldat hatte ein P\u00e4ckchen mit Schokolade und Geb\u00e4ck bekommen. Die Deutsche Heeresleitung hatte zehntausende Mini-Weihnachtsb\u00e4ume an die Front schicken lassen. Viele dieser B\u00e4umchen wurden am Heiligabend an der Front aufgestellt. Bei vielen Soldaten l\u00f6sten diese Weihnachtsb\u00e4ume weihnachtliche Gef\u00fchle aus. An vielen Stellen der Front, geschahen solche kleine Weihnachtswunder. Soldaten wagten sich von beiden Seiten aus ihren Sch\u00fctzengr\u00e4ben. Soldaten, die eben noch aufeinander geschossen hatten, tauschten kleine Geschenke und sogar ihre Adressen. Viele verabredeten sich f\u00fcr die Zeit nach dem Krieg.<\/p>\n\n\n<div class=\"wp-block-image\">\n<figure class=\"aligncenter size-full\"><img loading=\"lazy\" decoding=\"async\" width=\"583\" height=\"814\" src=\"https:\/\/echta-derminga.de\/wp-content\/uploads\/2023\/12\/Grup-23-neu.png\" alt=\"\" class=\"wp-image-16382\" srcset=\"https:\/\/echta-derminga.de\/wp-content\/uploads\/2023\/12\/Grup-23-neu.png 583w, https:\/\/echta-derminga.de\/wp-content\/uploads\/2023\/12\/Grup-23-neu-215x300.png 215w\" sizes=\"auto, (max-width: 583px) 100vw, 583px\" \/><\/figure>\n<\/div>\n\n\n<p class=\"has-medium-font-size wp-block-paragraph\"><strong>Diese Geschichte ber\u00fchrt mich bis heute und verleiht mir immer wieder eine G\u00e4nsehaut. Passend dazu existiert auch ein  sehr guten Film.  Man stelle sich vor, das urpl\u00f6tzlich an Heiligabend an den Kriegsfronten dieser Welt die Waffen schweigen. Pal\u00e4stinenser feiern mit Israelis und Ukrainer mit russischen Soldaten. W\u00e4re das nicht wunderbar und einfach nur sch\u00f6n?<\/strong><\/p>\n\n\n\n<p class=\"has-medium-font-size wp-block-paragraph\">Vielleicht finde ich mein Weihnachtsgef\u00fchl am &#8222;heiligen Abend&#8220; wieder ?!? F\u00fcr den Moment habe ich meine Bem\u00fchungen eingestellt und warte ab, was in den n\u00e4chsten Tagen passiert. Vielleicht mache ich mir einfach zu viele Sorgen und habe zu wenig Gottvertrauen. Ich schlage die Bibel auf und versuche mein Gl\u00fcck wieder in der altbekannten Weihnachtsgeschichte in Lukas 2:10: <\/p>\n\n\n\n<blockquote class=\"wp-block-quote is-layout-flow wp-block-quote-is-layout-flow\">\n<p class=\"has-medium-font-size wp-block-paragraph\">Und siehe, des HERRN Engel trat zu ihnen, und die Klarheit des HERRN leuchtete um sie; und sie f\u00fcrchteten sich sehr.&nbsp;10Und der Engel sprach zu ihnen: F\u00fcrchtet euch nicht! siehe, ich verk\u00fcndige euch gro\u00dfe Freude, die allem Volk widerfahren wird;&nbsp;11denn euch ist heute der Heiland geboren, welcher ist Christus, der HERR, in der Stadt Davids.\u2026<\/p>\n<cite>Weihnachtsgeschichte nach Lukas <\/cite><\/blockquote>\n\n\n\n<p class=\"has-text-align-center has-white-color has-primary-background-color has-text-color has-background has-link-color has-medium-font-size wp-elements-8584f5adf5f9228d9f52e47022001c3c wp-block-paragraph\">Ich w\u00fcnsche euch allen eine besinnliche und sch\u00f6ne stille und heilige Nacht. Singt gemeinsam und feiert das Leben. Das ganze jedoch in Demut und Bescheidenheit. Vergesst nicht, dass es vielen Menschen auf der Welt nicht so gut geht wie uns. Ich w\u00fcnsche allen Freunden, Lesern und Kritikern ein frohes und gesegnetes Weihnachtsfest.<\/p>\n","protected":false},"excerpt":{"rendered":"<p>Vom Weihnachtsgef\u00fchl bin ich so weit entfernt wie die Erde vom Mond. Wo ist sie geblieben, diese zarte und altvertraute Vorfreude auf das Fest. Wo habe ich sie nochmal versteckt? Liegt sie irgendwo auf dem Speicher verpackt in S\u00e4cken oder in einer alten Truhe? Habe ich das Gef\u00fchl vielleicht irgendwo in einer Schublade verlegt und finde es nicht wieder? Was<\/p>\n","protected":false},"author":1,"featured_media":16378,"comment_status":"open","ping_status":"closed","sticky":false,"template":"","format":"standard","meta":{"_crdt_document":"","footnotes":""},"categories":[1,9,47,902],"tags":[5,618,1100,127,634,1101],"class_list":["post-16350","post","type-post","status-publish","format-standard","has-post-thumbnail","hentry","category-allgemein","category-dorfgetratsche","category-meine-kirche","category-meine-meinung","tag-dirmingen","tag-gemeinde-eppelborn","tag-heilg-abend-2023","tag-landkreis-neunkirchen","tag-ortsvorsteher","tag-weihnachten-2023"],"_links":{"self":[{"href":"https:\/\/echta-derminga.de\/index.php?rest_route=\/wp\/v2\/posts\/16350","targetHints":{"allow":["GET"]}}],"collection":[{"href":"https:\/\/echta-derminga.de\/index.php?rest_route=\/wp\/v2\/posts"}],"about":[{"href":"https:\/\/echta-derminga.de\/index.php?rest_route=\/wp\/v2\/types\/post"}],"author":[{"embeddable":true,"href":"https:\/\/echta-derminga.de\/index.php?rest_route=\/wp\/v2\/users\/1"}],"replies":[{"embeddable":true,"href":"https:\/\/echta-derminga.de\/index.php?rest_route=%2Fwp%2Fv2%2Fcomments&post=16350"}],"version-history":[{"count":14,"href":"https:\/\/echta-derminga.de\/index.php?rest_route=\/wp\/v2\/posts\/16350\/revisions"}],"predecessor-version":[{"id":16393,"href":"https:\/\/echta-derminga.de\/index.php?rest_route=\/wp\/v2\/posts\/16350\/revisions\/16393"}],"wp:featuredmedia":[{"embeddable":true,"href":"https:\/\/echta-derminga.de\/index.php?rest_route=\/wp\/v2\/media\/16378"}],"wp:attachment":[{"href":"https:\/\/echta-derminga.de\/index.php?rest_route=%2Fwp%2Fv2%2Fmedia&parent=16350"}],"wp:term":[{"taxonomy":"category","embeddable":true,"href":"https:\/\/echta-derminga.de\/index.php?rest_route=%2Fwp%2Fv2%2Fcategories&post=16350"},{"taxonomy":"post_tag","embeddable":true,"href":"https:\/\/echta-derminga.de\/index.php?rest_route=%2Fwp%2Fv2%2Ftags&post=16350"}],"curies":[{"name":"wp","href":"https:\/\/api.w.org\/{rel}","templated":true}]}}