{"id":16352,"date":"2023-12-23T14:13:35","date_gmt":"2023-12-23T13:13:35","guid":{"rendered":"https:\/\/echta-derminga.de\/?p=16352"},"modified":"2023-12-23T14:13:36","modified_gmt":"2023-12-23T13:13:36","slug":"der-historische-klaese-keller-wohlfuehloase-im-advent","status":"publish","type":"post","link":"https:\/\/echta-derminga.de\/?p=16352","title":{"rendered":"Der historische \u201eKl\u00e4se Keller\u201c &#8211; Wohlf\u00fchloase im Advent"},"content":{"rendered":"\n<p class=\"has-medium-font-size wp-block-paragraph\"><strong>Das in den fr\u00fchen 1960-ger Jahren abgerissene historische \u201eKl\u00e4se Haus\u201c dient bis heute als Kultst\u00e4tte und Wiege unserer Dorfkultur. In Quellen unserer Dorfchronik wird davon berichtet, dass das alte \u201cKl\u00e4se-Haus\u201c zum Zeitpunkt des Abrisses \u00fcber 400 Jahre lang in unserer Ortsmitte stand. Obwohl heute nur noch der alte Gew\u00f6lbekeller existiert, ist die Geschichte des ehemaligen \u201cKl\u00e4se-Hauses\u201c eng mit der Geschichte unseres Heimatortes verbunden. Einst diente der Keller den Menschen als sogenanntes \u201cH\u00e4hloch\u201c, als Versteck f\u00fcr Wertgegenst\u00e4nde und Lebensmittel. In einem vorliegenden historischen Zeitungsartikel wird darauf hingewiesen, dass der \u201cKl\u00e4se- Keller\u201d dazu diente, Wertgegenst\u00e4nde und Lebensmittel zu verstecken. In den Bericht steht geschrieben:\u201c Dieser Bergkeller hinter dem uralten Bauernhaus war, wie man heute noch zu sagen pflegt ,ein\u201cH\u00e4hloch\u201c,d.h ein Versteckraum f\u00fcr Kriegs-und Notzeiten der letzten Jahrhunderte\u201c. Weiter hei\u00dft es: \u201cBesonders der 30 j\u00e4hrige Krieg von 1618-1648 zwang die Bev\u00f6lkerung dazu, notwendiges Lebensgut und Wertsachen vor pl\u00fcnderten Kriegshorden zu verstecken.\u201c\u00a0 Im Wesentlichen ging es fr\u00fcher darum, notwendiges Lebensgut und Wertsachen vor pl\u00fcnderten Kriegshorden zu verstecken. Noch heute werden vielerorts nach dem Abriss alter H\u00e4user solche \u201cH\u00e4hl\u00f6cher\u201c entdeckt. Manchmal findet man dort wertvolle Gegenst\u00e4nde oder sogar Geld. Zu Kriegszeiten wurde die Bev\u00f6lkerung praktisch dazu gezwungen eigene Verstecke und Schutzr\u00e4ume zu errichten. <\/strong><\/p>\n\n\n\n<p class=\"has-medium-font-size wp-block-paragraph\">W\u00e4hrend des zweiten Weltkrieges wurde der \u201eKl\u00e4se Keller\u201c als Luftschutzbunker genutzt. In erster Linie diente dieser Luftschutzraum jedoch der psychologischen Beruhigung der Menschen. Bei einem tats\u00e4chlichen direkten Treffer h\u00e4tte der Keller wohl kaum Stand gehalten. Nach dem Krieg mussten alle Luftschutzstollen auf Befehl unbrauchbar gemacht werden. Vielerorts sind dennoch alte Spuren und Hinweise auf alte \u201eH\u00e4hl\u00f6cher\u201c oder Luftschutzr\u00e4ume vorhanden. Heute dient \u201eKl\u00e4se Keller\u201c der Dorfgemeinschaft zu diversen kulturellen Zwecken. Dort in der Ortsmitte wird das \u201eKerwe-Lisje\u201c wachgek\u00fcsst und zum Christfest Weihnachtsb\u00e4ume verkauft. Der \u201cKl\u00e4se-Keller\u201d ist zum kulturellen Zentrum unseres Dorfes geworden. Dort in dem alten Keller-Gew\u00f6lbe trifft Kultur auf moderne Innovation. Der Keller ist Anlaufstelle, Treffpunkt und Aufenthaltsraum. Schon unsere Vorfahren nutzten diesen historischen Keller in der Ortsmitte. Wenn man sich in Dirmingen auf die Suche nach einem historischen Ort aufmacht, kommt man am \u201cKl\u00e4se Keller\u201d kaum vorbei. Der &#8222;Kl\u00e4se Keller&#8220; ist ein echtes Kulturgut und unverzichtbar f\u00fcr unsere Dorfkultur.<\/p>\n\n\n\n<div class=\"wp-block-columns is-layout-flex wp-container-core-columns-is-layout-8f761849 wp-block-columns-is-layout-flex\">\n<div class=\"wp-block-column is-layout-flow wp-block-column-is-layout-flow\">\n<figure class=\"wp-block-image size-large\"><img loading=\"lazy\" decoding=\"async\" width=\"700\" height=\"323\" src=\"https:\/\/echta-derminga.de\/wp-content\/uploads\/2023\/12\/412287782_6945522678875731_2391243545606328613_n-700x323.jpg\" alt=\"\" class=\"wp-image-16356\" srcset=\"https:\/\/echta-derminga.de\/wp-content\/uploads\/2023\/12\/412287782_6945522678875731_2391243545606328613_n-700x323.jpg 700w, https:\/\/echta-derminga.de\/wp-content\/uploads\/2023\/12\/412287782_6945522678875731_2391243545606328613_n-300x139.jpg 300w, https:\/\/echta-derminga.de\/wp-content\/uploads\/2023\/12\/412287782_6945522678875731_2391243545606328613_n-768x355.jpg 768w, https:\/\/echta-derminga.de\/wp-content\/uploads\/2023\/12\/412287782_6945522678875731_2391243545606328613_n-1536x710.jpg 1536w, https:\/\/echta-derminga.de\/wp-content\/uploads\/2023\/12\/412287782_6945522678875731_2391243545606328613_n.jpg 2048w\" sizes=\"auto, (max-width: 700px) 100vw, 700px\" \/><\/figure>\n<\/div>\n\n\n\n<div class=\"wp-block-column is-layout-flow wp-block-column-is-layout-flow\">\n<figure class=\"wp-block-image size-large\"><img loading=\"lazy\" decoding=\"async\" width=\"700\" height=\"323\" src=\"https:\/\/echta-derminga.de\/wp-content\/uploads\/2023\/12\/412300678_6945522838875715_8046588164169457000_n-700x323.jpg\" alt=\"\" class=\"wp-image-16357\" srcset=\"https:\/\/echta-derminga.de\/wp-content\/uploads\/2023\/12\/412300678_6945522838875715_8046588164169457000_n-700x323.jpg 700w, https:\/\/echta-derminga.de\/wp-content\/uploads\/2023\/12\/412300678_6945522838875715_8046588164169457000_n-300x139.jpg 300w, https:\/\/echta-derminga.de\/wp-content\/uploads\/2023\/12\/412300678_6945522838875715_8046588164169457000_n-768x355.jpg 768w, https:\/\/echta-derminga.de\/wp-content\/uploads\/2023\/12\/412300678_6945522838875715_8046588164169457000_n-1536x710.jpg 1536w, https:\/\/echta-derminga.de\/wp-content\/uploads\/2023\/12\/412300678_6945522838875715_8046588164169457000_n.jpg 2048w\" sizes=\"auto, (max-width: 700px) 100vw, 700px\" \/><\/figure>\n<\/div>\n<\/div>\n\n\n\n<p class=\"has-medium-font-size wp-block-paragraph\"><strong>Weihnachten am Kl\u00e4se Keller! Das ist Tradition, Kult und gelebte Dorfgemeinschaft. Auch in diesem Jahr str\u00f6mten die Menschen aus unserem Dorf t\u00e4glich in den alten Bunker. Mit dem diesj\u00e4hrigen Abschlussabend der Weihnachtsbaumaktion des Kulturvereins endete der gro\u00dfartige\u201c Derminga Spendenmarathon\u201c. Seit November wurden in unserem Dorf verschiedene Benefizaktionen zugunsten der &#8222;Eppelborner Tafelrunde&#8220; durchgef\u00fchrt. Am Ende wurden \u00fcber 3430,- \u20ac f\u00fcr die Eppelborner Tafelrunde gesammelt und am Abschlussabend dem Vorsitzenden der Tafelrunde Karl Heinz Rau \u00fcbergeben. Vielen lieben Dank an Timo Alt f\u00fcr seine Holzschnitzerei w\u00e4hrend des &#8222;Mittelalterlichen Weihnachtsmarktes&#8220; und der &#8222;Weihnachtsbaumaktion&#8220; und die eingesammelte 550,-\u20ac, an Markus Leidinger und seinen Sohn Dennis Treinen f\u00fcr 300, -\u20ac, f\u00fcr die K\u00fcnstlerinnen und K\u00fcnstler von Perlregen, Martina Schlaucher, Thomas Lapp,\u00a0 Mr.be &amp; Me, Nina Heidemann, Sven Gro\u00df, Timo Br\u00fcck , Lena Hermann f\u00fcr ihr wundersch\u00f6nes Benefizkonzert in der evangelischen Kirche Dirmingen und f\u00fcr die Spende von 1000,-\u20ac, an den Schirmherrn der Weihnachtsbaumaktion MdL\u00a0Stefan L\u00f6w f\u00fcr 500,-\u20ac, die Jusos Dirmingen f\u00fcr 100,-\u20ac und\u00a0 nat\u00fcrlich den Kulturverein Dirmingen f\u00fcr 1000,- \u20ac. Vielen Dank auch an Stefan Resch f\u00fcr seine Lyoner Pfanne und an das Gasthaus Schuhhannesse f\u00fcr die Gulaschsuppe, die allesamt f\u00fcr den guten Zweck verkauft wurden. Vielen Dank auch an Stefan Schneble f\u00fcr die Bereitstellung des Kellers.<\/strong><\/p>\n\n\n\n<div class=\"wp-block-columns is-layout-flex wp-container-core-columns-is-layout-8f761849 wp-block-columns-is-layout-flex\">\n<div class=\"wp-block-column is-layout-flow wp-block-column-is-layout-flow\">\n<figure class=\"wp-block-image size-large\"><img loading=\"lazy\" decoding=\"async\" width=\"700\" height=\"467\" src=\"https:\/\/echta-derminga.de\/wp-content\/uploads\/2023\/12\/412860811_6945490838878915_7145985948731136601_n-700x467.jpg\" alt=\"\" class=\"wp-image-16358\" srcset=\"https:\/\/echta-derminga.de\/wp-content\/uploads\/2023\/12\/412860811_6945490838878915_7145985948731136601_n-700x467.jpg 700w, https:\/\/echta-derminga.de\/wp-content\/uploads\/2023\/12\/412860811_6945490838878915_7145985948731136601_n-300x200.jpg 300w, https:\/\/echta-derminga.de\/wp-content\/uploads\/2023\/12\/412860811_6945490838878915_7145985948731136601_n-768x512.jpg 768w, https:\/\/echta-derminga.de\/wp-content\/uploads\/2023\/12\/412860811_6945490838878915_7145985948731136601_n.jpg 1500w\" sizes=\"auto, (max-width: 700px) 100vw, 700px\" \/><\/figure>\n<\/div>\n\n\n\n<div class=\"wp-block-column is-layout-flow wp-block-column-is-layout-flow\">\n<figure class=\"wp-block-image size-large\"><img loading=\"lazy\" decoding=\"async\" width=\"700\" height=\"467\" src=\"https:\/\/echta-derminga.de\/wp-content\/uploads\/2023\/12\/Baeume-700x467.jpg\" alt=\"\" class=\"wp-image-16313\" srcset=\"https:\/\/echta-derminga.de\/wp-content\/uploads\/2023\/12\/Baeume-700x467.jpg 700w, https:\/\/echta-derminga.de\/wp-content\/uploads\/2023\/12\/Baeume-300x200.jpg 300w, https:\/\/echta-derminga.de\/wp-content\/uploads\/2023\/12\/Baeume-768x512.jpg 768w, https:\/\/echta-derminga.de\/wp-content\/uploads\/2023\/12\/Baeume.jpg 1400w\" sizes=\"auto, (max-width: 700px) 100vw, 700px\" \/><\/figure>\n<\/div>\n<\/div>\n\n\n\n<p class=\"has-medium-font-size wp-block-paragraph\">Beim Lesen dieser Zeilen wird man unweigerlich feststellen, dass unsere Dorfgemeinschaft funktioniert und es in unserem \u00d6rtchen enorm viel Potential gibt. Da werden dann auch mal kurzfristig und ohne gro\u00dfes &#8222;Komm her&#8220; Entscheidungen getroffen und Hilfsma\u00dfnahmen durchgef\u00fchrt. Unter anderem wurde einer ukrainischen Familie ein geschm\u00fcckter Weihnachtsbaum geschenkt. Dabei wollen Andere gute Dirmingerinnen und Dirminger ihre Spende lieber unerw\u00e4hnt stehen lassen.<\/p>\n\n\n\n<p class=\"has-medium-font-size wp-block-paragraph\"><strong>Emotionen geh\u00f6ren zum \u201eKl\u00e4se Keller\u201c. Sch\u00f6n wenn zusammen gesungen, gefeiert oder sogar getrauert wird. Gemeinschaft zu pflegen hei\u00dft in guten wie in schlechten Zeiten zusammen zu stehen. Da geh\u00f6rt auch das gemeinsame Abschied nehmen. Wer hat nicht schon alles in diesem historischen Keller gesessen und mitgefeiert. Viele Freunde mussten uns mittlerweile verlassen und weilen nicht mehr unter uns. Beim schwelgen in Erinnerungen sehen wir so manchen Platz unbesetzt und leerstehend. Wir denken an alte Freund und treue Weggef\u00e4hrten.<\/strong><\/p>\n\n\n\n<div class=\"wp-block-columns is-layout-flex wp-container-core-columns-is-layout-8f761849 wp-block-columns-is-layout-flex\">\n<div class=\"wp-block-column is-layout-flow wp-block-column-is-layout-flow\">\n<figure class=\"wp-block-image size-large\"><img loading=\"lazy\" decoding=\"async\" width=\"700\" height=\"467\" src=\"https:\/\/echta-derminga.de\/wp-content\/uploads\/2023\/12\/411294977_6945523342208998_6456308323947215800_n-700x467.jpg\" alt=\"\" class=\"wp-image-16360\" srcset=\"https:\/\/echta-derminga.de\/wp-content\/uploads\/2023\/12\/411294977_6945523342208998_6456308323947215800_n-700x467.jpg 700w, https:\/\/echta-derminga.de\/wp-content\/uploads\/2023\/12\/411294977_6945523342208998_6456308323947215800_n-300x200.jpg 300w, https:\/\/echta-derminga.de\/wp-content\/uploads\/2023\/12\/411294977_6945523342208998_6456308323947215800_n-768x512.jpg 768w, https:\/\/echta-derminga.de\/wp-content\/uploads\/2023\/12\/411294977_6945523342208998_6456308323947215800_n-1536x1025.jpg 1536w, https:\/\/echta-derminga.de\/wp-content\/uploads\/2023\/12\/411294977_6945523342208998_6456308323947215800_n.jpg 2048w\" sizes=\"auto, (max-width: 700px) 100vw, 700px\" \/><\/figure>\n<\/div>\n\n\n\n<div class=\"wp-block-column is-layout-flow wp-block-column-is-layout-flow\">\n<figure class=\"wp-block-image size-large\"><img loading=\"lazy\" decoding=\"async\" width=\"700\" height=\"467\" src=\"https:\/\/echta-derminga.de\/wp-content\/uploads\/2023\/12\/413897837_6945388538889145_5074420095704870426_n-700x467.jpg\" alt=\"\" class=\"wp-image-16361\" srcset=\"https:\/\/echta-derminga.de\/wp-content\/uploads\/2023\/12\/413897837_6945388538889145_5074420095704870426_n-700x467.jpg 700w, https:\/\/echta-derminga.de\/wp-content\/uploads\/2023\/12\/413897837_6945388538889145_5074420095704870426_n-300x200.jpg 300w, https:\/\/echta-derminga.de\/wp-content\/uploads\/2023\/12\/413897837_6945388538889145_5074420095704870426_n-768x512.jpg 768w, https:\/\/echta-derminga.de\/wp-content\/uploads\/2023\/12\/413897837_6945388538889145_5074420095704870426_n.jpg 960w\" sizes=\"auto, (max-width: 700px) 100vw, 700px\" \/><\/figure>\n<\/div>\n<\/div>\n\n\n\n<p class=\"has-medium-font-size wp-block-paragraph\">Der &#8222;Kl\u00e4se Keller&#8220; bedeutet aber auch Danke zu sagen und gute Zeiten Revue passieren zu lassen. Vor 40 Jahren startete Ludwig Klein mit seinen S\u00f6hnen Manfred, Reimund und Volker den Weihnachtsbaumverkauf am &#8222;Kl\u00e4se Keller&#8220;. Mit Gr\u00fcndung des Kulturvereins Dirmingen wurde der Baumverkauf auf Initiative unseres ehemaligen Ortsvorstehers Manfred Klein und seinem Bruder Reimund Klein in die H\u00e4nde der Kulturaner gelegt.\u00a0 Volker Klein betreibt heute in enger Verbundenheit seinen Baumverkauf in der Waldstra\u00dfe. 40 Jahre lang hat Reimund Klein die Weihnachtsbaumaktion in Dirmingen aufgebaut, gestaltet und organisiert. Nun m\u00f6chte er ins zweite Glied r\u00fccken und die Organisation in j\u00fcngere H\u00e4nde legen. Zeit Danke zu sagen: Ich danke meinem Freund Reimund Klein f\u00fcr seine wichtige Pionierarbeit und seinen unerm\u00fcdlichen Einsatz zum Wohle unserer Dorfgemeinschaft. Reimund Klein wird jedoch seine T\u00e4tigkeit als Oberkulturaner im Kulturverein fortsetzen. Egal wie, es wird weitergehen und die n\u00e4chste Generation wird ihre Ideen umsetzen.<\/p>\n\n\n\n<div class=\"wp-block-columns is-layout-flex wp-container-core-columns-is-layout-8f761849 wp-block-columns-is-layout-flex\">\n<div class=\"wp-block-column is-layout-flow wp-block-column-is-layout-flow\">\n<figure class=\"wp-block-image size-large\"><img loading=\"lazy\" decoding=\"async\" width=\"700\" height=\"609\" src=\"https:\/\/echta-derminga.de\/wp-content\/uploads\/2023\/12\/411260708_6945490938878905_4397285544074535589_n-700x609.jpg\" alt=\"\" class=\"wp-image-16362\" srcset=\"https:\/\/echta-derminga.de\/wp-content\/uploads\/2023\/12\/411260708_6945490938878905_4397285544074535589_n-700x609.jpg 700w, https:\/\/echta-derminga.de\/wp-content\/uploads\/2023\/12\/411260708_6945490938878905_4397285544074535589_n-300x261.jpg 300w, https:\/\/echta-derminga.de\/wp-content\/uploads\/2023\/12\/411260708_6945490938878905_4397285544074535589_n-768x668.jpg 768w, https:\/\/echta-derminga.de\/wp-content\/uploads\/2023\/12\/411260708_6945490938878905_4397285544074535589_n-1536x1336.jpg 1536w, https:\/\/echta-derminga.de\/wp-content\/uploads\/2023\/12\/411260708_6945490938878905_4397285544074535589_n.jpg 2048w\" sizes=\"auto, (max-width: 700px) 100vw, 700px\" \/><\/figure>\n<\/div>\n\n\n\n<div class=\"wp-block-column is-layout-flow wp-block-column-is-layout-flow\">\n<figure class=\"wp-block-image size-large\"><img loading=\"lazy\" decoding=\"async\" width=\"700\" height=\"525\" src=\"https:\/\/echta-derminga.de\/wp-content\/uploads\/2023\/12\/412249005_6945502572211075_6570830388368649972_n-700x525.jpg\" alt=\"\" class=\"wp-image-16359\" srcset=\"https:\/\/echta-derminga.de\/wp-content\/uploads\/2023\/12\/412249005_6945502572211075_6570830388368649972_n-700x525.jpg 700w, https:\/\/echta-derminga.de\/wp-content\/uploads\/2023\/12\/412249005_6945502572211075_6570830388368649972_n-300x225.jpg 300w, https:\/\/echta-derminga.de\/wp-content\/uploads\/2023\/12\/412249005_6945502572211075_6570830388368649972_n-768x576.jpg 768w, https:\/\/echta-derminga.de\/wp-content\/uploads\/2023\/12\/412249005_6945502572211075_6570830388368649972_n-1536x1152.jpg 1536w, https:\/\/echta-derminga.de\/wp-content\/uploads\/2023\/12\/412249005_6945502572211075_6570830388368649972_n.jpg 2000w\" sizes=\"auto, (max-width: 700px) 100vw, 700px\" \/><\/figure>\n<\/div>\n<\/div>\n\n\n\n<p class=\"has-medium-font-size wp-block-paragraph\"><strong>W\u00e4hrend des Abschlussabends im &#8222;Kl\u00e4se Keller&#8220; schweifte mein Blick \u00fcber die vorhandene Menschenmengen. Dieses Dorf hat soviel Potential und enorm viel Qualit\u00e4t. Wir m\u00fcssen es nur schaffen diese Eigenschaften zu nutzen und gemeinsam umzusetzen. Genau darin liegt auch in den n\u00e4chsten Jahren unsere gemeinsame Aufgabe. Nur Gemeinsam wird es uns gelingen unser Dorf aufzuwerten. Ohne unsere \u201eWiege der Dorfkultur\u201c wird es schwierig werden unsere Dorfgemeinschaft zu pflegen und zu f\u00f6rdern.<\/strong> <strong>Auch zuk\u00fcnftig werden wir uns alle gemeinsam um unsere dorfeigene &#8222;Wohlf\u00fchloase&#8220; k\u00fcmmern. Das liegt in unserer Derminga DNA !<\/strong><\/p>\n\n\n<div class=\"wp-block-image\">\n<figure class=\"aligncenter size-large\"><img loading=\"lazy\" decoding=\"async\" width=\"700\" height=\"534\" src=\"https:\/\/echta-derminga.de\/wp-content\/uploads\/2023\/12\/412285253_6945391102222222_8258357434679504501_n-1-700x534.jpg\" alt=\"\" class=\"wp-image-16364\" srcset=\"https:\/\/echta-derminga.de\/wp-content\/uploads\/2023\/12\/412285253_6945391102222222_8258357434679504501_n-1-700x534.jpg 700w, https:\/\/echta-derminga.de\/wp-content\/uploads\/2023\/12\/412285253_6945391102222222_8258357434679504501_n-1-300x229.jpg 300w, https:\/\/echta-derminga.de\/wp-content\/uploads\/2023\/12\/412285253_6945391102222222_8258357434679504501_n-1-768x586.jpg 768w, https:\/\/echta-derminga.de\/wp-content\/uploads\/2023\/12\/412285253_6945391102222222_8258357434679504501_n-1-1536x1172.jpg 1536w, https:\/\/echta-derminga.de\/wp-content\/uploads\/2023\/12\/412285253_6945391102222222_8258357434679504501_n-1.jpg 1738w\" sizes=\"auto, (max-width: 700px) 100vw, 700px\" \/><\/figure>\n<\/div>\n\n\n<p class=\"has-medium-font-size wp-block-paragraph\"><\/p>\n","protected":false},"excerpt":{"rendered":"<p>Das in den fr\u00fchen 1960-ger Jahren abgerissene historische \u201eKl\u00e4se Haus\u201c dient bis heute als Kultst\u00e4tte und Wiege unserer Dorfkultur. In Quellen unserer Dorfchronik wird davon berichtet, dass das alte \u201cKl\u00e4se-Haus\u201c zum Zeitpunkt des Abrisses \u00fcber 400 Jahre lang in unserer Ortsmitte stand. Obwohl heute nur noch der alte Gew\u00f6lbekeller existiert, ist die Geschichte des ehemaligen \u201cKl\u00e4se-Hauses\u201c eng mit der Geschichte<\/p>\n","protected":false},"author":1,"featured_media":16355,"comment_status":"closed","ping_status":"closed","sticky":false,"template":"","format":"standard","meta":{"_crdt_document":"","footnotes":""},"categories":[1,9,100,902],"tags":[5,618,349,127,310],"class_list":["post-16352","post","type-post","status-publish","format-standard","has-post-thumbnail","hentry","category-allgemein","category-dorfgetratsche","category-meine-kulturaner","category-meine-meinung","tag-dirmingen","tag-gemeinde-eppelborn","tag-kulturverein-dirmingen","tag-landkreis-neunkirchen","tag-saarland"],"_links":{"self":[{"href":"https:\/\/echta-derminga.de\/index.php?rest_route=\/wp\/v2\/posts\/16352","targetHints":{"allow":["GET"]}}],"collection":[{"href":"https:\/\/echta-derminga.de\/index.php?rest_route=\/wp\/v2\/posts"}],"about":[{"href":"https:\/\/echta-derminga.de\/index.php?rest_route=\/wp\/v2\/types\/post"}],"author":[{"embeddable":true,"href":"https:\/\/echta-derminga.de\/index.php?rest_route=\/wp\/v2\/users\/1"}],"replies":[{"embeddable":true,"href":"https:\/\/echta-derminga.de\/index.php?rest_route=%2Fwp%2Fv2%2Fcomments&post=16352"}],"version-history":[{"count":11,"href":"https:\/\/echta-derminga.de\/index.php?rest_route=\/wp\/v2\/posts\/16352\/revisions"}],"predecessor-version":[{"id":16372,"href":"https:\/\/echta-derminga.de\/index.php?rest_route=\/wp\/v2\/posts\/16352\/revisions\/16372"}],"wp:featuredmedia":[{"embeddable":true,"href":"https:\/\/echta-derminga.de\/index.php?rest_route=\/wp\/v2\/media\/16355"}],"wp:attachment":[{"href":"https:\/\/echta-derminga.de\/index.php?rest_route=%2Fwp%2Fv2%2Fmedia&parent=16352"}],"wp:term":[{"taxonomy":"category","embeddable":true,"href":"https:\/\/echta-derminga.de\/index.php?rest_route=%2Fwp%2Fv2%2Fcategories&post=16352"},{"taxonomy":"post_tag","embeddable":true,"href":"https:\/\/echta-derminga.de\/index.php?rest_route=%2Fwp%2Fv2%2Ftags&post=16352"}],"curies":[{"name":"wp","href":"https:\/\/api.w.org\/{rel}","templated":true}]}}