{"id":16394,"date":"2023-12-29T14:43:47","date_gmt":"2023-12-29T13:43:47","guid":{"rendered":"https:\/\/echta-derminga.de\/?p=16394"},"modified":"2023-12-29T17:11:16","modified_gmt":"2023-12-29T16:11:16","slug":"unser-ehrenamt-blutet-buchstaeblich-aus-buerokratie-und-kostensteigerung-bringen-unsere-vereine-ans-limit","status":"publish","type":"post","link":"https:\/\/echta-derminga.de\/?p=16394","title":{"rendered":"Unser Ehrenamt blutet buchst\u00e4blich aus? &#8211; B\u00fcrokratie und Kostensteigerung bringen unsere Vereine ans Limit"},"content":{"rendered":"\n<p class=\"has-medium-font-size wp-block-paragraph\"><strong>Politiker, Gewerkschaften und Sozialverb\u00e4nde werden nicht m\u00fcde zu betonen welche Bedeutung das Ehrenamt f\u00fcr unsere Gesellschaft hat. In den letzten Jahren haben sich bundesweit knapp 20.000 Vereine aufgel\u00f6st. Das f\u00fcr die Kommunen so wichtige ehrenamtliche Engagement bricht buchst\u00e4blich auseinander. Ich bin selbst Kommunalpolitiker und hinterfrage mich bei jedem Vereinsbesuch intensiv, ob wir tats\u00e4chlich genug f\u00fcr das Ehrenamt leisten. Gen\u00fcgt es hin und wieder einen Check r\u00fcberwachsen zu lassen? Unser ehemaliger Bundespr\u00e4sident Johannes Rau sagte einmal: \u201eDas Ehrenamt ist der Kitt der Gesellschaft\u201c Ich frage mich: Sind wir uns dieser Tatsache tats\u00e4chlich bewusst<\/strong> <strong>und haben wir die passenden Antworten f\u00fcr die Zukunft ?<\/strong><\/p>\n\n\n\n<p class=\"has-medium-font-size wp-block-paragraph\">Das Saarland gilt bis heute als Vereins -und Ehrenamtsland. Noch! Nirgendwo anders, als in unseren St\u00e4dten und Kommunen, wird mehr Wert auf das Ehrenamt gelegt. Tats\u00e4chlich leiden unsere Vereine und das Ehrenamt unter den massiven Kostensteigerungen und den Bergen von B\u00fcrokratie. Wer soll in diesem Wirrwarr noch durchblicken oder einfacher, wer soll hier die Verantwortung \u00fcbernehmen? Auch in meinem Heimatort tragen die vielen ehrenamtlichen Mitb\u00fcrgerinnen und Mitb\u00fcrger schwerwiegende Verantwortungen, Oftmals ist die Last viel zu gro\u00df f\u00fcr Familie und Privatleben. Unsere Ehrenamtliche setzen dort an, wo das Geld im Gemeindehaushalt fehlt: B\u00fcrgerbusse m\u00fcssen gefahren werden, die Freiwillige Feuerwehr und die THW m\u00fcssen ausgebildet und einsatzf\u00e4hig sein. Das Ehrenamtliche Engagement sorgt an vielen Stellen f\u00fcr gleichwertige Lebensbedingungen zwischen den St\u00e4dten, und den D\u00f6rfern. W\u00e4hrend es immer noch gen\u00fcgend Menschen gibt, die bereit sind sich ehrenamtlich zu bet\u00e4tigen, sinkt die Anzahl derer die eine gehobene Funktion im Verein \u00fcbernehmen m\u00f6chten. Ein Grund darin liegt in den viel zu gro\u00dfen B\u00fcrden und Aufgaben.<\/p>\n\n\n\n<div class=\"wp-block-columns is-layout-flex wp-container-core-columns-is-layout-8f761849 wp-block-columns-is-layout-flex\">\n<div class=\"wp-block-column is-layout-flow wp-block-column-is-layout-flow\">\n<figure class=\"wp-block-image size-large\"><img loading=\"lazy\" decoding=\"async\" width=\"700\" height=\"500\" src=\"https:\/\/echta-derminga.de\/wp-content\/uploads\/2023\/12\/A7_4719-700x500.jpg\" alt=\"\" class=\"wp-image-16262\" srcset=\"https:\/\/echta-derminga.de\/wp-content\/uploads\/2023\/12\/A7_4719-700x500.jpg 700w, https:\/\/echta-derminga.de\/wp-content\/uploads\/2023\/12\/A7_4719-300x214.jpg 300w, https:\/\/echta-derminga.de\/wp-content\/uploads\/2023\/12\/A7_4719-768x549.jpg 768w, https:\/\/echta-derminga.de\/wp-content\/uploads\/2023\/12\/A7_4719-1536x1097.jpg 1536w, https:\/\/echta-derminga.de\/wp-content\/uploads\/2023\/12\/A7_4719-2048x1463.jpg 2048w\" sizes=\"auto, (max-width: 700px) 100vw, 700px\" \/><\/figure>\n<\/div>\n\n\n\n<div class=\"wp-block-column is-layout-flow wp-block-column-is-layout-flow\">\n<figure class=\"wp-block-image size-large\"><img loading=\"lazy\" decoding=\"async\" width=\"700\" height=\"525\" src=\"https:\/\/echta-derminga.de\/wp-content\/uploads\/2023\/02\/Jubel-700x525.jpg\" alt=\"\" class=\"wp-image-14694\" srcset=\"https:\/\/echta-derminga.de\/wp-content\/uploads\/2023\/02\/Jubel-700x525.jpg 700w, https:\/\/echta-derminga.de\/wp-content\/uploads\/2023\/02\/Jubel-300x225.jpg 300w, https:\/\/echta-derminga.de\/wp-content\/uploads\/2023\/02\/Jubel-768x576.jpg 768w, https:\/\/echta-derminga.de\/wp-content\/uploads\/2023\/02\/Jubel.jpg 1024w\" sizes=\"auto, (max-width: 700px) 100vw, 700px\" \/><\/figure>\n<\/div>\n<\/div>\n\n\n\n<p class=\"has-medium-font-size wp-block-paragraph\"><strong>Wir alle besuchen gerne die unz\u00e4hligen Vereinsfeste in unserem Dorf und auch in unserer Gemeinde. Die Wenigsten k\u00f6nnen sich jedoch vorstellen, welche H\u00fcrden ein gesch\u00e4ftsf\u00fchrender Vorstand tats\u00e4chlich vor dem Verkauf des ersten Bieres nehmen muss. Eine Vielzahl von Formularen und Bewilligungen sind einzureichen. Sicherkonzepte zu schreiben und Antr\u00e4ge zu stellen. Sicherlich dienen viele dieser Formalien der Sicherheit der Allgemeinheit. Wie aber soll ein ehrenamtlich gef\u00fchrter Verein am Ende mit diesen Aufgaben klarkommen? Zudem drohen bei Nichteinhaltung so mancher Formalien empfindliche Strafen.<\/strong><\/p>\n\n\n\n<p class=\"has-medium-font-size wp-block-paragraph\">Zwischen unserem mittelalterlichem Weihnachtsmarkt und der ersten Kappensitzung findet man genau den richtigen Zeitpunkt, um den Finger auf die Wunde zu legen. Brandwache (kein Thema, ist notwendig), Sicherheitskonzept, Verkehrsumleitungen, GEMA, Hallengeb\u00fchren und etliche kleinere Verfahren fressen das Ehrenamt buchst\u00e4blich auf. Manch einer kann sich kaum vorstellen, was unser KKV Dirmingen leisten muss, bevor er tats\u00e4chlich zu seiner ersten Kappensitzung einladen kann. Der \u201eMittelalterliche Weihnachtsmarkt\u201c oder das \u201eDerminga Parkfeschd\u201c w\u00e4ren ohne die Dachorganisation des Kulturvereins nicht mehr m\u00f6glich. K\u00f6nnen Sie sich vorstellen, welche finanzielle Klimmz\u00fcge unsere Handballer leisten m\u00fcssen um ihre Hallenkosten zu decken? Das alles hat bestimmt seine Berechtigung und irgendwo muss schlie\u00dflich auch unsere Kommune ihre Kosten tragen. Wir sind jedoch gut beraten, wenn wir uns um L\u00f6sungen und Erleichterungen bem\u00fchen. Einmal im Jahr den Check zu z\u00fccken, gen\u00fcgt l\u00e4ngst nicht mehr aus. Unsere Vereine leiden unter dem massiven Kosten- und B\u00fcrokratieberg.<\/p>\n\n\n\n<div class=\"wp-block-columns is-layout-flex wp-container-core-columns-is-layout-8f761849 wp-block-columns-is-layout-flex\">\n<div class=\"wp-block-column is-layout-flow wp-block-column-is-layout-flow\">\n<figure class=\"wp-block-image size-large\"><img loading=\"lazy\" decoding=\"async\" width=\"700\" height=\"495\" src=\"https:\/\/echta-derminga.de\/wp-content\/uploads\/2023\/07\/tvd-700x495.jpg\" alt=\"\" class=\"wp-image-15394\" srcset=\"https:\/\/echta-derminga.de\/wp-content\/uploads\/2023\/07\/tvd-700x495.jpg 700w, https:\/\/echta-derminga.de\/wp-content\/uploads\/2023\/07\/tvd-300x212.jpg 300w, https:\/\/echta-derminga.de\/wp-content\/uploads\/2023\/07\/tvd-768x544.jpg 768w, https:\/\/echta-derminga.de\/wp-content\/uploads\/2023\/07\/tvd-1536x1087.jpg 1536w, https:\/\/echta-derminga.de\/wp-content\/uploads\/2023\/07\/tvd.jpg 1711w\" sizes=\"auto, (max-width: 700px) 100vw, 700px\" \/><\/figure>\n<\/div>\n\n\n\n<div class=\"wp-block-column is-layout-flow wp-block-column-is-layout-flow\">\n<figure class=\"wp-block-image size-large\"><img loading=\"lazy\" decoding=\"async\" width=\"700\" height=\"577\" src=\"https:\/\/echta-derminga.de\/wp-content\/uploads\/2023\/06\/351464121_290131976688288_8021193202464270528_n-700x577.jpg\" alt=\"\" class=\"wp-image-15254\" srcset=\"https:\/\/echta-derminga.de\/wp-content\/uploads\/2023\/06\/351464121_290131976688288_8021193202464270528_n-700x577.jpg 700w, https:\/\/echta-derminga.de\/wp-content\/uploads\/2023\/06\/351464121_290131976688288_8021193202464270528_n-300x247.jpg 300w, https:\/\/echta-derminga.de\/wp-content\/uploads\/2023\/06\/351464121_290131976688288_8021193202464270528_n-768x633.jpg 768w, https:\/\/echta-derminga.de\/wp-content\/uploads\/2023\/06\/351464121_290131976688288_8021193202464270528_n.jpg 960w\" sizes=\"auto, (max-width: 700px) 100vw, 700px\" \/><\/figure>\n<\/div>\n<\/div>\n\n\n\n<p class=\"has-medium-font-size wp-block-paragraph\"><strong>Nat\u00fcrlich wurde in dem letzten Jahr viel in das vorhandene Ehrenamt investiert. Weiterbildung, Digitalisierung, Onlineangebote, F\u00f6rdert\u00f6pfe und F\u00f6rderprogramme sind hier lobenswert zu erw\u00e4hnen. Auf der anderen Seite fehlt oftmals der Blick auf das Wesentliche. Diejenigen die in regelm\u00e4\u00dfigen Abst\u00e4nden ein Vereinsfest durchf\u00fchren wissen genau, wo es harkt und inwieweit Hilfe ben\u00f6tigt wird.<\/strong><\/p>\n\n\n\n<p class=\"has-medium-font-size wp-block-paragraph\">Die Finanzierung eines Vereinsfestes muss auch zuk\u00fcnftig im Bereich des M\u00f6glichen sein. Zudem brauchen wir unterst\u00fctzende Ma\u00dfnahmen f\u00fcr Mitglieder eines gesch\u00e4ftsf\u00fchrenden Vorstandes. Verantwortung zu \u00fcbertragen muss vereinfacht werden. Dazu geh\u00f6ren auch Erleichterungen f\u00fcr die Vorsitzenden in den Vereinen. Daf\u00fcr brauchen wir Ideen und Konzepte, die uns helfen den Vereinen zu helfen. Leicht gesagt ! Guter Rat ist teuer ! Wie gesagt, wichtig ist zun\u00e4chst einmal den Finger in die Wunde zu stecken und auf die Probleme hinweisen.<\/p>\n\n\n\n<p class=\"has-medium-font-size wp-block-paragraph\"><strong>Verantwortung in einem Vereinsvorstand zu \u00fcbernehmen, kosten viel Kraft und gro\u00dfen Mut. Die Zeit der fr\u00fchzeitig im Ruhestand befindlichen Bergleute geh\u00f6rt leider der Geschichte an. Viele Bergleute hatten nach ihrem fr\u00fchzeitigen Renteneintritt gen\u00fcgend Lust, Zeit und Kraft sich ehrenamtlich zu bet\u00e4tigen. Hinzu kommt, dass sich die Einstellung zum Ehrenamt stetig ver\u00e4ndert. Fr\u00fcher war es v\u00f6llig normal, dass eine Frau oder ein Mann in mehreren Vereinen aktiv unterwegs war. Heute m\u00fcssen die Menschen l\u00e4nger Arbeiten und sind meistens intensiven Druck ausgesetzt. Das alles werden wir nicht ver\u00e4ndern k\u00f6nnen. Die Abschaffung gro\u00dfer b\u00fcrokratischer H\u00fcrden und kostenpflichtiger Antr\u00e4ge sollte jedoch auf den Pr\u00fcfstand gestellt werden.<\/strong><\/p>\n\n\n\n<div class=\"wp-block-columns is-layout-flex wp-container-core-columns-is-layout-8f761849 wp-block-columns-is-layout-flex\">\n<div class=\"wp-block-column is-layout-flow wp-block-column-is-layout-flow\">\n<figure class=\"wp-block-image size-large\"><img loading=\"lazy\" decoding=\"async\" width=\"700\" height=\"316\" src=\"https:\/\/echta-derminga.de\/wp-content\/uploads\/2022\/07\/FB_IMG_1658867034915-700x316.jpg\" alt=\"\" class=\"wp-image-13403\" srcset=\"https:\/\/echta-derminga.de\/wp-content\/uploads\/2022\/07\/FB_IMG_1658867034915-700x316.jpg 700w, https:\/\/echta-derminga.de\/wp-content\/uploads\/2022\/07\/FB_IMG_1658867034915-300x135.jpg 300w, https:\/\/echta-derminga.de\/wp-content\/uploads\/2022\/07\/FB_IMG_1658867034915-768x346.jpg 768w, https:\/\/echta-derminga.de\/wp-content\/uploads\/2022\/07\/FB_IMG_1658867034915.jpg 1080w\" sizes=\"auto, (max-width: 700px) 100vw, 700px\" \/><\/figure>\n<\/div>\n\n\n\n<div class=\"wp-block-column is-layout-flow wp-block-column-is-layout-flow\">\n<figure class=\"wp-block-image size-large\"><img loading=\"lazy\" decoding=\"async\" width=\"700\" height=\"239\" src=\"https:\/\/echta-derminga.de\/wp-content\/uploads\/2022\/07\/296178627_10222480786071892_8597606225945154747_n-1-700x239.jpg\" alt=\"\" class=\"wp-image-13402\" srcset=\"https:\/\/echta-derminga.de\/wp-content\/uploads\/2022\/07\/296178627_10222480786071892_8597606225945154747_n-1-700x239.jpg 700w, https:\/\/echta-derminga.de\/wp-content\/uploads\/2022\/07\/296178627_10222480786071892_8597606225945154747_n-1-300x103.jpg 300w, https:\/\/echta-derminga.de\/wp-content\/uploads\/2022\/07\/296178627_10222480786071892_8597606225945154747_n-1-768x263.jpg 768w, https:\/\/echta-derminga.de\/wp-content\/uploads\/2022\/07\/296178627_10222480786071892_8597606225945154747_n-1.jpg 1024w\" sizes=\"auto, (max-width: 700px) 100vw, 700px\" \/><\/figure>\n<\/div>\n<\/div>\n\n\n\n<div class=\"wp-block-columns is-layout-flex wp-container-core-columns-is-layout-8f761849 wp-block-columns-is-layout-flex\">\n<div class=\"wp-block-column is-layout-flow wp-block-column-is-layout-flow\">\n<figure class=\"wp-block-image size-large\"><img loading=\"lazy\" decoding=\"async\" width=\"700\" height=\"376\" src=\"https:\/\/echta-derminga.de\/wp-content\/uploads\/2023\/07\/347584940_6158924194225547_1949677525507571505_n-700x376.jpg\" alt=\"\" class=\"wp-image-15437\" srcset=\"https:\/\/echta-derminga.de\/wp-content\/uploads\/2023\/07\/347584940_6158924194225547_1949677525507571505_n-700x376.jpg 700w, https:\/\/echta-derminga.de\/wp-content\/uploads\/2023\/07\/347584940_6158924194225547_1949677525507571505_n-300x161.jpg 300w, https:\/\/echta-derminga.de\/wp-content\/uploads\/2023\/07\/347584940_6158924194225547_1949677525507571505_n-768x413.jpg 768w, https:\/\/echta-derminga.de\/wp-content\/uploads\/2023\/07\/347584940_6158924194225547_1949677525507571505_n-1536x825.jpg 1536w, https:\/\/echta-derminga.de\/wp-content\/uploads\/2023\/07\/347584940_6158924194225547_1949677525507571505_n.jpg 2048w\" sizes=\"auto, (max-width: 700px) 100vw, 700px\" \/><\/figure>\n<\/div>\n\n\n\n<div class=\"wp-block-column is-layout-flow wp-block-column-is-layout-flow\">\n<figure class=\"wp-block-image size-large\"><img loading=\"lazy\" decoding=\"async\" width=\"700\" height=\"323\" src=\"https:\/\/echta-derminga.de\/wp-content\/uploads\/2023\/07\/358710482_6368144836613521_2757359084329232542_n-700x323.jpg\" alt=\"\" class=\"wp-image-15436\" srcset=\"https:\/\/echta-derminga.de\/wp-content\/uploads\/2023\/07\/358710482_6368144836613521_2757359084329232542_n-700x323.jpg 700w, https:\/\/echta-derminga.de\/wp-content\/uploads\/2023\/07\/358710482_6368144836613521_2757359084329232542_n-300x139.jpg 300w, https:\/\/echta-derminga.de\/wp-content\/uploads\/2023\/07\/358710482_6368144836613521_2757359084329232542_n-768x355.jpg 768w, https:\/\/echta-derminga.de\/wp-content\/uploads\/2023\/07\/358710482_6368144836613521_2757359084329232542_n-1536x710.jpg 1536w, https:\/\/echta-derminga.de\/wp-content\/uploads\/2023\/07\/358710482_6368144836613521_2757359084329232542_n.jpg 2048w\" sizes=\"auto, (max-width: 700px) 100vw, 700px\" \/><\/figure>\n<\/div>\n<\/div>\n\n\n\n<p class=\"has-medium-font-size wp-block-paragraph\"><strong>Was k\u00f6nnen wir unseren Vereinen noch zumuten? Wir alle freuen uns \u00fcber das reichhaltige Angebot unserer Vereinslandschaft. Gerne besuchen wir unsere Vereinsfeste, die \u201eKerb\u201c, den Weihnachtsmarkt, ein \u201eHerbschdfeschd\u201c oder wie bald endlich wieder eine Kappensitzung. Nur, wer soll das bezahlen? Bei vielen Menschen sitzt das Geld nicht mehr zu locker. Viele Vereine verzichten deswegen schon auf eine Steigerung der Verkaufskosten. Das Problem wird somit nur verschoben und nicht behoben. Wenn wir auch zuk\u00fcnftig Spa\u00df an unseren Vereinen und deren Aktivit\u00e4ten haben m\u00f6chten, m\u00fcssen wir uns Gedanken \u00fcber Erleichterungen machen. Ansonsten blutet das Ehrenamt tats\u00e4chlich irgendwann aus und vielerorts erl\u00f6schen die Lichter !<\/strong><\/p>\n\n\n\n<div class=\"wp-block-columns is-layout-flex wp-container-core-columns-is-layout-8f761849 wp-block-columns-is-layout-flex\">\n<div class=\"wp-block-column is-layout-flow wp-block-column-is-layout-flow\">\n<figure class=\"wp-block-image size-large\"><img loading=\"lazy\" decoding=\"async\" width=\"700\" height=\"467\" src=\"https:\/\/echta-derminga.de\/wp-content\/uploads\/2023\/11\/227358_WSP_1121_leb_mkWeihmarkt_Dirmingen-700x467.jpg\" alt=\"\" class=\"wp-image-16197\" srcset=\"https:\/\/echta-derminga.de\/wp-content\/uploads\/2023\/11\/227358_WSP_1121_leb_mkWeihmarkt_Dirmingen-700x467.jpg 700w, https:\/\/echta-derminga.de\/wp-content\/uploads\/2023\/11\/227358_WSP_1121_leb_mkWeihmarkt_Dirmingen-300x200.jpg 300w, https:\/\/echta-derminga.de\/wp-content\/uploads\/2023\/11\/227358_WSP_1121_leb_mkWeihmarkt_Dirmingen-768x513.jpg 768w, https:\/\/echta-derminga.de\/wp-content\/uploads\/2023\/11\/227358_WSP_1121_leb_mkWeihmarkt_Dirmingen.jpg 800w\" sizes=\"auto, (max-width: 700px) 100vw, 700px\" \/><\/figure>\n<\/div>\n\n\n\n<div class=\"wp-block-column is-layout-flow wp-block-column-is-layout-flow\">\n<figure class=\"wp-block-image size-large\"><img loading=\"lazy\" decoding=\"async\" width=\"700\" height=\"407\" src=\"https:\/\/echta-derminga.de\/wp-content\/uploads\/2022\/10\/IMG-20221023-WA0001-700x407.jpg\" alt=\"\" class=\"wp-image-13934\" srcset=\"https:\/\/echta-derminga.de\/wp-content\/uploads\/2022\/10\/IMG-20221023-WA0001-700x407.jpg 700w, https:\/\/echta-derminga.de\/wp-content\/uploads\/2022\/10\/IMG-20221023-WA0001-300x174.jpg 300w, https:\/\/echta-derminga.de\/wp-content\/uploads\/2022\/10\/IMG-20221023-WA0001-768x446.jpg 768w, https:\/\/echta-derminga.de\/wp-content\/uploads\/2022\/10\/IMG-20221023-WA0001.jpg 1235w\" sizes=\"auto, (max-width: 700px) 100vw, 700px\" \/><\/figure>\n<\/div>\n<\/div>\n","protected":false},"excerpt":{"rendered":"<p>Politiker, Gewerkschaften und Sozialverb\u00e4nde werden nicht m\u00fcde zu betonen welche Bedeutung das Ehrenamt f\u00fcr unsere Gesellschaft hat. In den letzten Jahren haben sich bundesweit knapp 20.000 Vereine aufgel\u00f6st. Das f\u00fcr die Kommunen so wichtige ehrenamtliche Engagement bricht buchst\u00e4blich auseinander. Ich bin selbst Kommunalpolitiker und hinterfrage mich bei jedem Vereinsbesuch intensiv, ob wir tats\u00e4chlich genug f\u00fcr das Ehrenamt leisten. Gen\u00fcgt es<\/p>\n","protected":false},"author":1,"featured_media":13226,"comment_status":"open","ping_status":"closed","sticky":false,"template":"","format":"standard","meta":{"_crdt_document":"","footnotes":""},"categories":[1,9,100,902,46],"tags":[5,529,618,349,127,795,310],"class_list":["post-16394","post","type-post","status-publish","format-standard","has-post-thumbnail","hentry","category-allgemein","category-dorfgetratsche","category-meine-kulturaner","category-meine-meinung","category-meine-politik","tag-dirmingen","tag-dirminger-vereine","tag-gemeinde-eppelborn","tag-kulturverein-dirmingen","tag-landkreis-neunkirchen","tag-ortsvorsteher-dirmingen","tag-saarland"],"_links":{"self":[{"href":"https:\/\/echta-derminga.de\/index.php?rest_route=\/wp\/v2\/posts\/16394","targetHints":{"allow":["GET"]}}],"collection":[{"href":"https:\/\/echta-derminga.de\/index.php?rest_route=\/wp\/v2\/posts"}],"about":[{"href":"https:\/\/echta-derminga.de\/index.php?rest_route=\/wp\/v2\/types\/post"}],"author":[{"embeddable":true,"href":"https:\/\/echta-derminga.de\/index.php?rest_route=\/wp\/v2\/users\/1"}],"replies":[{"embeddable":true,"href":"https:\/\/echta-derminga.de\/index.php?rest_route=%2Fwp%2Fv2%2Fcomments&post=16394"}],"version-history":[{"count":15,"href":"https:\/\/echta-derminga.de\/index.php?rest_route=\/wp\/v2\/posts\/16394\/revisions"}],"predecessor-version":[{"id":16448,"href":"https:\/\/echta-derminga.de\/index.php?rest_route=\/wp\/v2\/posts\/16394\/revisions\/16448"}],"wp:featuredmedia":[{"embeddable":true,"href":"https:\/\/echta-derminga.de\/index.php?rest_route=\/wp\/v2\/media\/13226"}],"wp:attachment":[{"href":"https:\/\/echta-derminga.de\/index.php?rest_route=%2Fwp%2Fv2%2Fmedia&parent=16394"}],"wp:term":[{"taxonomy":"category","embeddable":true,"href":"https:\/\/echta-derminga.de\/index.php?rest_route=%2Fwp%2Fv2%2Fcategories&post=16394"},{"taxonomy":"post_tag","embeddable":true,"href":"https:\/\/echta-derminga.de\/index.php?rest_route=%2Fwp%2Fv2%2Ftags&post=16394"}],"curies":[{"name":"wp","href":"https:\/\/api.w.org\/{rel}","templated":true}]}}