{"id":16509,"date":"2024-01-01T17:22:34","date_gmt":"2024-01-01T16:22:34","guid":{"rendered":"https:\/\/echta-derminga.de\/?p=16509"},"modified":"2024-01-01T17:33:51","modified_gmt":"2024-01-01T16:33:51","slug":"herzlich-willkommen-2024-und-es-geht-weiter","status":"publish","type":"post","link":"https:\/\/echta-derminga.de\/?p=16509","title":{"rendered":"Herzlich Willkommen 2024 -\u2026..und es geht weiter!"},"content":{"rendered":"\n<p class=\"has-medium-font-size wp-block-paragraph\"><strong>Frohes neues Jahr! Warum denn gleich so pessimistisch? Das neue Jahr 2024 bringt so viel Hoffnung und Zuversicht mit sich! Auch in einer Welt voller Probleme, Kriegen und Krisen lohnt es sich optimistisch in die Zukunft zu blicken. Frei nach Martin Luther, der einmal gro\u00dfspurig behauptete:\u201c \u201eWenn ich w\u00fcsste, dass morgen die Welt unterginge, w\u00fcrde ich heute noch ein Apfelb\u00e4umchen pflanzen\u201c. Genau, gerade jetzt, in diesen unruhigen Zeiten, tut doch ein wenig Mut und Zuversicht ganz gut, oder?<\/strong> <strong>In unserem kleinen D\u00f6rfchen wird auch im neuen Jahr 2024 vieles geboten. Wir d\u00fcrfen uns auf ein ereignisreiches Jahr mit vielen sch\u00f6nen Momenten und H\u00f6hepunkten freuen. Sollte es am Ende doch nicht so gro\u00dfartig werden, haben wir dann immer noch genug Zeit zu lamentieren.<\/strong> <strong>Die<\/strong> <strong>Termine und Veranstaltungen unseres Dorfes findet ihr auf www.Kulturverein-Dirmingen.de <\/strong><\/p>\n\n\n\n<p class=\"has-medium-font-size wp-block-paragraph\">Dirmingen im Jahr 2024! Was kommt auf uns zu? Ja nat\u00fcrlich, ganz bestimmt auch viele Probleme, traurige Momente und nachdenkliche Augenblicke. Das bringt das Leben so mit sich! Aber Moment mal, dar\u00fcber wollten wir doch gerade zum Jahresanfang \u00fcberhaupt nicht reden, oder? Jede oder Jeder von uns wird sich zum Jahreswechsel seine neuen pers\u00f6nliche Vors\u00e4tze \u00fcberlegt haben. Meine Vors\u00e4tze liegen in der Bescheidenheit, der Hoffnung und der Zuversicht. Blo\u00df nicht runterziehen lassen und fokussiert sein Ziel im Auge behalten. Nachdem das seit vielen Jahren mit der Gewichtsabnahme ohnehin nicht funktioniert, probiere ich es mal mit meiner pers\u00f6nlichen Grundeinstellung. Angeblich soll Zuversicht wahre Wunder bewegen. &nbsp;<\/p>\n\n\n\n<div class=\"wp-block-columns is-layout-flex wp-container-core-columns-is-layout-8f761849 wp-block-columns-is-layout-flex\">\n<div class=\"wp-block-column is-layout-flow wp-block-column-is-layout-flow\">\n<figure class=\"wp-block-image size-large\"><img loading=\"lazy\" decoding=\"async\" width=\"700\" height=\"972\" src=\"https:\/\/echta-derminga.de\/wp-content\/uploads\/2023\/12\/408346116_6881577488603584_1648062302710437903_n-700x972.jpg\" alt=\"\" class=\"wp-image-16337\" srcset=\"https:\/\/echta-derminga.de\/wp-content\/uploads\/2023\/12\/408346116_6881577488603584_1648062302710437903_n-700x972.jpg 700w, https:\/\/echta-derminga.de\/wp-content\/uploads\/2023\/12\/408346116_6881577488603584_1648062302710437903_n-216x300.jpg 216w, https:\/\/echta-derminga.de\/wp-content\/uploads\/2023\/12\/408346116_6881577488603584_1648062302710437903_n-768x1067.jpg 768w, https:\/\/echta-derminga.de\/wp-content\/uploads\/2023\/12\/408346116_6881577488603584_1648062302710437903_n-1106x1536.jpg 1106w, https:\/\/echta-derminga.de\/wp-content\/uploads\/2023\/12\/408346116_6881577488603584_1648062302710437903_n.jpg 1151w\" sizes=\"auto, (max-width: 700px) 100vw, 700px\" \/><\/figure>\n<\/div>\n\n\n\n<div class=\"wp-block-column is-layout-flow wp-block-column-is-layout-flow\">\n<figure class=\"wp-block-image size-large\"><img loading=\"lazy\" decoding=\"async\" width=\"700\" height=\"901\" src=\"https:\/\/echta-derminga.de\/wp-content\/uploads\/2023\/12\/409728900_6911118825649450_132979343748704926_n-700x901.jpg\" alt=\"\" class=\"wp-image-16336\" srcset=\"https:\/\/echta-derminga.de\/wp-content\/uploads\/2023\/12\/409728900_6911118825649450_132979343748704926_n-700x901.jpg 700w, https:\/\/echta-derminga.de\/wp-content\/uploads\/2023\/12\/409728900_6911118825649450_132979343748704926_n-233x300.jpg 233w, https:\/\/echta-derminga.de\/wp-content\/uploads\/2023\/12\/409728900_6911118825649450_132979343748704926_n-768x988.jpg 768w, https:\/\/echta-derminga.de\/wp-content\/uploads\/2023\/12\/409728900_6911118825649450_132979343748704926_n.jpg 796w\" sizes=\"auto, (max-width: 700px) 100vw, 700px\" \/><\/figure>\n<\/div>\n<\/div>\n\n\n\n<p class=\"has-medium-font-size wp-block-paragraph\"><strong>Das gelebte Ehrenamt in unserem Dorf gibt viel Grund zur Hoffnung. Schon im Januar k\u00f6nnen wir die Neujahrsempf\u00e4nge der Gemeinde Eppelborn, einzelner Vereine und der Kirchengemeinden besuchen. Gottlob ist es unserer katholischen Pfarreiengemeinschaft Eppelborn-Dirmingen auch in diesem Jahr gelungen eine Sternsingeraktion auf die Beine zu stellen. Nat\u00fcrlich \u00f6ffnet auch das \u201eDerminga Treff\u201c zum Jahresbeginn wieder monatlich wieder seine Pforten. Fastnacht feiern wir in diesem Jahr bereits sehr fr\u00fch, wobei die beiden Kappensitzungen unseres KKV Dirmingen bereits am 27.01. und am 03.02.24 stattfinden. Am 02.Februar wird die \u201eKinder-Faasendparty\u201c erstmals vom KKV Dirmingen ausgerichtet. Eine Woche sp\u00e4ter feiern alle \u201eFaasebooze\u201c, am Fastnachtswochenende, den saisonalen H\u00f6hepunkt.<\/strong><\/p>\n\n\n<div class=\"wp-block-image\">\n<figure class=\"aligncenter size-large\"><img loading=\"lazy\" decoding=\"async\" width=\"700\" height=\"494\" src=\"https:\/\/echta-derminga.de\/wp-content\/uploads\/2024\/01\/einladung_neujahrsempfang_2024_neu.pdf_21_x_14.8_cm.png-700x494.jpg\" alt=\"\" class=\"wp-image-16523\" srcset=\"https:\/\/echta-derminga.de\/wp-content\/uploads\/2024\/01\/einladung_neujahrsempfang_2024_neu.pdf_21_x_14.8_cm.png-700x494.jpg 700w, https:\/\/echta-derminga.de\/wp-content\/uploads\/2024\/01\/einladung_neujahrsempfang_2024_neu.pdf_21_x_14.8_cm.png-300x212.jpg 300w, https:\/\/echta-derminga.de\/wp-content\/uploads\/2024\/01\/einladung_neujahrsempfang_2024_neu.pdf_21_x_14.8_cm.png-768x541.jpg 768w, https:\/\/echta-derminga.de\/wp-content\/uploads\/2024\/01\/einladung_neujahrsempfang_2024_neu.pdf_21_x_14.8_cm.png-1536x1083.jpg 1536w, https:\/\/echta-derminga.de\/wp-content\/uploads\/2024\/01\/einladung_neujahrsempfang_2024_neu.pdf_21_x_14.8_cm.png.jpg 2000w\" sizes=\"auto, (max-width: 700px) 100vw, 700px\" \/><\/figure>\n<\/div>\n\n\n<p class=\"has-medium-font-size wp-block-paragraph\">Im M\u00e4rz wird in der Gemeinde Eppelborn das 33. Eppelborner Figurentheater, mit zwei Veranstaltungen in der Dirminger Borrwieshalle, durchgef\u00fchrt. Nach dem Osterfest, dass nat\u00fcrlich mit Ostereiersuchen im Br\u00fchlpark begangen wird, beginnt der \u201eFr\u00fchling auf Finkenrech\u201c. Mit gro\u00dfer Vorfreude blicken wir der Neuer\u00f6ffnung des Landhotel Finkenrech unter neuer Leitung und dem neuen Namen \u201eBotanico\u201c entgegen. Der Mai beginnt wie gewohnt mit dem traditionellen Maibaumsetzen des KKV Dirmingen. Der ASV Dirmingen wird zu seinem Weiherfest einladen und der SV Dirmingen richtet sein traditionsreiches Hobbyturnier \u201eUnser Dorf spielt Fu\u00dfball\u201c im Belkerstadion aus. Dazwischen sind Sie gerne einmal zu einem Boulespiel in der Dirminger Boulehalle eingeladen. Der Bouleverein Dirmingen freut sich auf ihren Besuch.<\/p>\n\n\n<div class=\"wp-block-image\">\n<figure class=\"aligncenter size-large\"><img loading=\"lazy\" decoding=\"async\" width=\"700\" height=\"700\" src=\"https:\/\/echta-derminga.de\/wp-content\/uploads\/2024\/01\/408859829_745129037655387_1726622447164332033_n-700x700.jpg\" alt=\"\" class=\"wp-image-16515\" srcset=\"https:\/\/echta-derminga.de\/wp-content\/uploads\/2024\/01\/408859829_745129037655387_1726622447164332033_n-700x700.jpg 700w, https:\/\/echta-derminga.de\/wp-content\/uploads\/2024\/01\/408859829_745129037655387_1726622447164332033_n-300x300.jpg 300w, https:\/\/echta-derminga.de\/wp-content\/uploads\/2024\/01\/408859829_745129037655387_1726622447164332033_n-150x150.jpg 150w, https:\/\/echta-derminga.de\/wp-content\/uploads\/2024\/01\/408859829_745129037655387_1726622447164332033_n-768x768.jpg 768w, https:\/\/echta-derminga.de\/wp-content\/uploads\/2024\/01\/408859829_745129037655387_1726622447164332033_n-90x90.jpg 90w, https:\/\/echta-derminga.de\/wp-content\/uploads\/2024\/01\/408859829_745129037655387_1726622447164332033_n-75x75.jpg 75w, https:\/\/echta-derminga.de\/wp-content\/uploads\/2024\/01\/408859829_745129037655387_1726622447164332033_n.jpg 1080w\" sizes=\"auto, (max-width: 700px) 100vw, 700px\" \/><\/figure>\n<\/div>\n\n\n<p class=\"has-medium-font-size wp-block-paragraph\"><strong>Am 09. Juni finden in unserem Land die Kommunal -und Europawahlen statt. Dabei werden die neuen Volksvertreter f\u00fcr Orts- Gemeinde- und Kreistag gew\u00e4hlt. Nat\u00fcrlich werden dabei auch die Ortsvorsteher\/innen und mancherorts auch B\u00fcrgermeister neu gew\u00e4hlt. Selbstverst\u00e4ndlich werden im Fr\u00fchling in unseren beiden Kirchengemeinde auch Kommunionen und Konfirmationen gefeiert. Der L\u00f6schbezirk Dirmingen wird in diesem Zeitraum ebenfalls seinen \u201eTag der offenen T\u00fcr\u201c durchf\u00fchren. &nbsp;Mit ihrer Reihe von Klappstuhlkonzerten konnte die Gemeinde Eppelborn im letzten Jahr einen gro\u00dfen Erfolg verbuchen. Das Angebot wird in diesem Jahr fortgef\u00fchrt wobei, dass Klappstuhlkonzert in Dirmingen am 27. Juni 2024 stattfindet.<\/strong><\/p>\n\n\n\n<p class=\"has-medium-font-size wp-block-paragraph\">Der TV 04 Dirmingen feiert in diesem Jahr sein nunmehr 120 Jubil\u00e4um. Dieses Ereignis wird mit einem gro\u00dfen Festkommers und dem traditionsreichen \u201eUnser Dorf spielt Handball\u201c begangen. Die Planungen des Kulturvereins Dirmingen zu einem gr\u00f6\u00dferen Park- oder Sommerfest im Juli 2024 laufen auf Hochtouren. Mit Spannung fiebern wir der Entscheidung der Kulturaner entgegen. Im August werden wir das traditionelle Imkerfest des Bienenvereins Dirmingen unterst\u00fctzen. Der September wird mit dem gro\u00dfartigen Wanderwegefest des IlltalerLands und dem \u201eHerbst auf Finkenrech\u201c begangenen. Nach Informationen des TKN des Landkreises Neunkirchen wird es auch in diesem Jahr, neben den vielen saisonalen Veranstaltungen, auch das beliebte \u201eMusikpicknick auf Finkenrech\u201c wieder geben. Die Kolpingfamilie Dirmingen plant auch in diesem Sommer, gemeinsam mit der Rothenbergschule, das beliebte \u201eNachbarschaftsfest\u201c. Der Tennisverein TC Eppelborn-Dirmingen richtet in jedem Sommer seine Seniorenmeisterschaften und das Jugendcamp aus. Ganz bestimmt wird es dieses Angebot auch in diesem Sommer 2024 geben.<\/p>\n\n\n<div class=\"wp-block-image\">\n<figure class=\"aligncenter size-large\"><img loading=\"lazy\" decoding=\"async\" width=\"700\" height=\"700\" src=\"https:\/\/echta-derminga.de\/wp-content\/uploads\/2024\/01\/408916604_780956820743748_8744770649700929722_n-700x700.jpg\" alt=\"\" class=\"wp-image-16519\" srcset=\"https:\/\/echta-derminga.de\/wp-content\/uploads\/2024\/01\/408916604_780956820743748_8744770649700929722_n-700x700.jpg 700w, https:\/\/echta-derminga.de\/wp-content\/uploads\/2024\/01\/408916604_780956820743748_8744770649700929722_n-300x300.jpg 300w, https:\/\/echta-derminga.de\/wp-content\/uploads\/2024\/01\/408916604_780956820743748_8744770649700929722_n-150x150.jpg 150w, https:\/\/echta-derminga.de\/wp-content\/uploads\/2024\/01\/408916604_780956820743748_8744770649700929722_n-768x768.jpg 768w, https:\/\/echta-derminga.de\/wp-content\/uploads\/2024\/01\/408916604_780956820743748_8744770649700929722_n-90x90.jpg 90w, https:\/\/echta-derminga.de\/wp-content\/uploads\/2024\/01\/408916604_780956820743748_8744770649700929722_n-75x75.jpg 75w, https:\/\/echta-derminga.de\/wp-content\/uploads\/2024\/01\/408916604_780956820743748_8744770649700929722_n.jpg 1080w\" sizes=\"auto, (max-width: 700px) 100vw, 700px\" \/><\/figure>\n<\/div>\n\n\n<p class=\"has-medium-font-size wp-block-paragraph\"><strong>Im Oktober freuen wir uns auf die 278. \u201eDerminga Kerb\u201c (26.28-Oktober) und auf hoffentlich besseres Wetter als im vergangenen Jahr 2023. Der SV Dirmingen wird in diesem Jahr wieder sein Oktoberfest im Belkerstadion ausrichten. In welchem Rahmen wir auch in diesem Herbst genau das \u201eRommelbootzeschnitze\u201c durchf\u00fchren, ist noch nicht gekl\u00e4rt. Wir k\u00f6nnen jedoch davon ausgehen, dass wir eine M\u00f6glichkeit f\u00fcr unsere Kinder finden werden. Im nebelverhangenen November werden wir traditionell das Martinsfest und den Volkstrauertag begehen. Ende des Monats November werden aller Voraussicht nach die Vorbereitung arbeiten f\u00fcr den \u201eMittelalterlichen Weihnachtsmarkt\u201c beginnen. Am ersten Adventswochenende soll der Markt, in gewohnter Tradition, wieder rund um die Borrwieshalle stattfinden.<\/strong><\/p>\n\n\n\n<p class=\"has-medium-font-size wp-block-paragraph\">Im Dezember werden wir uns zwischen etlichen Weihnachtskonzerten und Zimtkl\u00e4ngen auf das Weihnachtsfest vorbereiten. In welcher Form der Weihnachtsbaumverkauf am \u201eKl\u00e4se Keller\u201c durchgef\u00fchrt wird, hat der Kulturverein noch nicht entschieden. Die Kulturaner werden im Februar 2023, w\u00e4hrend einer Klausurtagung, die Weichen in Richtung Zukunft legen. Dabei sollen unter anderem weitere wichtige Termine festgelegt und personelle Entscheidungen getroffen werden. Neben den bekannten Terminen des Jahres 2024 werden unsere Vereine, Organisationen und nat\u00fcrlich auch die Gastronomie ihre Zeichen setzen. Das Gasthaus \u201eSchuhhannesse\u201c wird an seinen bew\u00e4hrten Eventangeboten festhalten. Das Gasthaus \u201eWutze Walter\u201c setzt ebenfalls auf Kontinuit\u00e4t und wird zudem das \u201eWaldfest\u201c wiederholen. Das Gasthaus \u201eDestille\u201c bietet saisonale Veranstaltungen und verschiedene Partys an. Zudem d\u00fcrfen wir uns wie bereits erw\u00e4hnt auf das neue Landhotel \u201eBontanico\u201c freuen.<\/p>\n\n\n<div class=\"wp-block-image\">\n<figure class=\"aligncenter size-large\"><img loading=\"lazy\" decoding=\"async\" width=\"700\" height=\"990\" src=\"https:\/\/echta-derminga.de\/wp-content\/uploads\/2024\/01\/410101811_747355434099414_3596411058009115882_n-700x990.jpg\" alt=\"\" class=\"wp-image-16517\" srcset=\"https:\/\/echta-derminga.de\/wp-content\/uploads\/2024\/01\/410101811_747355434099414_3596411058009115882_n-700x990.jpg 700w, https:\/\/echta-derminga.de\/wp-content\/uploads\/2024\/01\/410101811_747355434099414_3596411058009115882_n-212x300.jpg 212w, https:\/\/echta-derminga.de\/wp-content\/uploads\/2024\/01\/410101811_747355434099414_3596411058009115882_n-768x1086.jpg 768w, https:\/\/echta-derminga.de\/wp-content\/uploads\/2024\/01\/410101811_747355434099414_3596411058009115882_n-1086x1536.jpg 1086w, https:\/\/echta-derminga.de\/wp-content\/uploads\/2024\/01\/410101811_747355434099414_3596411058009115882_n.jpg 1414w\" sizes=\"auto, (max-width: 700px) 100vw, 700px\" \/><\/figure>\n<\/div>\n\n\n<p class=\"has-medium-font-size wp-block-paragraph\"><strong>Zudem werden unsere Vereine und Organisationen auch im Jahre 2024 immer wieder verschiedenen Angebote f\u00fcr ihre Mitglieder und die Menschen unserer Gemeinde anbieten. W\u00e4hrend des gesamten Jahres werden die monatlichen Veranstaltungen wie die DRK Begegnungsst\u00e4tte, das \u201eDerminga Treff\u201c, Veranstaltungen der Saar Landfrauen und kirchlicher Gruppen und Kreisen angeboten. Warum nicht auch einmal ein Handballspiel der Zebras in der Hellberghalle, ein Fu\u00dfballspiel des SVD im Belkerstadion oder ein Dartspiel unserer Dartvereine, des Boulevereins oder des Rollyclubs besuchen? Das ehrenamtliche Engagement in unserem Dorf ist vielschichtig und facettenreich.<\/strong> <strong>Viel Spa\u00df !<\/strong><\/p>\n\n\n\n<p class=\"has-medium-font-size wp-block-paragraph\"><strong> <\/strong><\/p>\n","protected":false},"excerpt":{"rendered":"<p>Frohes neues Jahr! Warum denn gleich so pessimistisch? Das neue Jahr 2024 bringt so viel Hoffnung und Zuversicht mit sich! Auch in einer Welt voller Probleme, Kriegen und Krisen lohnt es sich optimistisch in die Zukunft zu blicken. Frei nach Martin Luther, der einmal gro\u00dfspurig behauptete:\u201c \u201eWenn ich w\u00fcsste, dass morgen die Welt unterginge, w\u00fcrde ich heute noch ein Apfelb\u00e4umchen<\/p>\n","protected":false},"author":1,"featured_media":16494,"comment_status":"open","ping_status":"closed","sticky":false,"template":"","format":"standard","meta":{"_crdt_document":"","footnotes":""},"categories":[1,9,100],"tags":[5,618,349,127,310],"class_list":["post-16509","post","type-post","status-publish","format-standard","has-post-thumbnail","hentry","category-allgemein","category-dorfgetratsche","category-meine-kulturaner","tag-dirmingen","tag-gemeinde-eppelborn","tag-kulturverein-dirmingen","tag-landkreis-neunkirchen","tag-saarland"],"_links":{"self":[{"href":"https:\/\/echta-derminga.de\/index.php?rest_route=\/wp\/v2\/posts\/16509","targetHints":{"allow":["GET"]}}],"collection":[{"href":"https:\/\/echta-derminga.de\/index.php?rest_route=\/wp\/v2\/posts"}],"about":[{"href":"https:\/\/echta-derminga.de\/index.php?rest_route=\/wp\/v2\/types\/post"}],"author":[{"embeddable":true,"href":"https:\/\/echta-derminga.de\/index.php?rest_route=\/wp\/v2\/users\/1"}],"replies":[{"embeddable":true,"href":"https:\/\/echta-derminga.de\/index.php?rest_route=%2Fwp%2Fv2%2Fcomments&post=16509"}],"version-history":[{"count":17,"href":"https:\/\/echta-derminga.de\/index.php?rest_route=\/wp\/v2\/posts\/16509\/revisions"}],"predecessor-version":[{"id":16534,"href":"https:\/\/echta-derminga.de\/index.php?rest_route=\/wp\/v2\/posts\/16509\/revisions\/16534"}],"wp:featuredmedia":[{"embeddable":true,"href":"https:\/\/echta-derminga.de\/index.php?rest_route=\/wp\/v2\/media\/16494"}],"wp:attachment":[{"href":"https:\/\/echta-derminga.de\/index.php?rest_route=%2Fwp%2Fv2%2Fmedia&parent=16509"}],"wp:term":[{"taxonomy":"category","embeddable":true,"href":"https:\/\/echta-derminga.de\/index.php?rest_route=%2Fwp%2Fv2%2Fcategories&post=16509"},{"taxonomy":"post_tag","embeddable":true,"href":"https:\/\/echta-derminga.de\/index.php?rest_route=%2Fwp%2Fv2%2Ftags&post=16509"}],"curies":[{"name":"wp","href":"https:\/\/api.w.org\/{rel}","templated":true}]}}