{"id":16535,"date":"2024-01-08T20:04:07","date_gmt":"2024-01-08T19:04:07","guid":{"rendered":"https:\/\/echta-derminga.de\/?p=16535"},"modified":"2024-01-08T20:09:07","modified_gmt":"2024-01-08T19:09:07","slug":"in-sachen-ortsvorsteher-von-einem-nassen-jahreswechsel-einem-tollen-spendenmarathon-traditionsreichen-neujahrsempfaengen-und-einer-wunderbaren-sternsingeraktion","status":"publish","type":"post","link":"https:\/\/echta-derminga.de\/?p=16535","title":{"rendered":"In Sachen Ortsvorsteher: Von einem nassen Jahreswechsel, einem tollen Spendenmarathon, traditionsreichen Neujahrsempf\u00e4ngen und einer wunderbaren Sternsingeraktion"},"content":{"rendered":"\n<p class=\"has-medium-font-size wp-block-paragraph\"><strong>Ich w\u00fcnsche allen Mitb\u00fcrgerinnen und Mitb\u00fcrgern ein gesegnetes und gesundes neues Jahr 2024. <\/strong><\/p>\n\n\n\n<p class=\"has-medium-font-size wp-block-paragraph\">Das neue Jahr 2024 begann mit einem gro\u00dfen Feuerwerk. Gef\u00fchlsm\u00e4\u00dfig wurde in diesem Jahr vermehrt in Feuerwerksk\u00f6rper investiert. Allen guten W\u00fcnschen zum Trotz mussten sich die Menschen unseres Heimatortes kurz nach dem Jahreswechsel bereits die ersten Sorgen machen. aufgrund des starken Regenfalls war die Hochwassersituation in unserem Dorf einige Zeit sehr angespannt. Der Br\u00fchlpark und die &#8222;B\u00f6llingerstrasse&#8220; mussten vor\u00fcbergehend gesperrt werden. Der Schulunterricht in unserer Grundschule wurde abgesagt. Unsere Kita &#8222;Pusteblume&#8220; konnte kurzfristig eine Notunterbringung in der Borrwieshalle einrichten. W\u00e4hrend meines Rundgangs zu den bekannten Problemf\u00e4llen unseres Dorfes konnte ich feststellen, dass wir nochmals mit einem &#8222;blauen Auge&#8220; davon gekommen sind. Nach einigen Tagen hatte sich die Lage gottlob wieder entspannt. Sehr viel Wasser h\u00e4tte jedoch nicht mehr hinzukommen d\u00fcrfen. <strong>Vielen herzlichen Dank an unsere Einsatzkr\u00e4fte des L\u00f6schbezirk Dirmingen und die der Wehr in unserer Gemeinde.<\/strong><\/p>\n\n\n\n<div class=\"wp-block-columns is-layout-flex wp-container-core-columns-is-layout-8f761849 wp-block-columns-is-layout-flex\">\n<div class=\"wp-block-column is-layout-flow wp-block-column-is-layout-flow\">\n<figure class=\"wp-block-image size-large\"><img loading=\"lazy\" decoding=\"async\" width=\"700\" height=\"389\" src=\"https:\/\/echta-derminga.de\/wp-content\/uploads\/2024\/01\/415466905_6986727751421890_1977661456645004781_n-700x389.jpg\" alt=\"\" class=\"wp-image-16542\" srcset=\"https:\/\/echta-derminga.de\/wp-content\/uploads\/2024\/01\/415466905_6986727751421890_1977661456645004781_n-700x389.jpg 700w, https:\/\/echta-derminga.de\/wp-content\/uploads\/2024\/01\/415466905_6986727751421890_1977661456645004781_n-300x167.jpg 300w, https:\/\/echta-derminga.de\/wp-content\/uploads\/2024\/01\/415466905_6986727751421890_1977661456645004781_n-768x427.jpg 768w, https:\/\/echta-derminga.de\/wp-content\/uploads\/2024\/01\/415466905_6986727751421890_1977661456645004781_n.jpg 1080w\" sizes=\"auto, (max-width: 700px) 100vw, 700px\" \/><\/figure>\n<\/div>\n\n\n\n<div class=\"wp-block-column is-layout-flow wp-block-column-is-layout-flow\">\n<figure class=\"wp-block-image size-large\"><img loading=\"lazy\" decoding=\"async\" width=\"700\" height=\"396\" src=\"https:\/\/echta-derminga.de\/wp-content\/uploads\/2024\/01\/414934103_6986725998088732_6807507348017309225_n-700x396.jpg\" alt=\"\" class=\"wp-image-16543\" srcset=\"https:\/\/echta-derminga.de\/wp-content\/uploads\/2024\/01\/414934103_6986725998088732_6807507348017309225_n-700x396.jpg 700w, https:\/\/echta-derminga.de\/wp-content\/uploads\/2024\/01\/414934103_6986725998088732_6807507348017309225_n-300x170.jpg 300w, https:\/\/echta-derminga.de\/wp-content\/uploads\/2024\/01\/414934103_6986725998088732_6807507348017309225_n.jpg 715w\" sizes=\"auto, (max-width: 700px) 100vw, 700px\" \/><\/figure>\n<\/div>\n<\/div>\n\n\n\n<p class=\"has-medium-font-size wp-block-paragraph\"><strong>Erfolgreicher Spendenmarathon zugunsten der Eppelborner Tafelrunde<\/strong><\/p>\n\n\n\n<p class=\"has-medium-font-size wp-block-paragraph\">Im Rahmen der Abschluss Veranstaltung des j\u00e4hrlichen Weihnachtsbaumverkaufs des Kulturvereins Dirmingen am Kl\u00e4se-Keller &#8222;, in der Dirminger Ortsmitte, wurde eine stattliche Spende an die Eppelborner Tafelrunde \u00fcbergeben. Mit vereinter Kr\u00e4ften wurden w\u00e4hrend verschiedener Veranstaltungen und Spendenma\u00dfnahmen eine stattliche Spenden in H\u00f6he von 3450 ,-\u20ac eingesammelt, Die Spende wurde von mir und dem Kulturvereinsvorsitzenden Reimund Klein, an den Vorsitzenden der&nbsp;Eppelborner Tafel, Karl-Heinz Rau und seinem Stellvertreter Roland Willems, \u00fcbergeben. Ich m\u00f6chte die Gelegenheit nutzen um mich beim Kulturverein Dirmingen e.V. zu bedanken. Vielen Dank an alle Helfer\/innen und Unterst\u00fctzer der Weihnachtsbaumaktion und des Spendenmarathons f\u00fcr die Eppelborner Tafelrunde. Ein besonderer Dank geht Timo Alt, die K\u00fcnstler\/innen des Benefizkonzertes Martina Schlaucher, Thomas Lapp ( Perlregen), Timo Br\u00fcck, Lena Herrmann und Sven Gro\u00df und Nina Heidemann ( Mr be &amp; me), Stefan Resch, Bjorn und Dominik Krabbe ( Gasthaus Schuhhannesse), Markus Leidinger und Dennis Treinen, Elmar Kiefer, MdL und OV Stefan L\u00f6w und jeden weiteren einzelnen Spender. Im weiteren Verlauf dieser Veranstaltung wurde der Kulturvereinsvorsitzende Reimund Klein geehrt und ein St\u00fcckweit verabschiedet. Reimund Klein hat \u00fcber 40 Jahre lang gemeinsam mit seinen Br\u00fcdern Manfred und Volker den Weihnachtsbaumverkauf in der Ortsmitte am &#8222;Kl\u00e4se Keller&#8220; organisiert. Nun m\u00f6chte der Oberkulturaner ins zweite Glied r\u00fccken und die Organisation in j\u00fcngere H\u00e4nde geben. Ich m\u00f6chte Reimund Klein ganz herzlich f\u00fcr sein ehrenamtliches Engagement danken. Vielen Dank f\u00fcr die wertvolle Aufwertung unseres Heimatortes.<\/p>\n\n\n\n<div class=\"wp-block-columns is-layout-flex wp-container-core-columns-is-layout-8f761849 wp-block-columns-is-layout-flex\">\n<div class=\"wp-block-column is-layout-flow wp-block-column-is-layout-flow\">\n<figure class=\"wp-block-image size-large\"><img loading=\"lazy\" decoding=\"async\" width=\"700\" height=\"534\" src=\"https:\/\/echta-derminga.de\/wp-content\/uploads\/2023\/12\/412285253_6945391102222222_8258357434679504501_n-1-700x534.jpg\" alt=\"\" class=\"wp-image-16364\" srcset=\"https:\/\/echta-derminga.de\/wp-content\/uploads\/2023\/12\/412285253_6945391102222222_8258357434679504501_n-1-700x534.jpg 700w, https:\/\/echta-derminga.de\/wp-content\/uploads\/2023\/12\/412285253_6945391102222222_8258357434679504501_n-1-300x229.jpg 300w, https:\/\/echta-derminga.de\/wp-content\/uploads\/2023\/12\/412285253_6945391102222222_8258357434679504501_n-1-768x586.jpg 768w, https:\/\/echta-derminga.de\/wp-content\/uploads\/2023\/12\/412285253_6945391102222222_8258357434679504501_n-1-1536x1172.jpg 1536w, https:\/\/echta-derminga.de\/wp-content\/uploads\/2023\/12\/412285253_6945391102222222_8258357434679504501_n-1.jpg 1738w\" sizes=\"auto, (max-width: 700px) 100vw, 700px\" \/><\/figure>\n<\/div>\n\n\n\n<div class=\"wp-block-column is-layout-flow wp-block-column-is-layout-flow\">\n<figure class=\"wp-block-image size-large\"><img loading=\"lazy\" decoding=\"async\" width=\"700\" height=\"467\" src=\"https:\/\/echta-derminga.de\/wp-content\/uploads\/2023\/12\/412860811_6945490838878915_7145985948731136601_n-700x467.jpg\" alt=\"\" class=\"wp-image-16358\" srcset=\"https:\/\/echta-derminga.de\/wp-content\/uploads\/2023\/12\/412860811_6945490838878915_7145985948731136601_n-700x467.jpg 700w, https:\/\/echta-derminga.de\/wp-content\/uploads\/2023\/12\/412860811_6945490838878915_7145985948731136601_n-300x200.jpg 300w, https:\/\/echta-derminga.de\/wp-content\/uploads\/2023\/12\/412860811_6945490838878915_7145985948731136601_n-768x512.jpg 768w, https:\/\/echta-derminga.de\/wp-content\/uploads\/2023\/12\/412860811_6945490838878915_7145985948731136601_n.jpg 1500w\" sizes=\"auto, (max-width: 700px) 100vw, 700px\" \/><\/figure>\n<\/div>\n<\/div>\n\n\n\n<p class=\"has-medium-font-size wp-block-paragraph\"><strong>Weihnachtsbaum- Abholaktion der Dirminger SPD<\/strong><\/p>\n\n\n\n<p class=\"has-medium-font-size wp-block-paragraph\">Die Dirminger SPD wird auch in diesem Jahr ihre Weihnachtsbaum- Abholaktion in unserem Heimatort durchf\u00fchren. Die Aktion wird am Samstag, 13. Januar 2024 ab 10:00 Uhr stattfinden. Bitte sorgen Sie daf\u00fcr, dass ihre B\u00e4ume p\u00fcnktlich um 10:00 Uhr gut sichtbar und abholbereit vor ihrer Haust\u00fcr liegen. Der Christbaumschmuck sollte zuvor entfernt werden. Die Abholaktion ist kostenlos. Die Dirminger SPD wird sich bem\u00fchen alle Stra\u00dfen abzufahren um ihre B\u00e4ume einzusammeln. <\/p>\n\n\n<div class=\"wp-block-image\">\n<figure class=\"aligncenter size-full\"><img loading=\"lazy\" decoding=\"async\" width=\"560\" height=\"793\" src=\"https:\/\/echta-derminga.de\/wp-content\/uploads\/2024\/01\/Christbaumabholung-24.png\" alt=\"\" class=\"wp-image-16548\" srcset=\"https:\/\/echta-derminga.de\/wp-content\/uploads\/2024\/01\/Christbaumabholung-24.png 560w, https:\/\/echta-derminga.de\/wp-content\/uploads\/2024\/01\/Christbaumabholung-24-212x300.png 212w\" sizes=\"auto, (max-width: 560px) 100vw, 560px\" \/><\/figure>\n<\/div>\n\n\n<p class=\"has-medium-font-size wp-block-paragraph\"><strong>Dirminger Sternsinger spenden Segen und sammeln f\u00fcr den guten Zweck<\/strong><\/p>\n\n\n\n<p class=\"has-medium-font-size wp-block-paragraph\">Unter dem Motto \u201eGemeinsam f\u00fcr unsere Erde \u2013 in Amazonien und weltweit\u201c stehen die Bewahrung der Sch\u00f6pfung und der respektvolle Umgang mit Mensch und Natur im Fokus der Aktion Dreik\u00f6nigssingen 2024. Brandrodung, Abholzung und die r\u00fccksichtslose Ausbeutung von Ressourcen zerst\u00f6ren die Lebensgrundlage der einheimischen Bev\u00f6lkerung der s\u00fcdamerikanischen L\u00e4nder Amazoniens. Dort und in vielen anderen Regionen der Welt setzen sich Partnerorganisationen der Sternsinger daf\u00fcr ein, dass das Recht der Kinder auf eine gesch\u00fctzte Umwelt umgesetzt wird. Die Aktion Dreik\u00f6nigssingen 2024 bringt den Sternsingern nahe, vor welchen Herausforderungen Kinder und Jugendliche in Amazonien stehen. Sie zeigt ihnen, wie die Projektpartner der Sternsinger die jungen Menschen dabei unterst\u00fctzen, ihre Umwelt und ihre Kultur zu sch\u00fctzen. Zugleich macht die Aktion deutlich, dass Mensch und Natur am Amazonas, aber auch hier bei uns eine Einheit bilden. Sie ermutigt die Sternsinger, sich gemeinsam mit Gleichaltrigen aller Kontinente f\u00fcr ihr Recht auf eine gesunde Umwelt einzusetzen (Quelle Sternsingeraktion 2024). Am 06. Januar 2024 zogen auch die Sternsinger in Dirmingen durch unsere Stra\u00dfen. Dabei hatte die Pfarreiengemeinschaft Eppelborn -Dirmingen zuvor daf\u00fcr geworben, dass sich die Menschen vorab anmelden. Bei der Anzahl der Sternsinger ist es kaum noch m\u00f6glich alle H\u00e4user unseres Heimatortes zu besuchen. Die ehrenamtlichen Helferinnen und Helfer der katholischen Pfarreiengemeinschaft bitten um Verst\u00e4ndnis. Nichtsdestotrotz zogen die 11 Dirminger Sternsinger eifrig durch unsere Stra\u00dfen und sammelten Geld f\u00fcr den guten Zweck. Als Dank wurde traditionell der Segen der &#8222;Heiligen drei K\u00f6nige&#8220; gespendet. Ich m\u00f6chte mich an dieser Stelle bei allen Sternsingern und allen Helferinnen und Helfern bedanken. Sch\u00f6n, dass ihr diese wertvolle Tradition am Leben haltet. Das Dreik\u00f6nigssingen geh\u00f6rt zu den gr\u00f6\u00dften Solidarit\u00e4tsaktionen von Kindern f\u00fcr Kinder. Danke !<\/p>\n\n\n<div class=\"wp-block-image\">\n<figure class=\"aligncenter size-large\"><img loading=\"lazy\" decoding=\"async\" width=\"700\" height=\"525\" src=\"https:\/\/echta-derminga.de\/wp-content\/uploads\/2024\/01\/417687879_3195351473933988_9161631878655241849_n-700x525.jpg\" alt=\"\" class=\"wp-image-16550\" srcset=\"https:\/\/echta-derminga.de\/wp-content\/uploads\/2024\/01\/417687879_3195351473933988_9161631878655241849_n-700x525.jpg 700w, https:\/\/echta-derminga.de\/wp-content\/uploads\/2024\/01\/417687879_3195351473933988_9161631878655241849_n-300x225.jpg 300w, https:\/\/echta-derminga.de\/wp-content\/uploads\/2024\/01\/417687879_3195351473933988_9161631878655241849_n-768x576.jpg 768w, https:\/\/echta-derminga.de\/wp-content\/uploads\/2024\/01\/417687879_3195351473933988_9161631878655241849_n-1536x1152.jpg 1536w, https:\/\/echta-derminga.de\/wp-content\/uploads\/2024\/01\/417687879_3195351473933988_9161631878655241849_n.jpg 2000w\" sizes=\"auto, (max-width: 700px) 100vw, 700px\" \/><\/figure>\n<\/div>\n\n\n<p class=\"has-medium-font-size wp-block-paragraph\"><strong>Neujahrsempfang der Gemeinde Eppelborn im &#8222;big Epple&#8220;. <\/strong><\/p>\n\n\n\n<p class=\"has-medium-font-size wp-block-paragraph\">Neujahrsw\u00fcnsche, gute Gespr\u00e4che und viele interessante Momente. Der Neujahrsempfang der Gemeinde Eppelborn geh\u00f6rt zweifelsohne zu den Pflichtterminen zu Jahresbeginn. Unter den vielen G\u00e4sten aus Wirtschaft, Politik und der Vereinswelt waren auch viele Dirmingerinnen und Dirminger. Das Jahr 2024 wird spannend und richtungsweisend. B\u00fcrgermeister Dr. Andreas Feld verwies in seiner Neujahransprache W\u00fcnsche uns allen die richtigen Entscheidungen f\u00fcr unsere Heimatgemeinde.<\/p>\n\n\n\n<div class=\"wp-block-columns is-layout-flex wp-container-core-columns-is-layout-8f761849 wp-block-columns-is-layout-flex\">\n<div class=\"wp-block-column is-layout-flow wp-block-column-is-layout-flow\">\n<figure class=\"wp-block-image size-large\"><img loading=\"lazy\" decoding=\"async\" width=\"700\" height=\"516\" src=\"https:\/\/echta-derminga.de\/wp-content\/uploads\/2024\/01\/415595665_6999835480111117_7227006657082639781_n-700x516.jpg\" alt=\"\" class=\"wp-image-16544\" srcset=\"https:\/\/echta-derminga.de\/wp-content\/uploads\/2024\/01\/415595665_6999835480111117_7227006657082639781_n-700x516.jpg 700w, https:\/\/echta-derminga.de\/wp-content\/uploads\/2024\/01\/415595665_6999835480111117_7227006657082639781_n-300x221.jpg 300w, https:\/\/echta-derminga.de\/wp-content\/uploads\/2024\/01\/415595665_6999835480111117_7227006657082639781_n-768x566.jpg 768w, https:\/\/echta-derminga.de\/wp-content\/uploads\/2024\/01\/415595665_6999835480111117_7227006657082639781_n.jpg 1281w\" sizes=\"auto, (max-width: 700px) 100vw, 700px\" \/><\/figure>\n<\/div>\n\n\n\n<div class=\"wp-block-column is-layout-flow wp-block-column-is-layout-flow\">\n<figure class=\"wp-block-image size-large\"><img loading=\"lazy\" decoding=\"async\" width=\"700\" height=\"525\" src=\"https:\/\/echta-derminga.de\/wp-content\/uploads\/2024\/01\/415490554_6999835986777733_560311225502712551_n-700x525.jpg\" alt=\"\" class=\"wp-image-16545\" srcset=\"https:\/\/echta-derminga.de\/wp-content\/uploads\/2024\/01\/415490554_6999835986777733_560311225502712551_n-700x525.jpg 700w, https:\/\/echta-derminga.de\/wp-content\/uploads\/2024\/01\/415490554_6999835986777733_560311225502712551_n-300x225.jpg 300w, https:\/\/echta-derminga.de\/wp-content\/uploads\/2024\/01\/415490554_6999835986777733_560311225502712551_n-768x576.jpg 768w, https:\/\/echta-derminga.de\/wp-content\/uploads\/2024\/01\/415490554_6999835986777733_560311225502712551_n-1536x1152.jpg 1536w, https:\/\/echta-derminga.de\/wp-content\/uploads\/2024\/01\/415490554_6999835986777733_560311225502712551_n.jpg 2048w\" sizes=\"auto, (max-width: 700px) 100vw, 700px\" \/><\/figure>\n<\/div>\n<\/div>\n\n\n\n<p class=\"has-medium-font-size wp-block-paragraph\"><strong>Neujahrsempfang mit Sportplatzaktion des SV Dirmingen<\/strong><\/p>\n\n\n\n<p class=\"has-medium-font-size wp-block-paragraph\">Jahreshauptversammlung des SV Dirmingen im Sportheim des Belkerstadions. Der Verein hat erfolgreich seine Weichen in Richtung Zukunft gestellt. Gl\u00fcckwunsch an den neu gew\u00e4hlten  Vorstand um die alten und neuen Vorsitzenden Verena Gehres und Maurice Schulz. Der SVD macht seit Jahren einen tollen Job und dient somit auch unsere Dorfgemeinschaft. Nach der Mitgliederversammlung am 07.Januar 2024 fand der Neujahrsempfang des SVD im Sportheim statt. B\u00fcrgermeister Dr, Andreas Feld dankte dem Verein f\u00fcr die vielen festlichen Aktivit\u00e4ten und die positive Au\u00dfen Darstellung. Mein pers\u00f6nlicher Dank als Ortsvorsteher geht an alle Mitglieder des SV Dirmingen f\u00fcr ihr herausragendes ehrenamtliches Engagement zum Wohle des Vereins und unseres Heimatortes. Zum Abschluss wurden einzelne Parzellen des Sportplatzes versteigert. Gerne k\u00f6nnen Sie sich an dieser Rasenpatenschaft beteiligen. Anfragen bitte an den Vorsitzenden Maurice Schulz. Selbstverst\u00e4ndlich habe auch ich mir ein St\u00fcck Raden des Belkerstadions gesichert. <\/p>\n\n\n<div class=\"wp-block-image\">\n<figure class=\"aligncenter size-large\"><img loading=\"lazy\" decoding=\"async\" width=\"700\" height=\"525\" src=\"https:\/\/echta-derminga.de\/wp-content\/uploads\/2024\/01\/416309097_7002495189845146_6764725197423603113_n-700x525.jpg\" alt=\"\" class=\"wp-image-16553\" srcset=\"https:\/\/echta-derminga.de\/wp-content\/uploads\/2024\/01\/416309097_7002495189845146_6764725197423603113_n-700x525.jpg 700w, https:\/\/echta-derminga.de\/wp-content\/uploads\/2024\/01\/416309097_7002495189845146_6764725197423603113_n-300x225.jpg 300w, https:\/\/echta-derminga.de\/wp-content\/uploads\/2024\/01\/416309097_7002495189845146_6764725197423603113_n-768x576.jpg 768w, https:\/\/echta-derminga.de\/wp-content\/uploads\/2024\/01\/416309097_7002495189845146_6764725197423603113_n-1536x1152.jpg 1536w, https:\/\/echta-derminga.de\/wp-content\/uploads\/2024\/01\/416309097_7002495189845146_6764725197423603113_n.jpg 2048w\" sizes=\"auto, (max-width: 700px) 100vw, 700px\" \/><\/figure>\n<\/div>\n\n\n<div class=\"wp-block-columns is-layout-flex wp-container-core-columns-is-layout-8f761849 wp-block-columns-is-layout-flex\">\n<div class=\"wp-block-column is-layout-flow wp-block-column-is-layout-flow\">\n<figure class=\"wp-block-image size-large\"><img loading=\"lazy\" decoding=\"async\" width=\"700\" height=\"588\" src=\"https:\/\/echta-derminga.de\/wp-content\/uploads\/2024\/01\/415921161_7002495513178447_6321365891161429291_n-700x588.jpg\" alt=\"\" class=\"wp-image-16560\" srcset=\"https:\/\/echta-derminga.de\/wp-content\/uploads\/2024\/01\/415921161_7002495513178447_6321365891161429291_n-700x588.jpg 700w, https:\/\/echta-derminga.de\/wp-content\/uploads\/2024\/01\/415921161_7002495513178447_6321365891161429291_n-300x252.jpg 300w, https:\/\/echta-derminga.de\/wp-content\/uploads\/2024\/01\/415921161_7002495513178447_6321365891161429291_n-768x645.jpg 768w, https:\/\/echta-derminga.de\/wp-content\/uploads\/2024\/01\/415921161_7002495513178447_6321365891161429291_n-1536x1290.jpg 1536w, https:\/\/echta-derminga.de\/wp-content\/uploads\/2024\/01\/415921161_7002495513178447_6321365891161429291_n.jpg 2048w\" sizes=\"auto, (max-width: 700px) 100vw, 700px\" \/><\/figure>\n<\/div>\n\n\n\n<div class=\"wp-block-column is-layout-flow wp-block-column-is-layout-flow\">\n<figure class=\"wp-block-image size-large\"><img loading=\"lazy\" decoding=\"async\" width=\"700\" height=\"525\" src=\"https:\/\/echta-derminga.de\/wp-content\/uploads\/2024\/01\/416259583_7002496179845047_3868923299408664674_n-700x525.jpg\" alt=\"\" class=\"wp-image-16561\" srcset=\"https:\/\/echta-derminga.de\/wp-content\/uploads\/2024\/01\/416259583_7002496179845047_3868923299408664674_n-700x525.jpg 700w, https:\/\/echta-derminga.de\/wp-content\/uploads\/2024\/01\/416259583_7002496179845047_3868923299408664674_n-300x225.jpg 300w, https:\/\/echta-derminga.de\/wp-content\/uploads\/2024\/01\/416259583_7002496179845047_3868923299408664674_n-768x576.jpg 768w, https:\/\/echta-derminga.de\/wp-content\/uploads\/2024\/01\/416259583_7002496179845047_3868923299408664674_n-1536x1152.jpg 1536w, https:\/\/echta-derminga.de\/wp-content\/uploads\/2024\/01\/416259583_7002496179845047_3868923299408664674_n.jpg 2048w\" sizes=\"auto, (max-width: 700px) 100vw, 700px\" \/><\/figure>\n<\/div>\n<\/div>\n\n\n\n<p class=\"has-medium-font-size wp-block-paragraph\"><strong>Herzliche Einladung zum &#8222;Derminga Treff&#8220;<\/strong><\/p>\n\n\n\n<p class=\"has-medium-font-size wp-block-paragraph\">Der n\u00e4chste &#8222;Derminga Treff&#8220; findet am Samstag, 20 Januar um 15:00 Uhr im Evangelischen Gemeindehaus Dirmingen statt. Diesmal steht das Treffen ganz im Zeichen der Fastnacht. Kost\u00fcme, H\u00fctchen oder n\u00e4rrisches Mitbringsel sind erw\u00fcnscht. Serviert werden Berliner und &#8222;Faasendkichelcha&#8220;. Herzliche Einladung an alle die sich angesprochen f\u00fchlen und einen sch\u00f6nen Samstagnachmittag mit vielen n\u00e4rrischen \u00dcberraschungen erleben m\u00f6chten.<\/p>\n\n\n<div class=\"wp-block-image\">\n<figure class=\"aligncenter size-full\"><img loading=\"lazy\" decoding=\"async\" width=\"536\" height=\"711\" src=\"https:\/\/echta-derminga.de\/wp-content\/uploads\/2024\/01\/Derminga-Treff.png\" alt=\"\" class=\"wp-image-16554\" srcset=\"https:\/\/echta-derminga.de\/wp-content\/uploads\/2024\/01\/Derminga-Treff.png 536w, https:\/\/echta-derminga.de\/wp-content\/uploads\/2024\/01\/Derminga-Treff-226x300.png 226w\" sizes=\"auto, (max-width: 536px) 100vw, 536px\" \/><\/figure>\n<\/div>\n\n\n<p class=\"has-medium-font-size wp-block-paragraph\"><strong>Info der Gemeindeverwaltung zur gelben Tonne <\/strong><\/p>\n\n\n\n<p class=\"has-medium-font-size wp-block-paragraph\">Vermehrt gehen bei uns aktuell Nachfragen bez\u00fcglich nicht geleerter gelber Tonnen und liegen gebliebener gelber S\u00e4cke ein. Nachdem wir soeben endlich mit der f\u00fcr die Abfuhr zust\u00e4ndigen Firma @Rmg Rohstoffmanagement Gmbh R\u00fccksprache halten konnten, teilte uns diese mit, dass es am gestrigen Abfuhrtermin einen Fahrzeugausfall gegeben hat, der dazu f\u00fchrte, dass nicht \u00fcberall die Tonnen geleert bzw. die S\u00e4cke eingesammelt werden konnten. Die RMG bittet um Entschuldigung f\u00fcr die Unannehmlichkeiten und hat uns versichert die Tonnen und S\u00e4cke im Laufe des heutigen Tages nachzufahren. In diesem Zusammenhang m\u00f6chten wir noch einmal darauf hinweisen, dass die Abfuhr der gelben Tonne bzw. der gelben S\u00e4cke privatrechtlich geregelt ist: \u00dcber die Erfassung der Leichtverpackungen kann die Gemeinde nicht allein bestimmen. Die Verpackungsverordnung des Bundes regelt, dass die Verpackungen aus Privathaushalten durch ein privatwirtschaftlich organisiertes System gesammelt werden m\u00fcssen. F\u00fcr Sammlung und Entsorgung der Leichtverpackungen, die in der Gemeinde Eppelborn anfallen, ist die RMG Rohstoffmanagement GmbH verantwortlich. F\u00fcr die Durchf\u00fchrung der Sammlung und die Beauftragung einer Entsorgungsfirma ist allein die RMG Rohstoffmanagement GmbH verantwortlich (https:\/\/www.rmg-gmbh.de\/gelber-sack\/landkreis-neunkirchen) Finanziert wird dieses Sammelsystem nicht \u00fcber die M\u00fcllgeb\u00fchren, sondern \u00fcber ein Lizenzentgelt, welches die Hersteller und Vertreiber von Verpackungen f\u00fcr jede Verpackung an die sogenannten Dualen Systeme entrichten. Alle Anfragen zur gelben Tonne richten Sie deshalb bitte an: RMG Rohstoffmanagement GmbH, 0800 &#8211; 4006005 oder per E-Mail: gelbe-tonne.neunkirchen@rmg-gmbh.de<\/p>\n\n\n\n<p class=\"has-medium-font-size wp-block-paragraph\"><strong>Derminga Faasend wirft Schatten voraus<\/strong>\u2002<strong>&#8211; Kinderfastnacht nun an einem neuen Termin!<\/strong><\/p>\n\n\n\n<p class=\"has-medium-font-size wp-block-paragraph\">Die Fastnacht wird in diesem Jahr bereits sehr fr\u00fch gefeiert, Unser &#8222;Faasebooze&#8220; vom KKV Dirmingen sind bereits in der Vorbereitungsphase. Dabei m\u00f6chte ich mich schon heute ganz herzlich bei dem KKV Dirmingen und der Dirminger SPD bedanken. Zum Wohle unserer Familien und Kinder wurde hier zwischen den beiden Vereinen im fairen Austausch und konstruktiven Gespr\u00e4chen eine gute L\u00f6sung f\u00fcr die Menschen in unserem Heimatort gefunden. Die Dirminger SPD hat \u00fcber 20 Jahre am Fastnachtssonntag die Kinderfastnacht in der Borrwieshalle durchgef\u00fchrt. Dabei hatte der Verein immer das Wohl der Kinder und Familien im Blick. Gerade in den letzten Jahren wuchs die Intention die Kinderfastnacht in bessere und geeigneter H\u00e4nde zu geben. Nach intensiven Gespr\u00e4chen mit dem KKV Dirmingen ist dies nun gelungen. Die &#8222;Kinderfaasend&#8220; kommt nun in die &#8222;besten H\u00e4nde&#8220;. Ich freue mich unheimlich dar\u00fcber, dass der KKV Dirmingen zuk\u00fcnftig die Durchf\u00fchrung der Kinderfastnacht \u00fcbernehmen wird. Ich bin \u00fcberzeugt davon, dass unsere Kinderfastnacht mit dieser Ma\u00dfnahme eine Aufwertung erh\u00e4lt. Vielen Dank an die Dirminger SPD f\u00fcr das ehrenamtliche Engagement zum Wohle der Familien in unserem Heimatort. Ein besonderer Dank geht an den KKV Dirmingen f\u00fcr dieser wertvolle Unterst\u00fctzung und Aufwertung der &#8222;Derminga Faasend&#8220;. Freuen wir uns auf eine spannende Session 2024 im &#8222;Derminga D\u00f6rfche&#8220;. Hoppla Hopp !!!<\/p>\n\n\n\n<div class=\"wp-block-columns is-layout-flex wp-container-core-columns-is-layout-8f761849 wp-block-columns-is-layout-flex\">\n<div class=\"wp-block-column is-layout-flow wp-block-column-is-layout-flow\">\n<figure class=\"wp-block-image size-large\"><img loading=\"lazy\" decoding=\"async\" width=\"700\" height=\"972\" src=\"https:\/\/echta-derminga.de\/wp-content\/uploads\/2023\/12\/408346116_6881577488603584_1648062302710437903_n-700x972.jpg\" alt=\"\" class=\"wp-image-16337\" srcset=\"https:\/\/echta-derminga.de\/wp-content\/uploads\/2023\/12\/408346116_6881577488603584_1648062302710437903_n-700x972.jpg 700w, https:\/\/echta-derminga.de\/wp-content\/uploads\/2023\/12\/408346116_6881577488603584_1648062302710437903_n-216x300.jpg 216w, https:\/\/echta-derminga.de\/wp-content\/uploads\/2023\/12\/408346116_6881577488603584_1648062302710437903_n-768x1067.jpg 768w, https:\/\/echta-derminga.de\/wp-content\/uploads\/2023\/12\/408346116_6881577488603584_1648062302710437903_n-1106x1536.jpg 1106w, https:\/\/echta-derminga.de\/wp-content\/uploads\/2023\/12\/408346116_6881577488603584_1648062302710437903_n.jpg 1151w\" sizes=\"auto, (max-width: 700px) 100vw, 700px\" \/><\/figure>\n<\/div>\n\n\n\n<div class=\"wp-block-column is-layout-flow wp-block-column-is-layout-flow\">\n<figure class=\"wp-block-image size-large\"><img loading=\"lazy\" decoding=\"async\" width=\"700\" height=\"901\" src=\"https:\/\/echta-derminga.de\/wp-content\/uploads\/2023\/12\/409728900_6911118825649450_132979343748704926_n-700x901.jpg\" alt=\"\" class=\"wp-image-16336\" srcset=\"https:\/\/echta-derminga.de\/wp-content\/uploads\/2023\/12\/409728900_6911118825649450_132979343748704926_n-700x901.jpg 700w, https:\/\/echta-derminga.de\/wp-content\/uploads\/2023\/12\/409728900_6911118825649450_132979343748704926_n-233x300.jpg 233w, https:\/\/echta-derminga.de\/wp-content\/uploads\/2023\/12\/409728900_6911118825649450_132979343748704926_n-768x988.jpg 768w, https:\/\/echta-derminga.de\/wp-content\/uploads\/2023\/12\/409728900_6911118825649450_132979343748704926_n.jpg 796w\" sizes=\"auto, (max-width: 700px) 100vw, 700px\" \/><\/figure>\n<\/div>\n<\/div>\n\n\n\n<p class=\"has-medium-font-size wp-block-paragraph\">Liebe Mitb\u00fcrgerinnen und liebe Mitb\u00fcrger, auch im nun neuen Jahr 2024 wird sich in diesem Dorf nichts \u00e4ndern, wenn wir es nicht gemeinsam Hand in Hand \u00e4ndern m\u00f6chten. Helfen Sie mit unseren Heimatort lebensw\u00fcrdiger zu machen. Wir freuen uns \u00fcber jedes ehrenamtliche Engagement und jede gute Idee zum Wohle unserer Dorfgemeinschaft.<\/p>\n\n\n\n<p class=\"has-medium-font-size wp-block-paragraph\"><strong>Abschlie\u00dfend m\u00f6chte ich Ihnen noch die Jahreslosung unserer beiden Kirchen f\u00fcr das Jahr 2024 ans Herz legen. Ich finde diese Losung k\u00f6nnte man auch gut und gerne in unsere Dorfgemeinschaft einflie\u00dfen lassen.<\/strong><\/p>\n\n\n\n<p class=\"has-medium-font-size wp-block-paragraph\">Ihr Ortsvorsteher<\/p>\n\n\n\n<p class=\"has-medium-font-size wp-block-paragraph\">Frank Klein<\/p>\n\n\n<div class=\"wp-block-image\">\n<figure class=\"aligncenter size-large\"><img loading=\"lazy\" decoding=\"async\" width=\"700\" height=\"394\" src=\"https:\/\/echta-derminga.de\/wp-content\/uploads\/2024\/01\/vab_jl2024-1920x1080-1-700x394.jpg\" alt=\"\" class=\"wp-image-16557\" srcset=\"https:\/\/echta-derminga.de\/wp-content\/uploads\/2024\/01\/vab_jl2024-1920x1080-1-700x394.jpg 700w, https:\/\/echta-derminga.de\/wp-content\/uploads\/2024\/01\/vab_jl2024-1920x1080-1-300x169.jpg 300w, https:\/\/echta-derminga.de\/wp-content\/uploads\/2024\/01\/vab_jl2024-1920x1080-1-768x432.jpg 768w, https:\/\/echta-derminga.de\/wp-content\/uploads\/2024\/01\/vab_jl2024-1920x1080-1-1536x864.jpg 1536w, https:\/\/echta-derminga.de\/wp-content\/uploads\/2024\/01\/vab_jl2024-1920x1080-1.jpg 1920w\" sizes=\"auto, (max-width: 700px) 100vw, 700px\" \/><\/figure>\n<\/div>","protected":false},"excerpt":{"rendered":"<p>Ich w\u00fcnsche allen Mitb\u00fcrgerinnen und Mitb\u00fcrgern ein gesegnetes und gesundes neues Jahr 2024. Das neue Jahr 2024 begann mit einem gro\u00dfen Feuerwerk. Gef\u00fchlsm\u00e4\u00dfig wurde in diesem Jahr vermehrt in Feuerwerksk\u00f6rper investiert. Allen guten W\u00fcnschen zum Trotz mussten sich die Menschen unseres Heimatortes kurz nach dem Jahreswechsel bereits die ersten Sorgen machen. aufgrund des starken Regenfalls war die Hochwassersituation in unserem<\/p>\n","protected":false},"author":1,"featured_media":16320,"comment_status":"closed","ping_status":"closed","sticky":false,"template":"","format":"standard","meta":{"_crdt_document":"","footnotes":""},"categories":[1,9,812],"tags":[5,85,618,634,795,310],"class_list":["post-16535","post","type-post","status-publish","format-standard","has-post-thumbnail","hentry","category-allgemein","category-dorfgetratsche","category-ortsvorsteher-dirmingen","tag-dirmingen","tag-evangelische-kirche-dirmingen","tag-gemeinde-eppelborn","tag-ortsvorsteher","tag-ortsvorsteher-dirmingen","tag-saarland"],"_links":{"self":[{"href":"https:\/\/echta-derminga.de\/index.php?rest_route=\/wp\/v2\/posts\/16535","targetHints":{"allow":["GET"]}}],"collection":[{"href":"https:\/\/echta-derminga.de\/index.php?rest_route=\/wp\/v2\/posts"}],"about":[{"href":"https:\/\/echta-derminga.de\/index.php?rest_route=\/wp\/v2\/types\/post"}],"author":[{"embeddable":true,"href":"https:\/\/echta-derminga.de\/index.php?rest_route=\/wp\/v2\/users\/1"}],"replies":[{"embeddable":true,"href":"https:\/\/echta-derminga.de\/index.php?rest_route=%2Fwp%2Fv2%2Fcomments&post=16535"}],"version-history":[{"count":18,"href":"https:\/\/echta-derminga.de\/index.php?rest_route=\/wp\/v2\/posts\/16535\/revisions"}],"predecessor-version":[{"id":16564,"href":"https:\/\/echta-derminga.de\/index.php?rest_route=\/wp\/v2\/posts\/16535\/revisions\/16564"}],"wp:featuredmedia":[{"embeddable":true,"href":"https:\/\/echta-derminga.de\/index.php?rest_route=\/wp\/v2\/media\/16320"}],"wp:attachment":[{"href":"https:\/\/echta-derminga.de\/index.php?rest_route=%2Fwp%2Fv2%2Fmedia&parent=16535"}],"wp:term":[{"taxonomy":"category","embeddable":true,"href":"https:\/\/echta-derminga.de\/index.php?rest_route=%2Fwp%2Fv2%2Fcategories&post=16535"},{"taxonomy":"post_tag","embeddable":true,"href":"https:\/\/echta-derminga.de\/index.php?rest_route=%2Fwp%2Fv2%2Ftags&post=16535"}],"curies":[{"name":"wp","href":"https:\/\/api.w.org\/{rel}","templated":true}]}}