{"id":16567,"date":"2024-01-11T18:00:14","date_gmt":"2024-01-11T17:00:14","guid":{"rendered":"https:\/\/echta-derminga.de\/?p=16567"},"modified":"2024-01-11T18:01:48","modified_gmt":"2024-01-11T17:01:48","slug":"die-alte-rastlos-band-die-heute-noch-jeder-kennt-aus-dem-derminga-doerfche","status":"publish","type":"post","link":"https:\/\/echta-derminga.de\/?p=16567","title":{"rendered":"Die alte RASTLOS- Band die heute noch jeder kennt aus dem &#8222;Derminga D\u00f6rfche&#8220;"},"content":{"rendered":"\n<p class=\"has-medium-font-size wp-block-paragraph\"><strong>Die Gruppe RASTLOS ist ein echtes St\u00fcck \u201eDerminga\u201c Erfolgsgeschichte. Die Musiker \u00fcberzeugten viele Jahre mit ihrer saarl\u00e4ndischen Mund- und Lebensart und mit einem breiten Repertoire an Volksliedern, Mundartliedern und selbstgemachten Folk-Songs. Angefangen hat alles im Jahre 1984. In diesem Jahr trafen sich die begeisterten Wanderv\u00f6gel und Handballfreunde, um gemeinsam ihre alten Lieder auszupacken und zu musizieren. Mit Gitarren und Mundharmonika ausgestattet wurden die ersten Songs einstudiert. Ziel war die Teilnahme an einem S\u00e4ngerwettbewerb w\u00e4hrend des Dirminger Volksfest im Jahre 1984. Die hiesige \u00bbSch\u00e4fer-Brauerei\u00ab hatte zur Aufwertung des damaligen Dorffestes zu diesem Wettbewerb eingeladen. Mit der Eigenkomposition \u00bbDirminger D\u00f6rfche\u00ab gewann RASTLOS nicht nur diesen Wettbewerb, sondern auch ihre erste Plattenproduktion. Noch im gleichen Jahr wurde der erste RASTLOS-Song auf Vinyl gepresst. Das Lied \u201eNachts auf dem Dorfplatz\u201c wurde, zumindest in unserer Region, umgehend zum Kassenschlager. Erstaunlicherweise wurde erst im Jahre 1986 die Hymne \u201eDirminger D\u00f6rfche\u201c als B-Seite der Single \u201eDibbelabbes\u201c ver\u00f6ffentlicht.<\/strong><\/p>\n\n\n\n<p class=\"has-medium-font-size wp-block-paragraph\"><strong>Das Lied vom \u201eDirminger D\u00f6rfche\u201c war zeitgleich der Anfang zu einer beispiellosen Karriere. Bis heute wurden mehr als 120 Titel aufgenommen und tausendfach verkauft. Nach den ersten Vinyl-Platten folgten Audio-Cassetten und schlie\u00dflich auch CDs. Im Laufe der Jahre fand die Gruppe immer mehr die M\u00f6glichkeit ihr K\u00f6nnen in Rundfunk und Fernsehen zu pr\u00e4sentieren. Zahlreiche Live-Auftritte beim Saarl\u00e4ndischen Rundfunk, dem SWR und dem ZDF waren die Folge einer erfolgreichen Karriere. Aus den sportbegeisternden Wanderv\u00f6geln wurde eine saarlandweit anerkannte Musikgruppe. Dabei entstammt die Musik der Gruppe RASTLOS der sogenannten Nerother-Jugendbewegung. Die Nerother Wanderv\u00f6gel waren ein Jungenbund, der seine geistige Grundlage unter anderem in der Pflege von Volks- und eigenem Liedgut fand. Das besondere Augenmerk lag jedoch im Wandern und in der St\u00e4rkung der Kameradschaft.<\/strong><\/p>\n\n\n\n<div class=\"wp-block-columns is-layout-flex wp-container-core-columns-is-layout-8f761849 wp-block-columns-is-layout-flex\">\n<div class=\"wp-block-column is-layout-flow wp-block-column-is-layout-flow\">\n<figure class=\"wp-block-image size-large\"><img loading=\"lazy\" decoding=\"async\" width=\"644\" height=\"329\" src=\"https:\/\/echta-derminga.de\/wp-content\/uploads\/2018\/08\/Bild1-644x329.jpg\" alt=\"\" class=\"wp-image-2025\" srcset=\"https:\/\/echta-derminga.de\/wp-content\/uploads\/2018\/08\/Bild1-644x329.jpg 644w, https:\/\/echta-derminga.de\/wp-content\/uploads\/2018\/08\/Bild1-300x153.jpg 300w, https:\/\/echta-derminga.de\/wp-content\/uploads\/2018\/08\/Bild1-768x393.jpg 768w, https:\/\/echta-derminga.de\/wp-content\/uploads\/2018\/08\/Bild1.jpg 800w\" sizes=\"auto, (max-width: 644px) 100vw, 644px\" \/><\/figure>\n<\/div>\n\n\n\n<div class=\"wp-block-column is-layout-flow wp-block-column-is-layout-flow\">\n<figure class=\"wp-block-image size-full\"><img loading=\"lazy\" decoding=\"async\" width=\"552\" height=\"301\" src=\"https:\/\/echta-derminga.de\/wp-content\/uploads\/2018\/08\/Alt.jpg\" alt=\"\" class=\"wp-image-2034\" srcset=\"https:\/\/echta-derminga.de\/wp-content\/uploads\/2018\/08\/Alt.jpg 552w, https:\/\/echta-derminga.de\/wp-content\/uploads\/2018\/08\/Alt-300x164.jpg 300w\" sizes=\"auto, (max-width: 552px) 100vw, 552px\" \/><\/figure>\n<\/div>\n<\/div>\n\n\n\n<p class=\"has-medium-font-size wp-block-paragraph\">Das Lied \u201eDirminger D\u00f6rfche\u201c ist bis heute die inoffizielle Hymne unseres Heimatortes. Ein Lied \u00fcber das eigene Dorf in Mundart gesungen. Nicht jedes Dorf kann auf einen solchen Schatz zur\u00fcckgreifen. Im Laufe der Jahrzehnte hat uns dieses Liedchen so manchen G\u00e4nsehaut-Moment beschert. Das Lied hat im Laufe der Jahre nichts von seinem Zauber verloren. Beim Singen der eigenen Dorfhymne wird man zwangsl\u00e4ufig Teil einer Gemeinschaft -unserer Dorfgemeinschaft. Musikalischer Kopf der Gruppe war Songschreiber Manfred \u201eMac\u201c Gabler. Aus seiner Feder stammen bekannte Lieder wie z.B das erw\u00e4hnte \u201eDerminga D\u00f6rfche\u201c, \u201eBier, Lyoner on Kolle\u201c, \u201eDibbelabbes, Schales\u201c, \u201cMir l\u00e4we gere an da Saar\u201c oder \u201eDo senn mir Dehemm\u201c. Im Wesentlichen spiegeln die Lieder meistens das Leben eines einfachen Saarl\u00e4nders. In den Liedern geht es um Lebenslust, Freud, Leid, Ernst und \u00dcbermut, Heim- und Fernweh, Lustiges und Kritisches sowie viel Saarl\u00e4ndisches und Internationales. Dabei stehen die Menschlichkeit und das gemeinsame Miteinander immer im Mittelpunkt.<\/p>\n\n\n\n<p class=\"has-medium-font-size wp-block-paragraph\"><strong>Heute hat jeder echte \u201eDirminga\u201c irgendeinen Tontr\u00e4ger von RASTLOS zuhause rumliegen. In Zeiten von Spotify oder Alexa wird es zugegebenerma\u00dfen immer schwieriger die Musik von RASTLOS anzuh\u00f6ren. Wer hat heute noch einen CD-Player zuhause? Nach immer wieder wechselnden Besetzungen, mit bis zu 14 Musikern und S\u00e4ngern, kam ab 2006 der gro\u00dfe Umbruch. Einige Mitglieder beendeten ihre Karriere, so dass die Aktivit\u00e4ten der Gruppe deutlich reduzierte werden mussten. Mit dem Austritt verschiedener Mitglieder verlor die Gruppe zusehends ihre urspr\u00fcngliche Seele. Dennoch gab RASTLOS niemals auf und arbeitete stets an einem Comeback. Schlie\u00dflich wurden die Bem\u00fchungen belohnt und der Gruppe, um Mac Gabler, gelang 2007 \u00fcberraschend ein landesweites Comeback. P\u00fcnktlich zum Saarland-Jubil\u00e4um wurde, in neuer Formation, eine neue CD aufgenommen. Mit den Songs: \u201eSaarland\u201c und \u201eBei us an da Saar\u201c entstanden zwei Liebeslieder an unser kleines wundersch\u00f6nes Bundesland, im typischen Rastlos-Stil. Die Gruppe Rastlos hatte ein neues Gesicht bekommen und sich zudem neu erfunden. Neben Frontmann Manfred Gabler geh\u00f6rten nun Hans-J\u00fcrgen Johann, Werner Pack, Gerd Wagner und Oliver Mohr zur Rastlos-Familie. Das allergr\u00f6\u00dfte Comeback wurde jedoch im Jahre 2013 gefeiert. Die \u201eAlten Barden\u201c hatten sich auf vielfachen Wunsch aus der Bev\u00f6lkerung wieder zusammengefunden, um mit einem RASTLOS-Konzert f\u00fcr einen guten Zweck in Dirmingen auf der B\u00fchne zu stehen und die \u201calten Lieder\u201d erklingen zu lassen. Selbstverst\u00e4ndlich waren beide angesetzten Konzerte binnen weniger Tage ausverkauft.<\/strong><\/p>\n\n\n\n<div class=\"wp-block-columns is-layout-flex wp-container-core-columns-is-layout-8f761849 wp-block-columns-is-layout-flex\">\n<div class=\"wp-block-column is-layout-flow wp-block-column-is-layout-flow\">\n<figure class=\"wp-block-image size-large\"><img loading=\"lazy\" decoding=\"async\" width=\"644\" height=\"393\" src=\"https:\/\/echta-derminga.de\/wp-content\/uploads\/2018\/08\/dirmingen231-644x393.jpg\" alt=\"\" class=\"wp-image-2036\" srcset=\"https:\/\/echta-derminga.de\/wp-content\/uploads\/2018\/08\/dirmingen231-644x393.jpg 644w, https:\/\/echta-derminga.de\/wp-content\/uploads\/2018\/08\/dirmingen231-300x183.jpg 300w, https:\/\/echta-derminga.de\/wp-content\/uploads\/2018\/08\/dirmingen231.jpg 700w\" sizes=\"auto, (max-width: 644px) 100vw, 644px\" \/><\/figure>\n<\/div>\n\n\n\n<div class=\"wp-block-column is-layout-flow wp-block-column-is-layout-flow\">\n<figure class=\"wp-block-image size-large\"><img loading=\"lazy\" decoding=\"async\" width=\"700\" height=\"496\" src=\"https:\/\/echta-derminga.de\/wp-content\/uploads\/2024\/01\/Rastoo-700x496.jpg\" alt=\"\" class=\"wp-image-16571\" srcset=\"https:\/\/echta-derminga.de\/wp-content\/uploads\/2024\/01\/Rastoo-700x496.jpg 700w, https:\/\/echta-derminga.de\/wp-content\/uploads\/2024\/01\/Rastoo-300x213.jpg 300w, https:\/\/echta-derminga.de\/wp-content\/uploads\/2024\/01\/Rastoo-768x544.jpg 768w, https:\/\/echta-derminga.de\/wp-content\/uploads\/2024\/01\/Rastoo.jpg 900w\" sizes=\"auto, (max-width: 700px) 100vw, 700px\" \/><\/figure>\n<\/div>\n<\/div>\n\n\n\n<p class=\"has-medium-font-size wp-block-paragraph\">Zu den Gr\u00fcndungsmitgliedern der ersten Stunde geh\u00f6rten: Manfred Gabler (Sologesang, Gitarre), Herbert Guth\u00f6rl (Gesang), Peter Heidemann(Gesang, Mundharmonika), Hans-Peter Klein (Gesang), Klaus-Dieter Klein (Gesang), Manfred Klein (Gesang), Siggi Neufang(Betreuung), Hans Schaly (Gesang), Ernst Thiesies (Gesang, Gitarre), Eberhard Wagner (Gesang,Gitarre), Erhard Wagner ( Mandoline, Gitarre, Banjo),Gerd Wagner( Gesang, Moderation, E-Ba\u00df), Wolfgang Wagner (Gesang). Inzwischen sind einige Mitglieder der Urbesetzung verstorben. In den alten RASTLOS-Liedern leben sie jedoch weiter und schenken uns bis heute den unvergleichbaren RASTLOS-Sound. Ein wesentlicher Bestandteil dieses Sounds war die Mundharmonika von Peter Heidemann. Der Heidemann\u2019s Pit verlieh dem RASTLOS-Sound den unverkennbaren Wiedererkennungswert. RASTLOS ist bis heute ein echtes St\u00fcck \u201eDERMINGE\u201c! Die Gruppe hat Generationen von Dirmingern bewegt.<\/p>\n\n\n\n<p class=\"has-medium-font-size wp-block-paragraph\"><strong>Was am Ende bleibt, ist auch ein St\u00fcck Romantik: RASTLOS mit Rucksack und Klampfe unterwegs, um L\u00e4nder und Menschen kennen zu lernen. Die selbsternannte Zelt- und Lagerfeuerromantik zu erleben und zu musizieren. Mit vier Gitarren, Mundharmonika, Akkordeon, Bass und insgesamt elf Barden hat die Gruppe Geschichte geschrieben und unseren Heimatort gepr\u00e4gt. RASTLOS hat daf\u00fcr Sorge getragen, dass der Name unseres Heimatortes bundesweit einen gewissen Bekanntheitsgrad erreicht hat. Wer heute RASTLOS h\u00f6rt, muss zwangsl\u00e4ufig an Dirmingen denken.\u00a0 Gut so!<\/strong><\/p>\n\n\n<div class=\"wp-block-image\">\n<figure class=\"aligncenter size-full\"><img loading=\"lazy\" decoding=\"async\" width=\"500\" height=\"482\" src=\"https:\/\/echta-derminga.de\/wp-content\/uploads\/2018\/08\/juzk8.jpg\" alt=\"\" class=\"wp-image-2030\" srcset=\"https:\/\/echta-derminga.de\/wp-content\/uploads\/2018\/08\/juzk8.jpg 500w, https:\/\/echta-derminga.de\/wp-content\/uploads\/2018\/08\/juzk8-300x289.jpg 300w\" sizes=\"auto, (max-width: 500px) 100vw, 500px\" \/><\/figure>\n<\/div>","protected":false},"excerpt":{"rendered":"<p>Die Gruppe RASTLOS ist ein echtes St\u00fcck \u201eDerminga\u201c Erfolgsgeschichte. Die Musiker \u00fcberzeugten viele Jahre mit ihrer saarl\u00e4ndischen Mund- und Lebensart und mit einem breiten Repertoire an Volksliedern, Mundartliedern und selbstgemachten Folk-Songs. Angefangen hat alles im Jahre 1984. In diesem Jahr trafen sich die begeisterten Wanderv\u00f6gel und Handballfreunde, um gemeinsam ihre alten Lieder auszupacken und zu musizieren. Mit Gitarren und Mundharmonika<\/p>\n","protected":false},"author":1,"featured_media":2028,"comment_status":"closed","ping_status":"closed","sticky":false,"template":"","format":"standard","meta":{"_crdt_document":"","footnotes":""},"categories":[1,9,8],"tags":[39,5,618,127,38,310],"class_list":["post-16567","post","type-post","status-publish","format-standard","has-post-thumbnail","hentry","category-allgemein","category-dorfgetratsche","category-sellemols-und-awweile","tag-derminga-doerfche","tag-dirmingen","tag-gemeinde-eppelborn","tag-landkreis-neunkirchen","tag-rastlos","tag-saarland"],"_links":{"self":[{"href":"https:\/\/echta-derminga.de\/index.php?rest_route=\/wp\/v2\/posts\/16567","targetHints":{"allow":["GET"]}}],"collection":[{"href":"https:\/\/echta-derminga.de\/index.php?rest_route=\/wp\/v2\/posts"}],"about":[{"href":"https:\/\/echta-derminga.de\/index.php?rest_route=\/wp\/v2\/types\/post"}],"author":[{"embeddable":true,"href":"https:\/\/echta-derminga.de\/index.php?rest_route=\/wp\/v2\/users\/1"}],"replies":[{"embeddable":true,"href":"https:\/\/echta-derminga.de\/index.php?rest_route=%2Fwp%2Fv2%2Fcomments&post=16567"}],"version-history":[{"count":7,"href":"https:\/\/echta-derminga.de\/index.php?rest_route=\/wp\/v2\/posts\/16567\/revisions"}],"predecessor-version":[{"id":16575,"href":"https:\/\/echta-derminga.de\/index.php?rest_route=\/wp\/v2\/posts\/16567\/revisions\/16575"}],"wp:featuredmedia":[{"embeddable":true,"href":"https:\/\/echta-derminga.de\/index.php?rest_route=\/wp\/v2\/media\/2028"}],"wp:attachment":[{"href":"https:\/\/echta-derminga.de\/index.php?rest_route=%2Fwp%2Fv2%2Fmedia&parent=16567"}],"wp:term":[{"taxonomy":"category","embeddable":true,"href":"https:\/\/echta-derminga.de\/index.php?rest_route=%2Fwp%2Fv2%2Fcategories&post=16567"},{"taxonomy":"post_tag","embeddable":true,"href":"https:\/\/echta-derminga.de\/index.php?rest_route=%2Fwp%2Fv2%2Ftags&post=16567"}],"curies":[{"name":"wp","href":"https:\/\/api.w.org\/{rel}","templated":true}]}}