{"id":16576,"date":"2024-01-14T15:34:43","date_gmt":"2024-01-14T14:34:43","guid":{"rendered":"https:\/\/echta-derminga.de\/?p=16576"},"modified":"2024-01-14T15:34:44","modified_gmt":"2024-01-14T14:34:44","slug":"waren-echte-derminga-tatsaechlich-einmal-wiggewagge","status":"publish","type":"post","link":"https:\/\/echta-derminga.de\/?p=16576","title":{"rendered":"Waren echte \u201eDerminga\u201c tats\u00e4chlich einmal \u201eWiggewagge\u201c?"},"content":{"rendered":"\n<p class=\"has-medium-font-size wp-block-paragraph\"><strong>Wie bitte, Dirminger sollen &#8222;Wiggewagge&#8220; gewesen sein ? Noch nie geh\u00f6rt ? Fehlinformation, Hirngespinst oder einfach nur Unsinn !? Tats\u00e4chlich bin ich letztens auf einen historischen Zeitungsbericht gesto\u00dfen, in dem diese Frage er\u00f6rtert und uns dieser Name zugeteilt wurde. Fr\u00fcher wurde in vielen saarl\u00e4ndischen Ortschaften den jeweiligen Dorfbewohnern ein Necknamen, umgangssprachlich auch Spitznamen verabreicht. Diese Besonderheit der \u00f6rtlichen Namensgebung wird heutzutage kaum noch ausge\u00fcbt und ist buchst\u00e4blich aus der Mode geraten. Keine Ahnung, ob unsere Vorfahren irgendwann einmal &#8222;Wiggewagge&#8220; genannt wurden. Fakt ist: Unsere Dorfgemeinschaft \u00e4ndert sich stetig und mit ihr werden auch immer wieder neue Sprachformen, Br\u00e4uche und Traditionen eingef\u00fchrt.   <\/strong><\/p>\n\n\n\n<p class=\"has-medium-font-size wp-block-paragraph\">Mit den Menschen ver\u00e4ndern sich auch die ureigenen Br\u00e4uche der einzelnen D\u00f6rfer. Der Ursprung der jeweilige Namensgebung f\u00fcr die Dorfbewohner einzelner Ortschaften liegt ganz oft im Dunkeln und h\u00e4ngt meistens mit bestimmten Besonderheiten zusammen. Oftmals spiegeln diese Spitznamen auch Eigenschaften oder Gewohnheiten der Bewohner einer Ortschaft. Die Necknamen bekamen die Bewohner in der Regel von ihren Nachbarorten. In vielen F\u00e4llen steckte  keine gutgemeinte Absicht dahinter. Meistens wurden diese Necknamen allein daf\u00fcr gebraucht, um die Bewohner des Nachbarortes zu \u00e4rgern. Zudem waren diese Necknamen sehr oft mit der entsprechenden Mundart verbunden. Auch die Schreibform der einzelnen Necknamen \u00e4nderte sich von Ortschaft zur Ortschaft. In der heutigen Zeit geraten diese Neck -und Spitznamen zusehends in Vergessenheit. Bei meinen Recherchen bin ich tats\u00e4chlich auf einige wenige \u00e4ltere Dorfbewohner gesto\u00dfen, die sich an den Necknamen &#8222;Wiggewagge&#8220; erinnern konnten. Auf der anderen Seite haben meine Forschungen im Internet oder heimatlichen Publikationen keine Aufschl\u00fcsse auf diesen Necknamen gegeben. Ich pers\u00f6nlich glaube auch nicht daran, dass man unsere Einwohner einmal so nannte. Zumindest hat sich dieser Neckname in Dirmingen nicht durchgesetzt. Vielmehr wird wieder mal deutlich, wie schnelllebig unsere Zeit voranschreitet. Bei meinen Recherchen wird jedoch immer wieder auf den besonderen &#8222;Derminga-Slang&#8220; hingewiesen. Kennt ihr das:&#8220; De Derminga gedd sonntags mem Scheermche onnam Arm en die Keerch&#8220;<\/p>\n\n\n\n<p class=\"has-medium-font-size wp-block-paragraph\"><strong>Im Internet findet man Hinweise darauf, dass die Bewohner von dem saarl\u00e4ndischen Ort Bexbach und auch von Teilen Blieskastels und Kirkel-Altstadt mit dem Necknamen &#8222;Wiggewagge&#8220; ausgestattet wurden. W\u00e4hrend vielerorts die &#8222;Dorf-Spitznamen&#8220; einmalig vergeben sind, scheint es so, als ob der Neckname &#8222;Wiggewagge&#8220; \u00f6fters verwendet wurde. Vielleicht hatte dieser &#8222;Uz-Name&#8220; tats\u00e4chlich auch in Dirmingen eine kurze Epoche bestand. Warum sich dieser Name am Ende nicht durchsetzen konnte, l\u00e4sst sich heute kaum noch rekonstruieren. Der Begriff &#8222;Wiggewagge&#8220; (mancherorts auch \u201eWickewagge\u201c) geht urspr\u00fcnglich auf geologische Gegebenheiten zur\u00fcck, denn \u201eWacke\u201c war die Bezeichnung f\u00fcr harte, grobe Steine, meist Basalt- oder Kieselsteine. Diese \u201eWackersteine\u201c, nannte man fr\u00fchneuhochdeutsch auch \u201eStrauchsteine\u201c. In Dirmingen k\u00f6nnte es sich dabei auch um die Quadersteine des Konglomerats der heimischen \u201eSteenrutsch\u201c gehandelt haben. Vermutlich k\u00f6nnte mit diesem Vergleich der vermeintliche Charakter der Dorfbewohner gemeint sein.<\/strong><\/p>\n\n\n\n<p class=\"has-medium-font-size wp-block-paragraph\">Das Verhalten mancher Dorfbewohner gegen\u00fcber den Nachbard\u00f6rfern war vielerorts der wahre Grund f\u00fcr einen Necknamen. Ein dominantes, raues und r\u00fccksichtsloses Verhalten der Dorfbewohner k\u00f6nnte als der Grund f\u00fcr den Necknamen \u201eWiggewagge\u201c sein. Ob die Dirminger fr\u00fcher tats\u00e4chlich \u201eWiggewagge\u201c genannt wurden, l\u00e4sst sich heute kaum noch feststellen. Tatsache ist, dass die Bewohner unseres Dorfes von den Nachbarorten oftmals als \u201eeigener Schlag\u201c betitelt wurden. Der Begriff \u201eWiggewagge\u201c k\u00f6nnte jedoch auch ganz woanders herkommen. Bekanntlich wurde in Dirmingen \u00fcber viele Jahre Kalkabbau betrieben. Im Bereich des Dirminger Belkers wurde schon im 18.Jahrhundert Kalkgewinnung erzielt. Viele Dirminger, die damals Kalkbergbau arbeiteten, hatten es bestimmt oftmals mit gro\u00dfen Steinen \u201eWacken\u201c zu tun. Der Bergmann als solches wird ohnehin als raubeinig und dickk\u00f6pfig betitelt. Ein \u201eWacke\u201c war fr\u00fcher die Bezeichnung f\u00fcr einen harten, groben Stein, meist Basalt- oder Kieselsteine. W\u00e4re dies eine logische Erkl\u00e4rung? <\/p>\n\n\n\n<p class=\"has-medium-font-size wp-block-paragraph\"><strong>Letztlich konnte sich der Neckname \u201eWiggewagge\u201c in Dirmingen nicht durchsetzen. Keine Ahnung, ob wir Dirminger tats\u00e4chlich eine Zeitlang so genannt wurden. Selbst unter den \u00e4lteren Dorfbewohner gibt es Mitb\u00fcrger, die diesen Spitznamen nicht kannten oder einfach verdr\u00e4ngt haben. G\u00e4be es da nicht diesen einen historischen Pressetext in dem uns dieser Name verabreicht wurde. Sei&#8217;s drum, aus meiner bescheidenen Sicht der Dinge haben wir nicht viel mit &#8222;Wiggewagge&#8220; zu tun. Ich pers\u00f6nlich favorisiere den Titel &#8222;Derminga&#8220;.<\/strong><\/p>\n","protected":false},"excerpt":{"rendered":"<p>Wie bitte, Dirminger sollen &#8222;Wiggewagge&#8220; gewesen sein ? Noch nie geh\u00f6rt ? Fehlinformation, Hirngespinst oder einfach nur Unsinn !? Tats\u00e4chlich bin ich letztens auf einen historischen Zeitungsbericht gesto\u00dfen, in dem diese Frage er\u00f6rtert und uns dieser Name zugeteilt wurde. Fr\u00fcher wurde in vielen saarl\u00e4ndischen Ortschaften den jeweiligen Dorfbewohnern ein Necknamen, umgangssprachlich auch Spitznamen verabreicht. Diese Besonderheit der \u00f6rtlichen Namensgebung wird<\/p>\n","protected":false},"author":1,"featured_media":15410,"comment_status":"open","ping_status":"closed","sticky":false,"template":"","format":"standard","meta":{"_crdt_document":"","footnotes":""},"categories":[1,9,8],"tags":[5,618,127,215,310,1104],"class_list":["post-16576","post","type-post","status-publish","format-standard","has-post-thumbnail","hentry","category-allgemein","category-dorfgetratsche","category-sellemols-und-awweile","tag-dirmingen","tag-gemeinde-eppelborn","tag-landkreis-neunkirchen","tag-mundart","tag-saarland","tag-wiggewagge"],"_links":{"self":[{"href":"https:\/\/echta-derminga.de\/index.php?rest_route=\/wp\/v2\/posts\/16576","targetHints":{"allow":["GET"]}}],"collection":[{"href":"https:\/\/echta-derminga.de\/index.php?rest_route=\/wp\/v2\/posts"}],"about":[{"href":"https:\/\/echta-derminga.de\/index.php?rest_route=\/wp\/v2\/types\/post"}],"author":[{"embeddable":true,"href":"https:\/\/echta-derminga.de\/index.php?rest_route=\/wp\/v2\/users\/1"}],"replies":[{"embeddable":true,"href":"https:\/\/echta-derminga.de\/index.php?rest_route=%2Fwp%2Fv2%2Fcomments&post=16576"}],"version-history":[{"count":7,"href":"https:\/\/echta-derminga.de\/index.php?rest_route=\/wp\/v2\/posts\/16576\/revisions"}],"predecessor-version":[{"id":16583,"href":"https:\/\/echta-derminga.de\/index.php?rest_route=\/wp\/v2\/posts\/16576\/revisions\/16583"}],"wp:featuredmedia":[{"embeddable":true,"href":"https:\/\/echta-derminga.de\/index.php?rest_route=\/wp\/v2\/media\/15410"}],"wp:attachment":[{"href":"https:\/\/echta-derminga.de\/index.php?rest_route=%2Fwp%2Fv2%2Fmedia&parent=16576"}],"wp:term":[{"taxonomy":"category","embeddable":true,"href":"https:\/\/echta-derminga.de\/index.php?rest_route=%2Fwp%2Fv2%2Fcategories&post=16576"},{"taxonomy":"post_tag","embeddable":true,"href":"https:\/\/echta-derminga.de\/index.php?rest_route=%2Fwp%2Fv2%2Ftags&post=16576"}],"curies":[{"name":"wp","href":"https:\/\/api.w.org\/{rel}","templated":true}]}}