{"id":16622,"date":"2024-01-28T16:48:31","date_gmt":"2024-01-28T15:48:31","guid":{"rendered":"https:\/\/echta-derminga.de\/?p=16622"},"modified":"2024-01-28T16:49:12","modified_gmt":"2024-01-28T15:49:12","slug":"nie-wieder-ist-jetzt-dirmingen-setzt-ein-zeichen","status":"publish","type":"post","link":"https:\/\/echta-derminga.de\/?p=16622","title":{"rendered":"Nie wieder ist jetzt ! &#8211; Dirmingen setzt ein Zeichen f\u00fcr Menschlichkeit!"},"content":{"rendered":"\n<p class=\"has-medium-font-size wp-block-paragraph\"><strong>Vor 90 Jahren, am 30. Januar 1933, wurde Adolf Hitler zum Reichskanzler erkoren. Zuvor herrschte in unserem Land eine gro\u00dfe kollektive Unzufriedenheit. Die heutige Zeit wird in der \u00d6ffentlichkeit immer \u00f6fter mit der \u201eWeimarer Republik\u201c verglichen. Zurecht? Schon im M\u00e4rz 1933 er\u00f6ffneten die Nazis in Dachau ihr erstes Konzentrationslager. Mit dem Erm\u00e4chtigungsgesetz am 24. M\u00e4rz 1933 \u00fcbertrugen die Mitglieder des Deutschen Reichstages die gesetzgebende Gewalt vollst\u00e4ndig der neuen NS -Reichsregierung. Die demokratische Staatsordnung wurde mit diesem Beschluss praktisch aufgehoben. Einzig die Sozialdemokratische Partei Deutschlands widersetzte sich und stimmte geschlossen gegen dieses Erm\u00e4chtigungsgesetz. F\u00fcr mich pers\u00f6nlich eine Sternstunde der Sozialdemokratie und mit unter ein Grund Mitglied in dieser Partei zu werden. Der ber\u00fchmte Satz \u201eWer hat uns verraten, Sozialdemokraten\u201c stammt ebenfalls aus dieser Zeit. Zumindest in diesem Kontext herrscht ein gewisser Bezug zu den heutigen Zeiten. Die Ampel ist alles andere als beliebt und der Umgangston wird stetig rauer.<\/strong><\/p>\n\n\n\n<p class=\"has-medium-font-size wp-block-paragraph\">Uns allen f\u00e4llt es zusehends schwerer das Gute von dem B\u00f6sen zu unterscheiden. Irgendwie glaubt jeder es gut zu meinen und den richtigen Ansatz zu haben. Leider kann l\u00e4ngst nicht jeder allzu gut mit seiner Tastatur und der damit verbundenen Meinungsfreiheit umgehen. Die sozialen Netzwerke werden zum Schlachtfeld der gefrusteten Eitelkeiten. Schuld ist grunds\u00e4tzlich immer die Politik. Selbst wenn irgendwo ein Reissack umf\u00e4llt, findet man in der Regierung einen Schuldigen. Keine Frage, unsere Demokratie lebt von konstruktiver Kritik. Hass, Wut und Verunglimpfungen sollten jedoch tunlichst vermieden werden. Auch Kommunalpolitiker bekommen Wut, Abneigung und Hass zu sp\u00fcren. Unter dem Deckmantel der Demokratie und der damit verbundenen Meinungsfreiheit werden auch Kommunalpolitiker massiv angegangen und pers\u00f6nlich beleidigt. Muss das sein?<\/p>\n\n\n\n<p class=\"has-medium-font-size wp-block-paragraph\"><strong>Das alles macht m\u00fcde, traurig und nachdenklich. Der Wind hat sich gedreht und die Zeiten werden rauer und unsicherer. So manch einem wird beim Blick in die Zukunft bange. Letztens hat mir ein befreundeter Kommunalpolitiker berichtet, dass er auch aufgrund diverser Anfeindungen nicht mehr ein Mandat anstrebt. So weit sind wir also gekommen. Na gut! Die Politik ist dazu verdammt diese Stimmung auszuhalten. Ganz anders verh\u00e4lt es sich jedoch mit unseren Nachbarn, Freunden, Bekannten, Mitb\u00fcrgern oder Familienangeh\u00f6rigen. Irgendwo in Deutschland treffen sich Menschen, um \u00fcber Remigration und Deportation zu beraten. Dieses Treffen hat mir buchst\u00e4blich den Boden unter den F\u00fc\u00dfen weggerissen. Wie tief sind wir gesunken? Wie konnte es so weit kommen?<\/strong><\/p>\n\n\n\n<p class=\"has-medium-font-size wp-block-paragraph\">Nat\u00fcrlich ist nicht jedes Mitglied, Sympathisant oder W\u00e4hler der AFD rechtsextrem. Nein, dass w\u00e4re zu einfach. Selbst ein Verbotsverfahren w\u00e4re aus meiner Sicht ein Zeichen demokratischer Schw\u00e4che. Nein, wir m\u00fcssen in die Diskussion eintreten und andere Meinungen aushalten. Die L\u00f6sung liegt im Dialog und im gemeinsamen Gespr\u00e4ch. Wir sollten einfach mal das Herz \u00fcber den Kopf stellen.<\/p>\n\n\n\n<p class=\"has-medium-font-size wp-block-paragraph\"><strong>Nun ziehen seit Wochen Millionen von Menschen in Deutschland durch die Stra\u00dfen, um f\u00fcr mehr Demokratie und gegen Fremdenhass zu demonstrieren. Gut so! Mal wieder muss es das Volk richten! Friedliche Demonstrationen haben schon oft f\u00fcr eine buchst\u00e4bliche Zeitenwende gesorgt. Es ist an der Zeit aufzustehen und ein Signal zu setzen. Fremdenhass, Antisemitismus oder Asyl Neid d\u00fcrfen in unserer Gesellschaft keinen Platz finden. Das alles hatten wir vor 90 Jahren schon einmal. Eigentlich dachte ich, dass wir diesbez\u00fcglich l\u00e4ngst \u00fcber den Berg w\u00e4ren. Leider droht sich die Geschichte zu wiederholen!<\/strong><\/p>\n\n\n\n<p class=\"has-medium-font-size wp-block-paragraph\">Das alles ist hier, bei uns, auch vor unserer Haust\u00fcr. Wenn ich durch unsere Stra\u00dfen spaziere und an unsere Vereine oder Organisationen denke, f\u00e4llt es mir wie Schuppen von den Augen. \u00dcberall befinden sich gute Menschen mit Migrationshintergrund. Diese Leute tragen unsere Dorfgemeinschaft und st\u00e4rken unsere Infrastruktur. Menschen mit Migrationshintergrund beleben unsere Gesch\u00e4ftswelt und unser Gewerbe. Das alles soll jetzt keinen Wert mehr haben? Nein, meine Damen und Herren, ohne mich! Ich mache da nicht mit!<\/p>\n\n\n\n<p class=\"has-medium-font-size wp-block-paragraph\"><strong>Unser Dorf hat wie kaum ein anderes unter den schrecklichen Kriegswirren gelitten. Auch hier wurden Menschen aufgrund ihrer Herkunft oder politischen Einstellung verunglimpft, gefoltert und get\u00f6tet. In Dirmingen liegt seit dem 8. Mai 2022 ein Stolperstein &#8211; zur Erinnerung an den Dirminger Rudolf Wohlfart, der von den Nazis ermordet wurde. Der Sohn Rudolf Wohlfart best\u00e4tigte einmal, dass sein Vater fr\u00fch Mitglied in der NSDAP gewesen sei. Doch sehr schnell h\u00e4tte Wohlfart gemerkt &#8222;dass das nichts taugt.&#8220; Irgendwann wurde Wohlfart aus augenscheinlichen Gr\u00fcnden deportiert, eingesperrt und schlie\u00dflich get\u00f6tet.<\/strong><\/p>\n\n\n\n<p class=\"has-medium-font-size wp-block-paragraph\"><strong>Auf dem einzigen Stolperstein in der Gemeinde Eppelborn steht:<\/strong><\/p>\n\n\n\n<blockquote class=\"wp-block-quote is-layout-flow wp-block-quote-is-layout-flow\">\n<p class=\"has-medium-font-size wp-block-paragraph\"><strong>\u201eHier wohnte Rudolf Wohlfart\u201c steht auf der kleinen Messingplatte im B\u00fcrgersteig. \u201eJahrgang 1902. Seit 1935 in mehreren Heilanstalten. Ermordet 28.2.1941. Aktion T4.\u201c<\/strong><\/p>\n<cite><strong>Stolperstein Dirmingen &#8211;<\/strong> <strong>T4 steht f\u00fcr die erste Welle der NS-Morde an Menschen in Pflege- und Heilanstalten.<\/strong><\/cite><\/blockquote>\n\n\n\n<p class=\"has-medium-font-size wp-block-paragraph\"><\/p>\n\n\n\n<p class=\"has-medium-font-size wp-block-paragraph\">Wehret den Anf\u00e4ngen! So etwas wie vor 90 Jahren braucht kein Mensch. Wir brauchen ein deutliches, sichtbares Signal. Auch hier bei uns im Dorf. Warum in die Ferne schweifen ? Am Ende brauchten wir nur einige Telefonate und ein gemeinsames Treffen um einen Schulterschluss zu finden. Der Ortsrat Dirmingen wird mit Unterst\u00fctzung der evangelischen Kirchengemeinde St. Wendel- Illtal und der katholischen Pfarreiengemeinschaft Eppelborn- Dirmingen eine Aktion gegen \u201eRechtes Gedankengut\u201c durchf\u00fchren. Eine \u201ebewegte Lichterkette\u201c von der katholischen zur evangelischen Kirche soll als sichtbares Zeichen dienen.<\/p>\n\n\n\n<p class=\"has-black-color has-text-color has-link-color has-medium-font-size wp-elements-6d59e5447847a50978a2f89a5199cd14 wp-block-paragraph\"><strong>Die Ank\u00fcndigung zu dieser Veranstaltung wurde sehr positiv aufgenommen. Beeindruckend wie schnell unsere Dorfgemeinschaft reagierte und zusammenfand. Das macht Hoffnung! Auch ein kleines D\u00f6rfchen wie Dirmingen kann einen deutlichen Akzent setzen. Herzliche Einladung an alle die uns auf unserem Weg begleiten m\u00f6chten. Lasst uns gemeinsam ein Zeichen f\u00fcr Toleranz, Freiheit, Menschlichkeit und Demokratie setzen.<\/strong> <strong>Nie wieder ist jetzt !!!<\/strong><\/p>\n\n\n<div class=\"wp-block-image\">\n<figure class=\"aligncenter size-large\"><img loading=\"lazy\" decoding=\"async\" width=\"700\" height=\"979\" src=\"https:\/\/echta-derminga.de\/wp-content\/uploads\/2024\/01\/421774599_7070656766362321_5263425957447954641_n-700x979.jpg\" alt=\"\" class=\"wp-image-16625\" srcset=\"https:\/\/echta-derminga.de\/wp-content\/uploads\/2024\/01\/421774599_7070656766362321_5263425957447954641_n-700x979.jpg 700w, https:\/\/echta-derminga.de\/wp-content\/uploads\/2024\/01\/421774599_7070656766362321_5263425957447954641_n-214x300.jpg 214w, https:\/\/echta-derminga.de\/wp-content\/uploads\/2024\/01\/421774599_7070656766362321_5263425957447954641_n-768x1074.jpg 768w, https:\/\/echta-derminga.de\/wp-content\/uploads\/2024\/01\/421774599_7070656766362321_5263425957447954641_n.jpg 1080w\" sizes=\"auto, (max-width: 700px) 100vw, 700px\" \/><\/figure>\n<\/div>","protected":false},"excerpt":{"rendered":"<p>Vor 90 Jahren, am 30. Januar 1933, wurde Adolf Hitler zum Reichskanzler erkoren. Zuvor herrschte in unserem Land eine gro\u00dfe kollektive Unzufriedenheit. Die heutige Zeit wird in der \u00d6ffentlichkeit immer \u00f6fter mit der \u201eWeimarer Republik\u201c verglichen. Zurecht? Schon im M\u00e4rz 1933 er\u00f6ffneten die Nazis in Dachau ihr erstes Konzentrationslager. Mit dem Erm\u00e4chtigungsgesetz am 24. M\u00e4rz 1933 \u00fcbertrugen die Mitglieder des<\/p>\n","protected":false},"author":1,"featured_media":12726,"comment_status":"open","ping_status":"closed","sticky":false,"template":"","format":"standard","meta":{"_crdt_document":"","footnotes":""},"categories":[1,9,902],"tags":[5,618,127,1107,310,1106],"class_list":["post-16622","post","type-post","status-publish","format-standard","has-post-thumbnail","hentry","category-allgemein","category-dorfgetratsche","category-meine-meinung","tag-dirmingen","tag-gemeinde-eppelborn","tag-landkreis-neunkirchen","tag-nie-wieder-ist-jetzt","tag-saarland","tag-stolperstein-dirmingen"],"_links":{"self":[{"href":"https:\/\/echta-derminga.de\/index.php?rest_route=\/wp\/v2\/posts\/16622","targetHints":{"allow":["GET"]}}],"collection":[{"href":"https:\/\/echta-derminga.de\/index.php?rest_route=\/wp\/v2\/posts"}],"about":[{"href":"https:\/\/echta-derminga.de\/index.php?rest_route=\/wp\/v2\/types\/post"}],"author":[{"embeddable":true,"href":"https:\/\/echta-derminga.de\/index.php?rest_route=\/wp\/v2\/users\/1"}],"replies":[{"embeddable":true,"href":"https:\/\/echta-derminga.de\/index.php?rest_route=%2Fwp%2Fv2%2Fcomments&post=16622"}],"version-history":[{"count":7,"href":"https:\/\/echta-derminga.de\/index.php?rest_route=\/wp\/v2\/posts\/16622\/revisions"}],"predecessor-version":[{"id":16630,"href":"https:\/\/echta-derminga.de\/index.php?rest_route=\/wp\/v2\/posts\/16622\/revisions\/16630"}],"wp:featuredmedia":[{"embeddable":true,"href":"https:\/\/echta-derminga.de\/index.php?rest_route=\/wp\/v2\/media\/12726"}],"wp:attachment":[{"href":"https:\/\/echta-derminga.de\/index.php?rest_route=%2Fwp%2Fv2%2Fmedia&parent=16622"}],"wp:term":[{"taxonomy":"category","embeddable":true,"href":"https:\/\/echta-derminga.de\/index.php?rest_route=%2Fwp%2Fv2%2Fcategories&post=16622"},{"taxonomy":"post_tag","embeddable":true,"href":"https:\/\/echta-derminga.de\/index.php?rest_route=%2Fwp%2Fv2%2Ftags&post=16622"}],"curies":[{"name":"wp","href":"https:\/\/api.w.org\/{rel}","templated":true}]}}