{"id":16631,"date":"2024-02-04T18:30:31","date_gmt":"2024-02-04T17:30:31","guid":{"rendered":"https:\/\/echta-derminga.de\/?p=16631"},"modified":"2024-02-04T18:30:32","modified_gmt":"2024-02-04T17:30:32","slug":"ihr-seid-nicht-schuld-an-dem-was-war-aber-verantwortlich-dafuer-dass-es-nicht-mehr-geschieht-dirmingen-setzt-ein-wunderbares-zeichen-shitstorm-der-unverbesserlichen","status":"publish","type":"post","link":"https:\/\/echta-derminga.de\/?p=16631","title":{"rendered":"\u201eIhr seid nicht schuld an dem, was war, aber verantwortlich daf\u00fcr, dass es nicht mehr geschieht.\u00a0\u201c &#8211; Dirmingen setzt ein wunderbares Zeichen &#8211; &#8222;Shitstorm&#8220; der Unverbesserlichen sorgt f\u00fcr Best\u00e4tigung !"},"content":{"rendered":"\n<p class=\"has-medium-font-size wp-block-paragraph\"><strong>Wenn man sich mit der Geschichte unseres Heimatortes befasst und durch unsere Stra\u00dfen wandert, wird man unwillk\u00fcrlich mit der Realit\u00e4t konfrontiert. In unserem Dorf leben viele Menschen mit Migrationshintergrund. Menschen die ein Gewerbe f\u00fchren, ein Ehrenamt in einem Verein aus\u00fcben oder eine Familie gegr\u00fcndet haben. Diese Menschen leben mitten unter uns und sind zu einem festen Bestandteil unserer Dorfgemeinschaft geworden. Dabei spielt es l\u00e4ngst keine Rolle mehr woher diese Menschen stammen. Mit den Jahren wurden diese Menschen zu Einheimischen. Wer kann schon von sich behaupten, ohne Migrationshintergrund zu sein. Waren unsere Vorfahren nicht alle irgendwann einmal in grauer Vorzeit Fl\u00fcchtlinge, Auswanderer oder Fremde ?<\/strong><\/p>\n\n\n\n<p class=\"has-medium-font-size wp-block-paragraph\">Es war wichtig ein Zeichen zu setzen und Flagge zu zeigen. Der Ortsrat hatte am Mittwoch, 31. Januar mit Unterst\u00fctzung der katholischen Pfarreiengemeinschaft Eppelborn- Dirmingen und der Evangelischen Kirchengemeinde St. Wendel- Illtal zu einer &#8222;Bewegten Lichterkette&#8220; gegen Rechtsextremismus eingeladen. Nat\u00fcrlich muss man in diesen unruhigen Zeiten ein Signal gegen jede Form von Extremismus setzen. Die aktuellen Geschehnisse in diesem Land haben haben zu einem gemeinsam Umdenken gef\u00fchrt. Es ist an der Zeit aufzustehen. In ganz Deutschland gehen Menschen auf die Stra\u00dfe und demonstrieren f\u00fcr Freiheit und Menschenrechte. Das meisten Veranstaltungen finden in den gro\u00dfen St\u00e4dten statt. Wir in Dirmingen wollten unser eigenes Ding machen und selbst ein Zeichen gegen Rechtsextremismus setzen. Gemeinsam mit den etwa 400 Besuchern ist dieses Vorhaben durchaus gelungen.<\/p>\n\n\n\n<div class=\"wp-block-columns is-layout-flex wp-container-core-columns-is-layout-8f761849 wp-block-columns-is-layout-flex\">\n<div class=\"wp-block-column is-layout-flow wp-block-column-is-layout-flow\">\n<figure class=\"wp-block-image size-large\"><img loading=\"lazy\" decoding=\"async\" width=\"700\" height=\"467\" src=\"https:\/\/echta-derminga.de\/wp-content\/uploads\/2024\/02\/BTSP00360-1-700x467.jpg\" alt=\"\" class=\"wp-image-16636\" srcset=\"https:\/\/echta-derminga.de\/wp-content\/uploads\/2024\/02\/BTSP00360-1-700x467.jpg 700w, https:\/\/echta-derminga.de\/wp-content\/uploads\/2024\/02\/BTSP00360-1-300x200.jpg 300w, https:\/\/echta-derminga.de\/wp-content\/uploads\/2024\/02\/BTSP00360-1-768x512.jpg 768w, https:\/\/echta-derminga.de\/wp-content\/uploads\/2024\/02\/BTSP00360-1.jpg 1000w\" sizes=\"auto, (max-width: 700px) 100vw, 700px\" \/><\/figure>\n<\/div>\n\n\n\n<div class=\"wp-block-column is-layout-flow wp-block-column-is-layout-flow\">\n<figure class=\"wp-block-image size-large\"><img loading=\"lazy\" decoding=\"async\" width=\"700\" height=\"467\" src=\"https:\/\/echta-derminga.de\/wp-content\/uploads\/2024\/02\/BTSP00334-700x467.jpg\" alt=\"\" class=\"wp-image-16637\" srcset=\"https:\/\/echta-derminga.de\/wp-content\/uploads\/2024\/02\/BTSP00334-700x467.jpg 700w, https:\/\/echta-derminga.de\/wp-content\/uploads\/2024\/02\/BTSP00334-300x200.jpg 300w, https:\/\/echta-derminga.de\/wp-content\/uploads\/2024\/02\/BTSP00334-768x512.jpg 768w, https:\/\/echta-derminga.de\/wp-content\/uploads\/2024\/02\/BTSP00334.jpg 1000w\" sizes=\"auto, (max-width: 700px) 100vw, 700px\" \/><\/figure>\n<\/div>\n<\/div>\n\n\n\n<p class=\"has-medium-font-size wp-block-paragraph\"><strong>Ich m\u00f6chte mich ganz herzlich bei Pastor Thieser von der katholischen Pfarreiengemeinschaft Eppelborn- Dirmingen und seinem Pfarrgemeinderat bedanken. Genauso geht mein Dank an Pfarrer Daniel Storb und sein Presbyterium der Evangelischen Kirchengemeinde St. Wendel- Illtal. Beide Kirchengemeinden standen der Idee offen gegen\u00fcber und waren sofort bereit mitzumachen. Auf dieses gemeinsame Solidarit\u00e4tszeichen bin ich ganz besonders stolz. Der Ortsrat Dirmingen fungierte partei\u00fcbergreifend als Veranstalter dieser Veranstaltung. Auch das ist l\u00e4ngst keine Selbstverst\u00e4ndlichkeit. Der Ortsrat hat in diesem Fall erneut unter Beweis gestellt, dass man immer wieder in der Lage ist die Parteibrille zur Seite zu schieben und gemeinsam Verantwortung zu \u00fcbernehmen. In Dirmingen funktioniert das seit einigen Jahren sehr gut.<\/strong><\/p>\n\n\n\n<div class=\"wp-block-columns is-layout-flex wp-container-core-columns-is-layout-8f761849 wp-block-columns-is-layout-flex\">\n<div class=\"wp-block-column is-layout-flow wp-block-column-is-layout-flow\">\n<figure class=\"wp-block-image size-large\"><img loading=\"lazy\" decoding=\"async\" width=\"700\" height=\"467\" src=\"https:\/\/echta-derminga.de\/wp-content\/uploads\/2024\/02\/BTSP00342-700x467.jpg\" alt=\"\" class=\"wp-image-16639\" srcset=\"https:\/\/echta-derminga.de\/wp-content\/uploads\/2024\/02\/BTSP00342-700x467.jpg 700w, https:\/\/echta-derminga.de\/wp-content\/uploads\/2024\/02\/BTSP00342-300x200.jpg 300w, https:\/\/echta-derminga.de\/wp-content\/uploads\/2024\/02\/BTSP00342-768x512.jpg 768w, https:\/\/echta-derminga.de\/wp-content\/uploads\/2024\/02\/BTSP00342.jpg 1000w\" sizes=\"auto, (max-width: 700px) 100vw, 700px\" \/><\/figure>\n<\/div>\n\n\n\n<div class=\"wp-block-column is-layout-flow wp-block-column-is-layout-flow\">\n<figure class=\"wp-block-image size-large\"><img loading=\"lazy\" decoding=\"async\" width=\"700\" height=\"467\" src=\"https:\/\/echta-derminga.de\/wp-content\/uploads\/2024\/02\/BTSP00350-700x467.jpg\" alt=\"\" class=\"wp-image-16640\" srcset=\"https:\/\/echta-derminga.de\/wp-content\/uploads\/2024\/02\/BTSP00350-700x467.jpg 700w, https:\/\/echta-derminga.de\/wp-content\/uploads\/2024\/02\/BTSP00350-300x200.jpg 300w, https:\/\/echta-derminga.de\/wp-content\/uploads\/2024\/02\/BTSP00350-768x512.jpg 768w, https:\/\/echta-derminga.de\/wp-content\/uploads\/2024\/02\/BTSP00350.jpg 1000w\" sizes=\"auto, (max-width: 700px) 100vw, 700px\" \/><\/figure>\n<\/div>\n<\/div>\n\n\n\n<p class=\"has-medium-font-size wp-block-paragraph\">Ermutigend ! Die Veranstaltung war ein Riesenerfolg. Ich pers\u00f6nlich h\u00e4tte nicht mit so vielen Menschen gerechnet. Es ist uns gelungen in unserem kleinen D\u00f6rfchen ein deutliches Signal zu setzen. Was k\u00fcmmern uns schon einige Unverbesserliche ? Nat\u00fcrlich wissen wir, dass nicht jeder mit einer rechten politischen Grundeinstellung ein Nationalsozialist ist. Was wir brauchen ist eine gesunde Debatte und einen fairen Dialog, Ich halte nichts von einem Verbot irgendeiner Partei. Vielmehr muss die Politik verst\u00e4rkt auf die Menschen zugehen und versuchen zu \u00fcberzeugen.<\/p>\n\n\n\n<div class=\"wp-block-columns is-layout-flex wp-container-core-columns-is-layout-8f761849 wp-block-columns-is-layout-flex\">\n<div class=\"wp-block-column is-layout-flow wp-block-column-is-layout-flow\">\n<figure class=\"wp-block-image size-large\"><img loading=\"lazy\" decoding=\"async\" width=\"700\" height=\"467\" src=\"https:\/\/echta-derminga.de\/wp-content\/uploads\/2024\/02\/BTSP00404-700x467.jpg\" alt=\"\" class=\"wp-image-16641\" srcset=\"https:\/\/echta-derminga.de\/wp-content\/uploads\/2024\/02\/BTSP00404-700x467.jpg 700w, https:\/\/echta-derminga.de\/wp-content\/uploads\/2024\/02\/BTSP00404-300x200.jpg 300w, https:\/\/echta-derminga.de\/wp-content\/uploads\/2024\/02\/BTSP00404-768x512.jpg 768w, https:\/\/echta-derminga.de\/wp-content\/uploads\/2024\/02\/BTSP00404.jpg 1000w\" sizes=\"auto, (max-width: 700px) 100vw, 700px\" \/><\/figure>\n<\/div>\n\n\n\n<div class=\"wp-block-column is-layout-flow wp-block-column-is-layout-flow\">\n<figure class=\"wp-block-image size-large\"><img loading=\"lazy\" decoding=\"async\" width=\"700\" height=\"467\" src=\"https:\/\/echta-derminga.de\/wp-content\/uploads\/2024\/02\/BTSP00444-700x467.jpg\" alt=\"\" class=\"wp-image-16642\" srcset=\"https:\/\/echta-derminga.de\/wp-content\/uploads\/2024\/02\/BTSP00444-700x467.jpg 700w, https:\/\/echta-derminga.de\/wp-content\/uploads\/2024\/02\/BTSP00444-300x200.jpg 300w, https:\/\/echta-derminga.de\/wp-content\/uploads\/2024\/02\/BTSP00444-768x512.jpg 768w, https:\/\/echta-derminga.de\/wp-content\/uploads\/2024\/02\/BTSP00444.jpg 1000w\" sizes=\"auto, (max-width: 700px) 100vw, 700px\" \/><\/figure>\n<\/div>\n<\/div>\n\n\n\n<p class=\"has-medium-font-size wp-block-paragraph\"><strong>Ich pers\u00f6nlich habe im Rahmen dieser Veranstaltung sehr viel Shitstorm erfahren. In den sozialen Medien und auch \u00fcber den pers\u00f6nlichen Messenger und sogar E-Mails wurde ich hart kritisiert und f\u00fcr meine politische Einstellung ger\u00fcgt. Wenn man in der \u00d6ffentlichkeit steht, muss man so etwas aushalten. Diese pers\u00f6nlichen Angriffe gegen\u00fcber meiner Person verdeutlichen jedoch, dass es richtig was zu handeln. Mit Kritik muss man konstruktiv und nachhaltig umgehen. Menschen zu diffamieren und klein zureden widerspricht dem demokratischen Grundverhalten.<\/strong><\/p>\n\n\n\n<div class=\"wp-block-columns is-layout-flex wp-container-core-columns-is-layout-8f761849 wp-block-columns-is-layout-flex\">\n<div class=\"wp-block-column is-layout-flow wp-block-column-is-layout-flow\">\n<figure class=\"wp-block-image size-large\"><img loading=\"lazy\" decoding=\"async\" width=\"700\" height=\"467\" src=\"https:\/\/echta-derminga.de\/wp-content\/uploads\/2024\/02\/BTSP00431-700x467.jpg\" alt=\"\" class=\"wp-image-16643\" srcset=\"https:\/\/echta-derminga.de\/wp-content\/uploads\/2024\/02\/BTSP00431-700x467.jpg 700w, https:\/\/echta-derminga.de\/wp-content\/uploads\/2024\/02\/BTSP00431-300x200.jpg 300w, https:\/\/echta-derminga.de\/wp-content\/uploads\/2024\/02\/BTSP00431-768x512.jpg 768w, https:\/\/echta-derminga.de\/wp-content\/uploads\/2024\/02\/BTSP00431.jpg 1000w\" sizes=\"auto, (max-width: 700px) 100vw, 700px\" \/><\/figure>\n<\/div>\n\n\n\n<div class=\"wp-block-column is-layout-flow wp-block-column-is-layout-flow\">\n<figure class=\"wp-block-image size-large\"><img loading=\"lazy\" decoding=\"async\" width=\"700\" height=\"467\" src=\"https:\/\/echta-derminga.de\/wp-content\/uploads\/2024\/02\/BTSP00610-700x467.jpg\" alt=\"\" class=\"wp-image-16644\" srcset=\"https:\/\/echta-derminga.de\/wp-content\/uploads\/2024\/02\/BTSP00610-700x467.jpg 700w, https:\/\/echta-derminga.de\/wp-content\/uploads\/2024\/02\/BTSP00610-300x200.jpg 300w, https:\/\/echta-derminga.de\/wp-content\/uploads\/2024\/02\/BTSP00610-768x512.jpg 768w, https:\/\/echta-derminga.de\/wp-content\/uploads\/2024\/02\/BTSP00610.jpg 1000w\" sizes=\"auto, (max-width: 700px) 100vw, 700px\" \/><\/figure>\n<\/div>\n<\/div>\n\n\n\n<p class=\"has-medium-font-size wp-block-paragraph\">Vielen Dank an alle Kriegerinnen und Krieger des Lichts. Danke f\u00fcr die klare Kante. Unsere Brandmauer wurde deutlich und wird auch zuk\u00fcnftig Stand halten. Vielen Dank an alle Menschen die an unserer &#8222;Bewegten Lichterkette&#8220; in Dirmingen teilnahmen. Gemeinsam haben wir diese Veranstaltung zu etwas ganz besonderem gemacht. Das war UNSERE Demonstration f\u00fcr Freiheit, Frieden, Menschlichkeit und gegen jede Form von Extremismus. Dieser Tag bleibt unvergessen &#8211; <strong>Nie wieder ist JETZT !<\/strong><\/p>\n\n\n\n<blockquote class=\"wp-block-quote is-layout-flow wp-block-quote-is-layout-flow\">\n<p class=\"has-medium-font-size wp-block-paragraph\">\u201e<strong>Ihr seid nicht schuld an dem, was war, aber verantwortlich daf\u00fcr, dass es nicht mehr geschieht.<\/strong>\u00a0<strong>\u201c<\/strong>\u00a0<\/p>\n<cite>(Max Mannheimer 1920-2016, Holocaust-\u00dcberlebender)<\/cite><\/blockquote>\n\n\n\n<div class=\"wp-block-columns is-layout-flex wp-container-core-columns-is-layout-8f761849 wp-block-columns-is-layout-flex\">\n<div class=\"wp-block-column is-layout-flow wp-block-column-is-layout-flow\">\n<figure class=\"wp-block-image size-large\"><img loading=\"lazy\" decoding=\"async\" width=\"700\" height=\"467\" src=\"https:\/\/echta-derminga.de\/wp-content\/uploads\/2024\/02\/BTSP00488-700x467.jpg\" alt=\"\" class=\"wp-image-16645\" srcset=\"https:\/\/echta-derminga.de\/wp-content\/uploads\/2024\/02\/BTSP00488-700x467.jpg 700w, https:\/\/echta-derminga.de\/wp-content\/uploads\/2024\/02\/BTSP00488-300x200.jpg 300w, https:\/\/echta-derminga.de\/wp-content\/uploads\/2024\/02\/BTSP00488-768x512.jpg 768w, https:\/\/echta-derminga.de\/wp-content\/uploads\/2024\/02\/BTSP00488.jpg 1000w\" sizes=\"auto, (max-width: 700px) 100vw, 700px\" \/><\/figure>\n<\/div>\n\n\n\n<div class=\"wp-block-column is-layout-flow wp-block-column-is-layout-flow\">\n<figure class=\"wp-block-image size-large\"><img loading=\"lazy\" decoding=\"async\" width=\"700\" height=\"500\" src=\"https:\/\/echta-derminga.de\/wp-content\/uploads\/2024\/02\/IMG_1349-700x500.jpg\" alt=\"\" class=\"wp-image-16646\" srcset=\"https:\/\/echta-derminga.de\/wp-content\/uploads\/2024\/02\/IMG_1349-700x500.jpg 700w, https:\/\/echta-derminga.de\/wp-content\/uploads\/2024\/02\/IMG_1349-300x214.jpg 300w, https:\/\/echta-derminga.de\/wp-content\/uploads\/2024\/02\/IMG_1349-768x548.jpg 768w, https:\/\/echta-derminga.de\/wp-content\/uploads\/2024\/02\/IMG_1349.jpg 1000w\" sizes=\"auto, (max-width: 700px) 100vw, 700px\" \/><\/figure>\n<\/div>\n<\/div>\n\n\n\n<div class=\"wp-block-columns is-layout-flex wp-container-core-columns-is-layout-8f761849 wp-block-columns-is-layout-flex\">\n<div class=\"wp-block-column is-layout-flow wp-block-column-is-layout-flow\">\n<figure class=\"wp-block-image size-large\"><img loading=\"lazy\" decoding=\"async\" width=\"700\" height=\"467\" src=\"https:\/\/echta-derminga.de\/wp-content\/uploads\/2024\/02\/BTSP00638-700x467.jpg\" alt=\"\" class=\"wp-image-16647\" srcset=\"https:\/\/echta-derminga.de\/wp-content\/uploads\/2024\/02\/BTSP00638-700x467.jpg 700w, https:\/\/echta-derminga.de\/wp-content\/uploads\/2024\/02\/BTSP00638-300x200.jpg 300w, https:\/\/echta-derminga.de\/wp-content\/uploads\/2024\/02\/BTSP00638-768x512.jpg 768w, https:\/\/echta-derminga.de\/wp-content\/uploads\/2024\/02\/BTSP00638.jpg 1000w\" sizes=\"auto, (max-width: 700px) 100vw, 700px\" \/><\/figure>\n<\/div>\n\n\n\n<div class=\"wp-block-column is-layout-flow wp-block-column-is-layout-flow\">\n<figure class=\"wp-block-image size-large\"><img loading=\"lazy\" decoding=\"async\" width=\"700\" height=\"467\" src=\"https:\/\/echta-derminga.de\/wp-content\/uploads\/2024\/02\/BTSP00687-700x467.jpg\" alt=\"\" class=\"wp-image-16648\" srcset=\"https:\/\/echta-derminga.de\/wp-content\/uploads\/2024\/02\/BTSP00687-700x467.jpg 700w, https:\/\/echta-derminga.de\/wp-content\/uploads\/2024\/02\/BTSP00687-300x200.jpg 300w, https:\/\/echta-derminga.de\/wp-content\/uploads\/2024\/02\/BTSP00687-768x512.jpg 768w, https:\/\/echta-derminga.de\/wp-content\/uploads\/2024\/02\/BTSP00687.jpg 1000w\" sizes=\"auto, (max-width: 700px) 100vw, 700px\" \/><\/figure>\n<\/div>\n<\/div>\n\n\n\n<div class=\"wp-block-columns is-layout-flex wp-container-core-columns-is-layout-8f761849 wp-block-columns-is-layout-flex\">\n<div class=\"wp-block-column is-layout-flow wp-block-column-is-layout-flow\">\n<figure class=\"wp-block-image size-large\"><img loading=\"lazy\" decoding=\"async\" width=\"700\" height=\"438\" src=\"https:\/\/echta-derminga.de\/wp-content\/uploads\/2024\/02\/w1100_h688_x1352_y346_sz_DSC_0308-Verbessert-RRprint-9519bcae6137b04a-700x438.jpg\" alt=\"\" class=\"wp-image-16649\" srcset=\"https:\/\/echta-derminga.de\/wp-content\/uploads\/2024\/02\/w1100_h688_x1352_y346_sz_DSC_0308-Verbessert-RRprint-9519bcae6137b04a-700x438.jpg 700w, https:\/\/echta-derminga.de\/wp-content\/uploads\/2024\/02\/w1100_h688_x1352_y346_sz_DSC_0308-Verbessert-RRprint-9519bcae6137b04a-300x188.jpg 300w, https:\/\/echta-derminga.de\/wp-content\/uploads\/2024\/02\/w1100_h688_x1352_y346_sz_DSC_0308-Verbessert-RRprint-9519bcae6137b04a-768x480.jpg 768w, https:\/\/echta-derminga.de\/wp-content\/uploads\/2024\/02\/w1100_h688_x1352_y346_sz_DSC_0308-Verbessert-RRprint-9519bcae6137b04a.jpg 1100w\" sizes=\"auto, (max-width: 700px) 100vw, 700px\" \/><\/figure>\n<\/div>\n\n\n\n<div class=\"wp-block-column is-layout-flow wp-block-column-is-layout-flow\">\n<figure class=\"wp-block-image size-large\"><img loading=\"lazy\" decoding=\"async\" width=\"700\" height=\"467\" src=\"https:\/\/echta-derminga.de\/wp-content\/uploads\/2024\/02\/BTSP00661-700x467.jpg\" alt=\"\" class=\"wp-image-16650\" srcset=\"https:\/\/echta-derminga.de\/wp-content\/uploads\/2024\/02\/BTSP00661-700x467.jpg 700w, https:\/\/echta-derminga.de\/wp-content\/uploads\/2024\/02\/BTSP00661-300x200.jpg 300w, https:\/\/echta-derminga.de\/wp-content\/uploads\/2024\/02\/BTSP00661-768x512.jpg 768w, https:\/\/echta-derminga.de\/wp-content\/uploads\/2024\/02\/BTSP00661.jpg 1000w\" sizes=\"auto, (max-width: 700px) 100vw, 700px\" \/><\/figure>\n<\/div>\n<\/div>\n\n\n<div class=\"wp-block-image\">\n<figure class=\"aligncenter size-large\"><img loading=\"lazy\" decoding=\"async\" width=\"700\" height=\"525\" src=\"https:\/\/echta-derminga.de\/wp-content\/uploads\/2024\/02\/IMG_1364-700x525.jpg\" alt=\"\" class=\"wp-image-16651\" srcset=\"https:\/\/echta-derminga.de\/wp-content\/uploads\/2024\/02\/IMG_1364-700x525.jpg 700w, https:\/\/echta-derminga.de\/wp-content\/uploads\/2024\/02\/IMG_1364-300x225.jpg 300w, https:\/\/echta-derminga.de\/wp-content\/uploads\/2024\/02\/IMG_1364-768x576.jpg 768w, https:\/\/echta-derminga.de\/wp-content\/uploads\/2024\/02\/IMG_1364.jpg 1000w\" sizes=\"auto, (max-width: 700px) 100vw, 700px\" \/><\/figure>\n<\/div>","protected":false},"excerpt":{"rendered":"<p>Wenn man sich mit der Geschichte unseres Heimatortes befasst und durch unsere Stra\u00dfen wandert, wird man unwillk\u00fcrlich mit der Realit\u00e4t konfrontiert. In unserem Dorf leben viele Menschen mit Migrationshintergrund. Menschen die ein Gewerbe f\u00fchren, ein Ehrenamt in einem Verein aus\u00fcben oder eine Familie gegr\u00fcndet haben. Diese Menschen leben mitten unter uns und sind zu einem festen Bestandteil unserer Dorfgemeinschaft geworden.<\/p>\n","protected":false},"author":1,"featured_media":16635,"comment_status":"open","ping_status":"closed","sticky":false,"template":"","format":"standard","meta":{"_crdt_document":"","footnotes":""},"categories":[1,47,902,46],"tags":[1108,5,1109,618,1110,127,310],"class_list":["post-16631","post","type-post","status-publish","format-standard","has-post-thumbnail","hentry","category-allgemein","category-meine-kirche","category-meine-meinung","category-meine-politik","tag-bewegte-lichterkette","tag-dirmingen","tag-evangelische-kirchengemeinde-st-wendel-illtal","tag-gemeinde-eppelborn","tag-katholische-pfarreiengemeinschaft-eppelborn-dirmingen","tag-landkreis-neunkirchen","tag-saarland"],"_links":{"self":[{"href":"https:\/\/echta-derminga.de\/index.php?rest_route=\/wp\/v2\/posts\/16631","targetHints":{"allow":["GET"]}}],"collection":[{"href":"https:\/\/echta-derminga.de\/index.php?rest_route=\/wp\/v2\/posts"}],"about":[{"href":"https:\/\/echta-derminga.de\/index.php?rest_route=\/wp\/v2\/types\/post"}],"author":[{"embeddable":true,"href":"https:\/\/echta-derminga.de\/index.php?rest_route=\/wp\/v2\/users\/1"}],"replies":[{"embeddable":true,"href":"https:\/\/echta-derminga.de\/index.php?rest_route=%2Fwp%2Fv2%2Fcomments&post=16631"}],"version-history":[{"count":3,"href":"https:\/\/echta-derminga.de\/index.php?rest_route=\/wp\/v2\/posts\/16631\/revisions"}],"predecessor-version":[{"id":16652,"href":"https:\/\/echta-derminga.de\/index.php?rest_route=\/wp\/v2\/posts\/16631\/revisions\/16652"}],"wp:featuredmedia":[{"embeddable":true,"href":"https:\/\/echta-derminga.de\/index.php?rest_route=\/wp\/v2\/media\/16635"}],"wp:attachment":[{"href":"https:\/\/echta-derminga.de\/index.php?rest_route=%2Fwp%2Fv2%2Fmedia&parent=16631"}],"wp:term":[{"taxonomy":"category","embeddable":true,"href":"https:\/\/echta-derminga.de\/index.php?rest_route=%2Fwp%2Fv2%2Fcategories&post=16631"},{"taxonomy":"post_tag","embeddable":true,"href":"https:\/\/echta-derminga.de\/index.php?rest_route=%2Fwp%2Fv2%2Ftags&post=16631"}],"curies":[{"name":"wp","href":"https:\/\/api.w.org\/{rel}","templated":true}]}}