{"id":16694,"date":"2024-02-12T18:22:37","date_gmt":"2024-02-12T17:22:37","guid":{"rendered":"https:\/\/echta-derminga.de\/?p=16694"},"modified":"2024-02-12T18:27:19","modified_gmt":"2024-02-12T17:27:19","slug":"narren-sind-bunt-und-nicht-braun-strassenfastnacht-ist-die-ehrlichste-form-des-karnevals","status":"publish","type":"post","link":"https:\/\/echta-derminga.de\/?p=16694","title":{"rendered":"Narren sind bunt und nicht braun &#8211; Stra\u00dfenfastnacht ist die ehrlichste Form des Karnevals"},"content":{"rendered":"\n<p class=\"has-medium-font-size wp-block-paragraph\"><strong>Trotz Krieg, Terror, Fake News und Hass.<\/strong> <strong>Millionen Menschen feierten auch in diesem Jahr friedlich und ausgelassen die n\u00e4rrische f\u00fcnfte Jahreszeit. Nat\u00fcrlich wurde auch im Saarland, in der Tradition des rheinischen Karnevals, gefeiert. Mit der Stra\u00dfenfastnacht erreichte die wohl ehrlichste Form des Karnevals die Menschen in den D\u00f6rfern und St\u00e4dten. Keine Frage: die Stra\u00dfenfastnacht geh\u00f6rt zu der authentischsten Formen des modernen Karnevals. Nach unseren beiden herrlichen Kappensitzungen st\u00fcrzten sich auch hier zu Lande die Karnevalisten unseres Heimatortes kopf\u00fcber in die Stra\u00dfenfastnacht. Die Fastnachtsumz\u00fcge in Berschweiler, Bubach-Calmesweiler, Illingen sowie der Nachtumzug in Macherbach und der Rathaussturm in Eppelborn stehen am Fastnachtswochenende immer im Fokus der vielen \u201eDerminga Faasebooze\u201c. Die Stra\u00dfenfastnacht ist an ihrer Ausgelassenheit und Spontanit\u00e4t kaum zu \u00fcberbieten. W\u00e4hrend auf den Kappensitzungen dieses Landes immer noch viel Wert auf eine gepflegte Fastnachtskultur gelegt wird, sind bei der Stra\u00dfenfastnacht alle Regeln au\u00dfer Kraft gesetzt. Obwohl einige Zeitgenossen mit ihrem Alkoholkonsum nicht gut umgehen k\u00f6nnen und ihre gute Kinderstube verlieren, bleibt die Fastnacht eine der friedlichsten und bodenst\u00e4ndigsten Demonstration f\u00fcr Menschlichkeit und Demokratie.<\/strong><\/p>\n\n\n\n<p class=\"has-medium-font-size wp-block-paragraph\">Die Stra\u00dfen-Fastnacht beginnt traditionell mit der Weiberfastnacht und endet am Aschermittwoch. Unser Karnevalsverein KKV Dirmingen &#8222;die Faasebooze&#8220; befindet sich w\u00e4hrend dieser Zeit im Ausnahmezustand. Da steckt unendlich viel Arbeit und Liebe zum Details in den umfangreichen Planungen und Organisationen. Wer Fastnacht feiern m\u00f6chte, sollte sich Bestens vorbereiten. Es ist und bleibt eine erste Angelegenheit mit dem Spa\u00df ! <\/p>\n\n\n\n<div class=\"wp-block-columns is-layout-flex wp-container-core-columns-is-layout-8f761849 wp-block-columns-is-layout-flex\">\n<div class=\"wp-block-column is-layout-flow wp-block-column-is-layout-flow\">\n<figure class=\"wp-block-image size-large\"><img loading=\"lazy\" decoding=\"async\" width=\"700\" height=\"525\" src=\"https:\/\/echta-derminga.de\/wp-content\/uploads\/2024\/02\/426172121_7134047996689864_583135587195278820_n-700x525.jpg\" alt=\"\" class=\"wp-image-16699\" srcset=\"https:\/\/echta-derminga.de\/wp-content\/uploads\/2024\/02\/426172121_7134047996689864_583135587195278820_n-700x525.jpg 700w, https:\/\/echta-derminga.de\/wp-content\/uploads\/2024\/02\/426172121_7134047996689864_583135587195278820_n-300x225.jpg 300w, https:\/\/echta-derminga.de\/wp-content\/uploads\/2024\/02\/426172121_7134047996689864_583135587195278820_n-768x576.jpg 768w, https:\/\/echta-derminga.de\/wp-content\/uploads\/2024\/02\/426172121_7134047996689864_583135587195278820_n-1536x1152.jpg 1536w, https:\/\/echta-derminga.de\/wp-content\/uploads\/2024\/02\/426172121_7134047996689864_583135587195278820_n.jpg 2048w\" sizes=\"auto, (max-width: 700px) 100vw, 700px\" \/><\/figure>\n<\/div>\n\n\n\n<div class=\"wp-block-column is-layout-flow wp-block-column-is-layout-flow\">\n<figure class=\"wp-block-image size-large\"><img loading=\"lazy\" decoding=\"async\" width=\"700\" height=\"526\" src=\"https:\/\/echta-derminga.de\/wp-content\/uploads\/2024\/02\/426392909_7134026233358707_4012445687317001250_n-700x526.jpg\" alt=\"\" class=\"wp-image-16700\" srcset=\"https:\/\/echta-derminga.de\/wp-content\/uploads\/2024\/02\/426392909_7134026233358707_4012445687317001250_n-700x526.jpg 700w, https:\/\/echta-derminga.de\/wp-content\/uploads\/2024\/02\/426392909_7134026233358707_4012445687317001250_n-300x225.jpg 300w, https:\/\/echta-derminga.de\/wp-content\/uploads\/2024\/02\/426392909_7134026233358707_4012445687317001250_n-768x577.jpg 768w, https:\/\/echta-derminga.de\/wp-content\/uploads\/2024\/02\/426392909_7134026233358707_4012445687317001250_n.jpg 1300w\" sizes=\"auto, (max-width: 700px) 100vw, 700px\" \/><\/figure>\n<\/div>\n<\/div>\n\n\n\n<p class=\"has-medium-font-size wp-block-paragraph\"><strong>Im Jahre 2003 wurde der heutige Kolping Karnevalsverein als Untergruppierung der Kolpingsfamilie gegr\u00fcndet. Der KKV Dirmingen bem\u00fcht sich seitdem um das fastn\u00e4chtliche Brauchtum unseres Heimatortes. Nat\u00fcrlich hat die \u201eFaasend\u201c immer auch etwas mit Heimat und eigener Identit\u00e4t zu tun. Es hat etwas sehr erhebendes mit seinen Leuten oder seinem Verein die Fastnacht zu feiern, die gleichen Farben zu tragen und den gleichen Ausruf zu schmettern. Dabei spielt auch Stolz und ein gewisses \u201cWir-Gef\u00fchl\u201d eine gewichtige Rolle. Geschichten entstehen aus Geschichten und Menschen machen Menschen. Am Ende ist es genau das, was wir daraus machen.<\/strong><\/p>\n\n\n\n<div class=\"wp-block-columns is-layout-flex wp-container-core-columns-is-layout-8f761849 wp-block-columns-is-layout-flex\">\n<div class=\"wp-block-column is-layout-flow wp-block-column-is-layout-flow\">\n<figure class=\"wp-block-image size-large\"><img loading=\"lazy\" decoding=\"async\" width=\"700\" height=\"933\" src=\"https:\/\/echta-derminga.de\/wp-content\/uploads\/2024\/02\/426321200_7134049566689707_4722492574299048563_n-700x933.jpg\" alt=\"\" class=\"wp-image-16701\" srcset=\"https:\/\/echta-derminga.de\/wp-content\/uploads\/2024\/02\/426321200_7134049566689707_4722492574299048563_n-700x933.jpg 700w, https:\/\/echta-derminga.de\/wp-content\/uploads\/2024\/02\/426321200_7134049566689707_4722492574299048563_n-225x300.jpg 225w, https:\/\/echta-derminga.de\/wp-content\/uploads\/2024\/02\/426321200_7134049566689707_4722492574299048563_n-768x1024.jpg 768w, https:\/\/echta-derminga.de\/wp-content\/uploads\/2024\/02\/426321200_7134049566689707_4722492574299048563_n-1152x1536.jpg 1152w, https:\/\/echta-derminga.de\/wp-content\/uploads\/2024\/02\/426321200_7134049566689707_4722492574299048563_n.jpg 1536w\" sizes=\"auto, (max-width: 700px) 100vw, 700px\" \/><\/figure>\n<\/div>\n\n\n\n<div class=\"wp-block-column is-layout-flow wp-block-column-is-layout-flow\">\n<figure class=\"wp-block-image size-large\"><img loading=\"lazy\" decoding=\"async\" width=\"700\" height=\"933\" src=\"https:\/\/echta-derminga.de\/wp-content\/uploads\/2024\/02\/426369516_7134049166689747_763931939458578067_n-700x933.jpg\" alt=\"\" class=\"wp-image-16702\" srcset=\"https:\/\/echta-derminga.de\/wp-content\/uploads\/2024\/02\/426369516_7134049166689747_763931939458578067_n-700x933.jpg 700w, https:\/\/echta-derminga.de\/wp-content\/uploads\/2024\/02\/426369516_7134049166689747_763931939458578067_n-225x300.jpg 225w, https:\/\/echta-derminga.de\/wp-content\/uploads\/2024\/02\/426369516_7134049166689747_763931939458578067_n-768x1024.jpg 768w, https:\/\/echta-derminga.de\/wp-content\/uploads\/2024\/02\/426369516_7134049166689747_763931939458578067_n-1152x1536.jpg 1152w, https:\/\/echta-derminga.de\/wp-content\/uploads\/2024\/02\/426369516_7134049166689747_763931939458578067_n.jpg 1200w\" sizes=\"auto, (max-width: 700px) 100vw, 700px\" \/><\/figure>\n<\/div>\n<\/div>\n\n\n\n<p class=\"has-medium-font-size wp-block-paragraph\">Gem\u00e4\u00df dem rheinischen Karneval ist es wichtig, dass das Herz im Vordergrund steht und der Humor nicht zu kurz kommt. Man darf gerne auch mal \u00fcber sich selbst lachen. Zuhause ist man dort, wo man sich fallen lassen und einfach so Leben kann, wie man m\u00f6chte. Besonders an der Fastnacht wird dies immer wieder deutlich sp\u00fcrbar. Einige Elferratsmitglieder und Akteure kenne ich bereits seit meiner Kindheit. Seite an Seite schlendern wir \u00fcber die Stra\u00dfen, werfen S\u00fc\u00dfigkeiten und rufen \u201cHoppla Hopp\u201d. F\u00fcr einige Stunden vergessen wir die Sorgen und Alltagsprobleme. Fastnacht kann verbinden und ermutigen. Meine beiden T\u00f6chter geh\u00f6ren zur Garde des KKV Dirmingen. Ich m\u00fcsste L\u00fcgen, wenn ich nicht zugeben w\u00fcrde, dass mich dies ein St\u00fcckweit mit Stolz erf\u00fcllt. Meine T\u00f6chter teilen ihre Leidenschaft mit vielen anderen M\u00e4dchen, die sie schon seit fr\u00fchster Kindheit kennen. Die Fastnacht f\u00fchrt mir immer wieder vor Augen, wie schnell die Zeit vergeht. Wenn ich die Augen schlie\u00dfe, kann ich viele dieser jungen Frauen als kleines Gardem\u00e4dchen vor mir sehen.<\/p>\n\n\n\n<div class=\"wp-block-columns is-layout-flex wp-container-core-columns-is-layout-8f761849 wp-block-columns-is-layout-flex\">\n<div class=\"wp-block-column is-layout-flow wp-block-column-is-layout-flow\">\n<figure class=\"wp-block-image size-large\"><img loading=\"lazy\" decoding=\"async\" width=\"700\" height=\"652\" src=\"https:\/\/echta-derminga.de\/wp-content\/uploads\/2024\/02\/426437976_7134026373358693_2812277706171217090_n-700x652.jpg\" alt=\"\" class=\"wp-image-16703\" srcset=\"https:\/\/echta-derminga.de\/wp-content\/uploads\/2024\/02\/426437976_7134026373358693_2812277706171217090_n-700x652.jpg 700w, https:\/\/echta-derminga.de\/wp-content\/uploads\/2024\/02\/426437976_7134026373358693_2812277706171217090_n-300x279.jpg 300w, https:\/\/echta-derminga.de\/wp-content\/uploads\/2024\/02\/426437976_7134026373358693_2812277706171217090_n-768x715.jpg 768w, https:\/\/echta-derminga.de\/wp-content\/uploads\/2024\/02\/426437976_7134026373358693_2812277706171217090_n.jpg 1503w\" sizes=\"auto, (max-width: 700px) 100vw, 700px\" \/><\/figure>\n<\/div>\n\n\n\n<div class=\"wp-block-column is-layout-flow wp-block-column-is-layout-flow\">\n<figure class=\"wp-block-image size-large\"><img loading=\"lazy\" decoding=\"async\" width=\"700\" height=\"700\" src=\"https:\/\/echta-derminga.de\/wp-content\/uploads\/2024\/02\/427165757_7134025360025461_7529573883211388758_n-700x700.jpg\" alt=\"\" class=\"wp-image-16705\" srcset=\"https:\/\/echta-derminga.de\/wp-content\/uploads\/2024\/02\/427165757_7134025360025461_7529573883211388758_n-700x700.jpg 700w, https:\/\/echta-derminga.de\/wp-content\/uploads\/2024\/02\/427165757_7134025360025461_7529573883211388758_n-300x300.jpg 300w, https:\/\/echta-derminga.de\/wp-content\/uploads\/2024\/02\/427165757_7134025360025461_7529573883211388758_n-150x150.jpg 150w, https:\/\/echta-derminga.de\/wp-content\/uploads\/2024\/02\/427165757_7134025360025461_7529573883211388758_n-768x768.jpg 768w, https:\/\/echta-derminga.de\/wp-content\/uploads\/2024\/02\/427165757_7134025360025461_7529573883211388758_n-90x90.jpg 90w, https:\/\/echta-derminga.de\/wp-content\/uploads\/2024\/02\/427165757_7134025360025461_7529573883211388758_n-75x75.jpg 75w, https:\/\/echta-derminga.de\/wp-content\/uploads\/2024\/02\/427165757_7134025360025461_7529573883211388758_n.jpg 1440w\" sizes=\"auto, (max-width: 700px) 100vw, 700px\" \/><\/figure>\n<\/div>\n<\/div>\n\n\n\n<p class=\"has-medium-font-size wp-block-paragraph\"><strong>Wie bereits erw\u00e4hnt, ich glaube die Stra\u00dfenfastnacht ist die ehrlichste Form des Karnevals. Prinz Karneval erreicht endlich den \u201ekleinen Mann\u201c und bietet diesem die M\u00f6glichkeit mitzumachen und mitzufeiern. Jeder \u201eJeck\u201c ist anders und kann auf seine ureigene Art und Weise Fastnacht feiern. Nicht jeder hat das Talent sich auf einer Kappensitzung mit einer B\u00fcttenrede oder einem Tanz zu pr\u00e4sentieren. Au\u00dferdem hat auch nicht jeder das Geld sich eine Eintrittskarte f\u00fcr die gro\u00dfen Prunksitzungen unseres Landes zu kaufen. Von daher finde ich es lobenswert, dass in unseren D\u00f6rfern f\u00fcr vermeidlich kleines Geld tolle Kappensitzungen angeboten werden. Anders als auf den sch\u00f6nen Sitzungen in den buntgeschm\u00fcckten Hallen ist die Stra\u00dfenfastnacht Rotzfrech und gradlinig. Auf der Stra\u00dfe sind wir alle gleich und die Macht liegt in den H\u00e4nden des n\u00e4rrischen Volkes.<\/strong><\/p>\n\n\n\n<div class=\"wp-block-columns is-layout-flex wp-container-core-columns-is-layout-8f761849 wp-block-columns-is-layout-flex\">\n<div class=\"wp-block-column is-layout-flow wp-block-column-is-layout-flow\">\n<figure class=\"wp-block-image size-large\"><img loading=\"lazy\" decoding=\"async\" width=\"700\" height=\"525\" src=\"https:\/\/echta-derminga.de\/wp-content\/uploads\/2024\/02\/427631408_7132420846852579_5360991413224648110_n-700x525.jpg\" alt=\"\" class=\"wp-image-16706\" srcset=\"https:\/\/echta-derminga.de\/wp-content\/uploads\/2024\/02\/427631408_7132420846852579_5360991413224648110_n-700x525.jpg 700w, https:\/\/echta-derminga.de\/wp-content\/uploads\/2024\/02\/427631408_7132420846852579_5360991413224648110_n-300x225.jpg 300w, https:\/\/echta-derminga.de\/wp-content\/uploads\/2024\/02\/427631408_7132420846852579_5360991413224648110_n-768x576.jpg 768w, https:\/\/echta-derminga.de\/wp-content\/uploads\/2024\/02\/427631408_7132420846852579_5360991413224648110_n.jpg 1400w\" sizes=\"auto, (max-width: 700px) 100vw, 700px\" \/><\/figure>\n<\/div>\n\n\n\n<div class=\"wp-block-column is-layout-flow wp-block-column-is-layout-flow\">\n<figure class=\"wp-block-image size-large\"><img loading=\"lazy\" decoding=\"async\" width=\"700\" height=\"525\" src=\"https:\/\/echta-derminga.de\/wp-content\/uploads\/2024\/02\/427637972_7134049730023024_4025670141991906987_n-700x525.jpg\" alt=\"\" class=\"wp-image-16707\" srcset=\"https:\/\/echta-derminga.de\/wp-content\/uploads\/2024\/02\/427637972_7134049730023024_4025670141991906987_n-700x525.jpg 700w, https:\/\/echta-derminga.de\/wp-content\/uploads\/2024\/02\/427637972_7134049730023024_4025670141991906987_n-300x225.jpg 300w, https:\/\/echta-derminga.de\/wp-content\/uploads\/2024\/02\/427637972_7134049730023024_4025670141991906987_n-768x576.jpg 768w, https:\/\/echta-derminga.de\/wp-content\/uploads\/2024\/02\/427637972_7134049730023024_4025670141991906987_n-1536x1152.jpg 1536w, https:\/\/echta-derminga.de\/wp-content\/uploads\/2024\/02\/427637972_7134049730023024_4025670141991906987_n.jpg 1600w\" sizes=\"auto, (max-width: 700px) 100vw, 700px\" \/><\/figure>\n<\/div>\n<\/div>\n\n\n\n<p class=\"has-medium-font-size wp-block-paragraph\">\u201eFaasend\u201c hat immer etwas mit Heimat, Sprache und eigener Dorfkultur zu tun. Man kann es drehen und wenden, wie man m\u00f6chte, man kann aus seiner Haut nicht raus. Den Stallgeruch verliert man nicht und seine Herkunft wird man niemals leugnen k\u00f6nnen. Warum nicht die Gelegenheit nutzen und einfach stolz darauf zu sein. Naja, mit dem Heimatstolz ist das in der heutigen Zeit so eine Sache. Trotzdem oder vielleicht \u201egraad se l\u00e4\u00e4ds\u201c sollte wir uns gerade zur Stra\u00dfenfastnacht nicht sch\u00e4men den Begriff Heimat zu verwenden. Niemand hat ein Patent auf diesen Begriff und schon gar nicht die rechte Ecke. Narren sind bunt und nicht braun!<\/p>\n\n\n\n<div class=\"wp-block-columns is-layout-flex wp-container-core-columns-is-layout-8f761849 wp-block-columns-is-layout-flex\">\n<div class=\"wp-block-column is-layout-flow wp-block-column-is-layout-flow\">\n<figure class=\"wp-block-image size-large\"><img loading=\"lazy\" decoding=\"async\" width=\"700\" height=\"527\" src=\"https:\/\/echta-derminga.de\/wp-content\/uploads\/2024\/02\/427776327_7134049413356389_1082255584017936760_n-700x527.jpg\" alt=\"\" class=\"wp-image-16708\" srcset=\"https:\/\/echta-derminga.de\/wp-content\/uploads\/2024\/02\/427776327_7134049413356389_1082255584017936760_n-700x527.jpg 700w, https:\/\/echta-derminga.de\/wp-content\/uploads\/2024\/02\/427776327_7134049413356389_1082255584017936760_n-300x226.jpg 300w, https:\/\/echta-derminga.de\/wp-content\/uploads\/2024\/02\/427776327_7134049413356389_1082255584017936760_n-768x578.jpg 768w, https:\/\/echta-derminga.de\/wp-content\/uploads\/2024\/02\/427776327_7134049413356389_1082255584017936760_n-1536x1157.jpg 1536w, https:\/\/echta-derminga.de\/wp-content\/uploads\/2024\/02\/427776327_7134049413356389_1082255584017936760_n.jpg 2040w\" sizes=\"auto, (max-width: 700px) 100vw, 700px\" \/><\/figure>\n<\/div>\n\n\n\n<div class=\"wp-block-column is-layout-flow wp-block-column-is-layout-flow\">\n<figure class=\"wp-block-image size-large\"><img loading=\"lazy\" decoding=\"async\" width=\"700\" height=\"525\" src=\"https:\/\/echta-derminga.de\/wp-content\/uploads\/2024\/02\/426582707_7132409533520377_5241895642820281435_n-700x525.jpg\" alt=\"\" class=\"wp-image-16709\" srcset=\"https:\/\/echta-derminga.de\/wp-content\/uploads\/2024\/02\/426582707_7132409533520377_5241895642820281435_n-700x525.jpg 700w, https:\/\/echta-derminga.de\/wp-content\/uploads\/2024\/02\/426582707_7132409533520377_5241895642820281435_n-300x225.jpg 300w, https:\/\/echta-derminga.de\/wp-content\/uploads\/2024\/02\/426582707_7132409533520377_5241895642820281435_n-768x576.jpg 768w, https:\/\/echta-derminga.de\/wp-content\/uploads\/2024\/02\/426582707_7132409533520377_5241895642820281435_n.jpg 1400w\" sizes=\"auto, (max-width: 700px) 100vw, 700px\" \/><\/figure>\n<\/div>\n<\/div>\n\n\n\n<p class=\"has-medium-font-size wp-block-paragraph\">Es hat etwas erhebendes an einem Fastnachtsumzug aktiv teilzunehmen. Man pr\u00e4sentiert seine Farben, seine Traditionen und irgendwie auch seine Heimat. Voran die Garde, dahinter der Elferrat und dazwischen Akteure und Organisatoren. Alle zusammen feiern in ihrem ureigenen Brauchtum die Fastnacht. Die Stra\u00dfenfastnacht steht f\u00fcr Ausgelassenheit, Gemeinsamkeit und Miteinander. Auf der Stra\u00dfe stehen Sie pl\u00f6tzlich nebeneinander zusammen: Der arme Schlucker genauso wie der reiche Schn\u00f6sel. <\/p>\n\n\n<div class=\"wp-block-image\">\n<figure class=\"aligncenter size-large\"><img loading=\"lazy\" decoding=\"async\" width=\"700\" height=\"411\" src=\"https:\/\/echta-derminga.de\/wp-content\/uploads\/2024\/02\/426565293_7134088516685812_3056107133755680129_n-700x411.jpg\" alt=\"\" class=\"wp-image-16710\" srcset=\"https:\/\/echta-derminga.de\/wp-content\/uploads\/2024\/02\/426565293_7134088516685812_3056107133755680129_n-700x411.jpg 700w, https:\/\/echta-derminga.de\/wp-content\/uploads\/2024\/02\/426565293_7134088516685812_3056107133755680129_n-300x176.jpg 300w, https:\/\/echta-derminga.de\/wp-content\/uploads\/2024\/02\/426565293_7134088516685812_3056107133755680129_n-768x451.jpg 768w, https:\/\/echta-derminga.de\/wp-content\/uploads\/2024\/02\/426565293_7134088516685812_3056107133755680129_n.jpg 1354w\" sizes=\"auto, (max-width: 700px) 100vw, 700px\" \/><\/figure>\n<\/div>\n\n\n<p class=\"has-medium-font-size wp-block-paragraph\"><strong>Am Aschermittwoch ist alles vorbei. Was bleibt von dem n\u00e4rrischen Treiben? Vielleicht war es am Ende f\u00fcr viele nicht mehr als ein sch\u00f6nes ausgelassenes Wochenende. Andere hingegen sehen in dem alten Fastnachtsbrauchtum die sch\u00f6nste Zeit des Jahres. F\u00fcr andere Menschen wiederum spielt Fastnacht keine Rolle. Kein Problem, ein jeder nach seiner Fa\u00e7on. Letztlich ist es immer das, was man daraus macht. Wichtig ist jedoch, dass wir uns gegenseitig tolerieren. Nicht jeder kann ein \u201eFaasebooz\u201c sein. Gegenseitiger Respekt spielt jedoch gerade im Karneval eine gewichtige Rolle. Man muss die Menschen nehmen wie sie sind, schlie\u00dflich ist jeder Jeck anders! Hoppla Hopp<\/strong><\/p>\n\n\n<div class=\"wp-block-image\">\n<figure class=\"aligncenter size-large\"><img loading=\"lazy\" decoding=\"async\" width=\"700\" height=\"525\" src=\"https:\/\/echta-derminga.de\/wp-content\/uploads\/2024\/02\/426196372_7133695360058461_3795777781802846812_n-700x525.jpg\" alt=\"\" class=\"wp-image-16711\" srcset=\"https:\/\/echta-derminga.de\/wp-content\/uploads\/2024\/02\/426196372_7133695360058461_3795777781802846812_n-700x525.jpg 700w, https:\/\/echta-derminga.de\/wp-content\/uploads\/2024\/02\/426196372_7133695360058461_3795777781802846812_n-300x225.jpg 300w, https:\/\/echta-derminga.de\/wp-content\/uploads\/2024\/02\/426196372_7133695360058461_3795777781802846812_n-768x576.jpg 768w, https:\/\/echta-derminga.de\/wp-content\/uploads\/2024\/02\/426196372_7133695360058461_3795777781802846812_n.jpg 1200w\" sizes=\"auto, (max-width: 700px) 100vw, 700px\" \/><\/figure>\n<\/div>","protected":false},"excerpt":{"rendered":"<p>Trotz Krieg, Terror, Fake News und Hass. Millionen Menschen feierten auch in diesem Jahr friedlich und ausgelassen die n\u00e4rrische f\u00fcnfte Jahreszeit. Nat\u00fcrlich wurde auch im Saarland, in der Tradition des rheinischen Karnevals, gefeiert. Mit der Stra\u00dfenfastnacht erreichte die wohl ehrlichste Form des Karnevals die Menschen in den D\u00f6rfern und St\u00e4dten. Keine Frage: die Stra\u00dfenfastnacht geh\u00f6rt zu der authentischsten Formen des<\/p>\n","protected":false},"author":1,"featured_media":16698,"comment_status":"open","ping_status":"closed","sticky":false,"template":"","format":"standard","meta":{"_crdt_document":"","footnotes":""},"categories":[1,9,44,318],"tags":[1111,5,618,36,127,310],"class_list":["post-16694","post","type-post","status-publish","format-standard","has-post-thumbnail","hentry","category-allgemein","category-dorfgetratsche","category-meine-faasend","category-uff-da-schnerr","tag-die-faasebooze","tag-dirmingen","tag-gemeinde-eppelborn","tag-kkv-dirmingen","tag-landkreis-neunkirchen","tag-saarland"],"_links":{"self":[{"href":"https:\/\/echta-derminga.de\/index.php?rest_route=\/wp\/v2\/posts\/16694","targetHints":{"allow":["GET"]}}],"collection":[{"href":"https:\/\/echta-derminga.de\/index.php?rest_route=\/wp\/v2\/posts"}],"about":[{"href":"https:\/\/echta-derminga.de\/index.php?rest_route=\/wp\/v2\/types\/post"}],"author":[{"embeddable":true,"href":"https:\/\/echta-derminga.de\/index.php?rest_route=\/wp\/v2\/users\/1"}],"replies":[{"embeddable":true,"href":"https:\/\/echta-derminga.de\/index.php?rest_route=%2Fwp%2Fv2%2Fcomments&post=16694"}],"version-history":[{"count":5,"href":"https:\/\/echta-derminga.de\/index.php?rest_route=\/wp\/v2\/posts\/16694\/revisions"}],"predecessor-version":[{"id":16713,"href":"https:\/\/echta-derminga.de\/index.php?rest_route=\/wp\/v2\/posts\/16694\/revisions\/16713"}],"wp:featuredmedia":[{"embeddable":true,"href":"https:\/\/echta-derminga.de\/index.php?rest_route=\/wp\/v2\/media\/16698"}],"wp:attachment":[{"href":"https:\/\/echta-derminga.de\/index.php?rest_route=%2Fwp%2Fv2%2Fmedia&parent=16694"}],"wp:term":[{"taxonomy":"category","embeddable":true,"href":"https:\/\/echta-derminga.de\/index.php?rest_route=%2Fwp%2Fv2%2Fcategories&post=16694"},{"taxonomy":"post_tag","embeddable":true,"href":"https:\/\/echta-derminga.de\/index.php?rest_route=%2Fwp%2Fv2%2Ftags&post=16694"}],"curies":[{"name":"wp","href":"https:\/\/api.w.org\/{rel}","templated":true}]}}