{"id":16746,"date":"2024-02-23T19:36:44","date_gmt":"2024-02-23T18:36:44","guid":{"rendered":"https:\/\/echta-derminga.de\/?p=16746"},"modified":"2024-02-23T20:01:14","modified_gmt":"2024-02-23T19:01:14","slug":"sophie-scholl-die-sonne-scheint-immer-noch","status":"publish","type":"post","link":"https:\/\/echta-derminga.de\/?p=16746","title":{"rendered":"Sophie Scholl: &#8222;Die Sonne scheint noch&#8220;"},"content":{"rendered":"\n<p class=\"has-medium-font-size wp-block-paragraph\"><strong>Sophie Scholl.<\/strong><\/p>\n\n\n\n<p class=\"has-medium-font-size wp-block-paragraph\"><strong>Widerstandsk\u00e4mpferin, Heldin, Idol, Vorbild, wer war diese junge Frau?<\/strong><\/p>\n\n\n\n<p class=\"has-medium-font-size wp-block-paragraph\"><strong>Das Schicksal jungen Sophie Scholl fasziniert mich ungemein. Obwohl das B\u00fccherlesen so gar nicht zu meinen Lieblingsbesch\u00e4ftigungen geh\u00f6rt, habe schon zwei B\u00fccher \u00fcber das Leben der jungen Widerstandsk\u00e4mpferin gelesen. Die Mitglieder der \u201eWei\u00dfen Rose\u201c werden heute Helden, Legenden, Halbg\u00f6ttern oder M\u00e4rtyrern hochbeschworen.&nbsp;Sophie Scholl gilt als Ikone des Widerstandes. Dabei war Sie beim ihrem Kampf gegen den Nationalsozialismus l\u00e4ngst nicht auf sich alleine gestellt. Bevor die Geschwister Scholl in den organisierten Wiederstand gingen, waren beide von der nationalsozialistischen Idee begeistert. Erst sp\u00e4ter wurden Hans und Sophie Scholl zu erbitterten Kritikern und Feinden des NS-Regimes. In den letzten Jahren ist ein regelrechter Fankult um die junge Frau entstanden. Warum? Wer war Sophie Scholl?<\/strong><\/p>\n\n\n\n<p class=\"has-medium-font-size wp-block-paragraph\">Was fasziniert mich an den Geschwistern Scholl und den Mitgliedern der \u201eWei\u00dfen Rose\u201c? War es ihr absolutes Eintreten gegen jede Form von Unrecht und Gewalt? War es ihr Idealismus oder ihr Glaube? Wenn man sich mit dem Leben der jungen Sophie Scholl besch\u00e4ftigen m\u00f6chte, wird man mit Dokus, B\u00fcchern oder Informationen praktisch zugesch\u00fcttet. Man sagt Sie w\u00e4re eine ernste, entschlossene und nachdenkliche junge Frau mit einem tiefen Glauben gewesen. Ich habe nicht das Recht diese junge Frau zu beschreiben. Leider kannten wir uns nicht und es w\u00e4re  unangemessen mir ein Urteil oder Bild von ihr zu machen. Also bleibt mir nichts anderes \u00fcbrig, als mich auf vorliegende Fakten und meine Gedanken zu beschr\u00e4nken.  <\/p>\n\n\n\n<p class=\"has-medium-font-size wp-block-paragraph\"><strong>Sophie Scholl.<\/strong> <strong>Am meisten fasziniert ihr Mut, die Entschlossenheit und das tiefe Selbstvertrauen es richtig zu machen. Was muss diese junge Frau f\u00fcr einen starken Glauben gehabt haben. Als die Geschwister Scholl gemeinsam mit Christoph Probst am 22. Februar 1943 durch den NS-Henker Johann Reichhart enthauptet wurden, nahmen nur die wenigsten im Land davon Kenntnis. &nbsp;Der Henker sagt einmal, dass er noch nie jemanden so tapfer sterben gesehen hat, wie Sophie Scholl. Woher nahm diese junge Frau ihre Kraft.<\/strong><\/p>\n\n\n\n<p class=\"has-medium-font-size wp-block-paragraph\">Es wird berichtet, dass Sie w\u00e4hrend der Festnahme, den vielen Verh\u00f6ren bis hin zu ihrer Hinrichtung ganz ruhig gewesen sein soll. Dabei wusste Sophie schon sehr fr\u00fch, dass sie mit der Todesstrafe rechnen musste. Hans und Sophie verband eine tiefe Geschwisterliebe. Beide versuchten gegenseitig den anderen zu sch\u00fctzen. Hans wollte schon unmittelbar nach der Verhaftung die ganze Schuld auf sich nehmen. Sophie lie\u00df das nicht zu und setzte somit bewusst ihr junges Leben aufs Spiel. Mutig stellte sich Sophie Scholl den Nazi- Schergen entgegen. In ihrem Verh\u00f6r und auch w\u00e4hrend der Gerichtsverhandlung stand die junge Frau zu ihren Werten und entgegnete unbeirrt ihre Meinung.<\/p>\n\n\n\n<p class=\"has-medium-font-size wp-block-paragraph\"><strong>Ich h\u00e4tte die Mitglieder der &#8222;Wei\u00dfen Rose&#8220; so gerne einmal kennengelernt. Diese Welt braucht mehr Menschen wie Sophie und Hans Scholl, Christoph Probst, Alexander Schmorell oder Willi Graf. Menschen, die f\u00fcr ihre Ideale und ihre Werte einstehen und dabei auch das eigene Leben riskieren. Menschen, die sich f\u00fcr andere einsetzen, aufstehen und ohne Angst gegen das M\u00e4chtige geradestehen.<\/strong><\/p>\n\n\n\n<p class=\"has-medium-font-size wp-block-paragraph\">Sowohl Hans Scholl als auch der verh\u00f6rende Gestapo-Kommissar Robert Mohr versuchten, zumindest das Leben von Sophie Scholl zu retten. &nbsp;Der NS -Mann Mohr hatte Sophie Scholl w\u00e4hrend der Vernehmung zweimal die Chance gegeben, der H\u00f6chststrafe zu entkommen. Sophie Scholl h\u00e4tte die Verantwortung f\u00fcr die Flugbl\u00e4tter von sich weisen k\u00f6nnen und sich von der \u00dcberzeugung des Bruders distanzieren m\u00fcssen. Hans Scholl hatte behauptet, die Schriften ganz allein produziert und verbreitet zu haben. Doch Sophie Scholl lie\u00df sich darauf nicht ein. Sie nahm alle Schuld auf sich und versuchte wiederum, den Bruder zu entlasten. Sophie Scholl sagte: \u201eSie t\u00e4uschen sich, ich w\u00fcrde alles genau noch einmal so machen, denn nicht ich, sondern Sie haben die falsche Weltanschauung.\u201c (Sophie Scholl in ihrem Verh\u00f6r)<\/p>\n\n\n\n<blockquote class=\"wp-block-quote is-layout-flow wp-block-quote-is-layout-flow\">\n<p class=\"has-medium-font-size wp-block-paragraph\"><em><strong>\u201eIch bin nach wie vor der Meinung, das Beste getan zu haben, was ich gerade jetzt f\u00fcr mein Volk tun konnte. Ich bereue deshalb meine Handlungsweise nicht und will die Folgen, die mir aus meiner Handlungsweise erwachsen, auf mich nehmen.\u201c<\/strong><\/em><\/p>\n\n\n\n<p class=\"wp-block-paragraph\"><\/p>\n<cite><em>Sophie Scholl\u2018s Antwort auf die Abschlussfrage des Verh\u00f6rs<\/em><\/cite><\/blockquote>\n\n\n\n<p class=\"has-medium-font-size wp-block-paragraph\"><strong>War es falscher Stolz oder einfach nur reiner Wahnsinn? Am Ende bleibt diese junge Frau ein Brief mit sieben Siegeln. Sie war der Inbegriff der Zivilcourage und die Stimme der verstummten deutschen Jugend. W\u00e4hrend ihr Bruder Hans Scholl ein eher ruhiger, in sich kehrender Freiheitsk\u00e4mpfer war, zog Sophie Scholl ihre Kraft aus ihrem tiefen Glauben. In meinem vorliegenden Buch wird Sie wie folgt beschrieben; \u201eSophie war still, nachdenklich und in sich gekehrt, aber auch sportlich und sehr eigenst\u00e4ndig. Sie verf\u00fcgte \u00fcber ein ausgepr\u00e4gtes Gerechtigkeitsempfinden und stand hundertprozentig zu einer Sache, die sie als richtig empfand. Sie liebte die Natur, spielte leidenschaftlich gern Klavier, Blockfl\u00f6te und Gitarre und Sie war eine begeisterte T\u00e4nzerin und talentierte Zeichnerin.<\/strong><\/p>\n\n\n\n<p class=\"has-medium-font-size wp-block-paragraph\">Als junge Widerstandsk\u00e4mpferin und Mitglied der \u00bbWei\u00dfen Rose\u00ab wurde Sophie Scholl zum Mythos und Synonym des Widerstands. Besonders Ihr unerschrockener Mut beeindruckt bis heute. Das alles habe ich gelesen, ja fast in mich eingezogen. Eine Zeitlang war ich verr\u00fcckt nach neuen Informationen und beteiligte mich voller Inbrunst an dem ganzen \u201eScholl- Hype\u201c. Vielleicht war Sophie Scholl ganz anders und ich habe mir ein v\u00f6llig falsches Bild angeeignet. Offensichtlich hatte Sophie keine Angst vor dem Tod. Der Glaube dieses jungen M\u00e4dchens muss unersch\u00fctterlich gewesen sein.<\/p>\n\n\n\n<p class=\"has-medium-font-size wp-block-paragraph\"><strong>Beeindruckend ist auch die Geschichte in der Stunde vor ihrem Tod. Sophies Schwester Inge Aicher-Scholl erinnert in ihrem Buch an das letzte Familientreffen und die letzte Begegnung im Todestrakt. Nur etwa zehn Minuten blieben den Eltern Robert und Magdalena Scholl an diesem Nachmittag des 22. Februars 1943 gegen 16:00 Uhr. &nbsp;Inge Aicher Scholl schilderten von einer &#8222;wundersame Bereitschaft, mit der sich Sophie von ihrem Leben l\u00f6ste&#8220;, und ihr &#8222;strahlendes L\u00e4cheln, als schaue sie in die Sonne&#8220;. Nach dem Abschied von den Eltern ging Sie mit ihrem Bruder ganz furchtlos, gelassen und von einem tiefen Enthusiasmus erf\u00fcllt<\/strong> <strong>zu ihrer Hinrichtung.<\/strong><\/p>\n\n\n\n<p class=\"has-medium-font-size wp-block-paragraph\">Woher zog Sophie Scholl diese Kraft? Wenige Stunden vor ihrer Hinrichtung schrieb Sophie Scholl in ihr Tagebuch:\u00a0 \u00bbSo ein herrlicher, sonniger Tag, und ich soll gehen. Aber was liegt an unserem Leben, wenn durch unser Handeln Tausende von Menschen aufger\u00fcttelt werden\u00ab Wenige Stunden sp\u00e4ter war Sie tot. Sophie Scholl wurde als erstes hingerichtet. Ihre letzten Worte waren: &#8222;Die Sonne scheint noch.&#8220;<\/p>\n\n\n\n<p class=\"has-medium-font-size wp-block-paragraph\"><strong>&#8222;Die Sonne scheint noch&#8220;. Diese letzten Worte wirken auf mich wie ein Verm\u00e4chtnis. Wenn man sich mit der Geschichte der jungen Frau besch\u00e4ftigt, kommt man zwangsl\u00e4ufig nicht daran vorbei eine Menge in diesen Satz zu interpretieren.<\/strong><\/p>\n\n\n\n<p class=\"has-medium-font-size wp-block-paragraph\">&#8222;Die Sonne scheint noch&#8220;. Was wollte Sie damit sagen? War es nur eine Feststellung oder ein Mutmacher? F\u00fcr mich pers\u00f6nlich hat dieser Satz so viel Hoffnung, Glaube und Zuversicht. Vielleicht wollte Sie sagen: \u201eNoch ist es nicht vorbei, gebt nicht auf und wehrt euch, die Sonne scheint immer noch\u201c Was sie aber tats\u00e4chlich mit diesem Satz meinte, kann niemand beantworten. Vielleicht war es wirklich nur ein v\u00f6llig unbedeutender Satz der schlicht dahingesagt wurde. Schlie\u00dflich muss der Hinrichtungstag ein sch\u00f6ner Wintertag gewesen sein.<\/p>\n\n\n\n<p class=\"has-medium-font-size wp-block-paragraph\"><strong>Hans Scholls letzten Worte unter dem Fallbeil waren: \u201eFreiheit\u201c- Genau dieses Wort hatte auch Sophie Scholl w\u00e4hrend der Gerichtsverhandlung auf ihre Anklageschrift gekritzelt. Es ist Sophie Scholls aller letzte Botschaft. Mit Bleistift steht dort in kunstvollen Schw\u00fcngen geschrieben: &#8222;Freiheit.&#8220;<\/strong><\/p>\n\n\n\n<p class=\"has-medium-font-size wp-block-paragraph\">Aus meiner Sicht war Sophie Scholl keine Superheldin und l\u00e4ngst auch keine Nationalheldin. Bestimmt wollte Sie auch kein Idol, Vorbild oder M\u00e4rtyrerin werden. Sie wollte Leben, tanzen, lachen und lieben. Sophie Scholl war Mensch. Ich stelle mir Sophie Scholl als gradlinig, ehrlich und fest im Glauben vor. <\/p>\n\n\n\n<p class=\"has-medium-font-size wp-block-paragraph\"><strong>Im letzten Jahr machte mir meine Frau ein besonders Geschenk. Sie hat mir von einer regionalen Malerin eine Zeichnung von Sophie Scholl anfertigen lassen. Mit Bildrechten ist es ja immer so eine Sache und ich wollte nicht schon wieder Lehrgeld zahlen. Auf der anderen Seite wollte ich unbedingt etwas pers\u00f6nliches besitzen, dass ich mit meiner Bewunderung verkn\u00fcpfen kann. Seitdem h\u00e4ngt ein Gem\u00e4lde von Sophie Scholl in meinem Arbeitszimmer.<\/strong> <strong>Erg\u00e4nzt wird die Zeichnung durch mein pers\u00f6nliches Lieblingszitat der jungen Freiheitsk\u00e4mpferin.<\/strong><\/p>\n\n\n\n<p class=\"has-medium-font-size wp-block-paragraph\"><strong>Nein, ich hege keinen Fankult. Ich bewundere lediglich einen gro\u00dfartigen Menschen. Immer wenn ich das Bild ansehe, best\u00e4rkt mich diese Gem\u00e4lde in meinem Tun, Wirken und Glauben. Das Bild macht mir Mut. Oder besser noch, wie Sophie Scholl einst sagte: \u201eSteh zu den Dingen, an die du glaubst. Auch, wenn du alleine dort stehst&#8220;<\/strong><\/p>\n","protected":false},"excerpt":{"rendered":"<p>Sophie Scholl. Widerstandsk\u00e4mpferin, Heldin, Idol, Vorbild, wer war diese junge Frau? Das Schicksal jungen Sophie Scholl fasziniert mich ungemein. Obwohl das B\u00fccherlesen so gar nicht zu meinen Lieblingsbesch\u00e4ftigungen geh\u00f6rt, habe schon zwei B\u00fccher \u00fcber das Leben der jungen Widerstandsk\u00e4mpferin gelesen. Die Mitglieder der \u201eWei\u00dfen Rose\u201c werden heute Helden, Legenden, Halbg\u00f6ttern oder M\u00e4rtyrern hochbeschworen.&nbsp;Sophie Scholl gilt als Ikone des Widerstandes. Dabei<\/p>\n","protected":false},"author":1,"featured_media":16766,"comment_status":"open","ping_status":"closed","sticky":false,"template":"","format":"standard","meta":{"_crdt_document":"","footnotes":""},"categories":[1,902,8],"tags":[5,618,127,310],"class_list":["post-16746","post","type-post","status-publish","format-standard","has-post-thumbnail","hentry","category-allgemein","category-meine-meinung","category-sellemols-und-awweile","tag-dirmingen","tag-gemeinde-eppelborn","tag-landkreis-neunkirchen","tag-saarland"],"_links":{"self":[{"href":"https:\/\/echta-derminga.de\/index.php?rest_route=\/wp\/v2\/posts\/16746","targetHints":{"allow":["GET"]}}],"collection":[{"href":"https:\/\/echta-derminga.de\/index.php?rest_route=\/wp\/v2\/posts"}],"about":[{"href":"https:\/\/echta-derminga.de\/index.php?rest_route=\/wp\/v2\/types\/post"}],"author":[{"embeddable":true,"href":"https:\/\/echta-derminga.de\/index.php?rest_route=\/wp\/v2\/users\/1"}],"replies":[{"embeddable":true,"href":"https:\/\/echta-derminga.de\/index.php?rest_route=%2Fwp%2Fv2%2Fcomments&post=16746"}],"version-history":[{"count":13,"href":"https:\/\/echta-derminga.de\/index.php?rest_route=\/wp\/v2\/posts\/16746\/revisions"}],"predecessor-version":[{"id":16777,"href":"https:\/\/echta-derminga.de\/index.php?rest_route=\/wp\/v2\/posts\/16746\/revisions\/16777"}],"wp:featuredmedia":[{"embeddable":true,"href":"https:\/\/echta-derminga.de\/index.php?rest_route=\/wp\/v2\/media\/16766"}],"wp:attachment":[{"href":"https:\/\/echta-derminga.de\/index.php?rest_route=%2Fwp%2Fv2%2Fmedia&parent=16746"}],"wp:term":[{"taxonomy":"category","embeddable":true,"href":"https:\/\/echta-derminga.de\/index.php?rest_route=%2Fwp%2Fv2%2Fcategories&post=16746"},{"taxonomy":"post_tag","embeddable":true,"href":"https:\/\/echta-derminga.de\/index.php?rest_route=%2Fwp%2Fv2%2Ftags&post=16746"}],"curies":[{"name":"wp","href":"https:\/\/api.w.org\/{rel}","templated":true}]}}