{"id":16778,"date":"2024-02-25T13:25:48","date_gmt":"2024-02-25T12:25:48","guid":{"rendered":"https:\/\/echta-derminga.de\/?p=16778"},"modified":"2024-02-25T13:38:37","modified_gmt":"2024-02-25T12:38:37","slug":"in-sachen-ortsvorsteher-das-warten-auf-den-fruehling-die-ankunft-eines-rettungsbootes-und-die-vorfreude-auf-botanico-finkenrech","status":"publish","type":"post","link":"https:\/\/echta-derminga.de\/?p=16778","title":{"rendered":"In Sachen Ortsvorsteher: Das Warten auf den Fr\u00fchling, die Ankunft eines Rettungsbootes und die Vorfreude auf Botanico Finkenrech"},"content":{"rendered":"\n<p class=\"has-medium-font-size wp-block-paragraph\"><strong>Fastenzeit. Viele Menschen nutzen die Zeit bis zum Osterfest zur inneren Einkehr oder tats\u00e4chlich zum Fasten. In unserem Dorf kehrt nach dem bunten Fastnachtstreiben wieder etwas Ruhe ein. Ganz langsam neigt sich der Winter seinem Ende zu und wir alle freuen uns schon auf den bevorstehenden Fr\u00fchling. Die Tage werden langsam wieder etwas l\u00e4nger und die ersten V\u00f6gel kommen wieder in unsere Region an. Im April er\u00f6ffnet das neue Botanico Finkenrech seine Pforten. Die neuen P\u00e4chtern verpassten dem ehemalige Landhotel Finkenrech einen neuen Namen. W\u00e4hrend wir in Dirmingen weiterhin auf die Realisierung des Verbrauchermarktes in der Ortsmitte hoffen, entflammte in Eppelborn ein Streit um das geplante Einkaufszentrum am &#8222;Hierscheider Graben&#8220;. Der Gemeinderat hat in seiner letzten Sitzung beschlossen, dass zust\u00e4ndige Bauministerium zu verklagen. Ich m\u00f6chte auch an dieser Stelle darauf hinweisen, dass die beiden geplanten Bauma\u00dfnahmen in Dirmingen und Eppelborn v\u00f6llig unabh\u00e4ngig voneinander zu betrachten sind. Es handelt sich um zwei v\u00f6llig verschiedene Investoren mit unterschiedlichen Bauvorhaben. W\u00e4hrend in Dirmingen eigentlich alles angerichtet ist und sogar die Baugenehmigung vorliegt, gibt es in Sachen &#8222;Hierscheider Graben&#8220; noch einigen Redebedarf.<\/strong><\/p>\n\n\n\n<p class=\"has-medium-font-size wp-block-paragraph\"><strong>Neues Flachwasserboot f\u00fcr den L\u00f6schbezirk Dirmingen eingetroffen <\/strong><\/p>\n\n\n\n<p class=\"has-medium-font-size wp-block-paragraph\">Am 05. Februar ist das neue Rettungsboot bei unserem L\u00f6schbezirk in Dirmingen angekommen. Gemeinsam mit B\u00fcrgermeister Dr. Andreas Feld, der Wehrf\u00fchrung, der L\u00f6schbezirksf\u00fchrung von Dirmingen durfte ich das neue Rettungsboot in Empfang nehmen. Mittlerweile ist das zweite Flachwasserboot, dass innerhalb eines Jahres f\u00fcr die Gemeinde Eppelborn angeschafft wurde. Das Boot wird zuk\u00fcnftig in Dirmingen bei unsrem L\u00f6schbezirk stationiert sein. Damit treffen wir wichtige Vorsorgema\u00dfnahmen, die uns dabei helfen k\u00fcnftige Hochwasserlagen besser zu bew\u00e4ltigen. Die Investition von rund 17.000 \u20ac gew\u00e4hrleistet die Handlungsf\u00e4higkeit in mehreren Einsatzszenarien. So kann das Flachwasserboot nicht nur bei Hochwasser zur Rettung von Menschen, Tieren oder dem Transport von Materialien eingesetzt werden, sondern auch im Falle von Bahnunf\u00e4llen zum Einsatz kommen. Ein weiteres Boot ist zur Stationierung in Eppelborn geplant, womit dann perspektivisch alle Ortsteile, die an das Schienennetz angeschlossen sind, auf ein Flachwasserboot Zugriff haben. Bleibt zu hoffen, dass dieses Boot so selten wie m\u00f6glich zum Einsatz kommt. Nach den Starkregenereignissen in Dirmingen im Jahre 2016 wurde bis heute \u00fcber 5 Mio. Euro in Pr\u00e4ventionsma\u00dfnahmen investiert. Mittlerweile wurden die ersten \u00dcbungseinheiten mit dem neuen Flachwasserboot durchgef\u00fchrt. Ich W\u00fcnsche unserer Feuerwehr viel Gl\u00fcck und Erfolg. Gut Wehr !<\/p>\n\n\n<div class=\"wp-block-image\">\n<figure class=\"aligncenter size-large\"><img loading=\"lazy\" decoding=\"async\" width=\"700\" height=\"447\" src=\"https:\/\/echta-derminga.de\/wp-content\/uploads\/2024\/02\/426270194_7112184365542894_1009088722201370044_n-700x447.jpg\" alt=\"\" class=\"wp-image-16779\" srcset=\"https:\/\/echta-derminga.de\/wp-content\/uploads\/2024\/02\/426270194_7112184365542894_1009088722201370044_n-700x447.jpg 700w, https:\/\/echta-derminga.de\/wp-content\/uploads\/2024\/02\/426270194_7112184365542894_1009088722201370044_n-300x192.jpg 300w, https:\/\/echta-derminga.de\/wp-content\/uploads\/2024\/02\/426270194_7112184365542894_1009088722201370044_n-768x491.jpg 768w, https:\/\/echta-derminga.de\/wp-content\/uploads\/2024\/02\/426270194_7112184365542894_1009088722201370044_n.jpg 1424w\" sizes=\"auto, (max-width: 700px) 100vw, 700px\" \/><\/figure>\n<\/div>\n\n\n<p class=\"has-medium-font-size wp-block-paragraph\"><strong>Herzlichen Gl\u00fcckwunsch zum 95. Wiegenfest<\/strong><\/p>\n\n\n\n<p class=\"has-medium-font-size wp-block-paragraph\">Bereits am 07. Februar feierte Anni Wagner ihren 95. Geburtstag im Kreise ihrer Familie und vielen Freunden und Bekannten. Am 21. Februar durfte ich gemeinsam mit B\u00fcrgermeister Dr. Andreas Feld meine Gl\u00fcckw\u00fcnsche und die Geburtstagsgr\u00fc\u00dfe des Ortsrates und der Dirminger Bev\u00f6lkerung \u00fcberbringen. In gem\u00fctlicher Atmosph\u00e4re genossen wir eine gro\u00dfartige Gastfreundschaft. Anni Wagner beteiligt sich auch heute noch in unserem Ortsgeschehen und besucht immer noch gerne die vielen Veranstaltungen in unserem Dorf. Ich w\u00fcnsche Anni Wagner auch an dieser Stelle alles erdenklich Gute sowie viel Gl\u00fcck und Gesundheit. Liebe Anni, bleib wie du bist !<\/p>\n\n\n<div class=\"wp-block-image\">\n<figure class=\"aligncenter size-large\"><img loading=\"lazy\" decoding=\"async\" width=\"700\" height=\"875\" src=\"https:\/\/echta-derminga.de\/wp-content\/uploads\/2024\/02\/428609064_7175173109244019_8688028701036729404_n-700x875.jpg\" alt=\"\" class=\"wp-image-16781\" srcset=\"https:\/\/echta-derminga.de\/wp-content\/uploads\/2024\/02\/428609064_7175173109244019_8688028701036729404_n-700x875.jpg 700w, https:\/\/echta-derminga.de\/wp-content\/uploads\/2024\/02\/428609064_7175173109244019_8688028701036729404_n-240x300.jpg 240w, https:\/\/echta-derminga.de\/wp-content\/uploads\/2024\/02\/428609064_7175173109244019_8688028701036729404_n-768x960.jpg 768w, https:\/\/echta-derminga.de\/wp-content\/uploads\/2024\/02\/428609064_7175173109244019_8688028701036729404_n.jpg 983w\" sizes=\"auto, (max-width: 700px) 100vw, 700px\" \/><\/figure>\n<\/div>\n\n\n<p class=\"has-medium-font-size wp-block-paragraph\"><strong>Saarland picobello 2024 !<\/strong><\/p>\n\n\n\n<p class=\"has-medium-font-size wp-block-paragraph\">Jedes Jahr im Fr\u00fchjahr veranstaltet der EVS in Zusammenarbeit mit den saarl\u00e4ndischen St\u00e4dten und Gemeinden die landesweite picobello M\u00fcll-Sammelaktion. <strong>Der Termin f\u00fcr die picobello M\u00fcll-Sammelaktion 2024 ist der 15.\/16. M\u00e4rz.\u00a0<\/strong>Tr\u00e4ger und Koordinator der Kampagne ist der Entsorgungsverband Saar, der auch die picobello-Abf\u00e4lle an seinen Entsorgungsanlagen kostenlos annimmt. Die saarl\u00e4ndischen St\u00e4dte und Gemeinden unterst\u00fctzen die TeilnehmerInnen intensiv bei der Planung und Durchf\u00fchrung der Sammelaktionen vor Ort. Sie stellen die Einsammlung der picobello-Abf\u00e4lle sicher und organisieren deren Transport zu den EVS-Entsorgungsanlagen. Der Ortsrat Dirmingen fungiert auch in diesem Jahr als Veranstalter der Sammelaktion in Dirmingen. <strong>Treffpunkt f\u00fcr alle Helferinnen und Helfer ist um 10:00 Uhr auf dem Festplatz im Br\u00fchlpark.<\/strong> Nach der Sammelaktion wird ein kleiner Imbiss gereicht. Wir freuen uns auf jede Unterst\u00fctzung.<\/p>\n\n\n<div class=\"wp-block-image\">\n<figure class=\"aligncenter size-large\"><img loading=\"lazy\" decoding=\"async\" width=\"700\" height=\"423\" src=\"https:\/\/echta-derminga.de\/wp-content\/uploads\/2023\/03\/20230317_151855-700x423.jpg\" alt=\"\" class=\"wp-image-14841\" srcset=\"https:\/\/echta-derminga.de\/wp-content\/uploads\/2023\/03\/20230317_151855-700x423.jpg 700w, https:\/\/echta-derminga.de\/wp-content\/uploads\/2023\/03\/20230317_151855-300x181.jpg 300w, https:\/\/echta-derminga.de\/wp-content\/uploads\/2023\/03\/20230317_151855-768x464.jpg 768w, https:\/\/echta-derminga.de\/wp-content\/uploads\/2023\/03\/20230317_151855.jpg 1400w\" sizes=\"auto, (max-width: 700px) 100vw, 700px\" \/><\/figure>\n<\/div>\n\n\n<p class=\"has-medium-font-size wp-block-paragraph\"><strong>Verl\u00e4ngerung des 1. LEADER-Projektaufrufs der LAG SaarMitte8 <\/strong><\/p>\n\n\n\n<p class=\"has-medium-font-size wp-block-paragraph\">Die Frist zur Einreichung der Projektsteckbriefe wurde bis zum  14.04.2024  verl\u00e4ngert! Bis dahin k\u00f6nnen private, \u00f6ffentliche oder gemeinn\u00fctzige Projekttr\u00e4ger ihre innovativen Projekte einreichen. Projekte k\u00f6nnen nur gef\u00f6rdert werden, wenn sie innerhalb der LEADER-Region SaarMitte8 umgesetzt werden und zur Zielerreichung der Lokalen Entwicklungsstrategie (LES) beitragen. Ein Projekt muss eins oder mehrere der f\u00fcnf Handlungsfeldern bedienen. Die Leits\u00e4tze dieser f\u00fcnf Handlungsfelder sollen den Projekttr\u00e4ger:innen bei Ihrer Projektentwicklung den Weg weisen. Die geplanten Projekte m\u00fcssen: im Einklang mit Natur, erf\u00fcllt leben und arbeiten, die Region kennen, sp\u00fcren und erleben, Versorgung nah und sicher und Innovativ vernetzt sein. Regionalmanagerin Michaela Berg (m.berg@saarmittehoch8.de) steht Ihnen bei Fragen gerne beratend zur Seite. Sie ist auch telefonisch unter 06881\/5991051 zu erreichen.<\/p>\n\n\n<div class=\"wp-block-image\">\n<figure class=\"aligncenter size-large\"><img loading=\"lazy\" decoding=\"async\" width=\"700\" height=\"587\" src=\"https:\/\/echta-derminga.de\/wp-content\/uploads\/2024\/02\/425023231_792021899632767_4882979643714670043_n-700x587.jpg\" alt=\"\" class=\"wp-image-16784\" srcset=\"https:\/\/echta-derminga.de\/wp-content\/uploads\/2024\/02\/425023231_792021899632767_4882979643714670043_n-700x587.jpg 700w, https:\/\/echta-derminga.de\/wp-content\/uploads\/2024\/02\/425023231_792021899632767_4882979643714670043_n-300x251.jpg 300w, https:\/\/echta-derminga.de\/wp-content\/uploads\/2024\/02\/425023231_792021899632767_4882979643714670043_n-768x644.jpg 768w, https:\/\/echta-derminga.de\/wp-content\/uploads\/2024\/02\/425023231_792021899632767_4882979643714670043_n.jpg 940w\" sizes=\"auto, (max-width: 700px) 100vw, 700px\" \/><\/figure>\n<\/div>\n\n\n<p class=\"has-medium-font-size wp-block-paragraph\"><strong>Neuer Name, neue P\u00e4chter &#8211; Willkommen Botanico Finkenrech<\/strong><\/p>\n\n\n\n<p class=\"has-medium-font-size wp-block-paragraph\">Sch\u00f6ne erste Begegnung. Im Rahmen des &#8222;Derminga Treffs&#8220; durfte ich Yassa und Marlon Roth, die neuen P\u00e4chter des &#8222;Botanico Finkenrech&#8220;, kennenlernen. Auf meine Einladung hin stellten sich die beiden &#8222;Neuen&#8220; der Dirminger \u00d6ffentlichkeit vor. Die beiden neuen P\u00e4chter sind freundliche, aufgeschlossene und \u00e4u\u00dferst sympathische Menschen die schon jetzt sehr viel Herzblut in das Projekt Finkenrech investiert haben. Als Ortsvorsteher von Dirmingen habe ich gerne meine Unterst\u00fctzung zugesagt. Ich bin \u00fcberzeugt, dass mit Yassa und Marlon Roth eine neue Erfolgsgeschichte auf Finkenrech entsteht. Sch\u00f6n, dass gemeinsam mit Bjorn Krabbe vom Gasthaus &#8222;Schuhhannesse&#8220; ein erster Gedankenaustausch stattfand. Mit der Destille Dirmingen und dem Gasthaus Wutze Walter sind wir in Dirmingen gastronomisch sehr gut aufgestellt. Das &#8222;Botanico Finkenrech&#8220; \u00f6ffnet Anfang April seine Pforten. Ich freue mich auf diese Bereicherung. Gut f\u00fcr Dirmingen.<\/p>\n\n\n<div class=\"wp-block-image\">\n<figure class=\"aligncenter size-large\"><img loading=\"lazy\" decoding=\"async\" width=\"700\" height=\"700\" src=\"https:\/\/echta-derminga.de\/wp-content\/uploads\/2024\/02\/409062242_7188669244561072_6714986766031510123_n-700x700.jpg\" alt=\"\" class=\"wp-image-16788\" srcset=\"https:\/\/echta-derminga.de\/wp-content\/uploads\/2024\/02\/409062242_7188669244561072_6714986766031510123_n-700x700.jpg 700w, https:\/\/echta-derminga.de\/wp-content\/uploads\/2024\/02\/409062242_7188669244561072_6714986766031510123_n-300x300.jpg 300w, https:\/\/echta-derminga.de\/wp-content\/uploads\/2024\/02\/409062242_7188669244561072_6714986766031510123_n-150x150.jpg 150w, https:\/\/echta-derminga.de\/wp-content\/uploads\/2024\/02\/409062242_7188669244561072_6714986766031510123_n-768x768.jpg 768w, https:\/\/echta-derminga.de\/wp-content\/uploads\/2024\/02\/409062242_7188669244561072_6714986766031510123_n-90x90.jpg 90w, https:\/\/echta-derminga.de\/wp-content\/uploads\/2024\/02\/409062242_7188669244561072_6714986766031510123_n-75x75.jpg 75w, https:\/\/echta-derminga.de\/wp-content\/uploads\/2024\/02\/409062242_7188669244561072_6714986766031510123_n.jpg 1440w\" sizes=\"auto, (max-width: 700px) 100vw, 700px\" \/><\/figure>\n<\/div>\n\n\n<p class=\"has-medium-font-size wp-block-paragraph\"><strong>Kommunalwahlen 2024 werfen ihre Schatten voraus !<\/strong><\/p>\n\n\n\n<p class=\"has-medium-font-size wp-block-paragraph\">Am <strong>Sonntag, 09. Juni<\/strong> finden auch im Saarland und somit auch in unserer Gemeinde Kommunal- und Europawahlen statt. Das Wahllokal f\u00fcr unseren Heimatort Dirmingen wird auch diesmal in der Borrwieshalle Dirmingen eingerichtet sein. In diesem Jahr wird auch der Landrat oder Landr\u00e4tin f\u00fcr den Kreis Neunkirchen gew\u00e4hlt. Die einzelnen politischen Ortsvereine haben aktuell die M\u00f6glichkeit ihre Listen f\u00fcr die Orts-und Gemeinderatswahl einzureichen. Bitte machen Sie von ihrem Wahlrecht gebrauch.<\/p>\n\n\n\n<h1 class=\"wp-block-heading has-medium-font-size\">33. Eppelborner Figurentheatertage 8.-16. M\u00e4rz 2024<\/h1>\n\n\n\n<p class=\"has-medium-font-size wp-block-paragraph\">Vom <strong>8. bis zum 16. M\u00e4rz 2024<\/strong> erwartet die Besucherinnen und Besucher der 33. Auflage der Figurentheater-Tage ein abwechslungsreiches und interessantes Programm. Auf dem Programm stehen in diesem Jahr neun verschiedene St\u00fccke, die an insgesamt vier Spielst\u00e4tten aufgef\u00fchrt werden. Auch in der Dirminger Borrwieshalle werden in diesem Jahr wieder zwei St\u00fccke aufgef\u00fchrt. Auf der B\u00fchne stehen werden neben den Schauspielerinnen und Schauspielern auch wieder die unterschiedlichsten Puppen \u2013 Das zeichnet das Festival seit vielen Jahren aus. Hier kommen Liebhaber kleiner Fingerpuppen ebenso auf ihre Kosten wie Freunde der lebensgro\u00dfen Figuren. 2024 gastieren f\u00fcnf B\u00fchnen aus ganz Deutschland in Eppelborn. Offiziell er\u00f6ffnet werden die Figurentheater Tage in Eppelborn am Freitag, 8. M\u00e4rz 2024, um 20.00 Uhr mit dem St\u00fcck \u201eAdams \u00c4pfel\u201c vom Ensemble des marotte Figurentheaters aus Karlsruhe. Gleich zwei weitere St\u00fccke stehen f\u00fcr alle \u201egro\u00dfen\u201c Fans des Figurentheaters in diesem Jahr auf dem Spielplan. Unter anderem nehmen Michael Schneider und Belal Alhaddad vom Figurentheater Favoletta das Publikum mit auf eine Reise \u201eIn 80 Tagen um die Welt\u201c, mitten ins viktorianische Zeitalter. Gemeinsam mit B\u00fcrgermeister Feld und die Mitarbeiter des Kulturamts darf auch ich auf viele Zuschauerinnen und Zuschauer hoffen. Der Vorverkauf ist sehr vielversprechend angelaufen. Alle weiteren Informationen zu den Figurentheatertagen in Eppelborn, Auff\u00fchrungen, Karten und Eintrittspreisen gibt es bei der Gemeinde Eppelborn, Tel: (06881) 8960680 oder im Internet unter\u00a0<a>www.ticket-regional.de\/eppelborn<\/a><\/p>\n\n\n<div class=\"wp-block-image\">\n<figure class=\"aligncenter size-large\"><img loading=\"lazy\" decoding=\"async\" width=\"700\" height=\"990\" src=\"https:\/\/echta-derminga.de\/wp-content\/uploads\/2024\/02\/figuren-plakat.png-724x1024-1-700x990.jpg\" alt=\"\" class=\"wp-image-16786\" srcset=\"https:\/\/echta-derminga.de\/wp-content\/uploads\/2024\/02\/figuren-plakat.png-724x1024-1-700x990.jpg 700w, https:\/\/echta-derminga.de\/wp-content\/uploads\/2024\/02\/figuren-plakat.png-724x1024-1-212x300.jpg 212w, https:\/\/echta-derminga.de\/wp-content\/uploads\/2024\/02\/figuren-plakat.png-724x1024-1.jpg 724w\" sizes=\"auto, (max-width: 700px) 100vw, 700px\" \/><\/figure>\n<\/div>\n\n\n<p class=\"has-medium-font-size wp-block-paragraph\"><strong>&#8222;Derminga Treff&#8220; wird zur Erfolgsgeschichte<\/strong><\/p>\n\n\n\n<p class=\"has-medium-font-size wp-block-paragraph\">Das &#8222;Derminga Treff&#8220; hat sich l\u00e4ngst etabliert. Auch beim letzten Treffen im evangelischen Gemeindehaus pilgerten zahlreiche Menschen in das evangelische Gemeindehaus. Der Helferkreis servierte eingelegte Heringe und Wiener W\u00fcrstchen. Zu den Ehreng\u00e4sten geh\u00f6rten der evangelische Pfarrer Daniel Storb und seine Familie, der Vorsitzende des Seniorenbeirates Benno Fries, der evangelische Pfarrer in Ruhe Siegfried Arneth, Bjorn Krabbe vom Gasthaus &#8222;Schuhhannesse&#8220; und das neue P\u00e4chterpaar Botanico Finkenrech. Gute Gespr\u00e4che, interessante Neuigkeiten und beste Unterhaltung zeichnen das &#8222;Derminga Treff&#8220; aus. Herzliche Einladung an alle interessierten Dirmingerinnen und Dirminger. Das n\u00e4chste &#8222;Treff&#8220; findet am Samstag, 23. M\u00e4rz statt. An diesem Tag gibt es ein Mittagessen, eine interessante &#8222;Erste Hilfe- Vorf\u00fchrung&#8220; und etwas Musik f\u00fcr die Seele. Wir freuen uns auf Euch !<\/p>\n\n\n\n<div class=\"wp-block-columns is-layout-flex wp-container-core-columns-is-layout-8f761849 wp-block-columns-is-layout-flex\">\n<div class=\"wp-block-column is-layout-flow wp-block-column-is-layout-flow\">\n<figure class=\"wp-block-image size-large\"><img loading=\"lazy\" decoding=\"async\" width=\"700\" height=\"605\" src=\"https:\/\/echta-derminga.de\/wp-content\/uploads\/2024\/02\/428687450_7188506374577359_401490667589104385_n-700x605.jpg\" alt=\"\" class=\"wp-image-16790\" srcset=\"https:\/\/echta-derminga.de\/wp-content\/uploads\/2024\/02\/428687450_7188506374577359_401490667589104385_n-700x605.jpg 700w, https:\/\/echta-derminga.de\/wp-content\/uploads\/2024\/02\/428687450_7188506374577359_401490667589104385_n-300x259.jpg 300w, https:\/\/echta-derminga.de\/wp-content\/uploads\/2024\/02\/428687450_7188506374577359_401490667589104385_n-768x664.jpg 768w, https:\/\/echta-derminga.de\/wp-content\/uploads\/2024\/02\/428687450_7188506374577359_401490667589104385_n-1536x1328.jpg 1536w, https:\/\/echta-derminga.de\/wp-content\/uploads\/2024\/02\/428687450_7188506374577359_401490667589104385_n.jpg 2048w\" sizes=\"auto, (max-width: 700px) 100vw, 700px\" \/><\/figure>\n<\/div>\n\n\n\n<div class=\"wp-block-column is-layout-flow wp-block-column-is-layout-flow\">\n<figure class=\"wp-block-image size-large\"><img loading=\"lazy\" decoding=\"async\" width=\"700\" height=\"759\" src=\"https:\/\/echta-derminga.de\/wp-content\/uploads\/2024\/02\/429501147_7188506857910644_7788256324058909291_n-700x759.jpg\" alt=\"\" class=\"wp-image-16791\" srcset=\"https:\/\/echta-derminga.de\/wp-content\/uploads\/2024\/02\/429501147_7188506857910644_7788256324058909291_n-700x759.jpg 700w, https:\/\/echta-derminga.de\/wp-content\/uploads\/2024\/02\/429501147_7188506857910644_7788256324058909291_n-277x300.jpg 277w, https:\/\/echta-derminga.de\/wp-content\/uploads\/2024\/02\/429501147_7188506857910644_7788256324058909291_n-768x833.jpg 768w, https:\/\/echta-derminga.de\/wp-content\/uploads\/2024\/02\/429501147_7188506857910644_7788256324058909291_n-1416x1536.jpg 1416w, https:\/\/echta-derminga.de\/wp-content\/uploads\/2024\/02\/429501147_7188506857910644_7788256324058909291_n.jpg 1888w\" sizes=\"auto, (max-width: 700px) 100vw, 700px\" \/><\/figure>\n<\/div>\n<\/div>\n\n\n<div class=\"wp-block-image\">\n<figure class=\"aligncenter size-large\"><img loading=\"lazy\" decoding=\"async\" width=\"700\" height=\"525\" src=\"https:\/\/echta-derminga.de\/wp-content\/uploads\/2024\/02\/429484920_7188507091243954_1504520985848981953_n-700x525.jpg\" alt=\"\" class=\"wp-image-16793\" srcset=\"https:\/\/echta-derminga.de\/wp-content\/uploads\/2024\/02\/429484920_7188507091243954_1504520985848981953_n-700x525.jpg 700w, https:\/\/echta-derminga.de\/wp-content\/uploads\/2024\/02\/429484920_7188507091243954_1504520985848981953_n-300x225.jpg 300w, https:\/\/echta-derminga.de\/wp-content\/uploads\/2024\/02\/429484920_7188507091243954_1504520985848981953_n-768x576.jpg 768w, https:\/\/echta-derminga.de\/wp-content\/uploads\/2024\/02\/429484920_7188507091243954_1504520985848981953_n-1536x1152.jpg 1536w, https:\/\/echta-derminga.de\/wp-content\/uploads\/2024\/02\/429484920_7188507091243954_1504520985848981953_n.jpg 2048w\" sizes=\"auto, (max-width: 700px) 100vw, 700px\" \/><\/figure>\n<\/div>\n\n\n<p class=\"has-medium-font-size wp-block-paragraph\"><strong>Kulturverein Dirmingen plant Park und Standfest 2024<\/strong><\/p>\n\n\n\n<p class=\"has-medium-font-size wp-block-paragraph\">Gute Nachrichten vom Kulturverein Dirmingen. Wie der Vorstand nach seiner letzten Sitzung bekannt gab, wird es in diesem Jahr wieder ein &#8222;Park- und Strandfest&#8220; geben. Zuerst wurde aufgrund des Teilnehmerfeldes an eine Namens\u00e4nderung der Veranstaltung gedacht. Mittlerweile wurde diese Idee zu den Akten gelegt. Es bleibt dabei: Wir feiern am 13. und 14. Juli 2024 das diesj\u00e4hrige &#8222;Park -und Strandfest&#8220; im Dirminger Br\u00fchlpark. Bitte vormerken ! <\/p>\n\n\n<div class=\"wp-block-image\">\n<figure class=\"aligncenter size-large\"><img loading=\"lazy\" decoding=\"async\" width=\"700\" height=\"315\" src=\"https:\/\/echta-derminga.de\/wp-content\/uploads\/2024\/02\/20220716_230058-700x315.jpg\" alt=\"\" class=\"wp-image-16795\" srcset=\"https:\/\/echta-derminga.de\/wp-content\/uploads\/2024\/02\/20220716_230058-700x315.jpg 700w, https:\/\/echta-derminga.de\/wp-content\/uploads\/2024\/02\/20220716_230058-300x135.jpg 300w, https:\/\/echta-derminga.de\/wp-content\/uploads\/2024\/02\/20220716_230058-768x346.jpg 768w, https:\/\/echta-derminga.de\/wp-content\/uploads\/2024\/02\/20220716_230058-1536x692.jpg 1536w, https:\/\/echta-derminga.de\/wp-content\/uploads\/2024\/02\/20220716_230058-2048x923.jpg 2048w\" sizes=\"auto, (max-width: 700px) 100vw, 700px\" \/><\/figure>\n<\/div>\n\n\n<p class=\"has-medium-font-size wp-block-paragraph\"><strong>SVD Frauenmannschaft feiert 3. Platz beim Hallenmasters<\/strong><\/p>\n\n\n\n<p class=\"has-medium-font-size wp-block-paragraph\">Die Frauenmannschaft des SV Dirmingen hatte sich f\u00fcr das diesj\u00e4hrige Hallenmasters in Saarbr\u00fccken qualifiziert. Dank den mitgereisten Fans und einer super aufgelegten Mannschaft gab es am Ende einigen Grund zu feiern. Unsere Mannschaft belegte zum Turnierende einen hervorragenden den 3. Platz. Vorstand, Fans, Betreuer, Trainerin und der mitgereisten Anhang waren hochzufrieden. Immerhin waren auf diesem Hallenmasters die Top-Teams des Saarlandes vertreten. Die SVD -Frauen betrieben Werbung f\u00fcr ihren SV Dirmingen und ganz nebenbei auch f\u00fcr unseren Heimatort. Herzlichen Gl\u00fcckwunsch und alles Gute f\u00fcr die bevorstehende R\u00fcckrunde.<\/p>\n\n\n<div class=\"wp-block-image\">\n<figure class=\"aligncenter size-large\"><img loading=\"lazy\" decoding=\"async\" width=\"700\" height=\"700\" src=\"https:\/\/echta-derminga.de\/wp-content\/uploads\/2024\/02\/428631902_906920491224668_1883509925940345962_n-700x700.jpg\" alt=\"\" class=\"wp-image-16801\" srcset=\"https:\/\/echta-derminga.de\/wp-content\/uploads\/2024\/02\/428631902_906920491224668_1883509925940345962_n-700x700.jpg 700w, https:\/\/echta-derminga.de\/wp-content\/uploads\/2024\/02\/428631902_906920491224668_1883509925940345962_n-300x300.jpg 300w, https:\/\/echta-derminga.de\/wp-content\/uploads\/2024\/02\/428631902_906920491224668_1883509925940345962_n-150x150.jpg 150w, https:\/\/echta-derminga.de\/wp-content\/uploads\/2024\/02\/428631902_906920491224668_1883509925940345962_n-768x768.jpg 768w, https:\/\/echta-derminga.de\/wp-content\/uploads\/2024\/02\/428631902_906920491224668_1883509925940345962_n-90x90.jpg 90w, https:\/\/echta-derminga.de\/wp-content\/uploads\/2024\/02\/428631902_906920491224668_1883509925940345962_n-75x75.jpg 75w, https:\/\/echta-derminga.de\/wp-content\/uploads\/2024\/02\/428631902_906920491224668_1883509925940345962_n.jpg 1080w\" sizes=\"auto, (max-width: 700px) 100vw, 700px\" \/><\/figure>\n<\/div>\n\n\n<p class=\"has-medium-font-size wp-block-paragraph\"><strong>Nie wieder ist jetzt ! &#8211; Bewegte Lichterkette in Dirmingen<\/strong><\/p>\n\n\n\n<p class=\"has-medium-font-size wp-block-paragraph\">Ich bin \u00fcberw\u00e4ltigt! \u00dcber 400 Menschen aus Dirmingen und den Nachbarorten beteiligten sich  an der &#8222;Bewegten Lichterkette &#8220; des Ortsrates Dirmingen mit Unterst\u00fctzung der katholischen Pfarreiengemeinschaft Eppelborn-Dirmingen und der Evangelischen Kirchengemeinde St.Wendel-Illtal. Unser Heimatort setzt ein deutliches Zeichen gegen Rechtsextremismus, Hass, Menschenfeindlichkeit, Antisemitismus und Faschismus. Vielen Dank an alle die sich an dieser Aktion beteiligten. Nie wieder !<\/p>\n\n\n\n<figure class=\"wp-block-embed is-type-video is-provider-youtube wp-block-embed-youtube wp-embed-aspect-16-9 wp-has-aspect-ratio\"><div class=\"wp-block-embed__wrapper\">\n<iframe loading=\"lazy\" title=\"&quot;Bewegte Lichterkette&quot; in Dirmingen\" width=\"860\" height=\"484\" src=\"https:\/\/www.youtube.com\/embed\/rjGsAWY2_W4?feature=oembed\" frameborder=\"0\" allow=\"accelerometer; autoplay; clipboard-write; encrypted-media; gyroscope; picture-in-picture; web-share\" allowfullscreen><\/iframe>\n<\/div><\/figure>\n\n\n\n<p class=\"has-medium-font-size wp-block-paragraph\">Liebe Mitb\u00fcrgerinnen und Mitb\u00fcrger, in unserem Heimatort Dirmingen gibt es viele Menschen die t\u00e4glich versuchen unseren Heimatort liebens- und lebensw\u00fcrdiger zu machen. Hinter den Kulissen, in unseren Vereinen und Organisationen passiert soviel Gutes. Ich m\u00f6chte Sie einladen mitzumachen und anzupacken. Manchmal reichen schon kleine Dinge aus, um das Leben der anderen sch\u00f6ner zu machen. <\/p>\n\n\n\n<p class=\"has-medium-font-size wp-block-paragraph\"><strong>Es \u00e4ndert sich auch in unserem Dorf \u00fcberhaupt nichts, wenn wir es nicht \u00e4ndern. <\/strong><\/p>\n\n\n\n<p class=\"has-medium-font-size wp-block-paragraph\">In diesem Sinne.<\/p>\n\n\n\n<p class=\"has-medium-font-size wp-block-paragraph\">Ihr Ortsvorsteher<\/p>\n\n\n\n<p class=\"has-medium-font-size wp-block-paragraph\"><em>Frank Klein<\/em><\/p>\n","protected":false},"excerpt":{"rendered":"<p>Fastenzeit. Viele Menschen nutzen die Zeit bis zum Osterfest zur inneren Einkehr oder tats\u00e4chlich zum Fasten. In unserem Dorf kehrt nach dem bunten Fastnachtstreiben wieder etwas Ruhe ein. Ganz langsam neigt sich der Winter seinem Ende zu und wir alle freuen uns schon auf den bevorstehenden Fr\u00fchling. Die Tage werden langsam wieder etwas l\u00e4nger und die ersten V\u00f6gel kommen wieder<\/p>\n","protected":false},"author":1,"featured_media":16651,"comment_status":"closed","ping_status":"closed","sticky":false,"template":"","format":"standard","meta":{"_crdt_document":"","footnotes":""},"categories":[1,9,812],"tags":[5,618,127,634,795,310],"class_list":["post-16778","post","type-post","status-publish","format-standard","has-post-thumbnail","hentry","category-allgemein","category-dorfgetratsche","category-ortsvorsteher-dirmingen","tag-dirmingen","tag-gemeinde-eppelborn","tag-landkreis-neunkirchen","tag-ortsvorsteher","tag-ortsvorsteher-dirmingen","tag-saarland"],"_links":{"self":[{"href":"https:\/\/echta-derminga.de\/index.php?rest_route=\/wp\/v2\/posts\/16778","targetHints":{"allow":["GET"]}}],"collection":[{"href":"https:\/\/echta-derminga.de\/index.php?rest_route=\/wp\/v2\/posts"}],"about":[{"href":"https:\/\/echta-derminga.de\/index.php?rest_route=\/wp\/v2\/types\/post"}],"author":[{"embeddable":true,"href":"https:\/\/echta-derminga.de\/index.php?rest_route=\/wp\/v2\/users\/1"}],"replies":[{"embeddable":true,"href":"https:\/\/echta-derminga.de\/index.php?rest_route=%2Fwp%2Fv2%2Fcomments&post=16778"}],"version-history":[{"count":12,"href":"https:\/\/echta-derminga.de\/index.php?rest_route=\/wp\/v2\/posts\/16778\/revisions"}],"predecessor-version":[{"id":16802,"href":"https:\/\/echta-derminga.de\/index.php?rest_route=\/wp\/v2\/posts\/16778\/revisions\/16802"}],"wp:featuredmedia":[{"embeddable":true,"href":"https:\/\/echta-derminga.de\/index.php?rest_route=\/wp\/v2\/media\/16651"}],"wp:attachment":[{"href":"https:\/\/echta-derminga.de\/index.php?rest_route=%2Fwp%2Fv2%2Fmedia&parent=16778"}],"wp:term":[{"taxonomy":"category","embeddable":true,"href":"https:\/\/echta-derminga.de\/index.php?rest_route=%2Fwp%2Fv2%2Fcategories&post=16778"},{"taxonomy":"post_tag","embeddable":true,"href":"https:\/\/echta-derminga.de\/index.php?rest_route=%2Fwp%2Fv2%2Ftags&post=16778"}],"curies":[{"name":"wp","href":"https:\/\/api.w.org\/{rel}","templated":true}]}}