{"id":1681,"date":"2018-07-10T21:50:07","date_gmt":"2018-07-10T20:50:07","guid":{"rendered":"http:\/\/echta-derminga.de\/?p=1681"},"modified":"2018-07-10T21:58:47","modified_gmt":"2018-07-10T20:58:47","slug":"auf-tour-de-kultur-durch-das-schoene-derminga-land","status":"publish","type":"post","link":"https:\/\/echta-derminga.de\/?p=1681","title":{"rendered":"Auf \u201eTour de Kultur\u201c durch das sch\u00f6ne &#8222;Derminga&#8220; Land"},"content":{"rendered":"<p>Am Sonntag, 08.Juli 2018 fand die nunmehr 3. \u201eDerminga Kulturwanderung\u201c statt.<\/p>\n<p>Was einmal in Bierlaune mit einer witzigen Idee begann, hat sich mittlerweile etabliert und durchgesetzt.<\/p>\n<p><strong>Gemeinsam mit meinem Freund Hans-Werner Guth\u00f6rl durfte ich auch in diesem Jahr 45 G\u00e4ste begr\u00fc\u00dfen, die mit uns durch das sch\u00f6ne Dirminger Land wanderten. Bei strahlendem Sonnenschein war der Dirminger Kaselswald das Ziel unserer \u201eTour de Kultur\u201c.<\/strong><\/p>\n<p>Erstaunlich wie viele Leute auch in diesem Jahr unserer Einladung folgten. Trotz tropischer Temperaturen und Sommerferien durften wir uns \u00fcber eine beachtliche Teilnehmerzahl freuen.<\/p>\n<div id=\"attachment_1684\" style=\"width: 310px\" class=\"wp-caption alignleft\"><img loading=\"lazy\" decoding=\"async\" aria-describedby=\"caption-attachment-1684\" class=\"wp-image-1684 size-medium\" src=\"https:\/\/echta-derminga.de\/wp-content\/uploads\/2018\/07\/Echt-2-300x225.jpg\" alt=\"\" width=\"300\" height=\"225\" srcset=\"https:\/\/echta-derminga.de\/wp-content\/uploads\/2018\/07\/Echt-2-300x225.jpg 300w, https:\/\/echta-derminga.de\/wp-content\/uploads\/2018\/07\/Echt-2-768x575.jpg 768w, https:\/\/echta-derminga.de\/wp-content\/uploads\/2018\/07\/Echt-2-644x482.jpg 644w, https:\/\/echta-derminga.de\/wp-content\/uploads\/2018\/07\/Echt-2.jpg 800w\" sizes=\"auto, (max-width: 300px) 100vw, 300px\" \/><p id=\"caption-attachment-1684\" class=\"wp-caption-text\">Von Kelten, R\u00f6mern und Germanen<\/p><\/div>\n<p><strong>W\u00e4hrend Hans-Werner Guth\u00f6rl in seinen Themenbl\u00f6cken auf die Dirminger Kalkgewinnung, die Geschichte des Munitionsdepots Dirmingen und die geographische Lage unseres Heimatortes einging, durfte ich in diesem Jahr \u00fcber mein Lieblingsthema: \u201eKelten, Germanen und R\u00f6mer\u201c berichten. Die fr\u00fch-keltische Latenzeit fasziniert mich schon seit vielen Jahren. Dabei stelle ich mir immer wieder die Frage: Wer waren die ersten Menschen, die sich hier in unserem Tal nachweislich niederlie\u00dfen? <\/strong><\/p>\n<p><strong>Meine Themenbl\u00f6cke befassten sich also in diesem Jahr mit der keltischen Latenzeit, der r\u00f6mischen Eroberung unserer Region und der germanischen Landnahme.<\/strong><\/p>\n<p>Zugegebenerma\u00dfen dauerte die diesj\u00e4hrige Wanderung etwas l\u00e4nger als geplant. Nach fast 3 Stunden kamen die Wanderer wieder am Dirminger Belkerstadion an. Bei k\u00fchlen Getr\u00e4nken und einer sch\u00f6nen Rostwurst gelangten unsere G\u00e4ste wieder zu neuen Kr\u00e4ften. Ein besonderer Dank geht an dieser Stelle an meinen Heimatverein den SV Dirmingen der eigens f\u00fcr uns die Pforten des Belkerstadion \u00f6ffnete und uns f\u00fcrstlich bewirtete.<\/p>\n<p><strong>Wir freuen uns sehr dar\u00fcber, dass unser Konzept einer \u201eKulturwanderung\u201c so erfolgreich umgesetzt und von den Menschen angenommen wird. Jedes Jahr d\u00fcrfen wir neue interessierte Leute begr\u00fc\u00dfen. Die Dirminger Kulturwanderung hat einen ganz besonderen Charme bekommen.<\/strong><\/p>\n<p><strong>Ich freue mich schon heute auf die n\u00e4chste Wanderung im kommenden Jahr 2019!<\/strong><\/p>\n<p><strong>\u00dcbrigens, die Planungen f\u00fcr die n\u00e4chste Kulturwanderung laufen bereits auf Hochtouren &#8211; Nach der Kulturwanderung ist vor der Kulturwanderung !<\/strong><\/p>\n","protected":false},"excerpt":{"rendered":"<p>Am Sonntag, 08.Juli 2018 fand die nunmehr 3. \u201eDerminga Kulturwanderung\u201c statt. Was einmal in Bierlaune mit einer witzigen Idee begann, hat sich mittlerweile etabliert und durchgesetzt. Gemeinsam mit meinem Freund Hans-Werner Guth\u00f6rl durfte ich auch in diesem Jahr 45 G\u00e4ste begr\u00fc\u00dfen, die mit uns durch das sch\u00f6ne Dirminger Land wanderten. Bei strahlendem Sonnenschein war der Dirminger Kaselswald das Ziel unserer<\/p>\n","protected":false},"author":1,"featured_media":1683,"comment_status":"closed","ping_status":"closed","sticky":false,"template":"","format":"standard","meta":{"_crdt_document":"","footnotes":""},"categories":[1,9,318],"tags":[342,346,343,345,322,344,341,248],"class_list":["post-1681","post","type-post","status-publish","format-standard","has-post-thumbnail","hentry","category-allgemein","category-dorfgetratsche","category-uff-da-schnerr","tag-derminga","tag-frankenbach","tag-illtal","tag-kaselswald","tag-kelten","tag-kultur","tag-kulturwanderung","tag-wanderung"],"_links":{"self":[{"href":"https:\/\/echta-derminga.de\/index.php?rest_route=\/wp\/v2\/posts\/1681","targetHints":{"allow":["GET"]}}],"collection":[{"href":"https:\/\/echta-derminga.de\/index.php?rest_route=\/wp\/v2\/posts"}],"about":[{"href":"https:\/\/echta-derminga.de\/index.php?rest_route=\/wp\/v2\/types\/post"}],"author":[{"embeddable":true,"href":"https:\/\/echta-derminga.de\/index.php?rest_route=\/wp\/v2\/users\/1"}],"replies":[{"embeddable":true,"href":"https:\/\/echta-derminga.de\/index.php?rest_route=%2Fwp%2Fv2%2Fcomments&post=1681"}],"version-history":[{"count":5,"href":"https:\/\/echta-derminga.de\/index.php?rest_route=\/wp\/v2\/posts\/1681\/revisions"}],"predecessor-version":[{"id":1690,"href":"https:\/\/echta-derminga.de\/index.php?rest_route=\/wp\/v2\/posts\/1681\/revisions\/1690"}],"wp:featuredmedia":[{"embeddable":true,"href":"https:\/\/echta-derminga.de\/index.php?rest_route=\/wp\/v2\/media\/1683"}],"wp:attachment":[{"href":"https:\/\/echta-derminga.de\/index.php?rest_route=%2Fwp%2Fv2%2Fmedia&parent=1681"}],"wp:term":[{"taxonomy":"category","embeddable":true,"href":"https:\/\/echta-derminga.de\/index.php?rest_route=%2Fwp%2Fv2%2Fcategories&post=1681"},{"taxonomy":"post_tag","embeddable":true,"href":"https:\/\/echta-derminga.de\/index.php?rest_route=%2Fwp%2Fv2%2Ftags&post=1681"}],"curies":[{"name":"wp","href":"https:\/\/api.w.org\/{rel}","templated":true}]}}